{"id":6412,"date":"2017-11-15T09:55:30","date_gmt":"2017-11-15T08:55:30","guid":{"rendered":"http:\/\/www.naturparkmagazin.de\/stechlin\/?p=6412"},"modified":"2017-11-13T10:08:25","modified_gmt":"2017-11-13T09:08:25","slug":"drei-jahreszeiten-produkte-jetzt-auch-in-bio-qualitaet","status":"publish","type":"post","link":"https:\/\/www.naturparkmagazin.de\/stechlin\/drei-jahreszeiten-produkte-jetzt-auch-in-bio-qualitaet\/","title":{"rendered":"&#8222;Drei Jahreszeiten&#8220; &#8211; Produkte jetzt auch in Bio-Qualit\u00e4t"},"content":{"rendered":"<div id=\"attachment_5789\" style=\"width: 310px\" class=\"wp-caption aligncenter\"><a href=\"https:\/\/www.naturparkmagazin.de\/stechlin\/wp-content\/uploads\/sites\/38\/regioonalladen-leo-und-frank.jpg\"><img aria-describedby=\"caption-attachment-5789\" decoding=\"async\" loading=\"lazy\" class=\"size-thumbnail wp-image-5789\" src=\"https:\/\/www.naturparkmagazin.de\/stechlin\/wp-content\/uploads\/sites\/38\/regioonalladen-leo-und-frank-300x180.jpg\" alt=\"Leo Tiede und Frank Rumpe im Regionalladen\" width=\"300\" height=\"180\" srcset=\"https:\/\/www.naturparkmagazin.de\/stechlin\/wp-content\/uploads\/sites\/38\/regioonalladen-leo-und-frank-300x180.jpg 300w, https:\/\/www.naturparkmagazin.de\/stechlin\/wp-content\/uploads\/sites\/38\/regioonalladen-leo-und-frank.jpg 500w, https:\/\/www.naturparkmagazin.de\/stechlin\/wp-content\/uploads\/sites\/38\/regioonalladen-leo-und-frank-200x120.jpg 200w\" sizes=\"(max-width: 300px) 100vw, 300px\" \/><\/a><p id=\"caption-attachment-5789\" class=\"wp-caption-text\">Leo Tiede und Frank Rumpe im Regionalladen<\/p><\/div>\n<p>Die Gr\u00fcnder der Altglobsower Firma ziehen eine erfolgreiche Jahresbilanz!<\/p>\n<p>2017 hat sich die neugrgr\u00fcndete Firma gut entwickelt. Fast die H\u00e4lfte aller Produkte in 10 verschiedenen Gruppen ist inzwischen biozertifiziert. \u00dcber zu wenig Arbeit k\u00f6nnen sich die drei Firmengr\u00fcnder Susanne Ludwig, Leo Tiede und Phil Hartmann nicht beklagen. Nach der Er\u00f6ffnung im April ging es in der gl\u00e4sernen Manufaktur auf dem KEPOS-Hof in Altglobsow so gut voran, dass im Oktober bereits die erste Mitarbeiterin eingestellt wurde. Weitere Pl\u00e4ne sehen die Er\u00f6ffnung eines Bistros in Neuglobsow im Stechlinsee-Center f\u00fcr kommenden Sommer vor.<\/p>\n<div id=\"attachment_5787\" style=\"width: 310px\" class=\"wp-caption aligncenter\"><a href=\"https:\/\/www.naturparkmagazin.de\/stechlin\/wp-content\/uploads\/sites\/38\/gew\u00e4chshaus-selbsternte.jpg\"><img aria-describedby=\"caption-attachment-5787\" decoding=\"async\" loading=\"lazy\" class=\"size-thumbnail wp-image-5787\" src=\"https:\/\/www.naturparkmagazin.de\/stechlin\/wp-content\/uploads\/sites\/38\/gew\u00e4chshaus-selbsternte-300x180.jpg\" alt=\"Die Kunden d\u00fcrfen frisches Gem\u00fcse selbst\u00e4ndig ernten\" width=\"300\" height=\"180\" srcset=\"https:\/\/www.naturparkmagazin.de\/stechlin\/wp-content\/uploads\/sites\/38\/gew\u00e4chshaus-selbsternte-300x180.jpg 300w, https:\/\/www.naturparkmagazin.de\/stechlin\/wp-content\/uploads\/sites\/38\/gew\u00e4chshaus-selbsternte.jpg 500w, https:\/\/www.naturparkmagazin.de\/stechlin\/wp-content\/uploads\/sites\/38\/gew\u00e4chshaus-selbsternte-200x120.jpg 200w\" sizes=\"(max-width: 300px) 100vw, 300px\" \/><\/a><p id=\"caption-attachment-5787\" class=\"wp-caption-text\">Die Kunden d\u00fcrfen frisches Gem\u00fcse selbst\u00e4ndig ernten<\/p><\/div>\n","protected":false},"excerpt":{"rendered":"<p>Die Gr\u00fcnder der Altglobsower Firma ziehen eine erfolgreiche Jahresbilanz!<\/p>\n","protected":false},"author":39,"featured_media":6413,"comment_status":"open","ping_status":"open","sticky":false,"template":"","format":"standard","meta":[],"categories":[7],"tags":[],"yoast_head":"<!-- This site is optimized with the Yoast SEO plugin v19.10 - https:\/\/yoast.com\/wordpress\/plugins\/seo\/ -->\n<title>&quot;Drei Jahreszeiten&quot; - Produkte jetzt auch in Bio-Qualit\u00e4t - Naturpark Stechlin-Ruppiner Land<\/title>\n<meta name=\"robots\" content=\"index, follow, max-snippet:-1, max-image-preview:large, max-video-preview:-1\" \/>\n<link rel=\"canonical\" href=\"https:\/\/www.naturparkmagazin.de\/stechlin\/drei-jahreszeiten-produkte-jetzt-auch-in-bio-qualitaet\/\" \/>\n<meta property=\"og:locale\" content=\"de_DE\" \/>\n<meta property=\"og:type\" content=\"article\" \/>\n<meta property=\"og:title\" content=\"&quot;Drei Jahreszeiten&quot; - Produkte jetzt auch in Bio-Qualit\u00e4t - Naturpark Stechlin-Ruppiner Land\" \/>\n<meta property=\"og:description\" content=\"Die Gr\u00fcnder der Altglobsower Firma ziehen eine erfolgreiche Jahresbilanz!\" \/>\n<meta property=\"og:url\" content=\"https:\/\/www.naturparkmagazin.de\/stechlin\/drei-jahreszeiten-produkte-jetzt-auch-in-bio-qualitaet\/\" \/>\n<meta property=\"og:site_name\" content=\"Naturpark Stechlin-Ruppiner Land\" \/>\n<meta property=\"article:published_time\" content=\"2017-11-15T08:55:30+00:00\" \/>\n<meta property=\"article:modified_time\" content=\"2017-11-13T09:08:25+00:00\" \/>\n<meta property=\"og:image\" content=\"https:\/\/www.naturparkmagazin.de\/stechlin\/wp-content\/uploads\/sites\/38\/Drei-Jahreszeiten_0008.jpg\" \/>\n\t<meta property=\"og:image:width\" content=\"200\" \/>\n\t<meta property=\"og:image:height\" content=\"200\" \/>\n\t<meta property=\"og:image:type\" content=\"image\/jpeg\" \/>\n<meta name=\"author\" content=\"marioschrumpf\" \/>\n<meta name=\"twitter:label1\" content=\"Verfasst von\" \/>\n\t<meta name=\"twitter:data1\" content=\"marioschrumpf\" \/>\n\t<meta name=\"twitter:label2\" content=\"Gesch\u00e4tzte Lesezeit\" \/>\n\t<meta name=\"twitter:data2\" content=\"1\u00a0Minute\" \/>\n<script type=\"application\/ld+json\" class=\"yoast-schema-graph\">{\"@context\":\"https:\/\/schema.org\",\"@graph\":[{\"@type\":\"WebPage\",\"@id\":\"https:\/\/www.naturparkmagazin.de\/stechlin\/drei-jahreszeiten-produkte-jetzt-auch-in-bio-qualitaet\/\",\"url\":\"https:\/\/www.naturparkmagazin.de\/stechlin\/drei-jahreszeiten-produkte-jetzt-auch-in-bio-qualitaet\/\",\"name\":\"\\\"Drei Jahreszeiten\\\" - Produkte jetzt auch in Bio-Qualit\u00e4t - Naturpark Stechlin-Ruppiner Land\",\"isPartOf\":{\"@id\":\"https:\/\/www.naturparkmagazin.de\/stechlin\/#website\"},\"datePublished\":\"2017-11-15T08:55:30+00:00\",\"dateModified\":\"2017-11-13T09:08:25+00:00\",\"author\":{\"@id\":\"https:\/\/www.naturparkmagazin.de\/stechlin\/#\/schema\/person\/3f0d93203df21c806dd63c76d9bb28bc\"},\"breadcrumb\":{\"@id\":\"https:\/\/www.naturparkmagazin.de\/stechlin\/drei-jahreszeiten-produkte-jetzt-auch-in-bio-qualitaet\/#breadcrumb\"},\"inLanguage\":\"de\",\"potentialAction\":[{\"@type\":\"ReadAction\",\"target\":[\"https:\/\/www.naturparkmagazin.de\/stechlin\/drei-jahreszeiten-produkte-jetzt-auch-in-bio-qualitaet\/\"]}]},{\"@type\":\"BreadcrumbList\",\"@id\":\"https:\/\/www.naturparkmagazin.de\/stechlin\/drei-jahreszeiten-produkte-jetzt-auch-in-bio-qualitaet\/#breadcrumb\",\"itemListElement\":[{\"@type\":\"ListItem\",\"position\":1,\"name\":\"Home\",\"item\":\"https:\/\/www.naturparkmagazin.de\/stechlin\/\"},{\"@type\":\"ListItem\",\"position\":2,\"name\":\"&#8222;Drei Jahreszeiten&#8220; &#8211; Produkte jetzt auch in Bio-Qualit\u00e4t\"}]},{\"@type\":\"WebSite\",\"@id\":\"https:\/\/www.naturparkmagazin.de\/stechlin\/#website\",\"url\":\"https:\/\/www.naturparkmagazin.de\/stechlin\/\",\"name\":\"Naturpark Stechlin-Ruppiner Land\",\"description\":\"\",\"potentialAction\":[{\"@type\":\"SearchAction\",\"target\":{\"@type\":\"EntryPoint\",\"urlTemplate\":\"https:\/\/www.naturparkmagazin.de\/stechlin\/?s={search_term_string}\"},\"query-input\":\"required name=search_term_string\"}],\"inLanguage\":\"de\"},{\"@type\":\"Person\",\"@id\":\"https:\/\/www.naturparkmagazin.de\/stechlin\/#\/schema\/person\/3f0d93203df21c806dd63c76d9bb28bc\",\"name\":\"marioschrumpf\",\"url\":\"https:\/\/www.naturparkmagazin.de\/stechlin\/author\/marioschrumpf\/\"}]}<\/script>\n<!-- \/ Yoast SEO plugin. -->","yoast_head_json":{"title":"\"Drei Jahreszeiten\" - Produkte jetzt auch in Bio-Qualit\u00e4t - Naturpark Stechlin-Ruppiner Land","robots":{"index":"index","follow":"follow","max-snippet":"max-snippet:-1","max-image-preview":"max-image-preview:large","max-video-preview":"max-video-preview:-1"},"canonical":"https:\/\/www.naturparkmagazin.de\/stechlin\/drei-jahreszeiten-produkte-jetzt-auch-in-bio-qualitaet\/","og_locale":"de_DE","og_type":"article","og_title":"\"Drei Jahreszeiten\" - Produkte jetzt auch in Bio-Qualit\u00e4t - Naturpark Stechlin-Ruppiner Land","og_description":"Die Gr\u00fcnder der Altglobsower Firma ziehen eine erfolgreiche Jahresbilanz!","og_url":"https:\/\/www.naturparkmagazin.de\/stechlin\/drei-jahreszeiten-produkte-jetzt-auch-in-bio-qualitaet\/","og_site_name":"Naturpark Stechlin-Ruppiner Land","article_published_time":"2017-11-15T08:55:30+00:00","article_modified_time":"2017-11-13T09:08:25+00:00","og_image":[{"width":200,"height":200,"url":"https:\/\/www.naturparkmagazin.de\/stechlin\/wp-content\/uploads\/sites\/38\/Drei-Jahreszeiten_0008.jpg","type":"image\/jpeg"}],"author":"marioschrumpf","twitter_misc":{"Verfasst von":"marioschrumpf","Gesch\u00e4tzte Lesezeit":"1\u00a0Minute"},"schema":{"@context":"https:\/\/schema.org","@graph":[{"@type":"WebPage","@id":"https:\/\/www.naturparkmagazin.de\/stechlin\/drei-jahreszeiten-produkte-jetzt-auch-in-bio-qualitaet\/","url":"https:\/\/www.naturparkmagazin.de\/stechlin\/drei-jahreszeiten-produkte-jetzt-auch-in-bio-qualitaet\/","name":"\"Drei Jahreszeiten\" - Produkte jetzt auch in Bio-Qualit\u00e4t - Naturpark Stechlin-Ruppiner Land","isPartOf":{"@id":"https:\/\/www.naturparkmagazin.de\/stechlin\/#website"},"datePublished":"2017-11-15T08:55:30+00:00","dateModified":"2017-11-13T09:08:25+00:00","author":{"@id":"https:\/\/www.naturparkmagazin.de\/stechlin\/#\/schema\/person\/3f0d93203df21c806dd63c76d9bb28bc"},"breadcrumb":{"@id":"https:\/\/www.naturparkmagazin.de\/stechlin\/drei-jahreszeiten-produkte-jetzt-auch-in-bio-qualitaet\/#breadcrumb"},"inLanguage":"de","potentialAction":[{"@type":"ReadAction","target":["https:\/\/www.naturparkmagazin.de\/stechlin\/drei-jahreszeiten-produkte-jetzt-auch-in-bio-qualitaet\/"]}]},{"@type":"BreadcrumbList","@id":"https:\/\/www.naturparkmagazin.de\/stechlin\/drei-jahreszeiten-produkte-jetzt-auch-in-bio-qualitaet\/#breadcrumb","itemListElement":[{"@type":"ListItem","position":1,"name":"Home","item":"https:\/\/www.naturparkmagazin.de\/stechlin\/"},{"@type":"ListItem","position":2,"name":"&#8222;Drei Jahreszeiten&#8220; &#8211; Produkte jetzt auch in Bio-Qualit\u00e4t"}]},{"@type":"WebSite","@id":"https:\/\/www.naturparkmagazin.de\/stechlin\/#website","url":"https:\/\/www.naturparkmagazin.de\/stechlin\/","name":"Naturpark Stechlin-Ruppiner Land","description":"","potentialAction":[{"@type":"SearchAction","target":{"@type":"EntryPoint","urlTemplate":"https:\/\/www.naturparkmagazin.de\/stechlin\/?s={search_term_string}"},"query-input":"required name=search_term_string"}],"inLanguage":"de"},{"@type":"Person","@id":"https:\/\/www.naturparkmagazin.de\/stechlin\/#\/schema\/person\/3f0d93203df21c806dd63c76d9bb28bc","name":"marioschrumpf","url":"https:\/\/www.naturparkmagazin.de\/stechlin\/author\/marioschrumpf\/"}]}},"_links":{"self":[{"href":"https:\/\/www.naturparkmagazin.de\/stechlin\/wp-json\/wp\/v2\/posts\/6412"}],"collection":[{"href":"https:\/\/www.naturparkmagazin.de\/stechlin\/wp-json\/wp\/v2\/posts"}],"about":[{"href":"https:\/\/www.naturparkmagazin.de\/stechlin\/wp-json\/wp\/v2\/types\/post"}],"author":[{"embeddable":true,"href":"https:\/\/www.naturparkmagazin.de\/stechlin\/wp-json\/wp\/v2\/users\/39"}],"replies":[{"embeddable":true,"href":"https:\/\/www.naturparkmagazin.de\/stechlin\/wp-json\/wp\/v2\/comments?post=6412"}],"version-history":[{"count":1,"href":"https:\/\/www.naturparkmagazin.de\/stechlin\/wp-json\/wp\/v2\/posts\/6412\/revisions"}],"predecessor-version":[{"id":6414,"href":"https:\/\/www.naturparkmagazin.de\/stechlin\/wp-json\/wp\/v2\/posts\/6412\/revisions\/6414"}],"wp:featuredmedia":[{"embeddable":true,"href":"https:\/\/www.naturparkmagazin.de\/stechlin\/wp-json\/wp\/v2\/media\/6413"}],"wp:attachment":[{"href":"https:\/\/www.naturparkmagazin.de\/stechlin\/wp-json\/wp\/v2\/media?parent=6412"}],"wp:term":[{"taxonomy":"category","embeddable":true,"href":"https:\/\/www.naturparkmagazin.de\/stechlin\/wp-json\/wp\/v2\/categories?post=6412"},{"taxonomy":"post_tag","embeddable":true,"href":"https:\/\/www.naturparkmagazin.de\/stechlin\/wp-json\/wp\/v2\/tags?post=6412"}],"curies":[{"name":"wp","href":"https:\/\/api.w.org\/{rel}","templated":true}]}}