{"id":6415,"date":"2017-11-15T10:08:42","date_gmt":"2017-11-15T09:08:42","guid":{"rendered":"http:\/\/www.naturparkmagazin.de\/stechlin\/?p=6415"},"modified":"2017-11-28T13:03:00","modified_gmt":"2017-11-28T12:03:00","slug":"michael-wittke","status":"publish","type":"post","link":"https:\/\/www.naturparkmagazin.de\/stechlin\/michael-wittke\/","title":{"rendered":"Michael Wittke"},"content":{"rendered":"<p><a href=\"https:\/\/www.naturparkmagazin.de\/stechlin\/wp-content\/uploads\/sites\/38\/Michael-Wittke_0007.jpg\"><img decoding=\"async\" loading=\"lazy\" class=\" size-thumbnail wp-image-6400 aligncenter\" src=\"https:\/\/www.naturparkmagazin.de\/stechlin\/wp-content\/uploads\/sites\/38\/Michael-Wittke_0007-300x180.jpg\" alt=\"NP SRL\/Mario Schrumpf\" width=\"300\" height=\"180\" srcset=\"https:\/\/www.naturparkmagazin.de\/stechlin\/wp-content\/uploads\/sites\/38\/Michael-Wittke_0007-300x180.jpg 300w, https:\/\/www.naturparkmagazin.de\/stechlin\/wp-content\/uploads\/sites\/38\/Michael-Wittke_0007.jpg 500w, https:\/\/www.naturparkmagazin.de\/stechlin\/wp-content\/uploads\/sites\/38\/Michael-Wittke_0007-200x120.jpg 200w\" sizes=\"(max-width: 300px) 100vw, 300px\" \/><\/a>Am Ufer der Havel in F\u00fcrstenbergs Altstadt befindet sich in idyllischer Lage die Alte Reederei.<\/p>\n<p>Inhaber Michael Wittke betreibt hier mit seinem Team den Kulturgasthof &#8222;Alte Reederei&#8220;. Dazu geh\u00f6ren Ferienwohnungen und G\u00e4stezimmer, Gastst\u00e4tte, Bootsverleih und das F\u00fcrstenberger Kino. Der gemeinn\u00fctzige Verein &#8222;Br\u00fcckenschlag F\u00fcrstenberg&#8220; organisiert hier regelm\u00e4\u00dfig Veranstaltungen. Neben den &#8222;normalen&#8220; Kinowochenenden sind dies auch Sondervorf\u00fchrungen mit Diskussion, u. a. auch die \u00d6KOFILMTOUR, \u00a0Buchlesungen, Tanzkurse und Konzerte. Kleinkunst vom Feinsten.<\/p>\n<p>Im Sommer k\u00f6nnen sich G\u00e4ste von hier aus im Kaffenkahn &#8222;Concordia&#8220; \u00fcber die Havel und ihre Seen schippern lassen. Das ist der Nachbau des f\u00fcr unsere Gegend typischen, historischen Lastenseglers, der im Jahr 2000 in Betrieb genommen worden war. Michael Wittke hat ihn 2017 zusammen mit einem Gesch\u00e4ftspartner erworben, damit er der Wasserstadt und Region als Wahrzeichen erhalten bleibt.<\/p>\n<p>Die Alte Reederei war im Herbst erstmalig Gastgeber f\u00fcr das 17. Internationale Kunstsymposium des Naturparks. Die K\u00fcnstler waren voll des Lobes \u00fcber die Gastfreundschaft. Quartier, Verpflegung, Arbeitsm\u00f6glichkeiten und Betreuung waren hervorragend. Herzlichen Dank!<\/p>\n","protected":false},"excerpt":{"rendered":"<p>Am Ufer der Havel in F\u00fcrstenbergs Altstadt befindet sich in idyllischer Lage der Kulturgasthof &#8222;Alte Reederei&#8220;. Dazu geh\u00f6ren Ferienwohnungen und G\u00e4stezimmer, Gastst\u00e4tte, Bootsverleih und das F\u00fcrstenberger Kino.<\/p>\n","protected":false},"author":39,"featured_media":6417,"comment_status":"open","ping_status":"open","sticky":false,"template":"","format":"standard","meta":[],"categories":[8],"tags":[],"yoast_head":"<!-- This site is optimized with the Yoast SEO plugin v19.10 - https:\/\/yoast.com\/wordpress\/plugins\/seo\/ -->\n<title>Michael Wittke - Naturpark Stechlin-Ruppiner Land<\/title>\n<meta name=\"robots\" content=\"index, follow, max-snippet:-1, max-image-preview:large, max-video-preview:-1\" \/>\n<link rel=\"canonical\" href=\"https:\/\/www.naturparkmagazin.de\/stechlin\/michael-wittke\/\" \/>\n<meta property=\"og:locale\" content=\"de_DE\" \/>\n<meta property=\"og:type\" content=\"article\" \/>\n<meta property=\"og:title\" content=\"Michael Wittke - Naturpark Stechlin-Ruppiner Land\" \/>\n<meta property=\"og:description\" content=\"Am Ufer der Havel in F\u00fcrstenbergs Altstadt befindet sich in idyllischer Lage der Kulturgasthof &quot;Alte Reederei&quot;. Dazu geh\u00f6ren Ferienwohnungen und G\u00e4stezimmer, Gastst\u00e4tte, Bootsverleih und das F\u00fcrstenberger Kino.\" \/>\n<meta property=\"og:url\" content=\"https:\/\/www.naturparkmagazin.de\/stechlin\/michael-wittke\/\" \/>\n<meta property=\"og:site_name\" content=\"Naturpark Stechlin-Ruppiner Land\" \/>\n<meta property=\"article:published_time\" content=\"2017-11-15T09:08:42+00:00\" \/>\n<meta property=\"article:modified_time\" content=\"2017-11-28T12:03:00+00:00\" \/>\n<meta property=\"og:image\" content=\"https:\/\/www.naturparkmagazin.de\/stechlin\/wp-content\/uploads\/sites\/38\/Michael-Wittke_00071.jpg\" \/>\n\t<meta property=\"og:image:width\" content=\"200\" \/>\n\t<meta property=\"og:image:height\" content=\"200\" \/>\n\t<meta property=\"og:image:type\" content=\"image\/jpeg\" \/>\n<meta name=\"author\" content=\"marioschrumpf\" \/>\n<meta name=\"twitter:label1\" content=\"Verfasst von\" \/>\n\t<meta name=\"twitter:data1\" content=\"marioschrumpf\" \/>\n\t<meta name=\"twitter:label2\" content=\"Gesch\u00e4tzte Lesezeit\" \/>\n\t<meta name=\"twitter:data2\" content=\"1\u00a0Minute\" \/>\n<script type=\"application\/ld+json\" class=\"yoast-schema-graph\">{\"@context\":\"https:\/\/schema.org\",\"@graph\":[{\"@type\":\"WebPage\",\"@id\":\"https:\/\/www.naturparkmagazin.de\/stechlin\/michael-wittke\/\",\"url\":\"https:\/\/www.naturparkmagazin.de\/stechlin\/michael-wittke\/\",\"name\":\"Michael Wittke - Naturpark Stechlin-Ruppiner Land\",\"isPartOf\":{\"@id\":\"https:\/\/www.naturparkmagazin.de\/stechlin\/#website\"},\"datePublished\":\"2017-11-15T09:08:42+00:00\",\"dateModified\":\"2017-11-28T12:03:00+00:00\",\"author\":{\"@id\":\"https:\/\/www.naturparkmagazin.de\/stechlin\/#\/schema\/person\/3f0d93203df21c806dd63c76d9bb28bc\"},\"breadcrumb\":{\"@id\":\"https:\/\/www.naturparkmagazin.de\/stechlin\/michael-wittke\/#breadcrumb\"},\"inLanguage\":\"de\",\"potentialAction\":[{\"@type\":\"ReadAction\",\"target\":[\"https:\/\/www.naturparkmagazin.de\/stechlin\/michael-wittke\/\"]}]},{\"@type\":\"BreadcrumbList\",\"@id\":\"https:\/\/www.naturparkmagazin.de\/stechlin\/michael-wittke\/#breadcrumb\",\"itemListElement\":[{\"@type\":\"ListItem\",\"position\":1,\"name\":\"Home\",\"item\":\"https:\/\/www.naturparkmagazin.de\/stechlin\/\"},{\"@type\":\"ListItem\",\"position\":2,\"name\":\"Michael Wittke\"}]},{\"@type\":\"WebSite\",\"@id\":\"https:\/\/www.naturparkmagazin.de\/stechlin\/#website\",\"url\":\"https:\/\/www.naturparkmagazin.de\/stechlin\/\",\"name\":\"Naturpark Stechlin-Ruppiner Land\",\"description\":\"\",\"potentialAction\":[{\"@type\":\"SearchAction\",\"target\":{\"@type\":\"EntryPoint\",\"urlTemplate\":\"https:\/\/www.naturparkmagazin.de\/stechlin\/?s={search_term_string}\"},\"query-input\":\"required name=search_term_string\"}],\"inLanguage\":\"de\"},{\"@type\":\"Person\",\"@id\":\"https:\/\/www.naturparkmagazin.de\/stechlin\/#\/schema\/person\/3f0d93203df21c806dd63c76d9bb28bc\",\"name\":\"marioschrumpf\",\"url\":\"https:\/\/www.naturparkmagazin.de\/stechlin\/author\/marioschrumpf\/\"}]}<\/script>\n<!-- \/ Yoast SEO plugin. -->","yoast_head_json":{"title":"Michael Wittke - Naturpark Stechlin-Ruppiner Land","robots":{"index":"index","follow":"follow","max-snippet":"max-snippet:-1","max-image-preview":"max-image-preview:large","max-video-preview":"max-video-preview:-1"},"canonical":"https:\/\/www.naturparkmagazin.de\/stechlin\/michael-wittke\/","og_locale":"de_DE","og_type":"article","og_title":"Michael Wittke - Naturpark Stechlin-Ruppiner Land","og_description":"Am Ufer der Havel in F\u00fcrstenbergs Altstadt befindet sich in idyllischer Lage der Kulturgasthof \"Alte Reederei\". Dazu geh\u00f6ren Ferienwohnungen und G\u00e4stezimmer, Gastst\u00e4tte, Bootsverleih und das F\u00fcrstenberger Kino.","og_url":"https:\/\/www.naturparkmagazin.de\/stechlin\/michael-wittke\/","og_site_name":"Naturpark Stechlin-Ruppiner Land","article_published_time":"2017-11-15T09:08:42+00:00","article_modified_time":"2017-11-28T12:03:00+00:00","og_image":[{"width":200,"height":200,"url":"https:\/\/www.naturparkmagazin.de\/stechlin\/wp-content\/uploads\/sites\/38\/Michael-Wittke_00071.jpg","type":"image\/jpeg"}],"author":"marioschrumpf","twitter_misc":{"Verfasst von":"marioschrumpf","Gesch\u00e4tzte Lesezeit":"1\u00a0Minute"},"schema":{"@context":"https:\/\/schema.org","@graph":[{"@type":"WebPage","@id":"https:\/\/www.naturparkmagazin.de\/stechlin\/michael-wittke\/","url":"https:\/\/www.naturparkmagazin.de\/stechlin\/michael-wittke\/","name":"Michael Wittke - Naturpark Stechlin-Ruppiner Land","isPartOf":{"@id":"https:\/\/www.naturparkmagazin.de\/stechlin\/#website"},"datePublished":"2017-11-15T09:08:42+00:00","dateModified":"2017-11-28T12:03:00+00:00","author":{"@id":"https:\/\/www.naturparkmagazin.de\/stechlin\/#\/schema\/person\/3f0d93203df21c806dd63c76d9bb28bc"},"breadcrumb":{"@id":"https:\/\/www.naturparkmagazin.de\/stechlin\/michael-wittke\/#breadcrumb"},"inLanguage":"de","potentialAction":[{"@type":"ReadAction","target":["https:\/\/www.naturparkmagazin.de\/stechlin\/michael-wittke\/"]}]},{"@type":"BreadcrumbList","@id":"https:\/\/www.naturparkmagazin.de\/stechlin\/michael-wittke\/#breadcrumb","itemListElement":[{"@type":"ListItem","position":1,"name":"Home","item":"https:\/\/www.naturparkmagazin.de\/stechlin\/"},{"@type":"ListItem","position":2,"name":"Michael Wittke"}]},{"@type":"WebSite","@id":"https:\/\/www.naturparkmagazin.de\/stechlin\/#website","url":"https:\/\/www.naturparkmagazin.de\/stechlin\/","name":"Naturpark Stechlin-Ruppiner Land","description":"","potentialAction":[{"@type":"SearchAction","target":{"@type":"EntryPoint","urlTemplate":"https:\/\/www.naturparkmagazin.de\/stechlin\/?s={search_term_string}"},"query-input":"required name=search_term_string"}],"inLanguage":"de"},{"@type":"Person","@id":"https:\/\/www.naturparkmagazin.de\/stechlin\/#\/schema\/person\/3f0d93203df21c806dd63c76d9bb28bc","name":"marioschrumpf","url":"https:\/\/www.naturparkmagazin.de\/stechlin\/author\/marioschrumpf\/"}]}},"_links":{"self":[{"href":"https:\/\/www.naturparkmagazin.de\/stechlin\/wp-json\/wp\/v2\/posts\/6415"}],"collection":[{"href":"https:\/\/www.naturparkmagazin.de\/stechlin\/wp-json\/wp\/v2\/posts"}],"about":[{"href":"https:\/\/www.naturparkmagazin.de\/stechlin\/wp-json\/wp\/v2\/types\/post"}],"author":[{"embeddable":true,"href":"https:\/\/www.naturparkmagazin.de\/stechlin\/wp-json\/wp\/v2\/users\/39"}],"replies":[{"embeddable":true,"href":"https:\/\/www.naturparkmagazin.de\/stechlin\/wp-json\/wp\/v2\/comments?post=6415"}],"version-history":[{"count":3,"href":"https:\/\/www.naturparkmagazin.de\/stechlin\/wp-json\/wp\/v2\/posts\/6415\/revisions"}],"predecessor-version":[{"id":6437,"href":"https:\/\/www.naturparkmagazin.de\/stechlin\/wp-json\/wp\/v2\/posts\/6415\/revisions\/6437"}],"wp:featuredmedia":[{"embeddable":true,"href":"https:\/\/www.naturparkmagazin.de\/stechlin\/wp-json\/wp\/v2\/media\/6417"}],"wp:attachment":[{"href":"https:\/\/www.naturparkmagazin.de\/stechlin\/wp-json\/wp\/v2\/media?parent=6415"}],"wp:term":[{"taxonomy":"category","embeddable":true,"href":"https:\/\/www.naturparkmagazin.de\/stechlin\/wp-json\/wp\/v2\/categories?post=6415"},{"taxonomy":"post_tag","embeddable":true,"href":"https:\/\/www.naturparkmagazin.de\/stechlin\/wp-json\/wp\/v2\/tags?post=6415"}],"curies":[{"name":"wp","href":"https:\/\/api.w.org\/{rel}","templated":true}]}}