{"id":6419,"date":"2017-11-15T10:12:36","date_gmt":"2017-11-15T09:12:36","guid":{"rendered":"http:\/\/www.naturparkmagazin.de\/stechlin\/?p=6419"},"modified":"2017-11-30T11:50:30","modified_gmt":"2017-11-30T10:50:30","slug":"17-internationales-kunstsymposium-im-naturpark","status":"publish","type":"post","link":"https:\/\/www.naturparkmagazin.de\/stechlin\/17-internationales-kunstsymposium-im-naturpark\/","title":{"rendered":"17. Internationales Kunstsymposium im Naturpark"},"content":{"rendered":"<div id=\"attachment_6424\" style=\"width: 310px\" class=\"wp-caption aligncenter\"><a href=\"https:\/\/www.naturparkmagazin.de\/stechlin\/wp-content\/uploads\/sites\/38\/Kunstsymp2017_0058.jpg\"><img aria-describedby=\"caption-attachment-6424\" decoding=\"async\" loading=\"lazy\" class=\"size-thumbnail wp-image-6424\" src=\"https:\/\/www.naturparkmagazin.de\/stechlin\/wp-content\/uploads\/sites\/38\/Kunstsymp2017_0058-300x180.jpg\" alt=\"Die Teilnehmer des 17. Internationalen Kunstsymposiums (v.l.n.r. Frank Diersch, Kuno und Gudrun Lomas (Deutschland), Mariusz Urbaniak (Polen), Nicole Bremond (Frankreich) und Wendy Bell (USA)\" width=\"300\" height=\"180\" srcset=\"https:\/\/www.naturparkmagazin.de\/stechlin\/wp-content\/uploads\/sites\/38\/Kunstsymp2017_0058-300x180.jpg 300w, https:\/\/www.naturparkmagazin.de\/stechlin\/wp-content\/uploads\/sites\/38\/Kunstsymp2017_0058.jpg 500w, https:\/\/www.naturparkmagazin.de\/stechlin\/wp-content\/uploads\/sites\/38\/Kunstsymp2017_0058-200x120.jpg 200w\" sizes=\"(max-width: 300px) 100vw, 300px\" \/><\/a><p id=\"caption-attachment-6424\" class=\"wp-caption-text\">Die Teilnehmer des 17. Internationalen Kunstsymposiums (v.l.n.r. Frank Diersch, Kuno und Gudrun Lomas (Deutschland), Mariusz Urbaniak (Polen), Nicole Bremond (Frankreich) und Wendy Bell (USA)<\/p><\/div>\n<p>&nbsp;<\/p>\n<p>\u201eMensch und Natur\u201c war der Titel des diesj\u00e4hrigen Kunstsymposiums des Naturparks Stechlin-Ruppiner Land in F\u00fcrstenberg\/Havel. Sechs K\u00fcnstler aus vier Nationen waren zu Gast in der Alten Reederei, erstmalig Veranstaltungsort des Kunstsymposiums.<\/p>\n<div id=\"attachment_6423\" style=\"width: 310px\" class=\"wp-caption aligncenter\"><a href=\"https:\/\/www.naturparkmagazin.de\/stechlin\/wp-content\/uploads\/sites\/38\/Kunstsymp2_2017_0059.jpg\"><img aria-describedby=\"caption-attachment-6423\" decoding=\"async\" loading=\"lazy\" class=\"size-thumbnail wp-image-6423\" src=\"https:\/\/www.naturparkmagazin.de\/stechlin\/wp-content\/uploads\/sites\/38\/Kunstsymp2_2017_0059-300x180.jpg\" alt=\"Der Erfahrungsaustausch zwischen den K\u00fcnstlern ist wichtiger Bestandteil des Kunstsymposiums.\" width=\"300\" height=\"180\" srcset=\"https:\/\/www.naturparkmagazin.de\/stechlin\/wp-content\/uploads\/sites\/38\/Kunstsymp2_2017_0059-300x180.jpg 300w, https:\/\/www.naturparkmagazin.de\/stechlin\/wp-content\/uploads\/sites\/38\/Kunstsymp2_2017_0059.jpg 500w, https:\/\/www.naturparkmagazin.de\/stechlin\/wp-content\/uploads\/sites\/38\/Kunstsymp2_2017_0059-200x120.jpg 200w\" sizes=\"(max-width: 300px) 100vw, 300px\" \/><\/a><p id=\"caption-attachment-6423\" class=\"wp-caption-text\">Der Erfahrungsaustausch zwischen den K\u00fcnstlern ist wichtiger Bestandteil des Kunstsymposiums.<\/p><\/div>\n<p><span style=\"line-height: 115%; font-family: 'Arial Narrow','sans-serif'; font-size: 12pt;\"><span style=\"color: #000000;\">I<\/span><\/span>nspiration holten sich die K\u00fcnstler bei einer Exkursion in den Naturpark zu Beginn des Symposiums. Silke Oldorff, stellvertretende Naturparkleiterin, war mit den K\u00fcnstlern auf dem Skulpturen-Rundweg am Dagowsee und am Stechlin in Neuglobsow unterwegs.<\/p>\n<p>Was letztlich zur Finissage auf Papier und Leinwand zu sehen war, zeigt wie unterschiedlich sich die K\u00fcnstler dem Thema gen\u00e4hert haben. So waren u.a. kr\u00e4ftige Farben auf Leinwand neben filigranen Strichen in schwarz und wei\u00df gezeichnet, zu sehen.<\/p>\n<div id=\"attachment_6421\" style=\"width: 310px\" class=\"wp-caption aligncenter\"><a href=\"https:\/\/www.naturparkmagazin.de\/stechlin\/wp-content\/uploads\/sites\/38\/Kunstsymp.-4_2017PA229061.jpg\"><img aria-describedby=\"caption-attachment-6421\" decoding=\"async\" loading=\"lazy\" class=\"size-thumbnail wp-image-6421\" src=\"https:\/\/www.naturparkmagazin.de\/stechlin\/wp-content\/uploads\/sites\/38\/Kunstsymp.-4_2017PA229061-300x225.jpg\" alt=\"\u201eWildnis\u201c von Gudrun Lomas (Acryl\/Leinwand)\" width=\"300\" height=\"225\" \/><\/a><p id=\"caption-attachment-6421\" class=\"wp-caption-text\">\u201eWildnis\u201c von Gudrun Lomas (Acryl\/Leinwand)<\/p><\/div>\n<p>Die bew\u00e4hrte Organisation lag wie schon bei den 16 Symposien zuvor in der Hand von Gudrun Lomas, Vorsitzende des Kunstvereins Zehdenick e. V.<\/p>\n<p>Ein herzliches Dankesch\u00f6n am Michael Wittke von der Alten Reederei f\u00fcr die Gastfreundschaft!<\/p>\n<div id=\"attachment_6422\" style=\"width: 310px\" class=\"wp-caption aligncenter\"><a href=\"https:\/\/www.naturparkmagazin.de\/stechlin\/wp-content\/uploads\/sites\/38\/Kunstsymp-3_2017_PA229056.jpg\"><img aria-describedby=\"caption-attachment-6422\" decoding=\"async\" loading=\"lazy\" class=\"size-thumbnail wp-image-6422\" src=\"https:\/\/www.naturparkmagazin.de\/stechlin\/wp-content\/uploads\/sites\/38\/Kunstsymp-3_2017_PA229056-300x180.jpg\" alt=\"Berit Jung umrahmte musikalisch die Finissage\" width=\"300\" height=\"180\" srcset=\"https:\/\/www.naturparkmagazin.de\/stechlin\/wp-content\/uploads\/sites\/38\/Kunstsymp-3_2017_PA229056-300x180.jpg 300w, https:\/\/www.naturparkmagazin.de\/stechlin\/wp-content\/uploads\/sites\/38\/Kunstsymp-3_2017_PA229056.jpg 500w, https:\/\/www.naturparkmagazin.de\/stechlin\/wp-content\/uploads\/sites\/38\/Kunstsymp-3_2017_PA229056-200x120.jpg 200w\" sizes=\"(max-width: 300px) 100vw, 300px\" \/><\/a><p id=\"caption-attachment-6422\" class=\"wp-caption-text\">Berit Jung umrahmte musikalisch die Finissage<\/p><\/div>\n<p>&nbsp;<\/p>\n","protected":false},"excerpt":{"rendered":"<p>\u201eMensch und Natur\u201c war der Titel des diesj\u00e4hrigen Kunstsymposiums des Naturparks Stechlin-Ruppiner Land. Sechs K\u00fcnstler aus vier Nationen waren zu Gast in der Alten Reederei. <\/p>\n","protected":false},"author":39,"featured_media":6420,"comment_status":"open","ping_status":"open","sticky":false,"template":"","format":"standard","meta":[],"categories":[7],"tags":[],"yoast_head":"<!-- This site is optimized with the Yoast SEO plugin v19.10 - https:\/\/yoast.com\/wordpress\/plugins\/seo\/ -->\n<title>17. Internationales Kunstsymposium im Naturpark - Naturpark Stechlin-Ruppiner Land<\/title>\n<meta name=\"robots\" content=\"index, follow, max-snippet:-1, max-image-preview:large, max-video-preview:-1\" \/>\n<link rel=\"canonical\" href=\"https:\/\/www.naturparkmagazin.de\/stechlin\/17-internationales-kunstsymposium-im-naturpark\/\" \/>\n<meta property=\"og:locale\" content=\"de_DE\" \/>\n<meta property=\"og:type\" content=\"article\" \/>\n<meta property=\"og:title\" content=\"17. Internationales Kunstsymposium im Naturpark - Naturpark Stechlin-Ruppiner Land\" \/>\n<meta property=\"og:description\" content=\"\u201eMensch und Natur\u201c war der Titel des diesj\u00e4hrigen Kunstsymposiums des Naturparks Stechlin-Ruppiner Land. Sechs K\u00fcnstler aus vier Nationen waren zu Gast in der Alten Reederei.\" \/>\n<meta property=\"og:url\" content=\"https:\/\/www.naturparkmagazin.de\/stechlin\/17-internationales-kunstsymposium-im-naturpark\/\" \/>\n<meta property=\"og:site_name\" content=\"Naturpark Stechlin-Ruppiner Land\" \/>\n<meta property=\"article:published_time\" content=\"2017-11-15T09:12:36+00:00\" \/>\n<meta property=\"article:modified_time\" content=\"2017-11-30T10:50:30+00:00\" \/>\n<meta property=\"og:image\" content=\"https:\/\/www.naturparkmagazin.de\/stechlin\/wp-content\/uploads\/sites\/38\/Kunstsymposium-2017_PA229055.jpg\" \/>\n\t<meta property=\"og:image:width\" content=\"200\" \/>\n\t<meta property=\"og:image:height\" content=\"200\" \/>\n\t<meta property=\"og:image:type\" content=\"image\/jpeg\" \/>\n<meta name=\"author\" content=\"marioschrumpf\" \/>\n<meta name=\"twitter:label1\" content=\"Verfasst von\" \/>\n\t<meta name=\"twitter:data1\" content=\"marioschrumpf\" \/>\n\t<meta name=\"twitter:label2\" content=\"Gesch\u00e4tzte Lesezeit\" \/>\n\t<meta name=\"twitter:data2\" content=\"1\u00a0Minute\" \/>\n<script type=\"application\/ld+json\" class=\"yoast-schema-graph\">{\"@context\":\"https:\/\/schema.org\",\"@graph\":[{\"@type\":\"WebPage\",\"@id\":\"https:\/\/www.naturparkmagazin.de\/stechlin\/17-internationales-kunstsymposium-im-naturpark\/\",\"url\":\"https:\/\/www.naturparkmagazin.de\/stechlin\/17-internationales-kunstsymposium-im-naturpark\/\",\"name\":\"17. Internationales Kunstsymposium im Naturpark - Naturpark Stechlin-Ruppiner Land\",\"isPartOf\":{\"@id\":\"https:\/\/www.naturparkmagazin.de\/stechlin\/#website\"},\"datePublished\":\"2017-11-15T09:12:36+00:00\",\"dateModified\":\"2017-11-30T10:50:30+00:00\",\"author\":{\"@id\":\"https:\/\/www.naturparkmagazin.de\/stechlin\/#\/schema\/person\/3f0d93203df21c806dd63c76d9bb28bc\"},\"breadcrumb\":{\"@id\":\"https:\/\/www.naturparkmagazin.de\/stechlin\/17-internationales-kunstsymposium-im-naturpark\/#breadcrumb\"},\"inLanguage\":\"de\",\"potentialAction\":[{\"@type\":\"ReadAction\",\"target\":[\"https:\/\/www.naturparkmagazin.de\/stechlin\/17-internationales-kunstsymposium-im-naturpark\/\"]}]},{\"@type\":\"BreadcrumbList\",\"@id\":\"https:\/\/www.naturparkmagazin.de\/stechlin\/17-internationales-kunstsymposium-im-naturpark\/#breadcrumb\",\"itemListElement\":[{\"@type\":\"ListItem\",\"position\":1,\"name\":\"Home\",\"item\":\"https:\/\/www.naturparkmagazin.de\/stechlin\/\"},{\"@type\":\"ListItem\",\"position\":2,\"name\":\"17. Internationales Kunstsymposium im Naturpark\"}]},{\"@type\":\"WebSite\",\"@id\":\"https:\/\/www.naturparkmagazin.de\/stechlin\/#website\",\"url\":\"https:\/\/www.naturparkmagazin.de\/stechlin\/\",\"name\":\"Naturpark Stechlin-Ruppiner Land\",\"description\":\"\",\"potentialAction\":[{\"@type\":\"SearchAction\",\"target\":{\"@type\":\"EntryPoint\",\"urlTemplate\":\"https:\/\/www.naturparkmagazin.de\/stechlin\/?s={search_term_string}\"},\"query-input\":\"required name=search_term_string\"}],\"inLanguage\":\"de\"},{\"@type\":\"Person\",\"@id\":\"https:\/\/www.naturparkmagazin.de\/stechlin\/#\/schema\/person\/3f0d93203df21c806dd63c76d9bb28bc\",\"name\":\"marioschrumpf\",\"url\":\"https:\/\/www.naturparkmagazin.de\/stechlin\/author\/marioschrumpf\/\"}]}<\/script>\n<!-- \/ Yoast SEO plugin. -->","yoast_head_json":{"title":"17. Internationales Kunstsymposium im Naturpark - Naturpark Stechlin-Ruppiner Land","robots":{"index":"index","follow":"follow","max-snippet":"max-snippet:-1","max-image-preview":"max-image-preview:large","max-video-preview":"max-video-preview:-1"},"canonical":"https:\/\/www.naturparkmagazin.de\/stechlin\/17-internationales-kunstsymposium-im-naturpark\/","og_locale":"de_DE","og_type":"article","og_title":"17. Internationales Kunstsymposium im Naturpark - Naturpark Stechlin-Ruppiner Land","og_description":"\u201eMensch und Natur\u201c war der Titel des diesj\u00e4hrigen Kunstsymposiums des Naturparks Stechlin-Ruppiner Land. Sechs K\u00fcnstler aus vier Nationen waren zu Gast in der Alten Reederei.","og_url":"https:\/\/www.naturparkmagazin.de\/stechlin\/17-internationales-kunstsymposium-im-naturpark\/","og_site_name":"Naturpark Stechlin-Ruppiner Land","article_published_time":"2017-11-15T09:12:36+00:00","article_modified_time":"2017-11-30T10:50:30+00:00","og_image":[{"width":200,"height":200,"url":"https:\/\/www.naturparkmagazin.de\/stechlin\/wp-content\/uploads\/sites\/38\/Kunstsymposium-2017_PA229055.jpg","type":"image\/jpeg"}],"author":"marioschrumpf","twitter_misc":{"Verfasst von":"marioschrumpf","Gesch\u00e4tzte Lesezeit":"1\u00a0Minute"},"schema":{"@context":"https:\/\/schema.org","@graph":[{"@type":"WebPage","@id":"https:\/\/www.naturparkmagazin.de\/stechlin\/17-internationales-kunstsymposium-im-naturpark\/","url":"https:\/\/www.naturparkmagazin.de\/stechlin\/17-internationales-kunstsymposium-im-naturpark\/","name":"17. Internationales Kunstsymposium im Naturpark - Naturpark Stechlin-Ruppiner Land","isPartOf":{"@id":"https:\/\/www.naturparkmagazin.de\/stechlin\/#website"},"datePublished":"2017-11-15T09:12:36+00:00","dateModified":"2017-11-30T10:50:30+00:00","author":{"@id":"https:\/\/www.naturparkmagazin.de\/stechlin\/#\/schema\/person\/3f0d93203df21c806dd63c76d9bb28bc"},"breadcrumb":{"@id":"https:\/\/www.naturparkmagazin.de\/stechlin\/17-internationales-kunstsymposium-im-naturpark\/#breadcrumb"},"inLanguage":"de","potentialAction":[{"@type":"ReadAction","target":["https:\/\/www.naturparkmagazin.de\/stechlin\/17-internationales-kunstsymposium-im-naturpark\/"]}]},{"@type":"BreadcrumbList","@id":"https:\/\/www.naturparkmagazin.de\/stechlin\/17-internationales-kunstsymposium-im-naturpark\/#breadcrumb","itemListElement":[{"@type":"ListItem","position":1,"name":"Home","item":"https:\/\/www.naturparkmagazin.de\/stechlin\/"},{"@type":"ListItem","position":2,"name":"17. Internationales Kunstsymposium im Naturpark"}]},{"@type":"WebSite","@id":"https:\/\/www.naturparkmagazin.de\/stechlin\/#website","url":"https:\/\/www.naturparkmagazin.de\/stechlin\/","name":"Naturpark Stechlin-Ruppiner Land","description":"","potentialAction":[{"@type":"SearchAction","target":{"@type":"EntryPoint","urlTemplate":"https:\/\/www.naturparkmagazin.de\/stechlin\/?s={search_term_string}"},"query-input":"required name=search_term_string"}],"inLanguage":"de"},{"@type":"Person","@id":"https:\/\/www.naturparkmagazin.de\/stechlin\/#\/schema\/person\/3f0d93203df21c806dd63c76d9bb28bc","name":"marioschrumpf","url":"https:\/\/www.naturparkmagazin.de\/stechlin\/author\/marioschrumpf\/"}]}},"_links":{"self":[{"href":"https:\/\/www.naturparkmagazin.de\/stechlin\/wp-json\/wp\/v2\/posts\/6419"}],"collection":[{"href":"https:\/\/www.naturparkmagazin.de\/stechlin\/wp-json\/wp\/v2\/posts"}],"about":[{"href":"https:\/\/www.naturparkmagazin.de\/stechlin\/wp-json\/wp\/v2\/types\/post"}],"author":[{"embeddable":true,"href":"https:\/\/www.naturparkmagazin.de\/stechlin\/wp-json\/wp\/v2\/users\/39"}],"replies":[{"embeddable":true,"href":"https:\/\/www.naturparkmagazin.de\/stechlin\/wp-json\/wp\/v2\/comments?post=6419"}],"version-history":[{"count":5,"href":"https:\/\/www.naturparkmagazin.de\/stechlin\/wp-json\/wp\/v2\/posts\/6419\/revisions"}],"predecessor-version":[{"id":6442,"href":"https:\/\/www.naturparkmagazin.de\/stechlin\/wp-json\/wp\/v2\/posts\/6419\/revisions\/6442"}],"wp:featuredmedia":[{"embeddable":true,"href":"https:\/\/www.naturparkmagazin.de\/stechlin\/wp-json\/wp\/v2\/media\/6420"}],"wp:attachment":[{"href":"https:\/\/www.naturparkmagazin.de\/stechlin\/wp-json\/wp\/v2\/media?parent=6419"}],"wp:term":[{"taxonomy":"category","embeddable":true,"href":"https:\/\/www.naturparkmagazin.de\/stechlin\/wp-json\/wp\/v2\/categories?post=6419"},{"taxonomy":"post_tag","embeddable":true,"href":"https:\/\/www.naturparkmagazin.de\/stechlin\/wp-json\/wp\/v2\/tags?post=6419"}],"curies":[{"name":"wp","href":"https:\/\/api.w.org\/{rel}","templated":true}]}}