{"id":6426,"date":"2017-11-15T07:40:09","date_gmt":"2017-11-15T06:40:09","guid":{"rendered":"http:\/\/www.naturparkmagazin.de\/stechlin\/?p=6426"},"modified":"2017-11-14T08:10:18","modified_gmt":"2017-11-14T07:10:18","slug":"ausstellung-geronsee-in-der-regionalwerkstatt-stechlin-eroeffnet","status":"publish","type":"post","link":"https:\/\/www.naturparkmagazin.de\/stechlin\/ausstellung-geronsee-in-der-regionalwerkstatt-stechlin-eroeffnet\/","title":{"rendered":"Ausstellung Geronsee in der Regionalwerkstatt Stechlin er\u00f6ffnet"},"content":{"rendered":"<div id=\"attachment_6429\" style=\"width: 310px\" class=\"wp-caption aligncenter\"><a href=\"https:\/\/www.naturparkmagazin.de\/stechlin\/wp-content\/uploads\/sites\/38\/Geronsee2_0012.jpg\"><img aria-describedby=\"caption-attachment-6429\" decoding=\"async\" loading=\"lazy\" class=\"size-thumbnail wp-image-6429\" src=\"https:\/\/www.naturparkmagazin.de\/stechlin\/wp-content\/uploads\/sites\/38\/Geronsee2_0012-300x180.jpg\" alt=\"Schulleiter Reinhard Witzlau im Gespr\u00e4ch mit einem Besucher.\" width=\"300\" height=\"180\" srcset=\"https:\/\/www.naturparkmagazin.de\/stechlin\/wp-content\/uploads\/sites\/38\/Geronsee2_0012-300x180.jpg 300w, https:\/\/www.naturparkmagazin.de\/stechlin\/wp-content\/uploads\/sites\/38\/Geronsee2_0012.jpg 500w, https:\/\/www.naturparkmagazin.de\/stechlin\/wp-content\/uploads\/sites\/38\/Geronsee2_0012-200x120.jpg 200w\" sizes=\"(max-width: 300px) 100vw, 300px\" \/><\/a><p id=\"caption-attachment-6429\" class=\"wp-caption-text\">Schulleiter Reinhard Witzlau im Gespr\u00e4ch mit einem Besucher.<\/p><\/div>\n<p>Der Geronsee nahe Gransee hat eine bewegte Geschichte. Einst konnten die Granseer hier baden, sich ganz der Erholung hingeben. Als Ausflugsort f\u00fcr einen stimmungsvollen Spaziergang lohnt der Geronsee, der inzwischen im Naturschutzgebiet liegt und zwischenzeitlich verlandet war, immer noch. In Zusammenarbeit mit dem F\u00f6rderverein der Werner-von-Siemens-Schule und dem Grafiker Marc Berger ist eine Ausstellung mit dem Titel &#8222;Rund um den geronsee&#8220; entstanden. Die Tafeln liefern Wissenswertes \u00fcber die Geschichte und Gegenwart des Geron- oder auch Gransees.<\/p>\n<div id=\"attachment_6430\" style=\"width: 310px\" class=\"wp-caption aligncenter\"><a href=\"https:\/\/www.naturparkmagazin.de\/stechlin\/wp-content\/uploads\/sites\/38\/Geronsee3_0018.jpg\"><img aria-describedby=\"caption-attachment-6430\" decoding=\"async\" loading=\"lazy\" class=\"size-thumbnail wp-image-6430\" src=\"https:\/\/www.naturparkmagazin.de\/stechlin\/wp-content\/uploads\/sites\/38\/Geronsee3_0018-300x180.jpg\" alt=\"Die historischen Dokumente regten die Diskussion an.\" width=\"300\" height=\"180\" srcset=\"https:\/\/www.naturparkmagazin.de\/stechlin\/wp-content\/uploads\/sites\/38\/Geronsee3_0018-300x180.jpg 300w, https:\/\/www.naturparkmagazin.de\/stechlin\/wp-content\/uploads\/sites\/38\/Geronsee3_0018.jpg 500w, https:\/\/www.naturparkmagazin.de\/stechlin\/wp-content\/uploads\/sites\/38\/Geronsee3_0018-200x120.jpg 200w\" sizes=\"(max-width: 300px) 100vw, 300px\" \/><\/a><p id=\"caption-attachment-6430\" class=\"wp-caption-text\">Die historischen Dokumente regten die Diskussion an.<\/p><\/div>\n<p>Neben beeindruckenden alten und neuen Aufnahmen vom See und der Umgebung zeigt die Ausstellung erstmals auch historische Dokumente. Dabei geht es unter anderem um die damalige Badeanstalt, die Nutzung des Sees durch Angler und Fischer, aber auch um die Verschmutzung und zunehmende Verlandung des Gew\u00e4ssers. Auch wenn der Wunsch vieler Granseer, den See wieder als Badesee nutzen zu k\u00f6nnen, wohl nicht erf\u00fcllt werden kann, hoffen die Ausstellungsmacher dennoch, den See so wieder mehr in den Fokus der B\u00fcrger zu r\u00fccken.<\/p>\n<div id=\"attachment_6428\" style=\"width: 310px\" class=\"wp-caption aligncenter\"><a href=\"https:\/\/www.naturparkmagazin.de\/stechlin\/wp-content\/uploads\/sites\/38\/Geronsee1_0002.jpg\"><img aria-describedby=\"caption-attachment-6428\" decoding=\"async\" loading=\"lazy\" class=\"size-thumbnail wp-image-6428\" src=\"https:\/\/www.naturparkmagazin.de\/stechlin\/wp-content\/uploads\/sites\/38\/Geronsee1_0002-300x180.jpg\" alt=\"Der Kalender fand gro\u00dfes Interesse.\" width=\"300\" height=\"180\" srcset=\"https:\/\/www.naturparkmagazin.de\/stechlin\/wp-content\/uploads\/sites\/38\/Geronsee1_0002-300x180.jpg 300w, https:\/\/www.naturparkmagazin.de\/stechlin\/wp-content\/uploads\/sites\/38\/Geronsee1_0002.jpg 500w, https:\/\/www.naturparkmagazin.de\/stechlin\/wp-content\/uploads\/sites\/38\/Geronsee1_0002-200x120.jpg 200w\" sizes=\"(max-width: 300px) 100vw, 300px\" \/><\/a><p id=\"caption-attachment-6428\" class=\"wp-caption-text\">Der Kalender fand gro\u00dfes Interesse.<\/p><\/div>\n<p>Die Ausstellung ist noch bis zum 10. Januar 2018 ge\u00f6ffnet.<\/p>\n<p>Der Eintritt ist frei!<\/p>\n<p>Besucher melden sich bitte im gegen\u00fcberliegenden NaturParkHaus Stechlin.<\/p>\n","protected":false},"excerpt":{"rendered":"<p>Der Geronsee nahe Gransee hat eine bewegte Geschichte. Einst konnten die Granseer hier baden, sich ganz der Erholung hingeben.<\/p>\n","protected":false},"author":39,"featured_media":6427,"comment_status":"open","ping_status":"open","sticky":false,"template":"","format":"standard","meta":[],"categories":[7],"tags":[],"yoast_head":"<!-- This site is optimized with the Yoast SEO plugin v19.10 - https:\/\/yoast.com\/wordpress\/plugins\/seo\/ -->\n<title>Ausstellung Geronsee in der Regionalwerkstatt Stechlin er\u00f6ffnet - Naturpark Stechlin-Ruppiner Land<\/title>\n<meta name=\"robots\" content=\"index, follow, max-snippet:-1, max-image-preview:large, max-video-preview:-1\" \/>\n<link rel=\"canonical\" href=\"https:\/\/www.naturparkmagazin.de\/stechlin\/ausstellung-geronsee-in-der-regionalwerkstatt-stechlin-eroeffnet\/\" \/>\n<meta property=\"og:locale\" content=\"de_DE\" \/>\n<meta property=\"og:type\" content=\"article\" \/>\n<meta property=\"og:title\" content=\"Ausstellung Geronsee in der Regionalwerkstatt Stechlin er\u00f6ffnet - Naturpark Stechlin-Ruppiner Land\" \/>\n<meta property=\"og:description\" content=\"Der Geronsee nahe Gransee hat eine bewegte Geschichte. Einst konnten die Granseer hier baden, sich ganz der Erholung hingeben.\" \/>\n<meta property=\"og:url\" content=\"https:\/\/www.naturparkmagazin.de\/stechlin\/ausstellung-geronsee-in-der-regionalwerkstatt-stechlin-eroeffnet\/\" \/>\n<meta property=\"og:site_name\" content=\"Naturpark Stechlin-Ruppiner Land\" \/>\n<meta property=\"article:published_time\" content=\"2017-11-15T06:40:09+00:00\" \/>\n<meta property=\"article:modified_time\" content=\"2017-11-14T07:10:18+00:00\" \/>\n<meta property=\"og:image\" content=\"https:\/\/www.naturparkmagazin.de\/stechlin\/wp-content\/uploads\/sites\/38\/ausstellung-geronsee-200-200-11.jpg\" \/>\n\t<meta property=\"og:image:width\" content=\"200\" \/>\n\t<meta property=\"og:image:height\" content=\"200\" \/>\n\t<meta property=\"og:image:type\" content=\"image\/jpeg\" \/>\n<meta name=\"author\" content=\"marioschrumpf\" \/>\n<meta name=\"twitter:label1\" content=\"Verfasst von\" \/>\n\t<meta name=\"twitter:data1\" content=\"marioschrumpf\" \/>\n\t<meta name=\"twitter:label2\" content=\"Gesch\u00e4tzte Lesezeit\" \/>\n\t<meta name=\"twitter:data2\" content=\"1\u00a0Minute\" \/>\n<script type=\"application\/ld+json\" class=\"yoast-schema-graph\">{\"@context\":\"https:\/\/schema.org\",\"@graph\":[{\"@type\":\"WebPage\",\"@id\":\"https:\/\/www.naturparkmagazin.de\/stechlin\/ausstellung-geronsee-in-der-regionalwerkstatt-stechlin-eroeffnet\/\",\"url\":\"https:\/\/www.naturparkmagazin.de\/stechlin\/ausstellung-geronsee-in-der-regionalwerkstatt-stechlin-eroeffnet\/\",\"name\":\"Ausstellung Geronsee in der Regionalwerkstatt Stechlin er\u00f6ffnet - Naturpark Stechlin-Ruppiner Land\",\"isPartOf\":{\"@id\":\"https:\/\/www.naturparkmagazin.de\/stechlin\/#website\"},\"datePublished\":\"2017-11-15T06:40:09+00:00\",\"dateModified\":\"2017-11-14T07:10:18+00:00\",\"author\":{\"@id\":\"https:\/\/www.naturparkmagazin.de\/stechlin\/#\/schema\/person\/3f0d93203df21c806dd63c76d9bb28bc\"},\"breadcrumb\":{\"@id\":\"https:\/\/www.naturparkmagazin.de\/stechlin\/ausstellung-geronsee-in-der-regionalwerkstatt-stechlin-eroeffnet\/#breadcrumb\"},\"inLanguage\":\"de\",\"potentialAction\":[{\"@type\":\"ReadAction\",\"target\":[\"https:\/\/www.naturparkmagazin.de\/stechlin\/ausstellung-geronsee-in-der-regionalwerkstatt-stechlin-eroeffnet\/\"]}]},{\"@type\":\"BreadcrumbList\",\"@id\":\"https:\/\/www.naturparkmagazin.de\/stechlin\/ausstellung-geronsee-in-der-regionalwerkstatt-stechlin-eroeffnet\/#breadcrumb\",\"itemListElement\":[{\"@type\":\"ListItem\",\"position\":1,\"name\":\"Home\",\"item\":\"https:\/\/www.naturparkmagazin.de\/stechlin\/\"},{\"@type\":\"ListItem\",\"position\":2,\"name\":\"Ausstellung Geronsee in der Regionalwerkstatt Stechlin er\u00f6ffnet\"}]},{\"@type\":\"WebSite\",\"@id\":\"https:\/\/www.naturparkmagazin.de\/stechlin\/#website\",\"url\":\"https:\/\/www.naturparkmagazin.de\/stechlin\/\",\"name\":\"Naturpark Stechlin-Ruppiner Land\",\"description\":\"\",\"potentialAction\":[{\"@type\":\"SearchAction\",\"target\":{\"@type\":\"EntryPoint\",\"urlTemplate\":\"https:\/\/www.naturparkmagazin.de\/stechlin\/?s={search_term_string}\"},\"query-input\":\"required name=search_term_string\"}],\"inLanguage\":\"de\"},{\"@type\":\"Person\",\"@id\":\"https:\/\/www.naturparkmagazin.de\/stechlin\/#\/schema\/person\/3f0d93203df21c806dd63c76d9bb28bc\",\"name\":\"marioschrumpf\",\"url\":\"https:\/\/www.naturparkmagazin.de\/stechlin\/author\/marioschrumpf\/\"}]}<\/script>\n<!-- \/ Yoast SEO plugin. -->","yoast_head_json":{"title":"Ausstellung Geronsee in der Regionalwerkstatt Stechlin er\u00f6ffnet - Naturpark Stechlin-Ruppiner Land","robots":{"index":"index","follow":"follow","max-snippet":"max-snippet:-1","max-image-preview":"max-image-preview:large","max-video-preview":"max-video-preview:-1"},"canonical":"https:\/\/www.naturparkmagazin.de\/stechlin\/ausstellung-geronsee-in-der-regionalwerkstatt-stechlin-eroeffnet\/","og_locale":"de_DE","og_type":"article","og_title":"Ausstellung Geronsee in der Regionalwerkstatt Stechlin er\u00f6ffnet - Naturpark Stechlin-Ruppiner Land","og_description":"Der Geronsee nahe Gransee hat eine bewegte Geschichte. Einst konnten die Granseer hier baden, sich ganz der Erholung hingeben.","og_url":"https:\/\/www.naturparkmagazin.de\/stechlin\/ausstellung-geronsee-in-der-regionalwerkstatt-stechlin-eroeffnet\/","og_site_name":"Naturpark Stechlin-Ruppiner Land","article_published_time":"2017-11-15T06:40:09+00:00","article_modified_time":"2017-11-14T07:10:18+00:00","og_image":[{"width":200,"height":200,"url":"https:\/\/www.naturparkmagazin.de\/stechlin\/wp-content\/uploads\/sites\/38\/ausstellung-geronsee-200-200-11.jpg","type":"image\/jpeg"}],"author":"marioschrumpf","twitter_misc":{"Verfasst von":"marioschrumpf","Gesch\u00e4tzte Lesezeit":"1\u00a0Minute"},"schema":{"@context":"https:\/\/schema.org","@graph":[{"@type":"WebPage","@id":"https:\/\/www.naturparkmagazin.de\/stechlin\/ausstellung-geronsee-in-der-regionalwerkstatt-stechlin-eroeffnet\/","url":"https:\/\/www.naturparkmagazin.de\/stechlin\/ausstellung-geronsee-in-der-regionalwerkstatt-stechlin-eroeffnet\/","name":"Ausstellung Geronsee in der Regionalwerkstatt Stechlin er\u00f6ffnet - Naturpark Stechlin-Ruppiner Land","isPartOf":{"@id":"https:\/\/www.naturparkmagazin.de\/stechlin\/#website"},"datePublished":"2017-11-15T06:40:09+00:00","dateModified":"2017-11-14T07:10:18+00:00","author":{"@id":"https:\/\/www.naturparkmagazin.de\/stechlin\/#\/schema\/person\/3f0d93203df21c806dd63c76d9bb28bc"},"breadcrumb":{"@id":"https:\/\/www.naturparkmagazin.de\/stechlin\/ausstellung-geronsee-in-der-regionalwerkstatt-stechlin-eroeffnet\/#breadcrumb"},"inLanguage":"de","potentialAction":[{"@type":"ReadAction","target":["https:\/\/www.naturparkmagazin.de\/stechlin\/ausstellung-geronsee-in-der-regionalwerkstatt-stechlin-eroeffnet\/"]}]},{"@type":"BreadcrumbList","@id":"https:\/\/www.naturparkmagazin.de\/stechlin\/ausstellung-geronsee-in-der-regionalwerkstatt-stechlin-eroeffnet\/#breadcrumb","itemListElement":[{"@type":"ListItem","position":1,"name":"Home","item":"https:\/\/www.naturparkmagazin.de\/stechlin\/"},{"@type":"ListItem","position":2,"name":"Ausstellung Geronsee in der Regionalwerkstatt Stechlin er\u00f6ffnet"}]},{"@type":"WebSite","@id":"https:\/\/www.naturparkmagazin.de\/stechlin\/#website","url":"https:\/\/www.naturparkmagazin.de\/stechlin\/","name":"Naturpark Stechlin-Ruppiner Land","description":"","potentialAction":[{"@type":"SearchAction","target":{"@type":"EntryPoint","urlTemplate":"https:\/\/www.naturparkmagazin.de\/stechlin\/?s={search_term_string}"},"query-input":"required name=search_term_string"}],"inLanguage":"de"},{"@type":"Person","@id":"https:\/\/www.naturparkmagazin.de\/stechlin\/#\/schema\/person\/3f0d93203df21c806dd63c76d9bb28bc","name":"marioschrumpf","url":"https:\/\/www.naturparkmagazin.de\/stechlin\/author\/marioschrumpf\/"}]}},"_links":{"self":[{"href":"https:\/\/www.naturparkmagazin.de\/stechlin\/wp-json\/wp\/v2\/posts\/6426"}],"collection":[{"href":"https:\/\/www.naturparkmagazin.de\/stechlin\/wp-json\/wp\/v2\/posts"}],"about":[{"href":"https:\/\/www.naturparkmagazin.de\/stechlin\/wp-json\/wp\/v2\/types\/post"}],"author":[{"embeddable":true,"href":"https:\/\/www.naturparkmagazin.de\/stechlin\/wp-json\/wp\/v2\/users\/39"}],"replies":[{"embeddable":true,"href":"https:\/\/www.naturparkmagazin.de\/stechlin\/wp-json\/wp\/v2\/comments?post=6426"}],"version-history":[{"count":1,"href":"https:\/\/www.naturparkmagazin.de\/stechlin\/wp-json\/wp\/v2\/posts\/6426\/revisions"}],"predecessor-version":[{"id":6431,"href":"https:\/\/www.naturparkmagazin.de\/stechlin\/wp-json\/wp\/v2\/posts\/6426\/revisions\/6431"}],"wp:featuredmedia":[{"embeddable":true,"href":"https:\/\/www.naturparkmagazin.de\/stechlin\/wp-json\/wp\/v2\/media\/6427"}],"wp:attachment":[{"href":"https:\/\/www.naturparkmagazin.de\/stechlin\/wp-json\/wp\/v2\/media?parent=6426"}],"wp:term":[{"taxonomy":"category","embeddable":true,"href":"https:\/\/www.naturparkmagazin.de\/stechlin\/wp-json\/wp\/v2\/categories?post=6426"},{"taxonomy":"post_tag","embeddable":true,"href":"https:\/\/www.naturparkmagazin.de\/stechlin\/wp-json\/wp\/v2\/tags?post=6426"}],"curies":[{"name":"wp","href":"https:\/\/api.w.org\/{rel}","templated":true}]}}