{"id":6448,"date":"2019-05-16T09:07:09","date_gmt":"2019-05-16T07:07:09","guid":{"rendered":"http:\/\/www.naturparkmagazin.de\/stechlin\/?p=6448"},"modified":"2019-06-17T11:39:24","modified_gmt":"2019-06-17T09:39:24","slug":"fitness-beim-land-und-leute-kennen-lernen","status":"publish","type":"post","link":"https:\/\/www.naturparkmagazin.de\/stechlin\/fitness-beim-land-und-leute-kennen-lernen\/","title":{"rendered":"Mitsommer auf der Heide"},"content":{"rendered":"<p><a href=\"https:\/\/www.naturparkmagazin.de\/stechlin\/wp-content\/uploads\/sites\/38\/Unbenannt4.png\"><img decoding=\"async\" loading=\"lazy\" class=\" size-full wp-image-6359 aligncenter\" src=\"https:\/\/www.naturparkmagazin.de\/stechlin\/wp-content\/uploads\/sites\/38\/Unbenannt4.png\" alt=\"NP SRL\/Olaff Wolff\" width=\"178\" height=\"178\" srcset=\"https:\/\/www.naturparkmagazin.de\/stechlin\/wp-content\/uploads\/sites\/38\/Unbenannt4.png 178w, https:\/\/www.naturparkmagazin.de\/stechlin\/wp-content\/uploads\/sites\/38\/Unbenannt4-30x30.png 30w\" sizes=\"(max-width: 178px) 100vw, 178px\" \/><\/a><\/p>\n<p align=\"LEFT\"><strong>Mitsommer auf der Heide &#8211; gef\u00fchrte Nordic-Walking<\/strong><\/p>\n<p>Fitness beim \u201e<em>Land und Leute kennen lernen<\/em>\u201c<\/p>\n<p>Im Norden Brandenburgs, zwischen den historischen St\u00e4dten F\u00fcrstenberg\/Havel, Zehdenick, Lindow, Neuruppin und Wittstock finden Nordic Walker ein deutschlandweit einmaliges Angebot vor \u2013 eine Kombination aus sportlichen M\u00f6glichkeiten und reizvoller Landschaft. Ob im Naturpark Stechlin-Ruppiner Land mit seinen Buchenw\u00e4ldern und Klarwasserseen (www.stechlin-ruppiner-land-naturpark.de), in der Kyritz-Ruppiner Heide als eine der gr\u00f6\u00dften zusammenh\u00e4ngenden Heidelandschaft Europas (www.kyritz-ruppiner-heide.de) oder auf dem \u00fcber 534 Kilometer umfassenden bundesweiten einzigartigen Streckennetz des Laufparks Stechlin (www.laufpark-stechlin.de), &#8211; mit einer gef\u00fchrten Nordic Walking Tour erleben Sie die wundersch\u00f6nen Landschaften und betreiben dabei Sport \u2013 eine gewinnbringende Kombination!<\/p>\n<p>W\u00e4hrend unserer ca. 2 &#8211; 3 st\u00fcndigen Tour zeige ich Ihnen lokale Sehensw\u00fcrdigkeiten und erz\u00e4hle Ihnen Wissenswertes aus der Region sowie ihrer Historie, und geben Ihnen sehr gern Tipps und Hilfestellung zur Optimierung Ihrer pers\u00f6nlichen Nordic Walking Technik. Wir haben ausreichend Zeit f\u00fcr Verschnaufpausen und zum Fotografieren, gern k\u00f6nnen wir auch eine Rast machen, schlie\u00dflich m\u00f6chten wir die Natur und die herrliche Landschaft genie\u00dfen. Nach diesem gef\u00fchrten Lauf haben Sie etwas f\u00fcr Ihre Gesundheit getan und Interessantes erfahren!<\/p>\n<p>Sie brauchen sich um nichts als Ihre Sportkleidung zu k\u00fcmmern. Bitte wetterangepasste Kleidung tragen und ausreichend Trinkfl\u00fcssigkeit mitbringen. Die Nordic Walking St\u00f6cke k\u00f6nnen bei mir ausgeliehen werden.<\/p>\n<p>Das Motto meiner Touren: Landschaftlich reizvoll \u2013 Sportlich angenehm!<\/p>\n<p>&nbsp;<\/p>\n<div id=\"attachment_6107\" style=\"width: 190px\" class=\"wp-caption aligncenter\"><a href=\"https:\/\/www.naturparkmagazin.de\/stechlin\/wp-content\/uploads\/sites\/38\/Olaf-Wolff_Fitnes-StudioL.jpg\"><img aria-describedby=\"caption-attachment-6107\" decoding=\"async\" loading=\"lazy\" class=\"size-full wp-image-6107\" src=\"https:\/\/www.naturparkmagazin.de\/stechlin\/wp-content\/uploads\/sites\/38\/Olaf-Wolff_Fitnes-StudioL.jpg\" alt=\"Nordic Walking\" width=\"180\" height=\"250\" \/><\/a><p id=\"caption-attachment-6107\" class=\"wp-caption-text\">Nordic Walking<\/p><\/div>\n<p><strong>Termin:<\/strong>\u00a0Freitag, 21. Juni, 18:30 Uhr<\/p>\n<p><strong>Treffpunkt:<\/strong> Parkplatz Pfalzheim<\/p>\n<p>\u00c4nderungen vorbehalten!<\/p>\n<p>Infos unter:<\/p>\n<p><span style=\"font-size: medium\"><a href=\"http:\/\/www.fitness-studio-natur.de\">www.fitness-studio-natur.de <\/a><\/span><\/p>\n<p><a href=\"mailto:info@fitness-studio-natur.de\">info@fitness-studio-natur.de<\/a><\/p>\n<p>&nbsp;<\/p>\n<p><strong>Kosten:\u00a020<\/strong> \u20ac ab 7 Personen<\/p>\n<p><strong>Voranmeldungen notwendig! Tel.: 03391\/512672<\/strong><\/p>\n<p><span style=\"font-family: Calibri,Bold;font-size: medium\"><span style=\"font-family: Calibri,Bold;font-size: medium\">\u00a0<\/span><\/span><\/p>\n<p>&nbsp;<\/p>\n","protected":false},"excerpt":{"rendered":"<p>Auf zum Nordic-Walking mit Natur- und Landschaftsf\u00fchrer Olaf Wolff in die Kyritz-Ruppiner Heide am l\u00e4ngsten Tag des Jahres.<\/p>\n","protected":false},"author":39,"featured_media":4772,"comment_status":"open","ping_status":"open","sticky":false,"template":"","format":"standard","meta":[],"categories":[11],"tags":[],"yoast_head":"<!-- This site is optimized with the Yoast SEO plugin v19.10 - https:\/\/yoast.com\/wordpress\/plugins\/seo\/ -->\n<title>Mitsommer auf der Heide - Naturpark Stechlin-Ruppiner Land<\/title>\n<meta name=\"robots\" content=\"index, follow, max-snippet:-1, max-image-preview:large, max-video-preview:-1\" \/>\n<link rel=\"canonical\" href=\"https:\/\/www.naturparkmagazin.de\/stechlin\/fitness-beim-land-und-leute-kennen-lernen\/\" \/>\n<meta property=\"og:locale\" content=\"de_DE\" \/>\n<meta property=\"og:type\" content=\"article\" \/>\n<meta property=\"og:title\" content=\"Mitsommer auf der Heide - Naturpark Stechlin-Ruppiner Land\" \/>\n<meta property=\"og:description\" content=\"Auf zum Nordic-Walking mit Natur- und Landschaftsf\u00fchrer Olaf Wolff in die Kyritz-Ruppiner Heide am l\u00e4ngsten Tag des Jahres.\" \/>\n<meta property=\"og:url\" content=\"https:\/\/www.naturparkmagazin.de\/stechlin\/fitness-beim-land-und-leute-kennen-lernen\/\" \/>\n<meta property=\"og:site_name\" content=\"Naturpark Stechlin-Ruppiner Land\" \/>\n<meta property=\"article:published_time\" content=\"2019-05-16T07:07:09+00:00\" \/>\n<meta property=\"article:modified_time\" content=\"2019-06-17T09:39:24+00:00\" \/>\n<meta property=\"og:image\" content=\"https:\/\/www.naturparkmagazin.de\/stechlin\/wp-content\/uploads\/sites\/38\/Olaf-Wolff.jpg\" \/>\n\t<meta property=\"og:image:width\" content=\"200\" \/>\n\t<meta property=\"og:image:height\" content=\"200\" \/>\n\t<meta property=\"og:image:type\" content=\"image\/jpeg\" \/>\n<meta name=\"author\" content=\"marioschrumpf\" \/>\n<meta name=\"twitter:label1\" content=\"Verfasst von\" \/>\n\t<meta name=\"twitter:data1\" content=\"marioschrumpf\" \/>\n\t<meta name=\"twitter:label2\" content=\"Gesch\u00e4tzte Lesezeit\" \/>\n\t<meta name=\"twitter:data2\" content=\"1\u00a0Minute\" \/>\n<script type=\"application\/ld+json\" class=\"yoast-schema-graph\">{\"@context\":\"https:\/\/schema.org\",\"@graph\":[{\"@type\":\"WebPage\",\"@id\":\"https:\/\/www.naturparkmagazin.de\/stechlin\/fitness-beim-land-und-leute-kennen-lernen\/\",\"url\":\"https:\/\/www.naturparkmagazin.de\/stechlin\/fitness-beim-land-und-leute-kennen-lernen\/\",\"name\":\"Mitsommer auf der Heide - Naturpark Stechlin-Ruppiner Land\",\"isPartOf\":{\"@id\":\"https:\/\/www.naturparkmagazin.de\/stechlin\/#website\"},\"datePublished\":\"2019-05-16T07:07:09+00:00\",\"dateModified\":\"2019-06-17T09:39:24+00:00\",\"author\":{\"@id\":\"https:\/\/www.naturparkmagazin.de\/stechlin\/#\/schema\/person\/3f0d93203df21c806dd63c76d9bb28bc\"},\"breadcrumb\":{\"@id\":\"https:\/\/www.naturparkmagazin.de\/stechlin\/fitness-beim-land-und-leute-kennen-lernen\/#breadcrumb\"},\"inLanguage\":\"de\",\"potentialAction\":[{\"@type\":\"ReadAction\",\"target\":[\"https:\/\/www.naturparkmagazin.de\/stechlin\/fitness-beim-land-und-leute-kennen-lernen\/\"]}]},{\"@type\":\"BreadcrumbList\",\"@id\":\"https:\/\/www.naturparkmagazin.de\/stechlin\/fitness-beim-land-und-leute-kennen-lernen\/#breadcrumb\",\"itemListElement\":[{\"@type\":\"ListItem\",\"position\":1,\"name\":\"Home\",\"item\":\"https:\/\/www.naturparkmagazin.de\/stechlin\/\"},{\"@type\":\"ListItem\",\"position\":2,\"name\":\"Mitsommer auf der Heide\"}]},{\"@type\":\"WebSite\",\"@id\":\"https:\/\/www.naturparkmagazin.de\/stechlin\/#website\",\"url\":\"https:\/\/www.naturparkmagazin.de\/stechlin\/\",\"name\":\"Naturpark Stechlin-Ruppiner Land\",\"description\":\"\",\"potentialAction\":[{\"@type\":\"SearchAction\",\"target\":{\"@type\":\"EntryPoint\",\"urlTemplate\":\"https:\/\/www.naturparkmagazin.de\/stechlin\/?s={search_term_string}\"},\"query-input\":\"required name=search_term_string\"}],\"inLanguage\":\"de\"},{\"@type\":\"Person\",\"@id\":\"https:\/\/www.naturparkmagazin.de\/stechlin\/#\/schema\/person\/3f0d93203df21c806dd63c76d9bb28bc\",\"name\":\"marioschrumpf\",\"url\":\"https:\/\/www.naturparkmagazin.de\/stechlin\/author\/marioschrumpf\/\"}]}<\/script>\n<!-- \/ Yoast SEO plugin. -->","yoast_head_json":{"title":"Mitsommer auf der Heide - Naturpark Stechlin-Ruppiner Land","robots":{"index":"index","follow":"follow","max-snippet":"max-snippet:-1","max-image-preview":"max-image-preview:large","max-video-preview":"max-video-preview:-1"},"canonical":"https:\/\/www.naturparkmagazin.de\/stechlin\/fitness-beim-land-und-leute-kennen-lernen\/","og_locale":"de_DE","og_type":"article","og_title":"Mitsommer auf der Heide - Naturpark Stechlin-Ruppiner Land","og_description":"Auf zum Nordic-Walking mit Natur- und Landschaftsf\u00fchrer Olaf Wolff in die Kyritz-Ruppiner Heide am l\u00e4ngsten Tag des Jahres.","og_url":"https:\/\/www.naturparkmagazin.de\/stechlin\/fitness-beim-land-und-leute-kennen-lernen\/","og_site_name":"Naturpark Stechlin-Ruppiner Land","article_published_time":"2019-05-16T07:07:09+00:00","article_modified_time":"2019-06-17T09:39:24+00:00","og_image":[{"width":200,"height":200,"url":"https:\/\/www.naturparkmagazin.de\/stechlin\/wp-content\/uploads\/sites\/38\/Olaf-Wolff.jpg","type":"image\/jpeg"}],"author":"marioschrumpf","twitter_misc":{"Verfasst von":"marioschrumpf","Gesch\u00e4tzte Lesezeit":"1\u00a0Minute"},"schema":{"@context":"https:\/\/schema.org","@graph":[{"@type":"WebPage","@id":"https:\/\/www.naturparkmagazin.de\/stechlin\/fitness-beim-land-und-leute-kennen-lernen\/","url":"https:\/\/www.naturparkmagazin.de\/stechlin\/fitness-beim-land-und-leute-kennen-lernen\/","name":"Mitsommer auf der Heide - Naturpark Stechlin-Ruppiner Land","isPartOf":{"@id":"https:\/\/www.naturparkmagazin.de\/stechlin\/#website"},"datePublished":"2019-05-16T07:07:09+00:00","dateModified":"2019-06-17T09:39:24+00:00","author":{"@id":"https:\/\/www.naturparkmagazin.de\/stechlin\/#\/schema\/person\/3f0d93203df21c806dd63c76d9bb28bc"},"breadcrumb":{"@id":"https:\/\/www.naturparkmagazin.de\/stechlin\/fitness-beim-land-und-leute-kennen-lernen\/#breadcrumb"},"inLanguage":"de","potentialAction":[{"@type":"ReadAction","target":["https:\/\/www.naturparkmagazin.de\/stechlin\/fitness-beim-land-und-leute-kennen-lernen\/"]}]},{"@type":"BreadcrumbList","@id":"https:\/\/www.naturparkmagazin.de\/stechlin\/fitness-beim-land-und-leute-kennen-lernen\/#breadcrumb","itemListElement":[{"@type":"ListItem","position":1,"name":"Home","item":"https:\/\/www.naturparkmagazin.de\/stechlin\/"},{"@type":"ListItem","position":2,"name":"Mitsommer auf der Heide"}]},{"@type":"WebSite","@id":"https:\/\/www.naturparkmagazin.de\/stechlin\/#website","url":"https:\/\/www.naturparkmagazin.de\/stechlin\/","name":"Naturpark Stechlin-Ruppiner Land","description":"","potentialAction":[{"@type":"SearchAction","target":{"@type":"EntryPoint","urlTemplate":"https:\/\/www.naturparkmagazin.de\/stechlin\/?s={search_term_string}"},"query-input":"required name=search_term_string"}],"inLanguage":"de"},{"@type":"Person","@id":"https:\/\/www.naturparkmagazin.de\/stechlin\/#\/schema\/person\/3f0d93203df21c806dd63c76d9bb28bc","name":"marioschrumpf","url":"https:\/\/www.naturparkmagazin.de\/stechlin\/author\/marioschrumpf\/"}]}},"_links":{"self":[{"href":"https:\/\/www.naturparkmagazin.de\/stechlin\/wp-json\/wp\/v2\/posts\/6448"}],"collection":[{"href":"https:\/\/www.naturparkmagazin.de\/stechlin\/wp-json\/wp\/v2\/posts"}],"about":[{"href":"https:\/\/www.naturparkmagazin.de\/stechlin\/wp-json\/wp\/v2\/types\/post"}],"author":[{"embeddable":true,"href":"https:\/\/www.naturparkmagazin.de\/stechlin\/wp-json\/wp\/v2\/users\/39"}],"replies":[{"embeddable":true,"href":"https:\/\/www.naturparkmagazin.de\/stechlin\/wp-json\/wp\/v2\/comments?post=6448"}],"version-history":[{"count":17,"href":"https:\/\/www.naturparkmagazin.de\/stechlin\/wp-json\/wp\/v2\/posts\/6448\/revisions"}],"predecessor-version":[{"id":8500,"href":"https:\/\/www.naturparkmagazin.de\/stechlin\/wp-json\/wp\/v2\/posts\/6448\/revisions\/8500"}],"wp:featuredmedia":[{"embeddable":true,"href":"https:\/\/www.naturparkmagazin.de\/stechlin\/wp-json\/wp\/v2\/media\/4772"}],"wp:attachment":[{"href":"https:\/\/www.naturparkmagazin.de\/stechlin\/wp-json\/wp\/v2\/media?parent=6448"}],"wp:term":[{"taxonomy":"category","embeddable":true,"href":"https:\/\/www.naturparkmagazin.de\/stechlin\/wp-json\/wp\/v2\/categories?post=6448"},{"taxonomy":"post_tag","embeddable":true,"href":"https:\/\/www.naturparkmagazin.de\/stechlin\/wp-json\/wp\/v2\/tags?post=6448"}],"curies":[{"name":"wp","href":"https:\/\/api.w.org\/{rel}","templated":true}]}}