{"id":645,"date":"2019-01-15T09:32:03","date_gmt":"2019-01-15T08:32:03","guid":{"rendered":"http:\/\/www.naturparkmagazin.de\/stechlin\/?p=645"},"modified":"2019-01-29T16:42:10","modified_gmt":"2019-01-29T15:42:10","slug":"8-kleiner-naturschutztag-in-menz","status":"publish","type":"post","link":"https:\/\/www.naturparkmagazin.de\/stechlin\/8-kleiner-naturschutztag-in-menz\/","title":{"rendered":"13. Kleiner Naturschutztag in Menz"},"content":{"rendered":"<div id=\"attachment_7909\" style=\"width: 310px\" class=\"wp-caption aligncenter\"><a href=\"https:\/\/www.naturparkmagazin.de\/stechlin\/wp-content\/uploads\/sites\/38\/W\u00f6lfe_Kneifel_Franck_06.jpg\"><img aria-describedby=\"caption-attachment-7909\" decoding=\"async\" loading=\"lazy\" class=\"size-thumbnail wp-image-7909\" src=\"https:\/\/www.naturparkmagazin.de\/stechlin\/wp-content\/uploads\/sites\/38\/W\u00f6lfe_Kneifel_Franck_06-300x180.jpg\" alt=\"W\u00f6lfe (Foto: Anke Kneifel\/Robert Franck)\" width=\"300\" height=\"180\" srcset=\"https:\/\/www.naturparkmagazin.de\/stechlin\/wp-content\/uploads\/sites\/38\/W\u00f6lfe_Kneifel_Franck_06-300x180.jpg 300w, https:\/\/www.naturparkmagazin.de\/stechlin\/wp-content\/uploads\/sites\/38\/W\u00f6lfe_Kneifel_Franck_06.jpg 500w, https:\/\/www.naturparkmagazin.de\/stechlin\/wp-content\/uploads\/sites\/38\/W\u00f6lfe_Kneifel_Franck_06-200x120.jpg 200w\" sizes=\"(max-width: 300px) 100vw, 300px\" \/><\/a><p id=\"caption-attachment-7909\" class=\"wp-caption-text\">W\u00f6lfe (Foto: Anke Kneifel\/Robert Franck)<\/p><\/div>\n<p>Am <strong>21. Februar 2019<\/strong> l\u00e4dt die Naturparkverwaltung in die Regionalwerkstatt Stechlin\u00a0nach Menz zum <strong>13. Kleinen Naturschutztag<\/strong> ein. Im Rahmen der Jahrestagung des Naturparks werden Ergebnisse wissenschaftlicher Untersuchungen und ehrenamtlicher Kartierungen vorgestellt. Dar\u00fcber\u00a0 hinaus informieren der Naturpark und seine Partner \u00fcber geplante und realisierte Projekte.<\/p>\n<p>Anmeldungen bitte bis zum 15. Februar per e-mail (<a href=\"mailto:np-stechlin-ruppiner-land@lugv.brandenburg.de\">np-stechlin-ruppiner-land@lfu.brandenburg.de<\/a>) oder Fax (033082\/ 40715).<\/p>\n<p>Die Teilnahme ist kostenfrei!<\/p>\n<p>Folgendes Programm ist vorgesehen:<\/p>\n<p><strong>9.30 Uhr \u00a0\u00a0\u00a0\u00a0\u00a0\u00a0\u00a0\u00a0\u00a0\u00a0\u00a0\u00a0\u00a0\u00a0<\/strong><\/p>\n<p><strong>Begr\u00fc\u00dfung &#8211; Mario Schrumpf<\/strong>, Teamleiter Naturpark Stechlin-Ruppiner Land<\/p>\n<p><strong>9.40\u00a0 Uhr\u00a0\u00a0\u00a0\u00a0\u00a0\u00a0\u00a0\u00a0\u00a0\u00a0\u00a0\u00a0\u00a0\u00a0<\/strong><\/p>\n<p><strong> Wildnisdynamik im M\u00fcritz-Nationalpark<\/strong> \u2013Vegetationsentwicklung in der Wildruhezone am Ostufer\u00a0der M\u00fcritz, <strong>Sven Rannow<\/strong>,\u00a0 Nationalparkamt M\u00fcritz, Hohenzieritz<\/p>\n<p><strong>10.10 Uhr\u00a0\u00a0\u00a0\u00a0\u00a0\u00a0\u00a0\u00a0\u00a0\u00a0\u00a0\u00a0<\/strong><\/p>\n<p><strong>Gl\u00e4serner Forstbetrieb, Jeanette Blumr\u00f6der<\/strong>, Hochschule f\u00fcr nachhaltige Entwicklung, Eberswalde<\/p>\n<p><strong>10.40 Uhr\u00a0\u00a0\u00a0\u00a0\u00a0\u00a0\u00a0\u00a0\u00a0\u00a0\u00a0\u00a0 <\/strong><\/p>\n<p><strong>Kaffeepause<\/strong><\/p>\n<p><strong>11.10 Uhr\u00a0\u00a0\u00a0\u00a0\u00a0\u00a0\u00a0\u00a0\u00a0\u00a0\u00a0\u00a0<\/strong><\/p>\n<p><strong> Unkraut vergeht nicht, stimmt nicht!<\/strong> Ackerwildkr\u00e4uterprojekt im Naturpark Stechlin-Ruppiner Land, <strong>Frank Rumpe<\/strong>, Biohof Kepos Altglobsow<\/p>\n<p><strong>\u00a011.40 Uhr\u00a0\u00a0\u00a0\u00a0\u00a0\u00a0\u00a0\u00a0\u00a0\u00a0\u00a0\u00a0<\/strong><\/p>\n<p><strong> W\u00f6lfe im Naturpark, Robert Franck<\/strong>, Wolfsbeauftragter\u00a0 f\u00fcr die Landkreise Oberhavel und Ostprignitz-Ruppin, Rheinsberg<\/p>\n<p><strong>12.10 Uhr\u00a0\u00a0\u00a0\u00a0\u00a0\u00a0\u00a0\u00a0\u00a0\u00a0\u00a0\u00a0 <\/strong><\/p>\n<p><strong>Mittagspause<\/strong> \u2013 Kleiner Imbiss wird angeboten<\/p>\n<p><strong>13.10 Uhr \u00a0\u00a0\u00a0\u00a0\u00a0\u00a0\u00a0\u00a0\u00a0\u00a0\u00a0 <\/strong><\/p>\n<p><strong>eDNA<\/strong> &#8211; was man daraus f\u00fcr den Naturschutz lernen kann, <strong>Danny Ionescu<\/strong>, Leibniz-Instituts f\u00fcr Gew\u00e4sser\u00f6kologie und Binnenfischerei (IGB) im\u00a0Forschungsverbund Berlin e.V., Stechlin<\/p>\n<p><strong>13.40 Uhr\u00a0\u00a0\u00a0\u00a0\u00a0\u00a0\u00a0\u00a0\u00a0\u00a0\u00a0\u00a0<\/strong><\/p>\n<p><strong> Entnahme von Marmor- und Silberkarpfen<\/strong> aus dem Tortsee, <strong>Christian Wojatzek<\/strong>, ehrenamtlicher Fischer und\u00a0Fischereiaufseher\u00a0im Landesanglerverband, Bereich Wittstock\/Dosse<\/p>\n<p><strong>14.10 Uhr\u00a0\u00a0\u00a0\u00a0\u00a0\u00a0\u00a0\u00a0\u00a0\u00a0\u00a0\u00a0<\/strong><\/p>\n<p><strong> Nistkastenbasierte Untersuchungen<\/strong> zum Einfluss von Insektizidanwendungen und\u00a0 Kahlfra\u00dfereignissen auf Brutv\u00f6gel in Kiefernforsten, <strong>Martin\u00a0Sedlaczek<\/strong>, Landesbetrieb Forst Brandenburg, Eberswalde<\/p>\n<p><strong>14.40 Uhr\u00a0\u00a0\u00a0\u00a0\u00a0\u00a0\u00a0\u00a0\u00a0\u00a0\u00a0\u00a0 <\/strong><\/p>\n<p><strong>Tee- und Kaffeepause<\/strong><\/p>\n<p><strong>\u00a015.00 Uhr\u00a0\u00a0\u00a0\u00a0\u00a0\u00a0\u00a0\u00a0\u00a0\u00a0\u00a0\u00a0 <\/strong><\/p>\n<p><strong>Adler, Wanderfalke &amp; Co<\/strong>. &#8211; Ergebnisse von 30 Jahren Horstbetreuung, <strong>Henry Lange<\/strong>, ehrenamtlicher Horstbetreuer,\u00a0 Neuruppin<\/p>\n<p><strong>15.30 Uhr \u00a0\u00a0\u00a0\u00a0\u00a0\u00a0\u00a0\u00a0\u00a0\u00a0\u00a0<\/strong><\/p>\n<p><strong> \u00dcberbetriebliche Organisation der Greenigma\u00dfnahmen<\/strong> zur Entwicklung eines Biotopverbundes <strong>Jakob Richter<\/strong>, Landschaftspflegeverband Prignitz-Ruppiner Land e.V., Wittstock\/Dosse<\/p>\n<p><strong>16.00 Uhr\u00a0\u00a0\u00a0\u00a0\u00a0\u00a0\u00a0\u00a0\u00a0\u00a0\u00a0\u00a0 <\/strong><\/p>\n<p><strong>Res\u00fcmee und Ende<\/strong> der Veranstaltung<\/p>\n<p><a href=\"https:\/\/www.stechlin-ruppiner-land-naturpark.de\/fileadmin\/user_upload\/PDF\/Stechlin-Ruppin\/Aktuelles\/Einladung_LfU_Kleiner_Naturschutztag_2019_end.pdf\">Hier geht&#8217;s zum Programmflyer<\/a><\/p>\n<p><a href=\"https:\/\/www.stechlin-ruppiner-land-naturpark.de\/fileadmin\/user_upload\/PDF\/Stechlin-Ruppin\/Aktuelles\/Rueckmelde2019.pdf\">Hier geht&#8217;s zur R\u00fcckmeldung<\/a><\/p>\n<p>&nbsp;<\/p>\n<p>&nbsp;<\/p>\n","protected":false},"excerpt":{"rendered":"<p>Am 21. Februar 2019 l\u00e4dt die Naturparkverwaltung in die Regionalwerkstatt Stechlin nach Menz zum 13. Kleinen Naturschutztag ein. <\/p>\n","protected":false},"author":39,"featured_media":648,"comment_status":"open","ping_status":"open","sticky":false,"template":"","format":"standard","meta":[],"categories":[11],"tags":[],"yoast_head":"<!-- This site is optimized with the Yoast SEO plugin v19.10 - https:\/\/yoast.com\/wordpress\/plugins\/seo\/ -->\n<title>13. Kleiner Naturschutztag in Menz - Naturpark Stechlin-Ruppiner Land<\/title>\n<meta name=\"robots\" content=\"index, follow, max-snippet:-1, max-image-preview:large, max-video-preview:-1\" \/>\n<link rel=\"canonical\" href=\"https:\/\/www.naturparkmagazin.de\/stechlin\/8-kleiner-naturschutztag-in-menz\/\" \/>\n<meta property=\"og:locale\" content=\"de_DE\" \/>\n<meta property=\"og:type\" content=\"article\" \/>\n<meta property=\"og:title\" content=\"13. Kleiner Naturschutztag in Menz - Naturpark Stechlin-Ruppiner Land\" \/>\n<meta property=\"og:description\" content=\"Am 21. Februar 2019 l\u00e4dt die Naturparkverwaltung in die Regionalwerkstatt Stechlin nach Menz zum 13. Kleinen Naturschutztag ein.\" \/>\n<meta property=\"og:url\" content=\"https:\/\/www.naturparkmagazin.de\/stechlin\/8-kleiner-naturschutztag-in-menz\/\" \/>\n<meta property=\"og:site_name\" content=\"Naturpark Stechlin-Ruppiner Land\" \/>\n<meta property=\"article:published_time\" content=\"2019-01-15T08:32:03+00:00\" \/>\n<meta property=\"article:modified_time\" content=\"2019-01-29T15:42:10+00:00\" \/>\n<meta property=\"og:image\" content=\"https:\/\/www.naturparkmagazin.de\/stechlin\/wp-content\/uploads\/sites\/38\/k-Taucher.jpg\" \/>\n\t<meta property=\"og:image:width\" content=\"500\" \/>\n\t<meta property=\"og:image:height\" content=\"300\" \/>\n\t<meta property=\"og:image:type\" content=\"image\/jpeg\" \/>\n<meta name=\"author\" content=\"marioschrumpf\" \/>\n<meta name=\"twitter:label1\" content=\"Verfasst von\" \/>\n\t<meta name=\"twitter:data1\" content=\"marioschrumpf\" \/>\n\t<meta name=\"twitter:label2\" content=\"Gesch\u00e4tzte Lesezeit\" \/>\n\t<meta name=\"twitter:data2\" content=\"1\u00a0Minute\" \/>\n<script type=\"application\/ld+json\" class=\"yoast-schema-graph\">{\"@context\":\"https:\/\/schema.org\",\"@graph\":[{\"@type\":\"WebPage\",\"@id\":\"https:\/\/www.naturparkmagazin.de\/stechlin\/8-kleiner-naturschutztag-in-menz\/\",\"url\":\"https:\/\/www.naturparkmagazin.de\/stechlin\/8-kleiner-naturschutztag-in-menz\/\",\"name\":\"13. Kleiner Naturschutztag in Menz - Naturpark Stechlin-Ruppiner Land\",\"isPartOf\":{\"@id\":\"https:\/\/www.naturparkmagazin.de\/stechlin\/#website\"},\"datePublished\":\"2019-01-15T08:32:03+00:00\",\"dateModified\":\"2019-01-29T15:42:10+00:00\",\"author\":{\"@id\":\"https:\/\/www.naturparkmagazin.de\/stechlin\/#\/schema\/person\/3f0d93203df21c806dd63c76d9bb28bc\"},\"breadcrumb\":{\"@id\":\"https:\/\/www.naturparkmagazin.de\/stechlin\/8-kleiner-naturschutztag-in-menz\/#breadcrumb\"},\"inLanguage\":\"de\",\"potentialAction\":[{\"@type\":\"ReadAction\",\"target\":[\"https:\/\/www.naturparkmagazin.de\/stechlin\/8-kleiner-naturschutztag-in-menz\/\"]}]},{\"@type\":\"BreadcrumbList\",\"@id\":\"https:\/\/www.naturparkmagazin.de\/stechlin\/8-kleiner-naturschutztag-in-menz\/#breadcrumb\",\"itemListElement\":[{\"@type\":\"ListItem\",\"position\":1,\"name\":\"Home\",\"item\":\"https:\/\/www.naturparkmagazin.de\/stechlin\/\"},{\"@type\":\"ListItem\",\"position\":2,\"name\":\"13. Kleiner Naturschutztag in Menz\"}]},{\"@type\":\"WebSite\",\"@id\":\"https:\/\/www.naturparkmagazin.de\/stechlin\/#website\",\"url\":\"https:\/\/www.naturparkmagazin.de\/stechlin\/\",\"name\":\"Naturpark Stechlin-Ruppiner Land\",\"description\":\"\",\"potentialAction\":[{\"@type\":\"SearchAction\",\"target\":{\"@type\":\"EntryPoint\",\"urlTemplate\":\"https:\/\/www.naturparkmagazin.de\/stechlin\/?s={search_term_string}\"},\"query-input\":\"required name=search_term_string\"}],\"inLanguage\":\"de\"},{\"@type\":\"Person\",\"@id\":\"https:\/\/www.naturparkmagazin.de\/stechlin\/#\/schema\/person\/3f0d93203df21c806dd63c76d9bb28bc\",\"name\":\"marioschrumpf\",\"url\":\"https:\/\/www.naturparkmagazin.de\/stechlin\/author\/marioschrumpf\/\"}]}<\/script>\n<!-- \/ Yoast SEO plugin. -->","yoast_head_json":{"title":"13. Kleiner Naturschutztag in Menz - Naturpark Stechlin-Ruppiner Land","robots":{"index":"index","follow":"follow","max-snippet":"max-snippet:-1","max-image-preview":"max-image-preview:large","max-video-preview":"max-video-preview:-1"},"canonical":"https:\/\/www.naturparkmagazin.de\/stechlin\/8-kleiner-naturschutztag-in-menz\/","og_locale":"de_DE","og_type":"article","og_title":"13. Kleiner Naturschutztag in Menz - Naturpark Stechlin-Ruppiner Land","og_description":"Am 21. Februar 2019 l\u00e4dt die Naturparkverwaltung in die Regionalwerkstatt Stechlin nach Menz zum 13. Kleinen Naturschutztag ein.","og_url":"https:\/\/www.naturparkmagazin.de\/stechlin\/8-kleiner-naturschutztag-in-menz\/","og_site_name":"Naturpark Stechlin-Ruppiner Land","article_published_time":"2019-01-15T08:32:03+00:00","article_modified_time":"2019-01-29T15:42:10+00:00","og_image":[{"width":500,"height":300,"url":"https:\/\/www.naturparkmagazin.de\/stechlin\/wp-content\/uploads\/sites\/38\/k-Taucher.jpg","type":"image\/jpeg"}],"author":"marioschrumpf","twitter_misc":{"Verfasst von":"marioschrumpf","Gesch\u00e4tzte Lesezeit":"1\u00a0Minute"},"schema":{"@context":"https:\/\/schema.org","@graph":[{"@type":"WebPage","@id":"https:\/\/www.naturparkmagazin.de\/stechlin\/8-kleiner-naturschutztag-in-menz\/","url":"https:\/\/www.naturparkmagazin.de\/stechlin\/8-kleiner-naturschutztag-in-menz\/","name":"13. Kleiner Naturschutztag in Menz - Naturpark Stechlin-Ruppiner Land","isPartOf":{"@id":"https:\/\/www.naturparkmagazin.de\/stechlin\/#website"},"datePublished":"2019-01-15T08:32:03+00:00","dateModified":"2019-01-29T15:42:10+00:00","author":{"@id":"https:\/\/www.naturparkmagazin.de\/stechlin\/#\/schema\/person\/3f0d93203df21c806dd63c76d9bb28bc"},"breadcrumb":{"@id":"https:\/\/www.naturparkmagazin.de\/stechlin\/8-kleiner-naturschutztag-in-menz\/#breadcrumb"},"inLanguage":"de","potentialAction":[{"@type":"ReadAction","target":["https:\/\/www.naturparkmagazin.de\/stechlin\/8-kleiner-naturschutztag-in-menz\/"]}]},{"@type":"BreadcrumbList","@id":"https:\/\/www.naturparkmagazin.de\/stechlin\/8-kleiner-naturschutztag-in-menz\/#breadcrumb","itemListElement":[{"@type":"ListItem","position":1,"name":"Home","item":"https:\/\/www.naturparkmagazin.de\/stechlin\/"},{"@type":"ListItem","position":2,"name":"13. Kleiner Naturschutztag in Menz"}]},{"@type":"WebSite","@id":"https:\/\/www.naturparkmagazin.de\/stechlin\/#website","url":"https:\/\/www.naturparkmagazin.de\/stechlin\/","name":"Naturpark Stechlin-Ruppiner Land","description":"","potentialAction":[{"@type":"SearchAction","target":{"@type":"EntryPoint","urlTemplate":"https:\/\/www.naturparkmagazin.de\/stechlin\/?s={search_term_string}"},"query-input":"required name=search_term_string"}],"inLanguage":"de"},{"@type":"Person","@id":"https:\/\/www.naturparkmagazin.de\/stechlin\/#\/schema\/person\/3f0d93203df21c806dd63c76d9bb28bc","name":"marioschrumpf","url":"https:\/\/www.naturparkmagazin.de\/stechlin\/author\/marioschrumpf\/"}]}},"_links":{"self":[{"href":"https:\/\/www.naturparkmagazin.de\/stechlin\/wp-json\/wp\/v2\/posts\/645"}],"collection":[{"href":"https:\/\/www.naturparkmagazin.de\/stechlin\/wp-json\/wp\/v2\/posts"}],"about":[{"href":"https:\/\/www.naturparkmagazin.de\/stechlin\/wp-json\/wp\/v2\/types\/post"}],"author":[{"embeddable":true,"href":"https:\/\/www.naturparkmagazin.de\/stechlin\/wp-json\/wp\/v2\/users\/39"}],"replies":[{"embeddable":true,"href":"https:\/\/www.naturparkmagazin.de\/stechlin\/wp-json\/wp\/v2\/comments?post=645"}],"version-history":[{"count":12,"href":"https:\/\/www.naturparkmagazin.de\/stechlin\/wp-json\/wp\/v2\/posts\/645\/revisions"}],"predecessor-version":[{"id":7937,"href":"https:\/\/www.naturparkmagazin.de\/stechlin\/wp-json\/wp\/v2\/posts\/645\/revisions\/7937"}],"wp:featuredmedia":[{"embeddable":true,"href":"https:\/\/www.naturparkmagazin.de\/stechlin\/wp-json\/wp\/v2\/media\/648"}],"wp:attachment":[{"href":"https:\/\/www.naturparkmagazin.de\/stechlin\/wp-json\/wp\/v2\/media?parent=645"}],"wp:term":[{"taxonomy":"category","embeddable":true,"href":"https:\/\/www.naturparkmagazin.de\/stechlin\/wp-json\/wp\/v2\/categories?post=645"},{"taxonomy":"post_tag","embeddable":true,"href":"https:\/\/www.naturparkmagazin.de\/stechlin\/wp-json\/wp\/v2\/tags?post=645"}],"curies":[{"name":"wp","href":"https:\/\/api.w.org\/{rel}","templated":true}]}}