{"id":6455,"date":"2020-02-14T10:36:04","date_gmt":"2020-02-14T09:36:04","guid":{"rendered":"http:\/\/www.naturparkmagazin.de\/stechlin\/?p=6455"},"modified":"2020-02-07T10:14:53","modified_gmt":"2020-02-07T09:14:53","slug":"kino-in-der-alten-reederei-3","status":"publish","type":"post","link":"https:\/\/www.naturparkmagazin.de\/stechlin\/kino-in-der-alten-reederei-3\/","title":{"rendered":"Kino in der Alten Reederei"},"content":{"rendered":"<p><a href=\"https:\/\/www.naturparkmagazin.de\/stechlin\/wp-content\/uploads\/sites\/38\/FilmKlub_LOGO.jpg\"><img decoding=\"async\" loading=\"lazy\" class=\" size-thumbnail wp-image-6459 aligncenter\" src=\"https:\/\/www.naturparkmagazin.de\/stechlin\/wp-content\/uploads\/sites\/38\/FilmKlub_LOGO-300x212.jpg\" alt=\"NP SRL\/Michael Wittke\" width=\"300\" height=\"212\" srcset=\"https:\/\/www.naturparkmagazin.de\/stechlin\/wp-content\/uploads\/sites\/38\/FilmKlub_LOGO-300x212.jpg 300w, https:\/\/www.naturparkmagazin.de\/stechlin\/wp-content\/uploads\/sites\/38\/FilmKlub_LOGO-620x438.jpg 620w, https:\/\/www.naturparkmagazin.de\/stechlin\/wp-content\/uploads\/sites\/38\/FilmKlub_LOGO-940x665.jpg 940w, https:\/\/www.naturparkmagazin.de\/stechlin\/wp-content\/uploads\/sites\/38\/FilmKlub_LOGO-670x474.jpg 670w, https:\/\/www.naturparkmagazin.de\/stechlin\/wp-content\/uploads\/sites\/38\/FilmKlub_LOGO-200x141.jpg 200w, https:\/\/www.naturparkmagazin.de\/stechlin\/wp-content\/uploads\/sites\/38\/FilmKlub_LOGO.jpg 1123w\" sizes=\"(max-width: 300px) 100vw, 300px\" \/><\/a><\/p>\n<p><strong>Folgende Filme werden im M\u00e4rz gezeigt:<\/strong><\/p>\n<p><strong>1.3., 18.00 Uhr\u00a0\u00a0\u00a0\u00a0\u00a0\u00a0<\/strong><\/p>\n<p><strong>Frau Stern\u00a0\u00a0\u00a0\u00a0\u00a0\u00a0\u00a0\u00a0\u00a0\u00a0\u00a0\u00a0\u00a0\u00a0\u00a0\u00a0\u00a0\u00a0\u00a0\u00a0\u00a0\u00a0\u00a0\u00a0\u00a0\u00a0\u00a0\u00a0\u00a0\u00a0\u00a0\u00a0\u00a0\u00a0\u00a0\u00a0\u00a0\u00a0\u00a0\u00a0\u00a0\u00a0\u00a0\u00a0\u00a0\u00a0\u00a0\u00a0\u00a0\u00a0\u00a0\u00a0\u00a0\u00a0\u00a0\u00a0\u00a0\u00a0\u00a0\u00a0\u00a0\u00a0\u00a0\u00a0\u00a0\u00a0\u00a0\u00a0\u00a0\u00a0\u00a0\u00a0\u00a0\u00a0\u00a0\u00a0\u00a0\u00a0\u00a0\u00a0\u00a0\u00a0\u00a0\u00a0\u00a0\u00a0\u00a0\u00a0\u00a0\u00a0\u00a0\u00a0\u00a0\u00a0\u00a0\u00a0\u00a0\u00a0\u00a0\u00a0\u00a0\u00a0\u00a0\u00a0\u00a0\u00a0\u00a0\u00a0\u00a0\u00a0\u00a0\u00a0\u00a0\u00a0\u00a0\u00a0\u00a0\u00a0\u00a0\u00a0\u00a0\u00a0\u00a0\u00a0<\/strong><\/p>\n<p>Tragikom\u00f6die | Deutschland 2018 | 82 Min, Regie: Anatol Schuster<\/p>\n<p>Die 90-j\u00e4hrige, j\u00fcdische Frau Stern m\u00f6chte ihrem Leben ein Ende setzen, findet aber unter ihren zahlreichen Berliner Bekannten und Verwandten niemanden, der ihr helfen will oder kann. Als sie die Clique ihrer Enkeltochter kennenlernt, findet sie ganz selbstverst\u00e4ndlich Anschluss an die feierfreudigen jungen Menschen. Ein federleicht und lakonisch erz\u00e4hlter, lebensbejahender Film, der mit wunderbar trockenem Humor und\u00a0 einer grandiosen Laien-Hauptdarstellerin aufwartet, die Witz, Charisma und Chuzpe in die liebevolle Geschichte hineinbringt. Eine der sch\u00f6nsten \u00dcberraschungen, die der deutsche Film im letzten Jahr zu bieten hatte. (nach filmdienst, Programmkino)<\/p>\n<p><a href=\"https:\/\/www.filmposter-archiv.de\/filmplakat.php?id=3166\">https:\/\/www.filmposter-archiv.de\/filmplakat.php?id=3166<\/a><\/p>\n<p>&nbsp;<\/p>\n<p><strong>6.3., 20.00 Uhr\/ 8.3., 18.00 Uhr\u00a0\u00a0\u00a0\u00a0\u00a0\u00a0\u00a0\u00a0\u00a0\u00a0\u00a0\u00a0\u00a0\u00a0\u00a0\u00a0\u00a0\u00a0\u00a0\u00a0\u00a0\u00a0\u00a0\u00a0\u00a0\u00a0\u00a0\u00a0\u00a0\u00a0\u00a0\u00a0\u00a0\u00a0\u00a0\u00a0\u00a0\u00a0\u00a0\u00a0\u00a0\u00a0\u00a0\u00a0\u00a0\u00a0\u00a0\u00a0\u00a0\u00a0\u00a0\u00a0\u00a0\u00a0\u00a0\u00a0\u00a0\u00a0\u00a0\u00a0\u00a0\u00a0\u00a0\u00a0\u00a0\u00a0\u00a0\u00a0\u00a0\u00a0\u00a0\u00a0\u00a0\u00a0\u00a0\u00a0\u00a0\u00a0\u00a0\u00a0\u00a0\u00a0\u00a0\u00a0\u00a0\u00a0\u00a0\u00a0\u00a0\u00a0\u00a0\u00a0\u00a0\u00a0\u00a0\u00a0\u00a0\u00a0\u00a0\u00a0\u00a0\u00a0\u00a0\u00a0\u00a0\u00a0\u00a0\u00a0\u00a0\u00a0\u00a0\u00a0\u00a0\u00a0\u00a0\u00a0\u00a0\u00a0\u00a0\u00a0\u00a0\u00a0\u00a0\u00a0\u00a0\u00a0\u00a0\u00a0\u00a0\u00a0\u00a0\u00a0\u00a0\u00a0\u00a0\u00a0 <\/strong><\/p>\n<p><strong>Gloria &#8211; Das Leben wartet nicht<\/strong><\/p>\n<p>Kom\u00f6die | USA\/Chile 2018 | 102 Minuten, Regie: Sebasti\u00e1n Lelio<\/p>\n<p>Die geschiedene Gloria will ihrem eint\u00f6nigen Leben wieder Lust und Liebe abtrotzen. Der elegante Rodolfo w\u00e4re der ideale Kandidat f\u00fcr eine Romanze, doch der hei\u00dfe Liebhaber entpuppt sich als Waschlappen. Regisseur Lelio inszeniert hier das US-Remake seiner Frauenpower-Kom\u00f6die &#8222;Gloria&#8220;, die vor 8 Jahren auf der Berlinale begeisterte. Doch gewinnt dieses Remake durch die \u00fcberragende Julianne Moore eine erstaunlich eigenst\u00e4ndige Perspektive. Aus einer Vielzahl von Zwischent\u00f6nen erw\u00e4chst das Portr\u00e4t einer h\u00f6chst lebendigen, starken Frau, die aus der Tristess ihres Lebens ausbricht und mit der das Publikum schmunzelnd mitliebt und -leidet. (nach Programmkino, filmdienst)<\/p>\n<p><a href=\"https:\/\/www.filmposter-archiv.de\/filmplakat.php?id=31568\">https:\/\/www.filmposter-archiv.de\/filmplakat.php?id=31568<\/a><\/p>\n<p>&nbsp;<\/p>\n<p><strong>\u00a013.3., 20.00 Uhr\/ 15.3., 18.00 Uhr\u00a0 \u00a0\u00a0\u00a0\u00a0\u00a0\u00a0\u00a0\u00a0\u00a0\u00a0\u00a0\u00a0\u00a0\u00a0\u00a0\u00a0\u00a0\u00a0\u00a0\u00a0\u00a0\u00a0\u00a0\u00a0\u00a0\u00a0\u00a0\u00a0\u00a0\u00a0\u00a0\u00a0\u00a0\u00a0\u00a0\u00a0\u00a0\u00a0\u00a0\u00a0\u00a0\u00a0\u00a0\u00a0\u00a0\u00a0\u00a0\u00a0\u00a0\u00a0\u00a0\u00a0\u00a0\u00a0\u00a0\u00a0\u00a0\u00a0\u00a0\u00a0\u00a0\u00a0\u00a0\u00a0\u00a0\u00a0\u00a0\u00a0\u00a0\u00a0\u00a0\u00a0\u00a0\u00a0\u00a0\u00a0\u00a0\u00a0\u00a0\u00a0\u00a0\u00a0\u00a0\u00a0\u00a0\u00a0\u00a0\u00a0\u00a0\u00a0\u00a0\u00a0\u00a0\u00a0\u00a0\u00a0\u00a0\u00a0\u00a0\u00a0\u00a0\u00a0\u00a0\u00a0\u00a0\u00a0\u00a0\u00a0\u00a0\u00a0\u00a0\u00a0\u00a0\u00a0\u00a0\u00a0\u00a0\u00a0\u00a0\u00a0\u00a0\u00a0\u00a0\u00a0\u00a0\u00a0\u00a0\u00a0\u00a0\u00a0\u00a0<\/strong><\/p>\n<p><strong>Mein Leben mit Amanda<\/strong><\/p>\n<p>Drama | Frankreich 2018 | 107 Minuten, Regie: Mikha\u00ebl Hers<\/p>\n<p>Jenseits aller Klischees gelingt es Regisseur Mikhael Hers, ein schwieriges Thema mit gro\u00dfer Leichtigkeit zu behandeln. David, Mitte zwanzig, verliert seine Schwester auf brutale Weise. Er muss jetzt nicht nur mit seiner eigenen Trauer zurechtkommen, sondern k\u00fcmmert sich als n\u00e4chster Verwandter auch um seine siebenj\u00e4hrige Nichte Amanda. Als es aber um das Sorgerecht geht, f\u00fchlt er sich \u00fcberfordert. Auf keinen Fall jedoch m\u00f6chte er Amanda in ein Heim geben. Das warmherzige Drama beeindruckt nicht zuletzt durch das unverstellte Spiel und die kindliche Intelligenz der Darstellerin der kleinen Amanda. Ein anr\u00fchrendes, leises Kinojuwel. (nach Programmkino, filmdienst)<\/p>\n<p><a href=\"https:\/\/www.filmposter-archiv.de\/filmplakat.php?id=31321\">https:\/\/www.filmposter-archiv.de\/filmplakat.php?id=31321<\/a>\nFILMGESPR\u00c4CH mit der Regisseurin Nirit Ben-Joseph<\/p>\n<p>&nbsp;<\/p>\n<p><strong>Mi 18.3., 19.00 Uhr<\/strong><\/p>\n<p><strong>You Look So German<\/strong><\/p>\n<p>Dokumentarfilm | Deutschland 2017\/18 |\u00a0 55 Minuten,\u00a0Regie: Nirit Ben-Joseph<\/p>\n<p>Als israelische Reisef\u00fchrerin in Berlin begleitet Nirit Ben-Joseph die Besucher durch die dunkle Vergangenheit des Holocausts in Berlin. Im Glauben, dass ihre Familie nicht betroffen war, hat sie bei ihren F\u00fchrungen immer einen gewissen Abstand zu den Ereignissen w\u00e4hrend des 2. Weltkrieges. Zuf\u00e4llig begegnet sie in Berlin einer entfernten Cousine und erf\u00e4hrt, dass die gemeinsamen Familienangeh\u00f6rigen Kurt und Thekla Feuerring vor dem Krieg in der N\u00e4he ihres jetzigen Zuhauses lebten. Mit diesem Wissen beginnt ihre pers\u00f6nliche Reise in die Vergangenheit ihrer Familie. (York-Kinos)\n<strong>20.3., 20.00 Uhr\/ 22.3., 18.00 Uhr\u00a0\u00a0\u00a0\u00a0\u00a0\u00a0\u00a0\u00a0\u00a0\u00a0\u00a0\u00a0\u00a0\u00a0\u00a0\u00a0\u00a0\u00a0\u00a0\u00a0\u00a0\u00a0\u00a0\u00a0\u00a0\u00a0\u00a0\u00a0\u00a0\u00a0\u00a0\u00a0\u00a0\u00a0\u00a0\u00a0\u00a0\u00a0\u00a0\u00a0\u00a0\u00a0\u00a0\u00a0\u00a0\u00a0\u00a0\u00a0\u00a0\u00a0\u00a0\u00a0\u00a0\u00a0\u00a0\u00a0\u00a0\u00a0\u00a0\u00a0\u00a0\u00a0\u00a0\u00a0\u00a0\u00a0\u00a0\u00a0\u00a0\u00a0\u00a0\u00a0\u00a0\u00a0\u00a0\u00a0\u00a0\u00a0\u00a0\u00a0\u00a0\u00a0\u00a0\u00a0<\/strong><\/p>\n<p><strong>Parasite (2019)<\/strong><\/p>\n<p>Groteske | S\u00fcdkorea 2019 | 132 Minuten, Regie: Bong Joon-ho<\/p>\n<p>Der Sohn einer armen Familie ergaunert sich den Job eines Privatlehrers bei einer neureichen Familie und bringt nach und nach seine Angeh\u00f6rigen in der modernen Villa in Soul unter. Allerdings entpuppt sich der Gegensatz von Arm und Reich, Oben und Unten, Wirt und Parasit im Laufe der Handlung als mehrdeutig, bis ein sintflutartiger Wolkenschauer die Statik der Verh\u00e4ltnisse g\u00e4nzlich zum Einsturz bringt. Die elegante Groteske schraubt sich in immer absurdere H\u00f6hen, handelt im Kern aber von einer Gesellschaft, in der Gier und Ma\u00dflosigkeit das Verhalten bestimmen. Gewinner der Goldenen Palme 2019 in Cannes. (filmdienst)<\/p>\n<p><a href=\"https:\/\/www.filmposter-archiv.de\/filmplakat.php?id=31815\">https:\/\/www.filmposter-archiv.de\/filmplakat.php?id=31815<\/a><\/p>\n<p>&nbsp;<\/p>\n<p><strong>27.3., 20.00 Uhr\/ 29.3., 18.00 Uhr\u00a0\u00a0\u00a0\u00a0\u00a0\u00a0\u00a0\u00a0\u00a0\u00a0\u00a0\u00a0\u00a0\u00a0\u00a0\u00a0\u00a0\u00a0\u00a0\u00a0\u00a0\u00a0\u00a0\u00a0\u00a0\u00a0\u00a0\u00a0\u00a0\u00a0\u00a0\u00a0\u00a0\u00a0\u00a0\u00a0\u00a0\u00a0\u00a0\u00a0\u00a0\u00a0\u00a0\u00a0\u00a0\u00a0\u00a0\u00a0 \u00a0\u00a0\u00a0\u00a0\u00a0\u00a0\u00a0\u00a0\u00a0\u00a0\u00a0\u00a0\u00a0\u00a0\u00a0\u00a0\u00a0\u00a0\u00a0\u00a0\u00a0\u00a0\u00a0\u00a0\u00a0\u00a0\u00a0\u00a0\u00a0\u00a0\u00a0\u00a0\u00a0\u00a0\u00a0\u00a0\u00a0<\/strong><\/p>\n<p><strong>Die gr\u00fcne L\u00fcge<\/strong><\/p>\n<p>Dokumentarfilm | \u00d6sterreich 2017 | 93 Minuten, Regie: Werner Boote<\/p>\n<p>Der \u00f6sterreichische Filmemacher Werner Boote setzt seinen Diskurs \u00fcber den \u00f6kologischen Zustand der Erde mit einer Feldforschung zum Thema Nachhaltigkeit fort. Ins Visier geraten dabei insbesondere gr\u00fcne G\u00fctesiegel und falsche \u00d6ko- und Sozialversprechen multinationaler Unternehmen. Der &#8230; unterhaltsame und bisweilen auch zornige Film untersucht Beispiele aus der Palm\u00f6l-, Erd\u00f6l-, Kohle- oder Elektroauto-Industrie, befragt Aktivisten und Kapitalismuskritiker und belegt seine These von der Politik als Handlanger der Industrie. \u00dcber die Analyse hinaus fordert der Film die Zuschauer auf, den Erkenntnisgewinn zu nutzen, um zur Ver\u00e4nderung der Welt beizutragen. (filmdienst)<\/p>\n<p><a href=\"https:\/\/www.filmposter-archiv.de\/filmplakat.php?id=28955\">https:\/\/www.filmposter-archiv.de\/filmplakat.php?id=28955 <\/a><\/p>\n<p>Weitere Infos: <a href=\"http:\/\/www.altereederei.de\/kultur-geniessen\/kino-in-fuerstenberg\">www.altereederei.de\/kultur-geniessen\/kino-in-fuerstenberg<\/a><\/p>\n","protected":false},"excerpt":{"rendered":"<p>Der Verein Br\u00fcckenschlag e.V. l\u00e4dt im M\u00e4rz in die Alte Reederei in F\u00fcrstenberg\/Havel zu zahlreichen Kino-Veranstaltungen ein.<\/p>\n","protected":false},"author":39,"featured_media":4329,"comment_status":"open","ping_status":"open","sticky":false,"template":"","format":"standard","meta":[],"categories":[11],"tags":[],"yoast_head":"<!-- This site is optimized with the Yoast SEO plugin v19.10 - https:\/\/yoast.com\/wordpress\/plugins\/seo\/ -->\n<title>Kino in der Alten Reederei - Naturpark Stechlin-Ruppiner Land<\/title>\n<meta name=\"robots\" content=\"index, follow, max-snippet:-1, max-image-preview:large, max-video-preview:-1\" \/>\n<link rel=\"canonical\" href=\"https:\/\/www.naturparkmagazin.de\/stechlin\/kino-in-der-alten-reederei-3\/\" \/>\n<meta property=\"og:locale\" content=\"de_DE\" \/>\n<meta property=\"og:type\" content=\"article\" \/>\n<meta property=\"og:title\" content=\"Kino in der Alten Reederei - Naturpark Stechlin-Ruppiner Land\" \/>\n<meta property=\"og:description\" content=\"Der Verein Br\u00fcckenschlag e.V. l\u00e4dt im M\u00e4rz in die Alte Reederei in F\u00fcrstenberg\/Havel zu zahlreichen Kino-Veranstaltungen ein.\" \/>\n<meta property=\"og:url\" content=\"https:\/\/www.naturparkmagazin.de\/stechlin\/kino-in-der-alten-reederei-3\/\" \/>\n<meta property=\"og:site_name\" content=\"Naturpark Stechlin-Ruppiner Land\" \/>\n<meta property=\"article:published_time\" content=\"2020-02-14T09:36:04+00:00\" \/>\n<meta property=\"article:modified_time\" content=\"2020-02-07T09:14:53+00:00\" \/>\n<meta property=\"og:image\" content=\"https:\/\/www.naturparkmagazin.de\/stechlin\/wp-content\/uploads\/sites\/38\/alte-reederei_DSC_0011.jpg\" \/>\n\t<meta property=\"og:image:width\" content=\"200\" \/>\n\t<meta property=\"og:image:height\" content=\"200\" \/>\n\t<meta property=\"og:image:type\" content=\"image\/jpeg\" \/>\n<meta name=\"author\" content=\"marioschrumpf\" \/>\n<meta name=\"twitter:label1\" content=\"Verfasst von\" \/>\n\t<meta name=\"twitter:data1\" content=\"marioschrumpf\" \/>\n\t<meta name=\"twitter:label2\" content=\"Gesch\u00e4tzte Lesezeit\" \/>\n\t<meta name=\"twitter:data2\" content=\"4\u00a0Minuten\" \/>\n<script type=\"application\/ld+json\" class=\"yoast-schema-graph\">{\"@context\":\"https:\/\/schema.org\",\"@graph\":[{\"@type\":\"WebPage\",\"@id\":\"https:\/\/www.naturparkmagazin.de\/stechlin\/kino-in-der-alten-reederei-3\/\",\"url\":\"https:\/\/www.naturparkmagazin.de\/stechlin\/kino-in-der-alten-reederei-3\/\",\"name\":\"Kino in der Alten Reederei - Naturpark Stechlin-Ruppiner Land\",\"isPartOf\":{\"@id\":\"https:\/\/www.naturparkmagazin.de\/stechlin\/#website\"},\"datePublished\":\"2020-02-14T09:36:04+00:00\",\"dateModified\":\"2020-02-07T09:14:53+00:00\",\"author\":{\"@id\":\"https:\/\/www.naturparkmagazin.de\/stechlin\/#\/schema\/person\/3f0d93203df21c806dd63c76d9bb28bc\"},\"breadcrumb\":{\"@id\":\"https:\/\/www.naturparkmagazin.de\/stechlin\/kino-in-der-alten-reederei-3\/#breadcrumb\"},\"inLanguage\":\"de\",\"potentialAction\":[{\"@type\":\"ReadAction\",\"target\":[\"https:\/\/www.naturparkmagazin.de\/stechlin\/kino-in-der-alten-reederei-3\/\"]}]},{\"@type\":\"BreadcrumbList\",\"@id\":\"https:\/\/www.naturparkmagazin.de\/stechlin\/kino-in-der-alten-reederei-3\/#breadcrumb\",\"itemListElement\":[{\"@type\":\"ListItem\",\"position\":1,\"name\":\"Home\",\"item\":\"https:\/\/www.naturparkmagazin.de\/stechlin\/\"},{\"@type\":\"ListItem\",\"position\":2,\"name\":\"Kino in der Alten Reederei\"}]},{\"@type\":\"WebSite\",\"@id\":\"https:\/\/www.naturparkmagazin.de\/stechlin\/#website\",\"url\":\"https:\/\/www.naturparkmagazin.de\/stechlin\/\",\"name\":\"Naturpark Stechlin-Ruppiner Land\",\"description\":\"\",\"potentialAction\":[{\"@type\":\"SearchAction\",\"target\":{\"@type\":\"EntryPoint\",\"urlTemplate\":\"https:\/\/www.naturparkmagazin.de\/stechlin\/?s={search_term_string}\"},\"query-input\":\"required name=search_term_string\"}],\"inLanguage\":\"de\"},{\"@type\":\"Person\",\"@id\":\"https:\/\/www.naturparkmagazin.de\/stechlin\/#\/schema\/person\/3f0d93203df21c806dd63c76d9bb28bc\",\"name\":\"marioschrumpf\",\"url\":\"https:\/\/www.naturparkmagazin.de\/stechlin\/author\/marioschrumpf\/\"}]}<\/script>\n<!-- \/ Yoast SEO plugin. -->","yoast_head_json":{"title":"Kino in der Alten Reederei - Naturpark Stechlin-Ruppiner Land","robots":{"index":"index","follow":"follow","max-snippet":"max-snippet:-1","max-image-preview":"max-image-preview:large","max-video-preview":"max-video-preview:-1"},"canonical":"https:\/\/www.naturparkmagazin.de\/stechlin\/kino-in-der-alten-reederei-3\/","og_locale":"de_DE","og_type":"article","og_title":"Kino in der Alten Reederei - Naturpark Stechlin-Ruppiner Land","og_description":"Der Verein Br\u00fcckenschlag e.V. l\u00e4dt im M\u00e4rz in die Alte Reederei in F\u00fcrstenberg\/Havel zu zahlreichen Kino-Veranstaltungen ein.","og_url":"https:\/\/www.naturparkmagazin.de\/stechlin\/kino-in-der-alten-reederei-3\/","og_site_name":"Naturpark Stechlin-Ruppiner Land","article_published_time":"2020-02-14T09:36:04+00:00","article_modified_time":"2020-02-07T09:14:53+00:00","og_image":[{"width":200,"height":200,"url":"https:\/\/www.naturparkmagazin.de\/stechlin\/wp-content\/uploads\/sites\/38\/alte-reederei_DSC_0011.jpg","type":"image\/jpeg"}],"author":"marioschrumpf","twitter_misc":{"Verfasst von":"marioschrumpf","Gesch\u00e4tzte Lesezeit":"4\u00a0Minuten"},"schema":{"@context":"https:\/\/schema.org","@graph":[{"@type":"WebPage","@id":"https:\/\/www.naturparkmagazin.de\/stechlin\/kino-in-der-alten-reederei-3\/","url":"https:\/\/www.naturparkmagazin.de\/stechlin\/kino-in-der-alten-reederei-3\/","name":"Kino in der Alten Reederei - Naturpark Stechlin-Ruppiner Land","isPartOf":{"@id":"https:\/\/www.naturparkmagazin.de\/stechlin\/#website"},"datePublished":"2020-02-14T09:36:04+00:00","dateModified":"2020-02-07T09:14:53+00:00","author":{"@id":"https:\/\/www.naturparkmagazin.de\/stechlin\/#\/schema\/person\/3f0d93203df21c806dd63c76d9bb28bc"},"breadcrumb":{"@id":"https:\/\/www.naturparkmagazin.de\/stechlin\/kino-in-der-alten-reederei-3\/#breadcrumb"},"inLanguage":"de","potentialAction":[{"@type":"ReadAction","target":["https:\/\/www.naturparkmagazin.de\/stechlin\/kino-in-der-alten-reederei-3\/"]}]},{"@type":"BreadcrumbList","@id":"https:\/\/www.naturparkmagazin.de\/stechlin\/kino-in-der-alten-reederei-3\/#breadcrumb","itemListElement":[{"@type":"ListItem","position":1,"name":"Home","item":"https:\/\/www.naturparkmagazin.de\/stechlin\/"},{"@type":"ListItem","position":2,"name":"Kino in der Alten Reederei"}]},{"@type":"WebSite","@id":"https:\/\/www.naturparkmagazin.de\/stechlin\/#website","url":"https:\/\/www.naturparkmagazin.de\/stechlin\/","name":"Naturpark Stechlin-Ruppiner Land","description":"","potentialAction":[{"@type":"SearchAction","target":{"@type":"EntryPoint","urlTemplate":"https:\/\/www.naturparkmagazin.de\/stechlin\/?s={search_term_string}"},"query-input":"required name=search_term_string"}],"inLanguage":"de"},{"@type":"Person","@id":"https:\/\/www.naturparkmagazin.de\/stechlin\/#\/schema\/person\/3f0d93203df21c806dd63c76d9bb28bc","name":"marioschrumpf","url":"https:\/\/www.naturparkmagazin.de\/stechlin\/author\/marioschrumpf\/"}]}},"_links":{"self":[{"href":"https:\/\/www.naturparkmagazin.de\/stechlin\/wp-json\/wp\/v2\/posts\/6455"}],"collection":[{"href":"https:\/\/www.naturparkmagazin.de\/stechlin\/wp-json\/wp\/v2\/posts"}],"about":[{"href":"https:\/\/www.naturparkmagazin.de\/stechlin\/wp-json\/wp\/v2\/types\/post"}],"author":[{"embeddable":true,"href":"https:\/\/www.naturparkmagazin.de\/stechlin\/wp-json\/wp\/v2\/users\/39"}],"replies":[{"embeddable":true,"href":"https:\/\/www.naturparkmagazin.de\/stechlin\/wp-json\/wp\/v2\/comments?post=6455"}],"version-history":[{"count":18,"href":"https:\/\/www.naturparkmagazin.de\/stechlin\/wp-json\/wp\/v2\/posts\/6455\/revisions"}],"predecessor-version":[{"id":9273,"href":"https:\/\/www.naturparkmagazin.de\/stechlin\/wp-json\/wp\/v2\/posts\/6455\/revisions\/9273"}],"wp:featuredmedia":[{"embeddable":true,"href":"https:\/\/www.naturparkmagazin.de\/stechlin\/wp-json\/wp\/v2\/media\/4329"}],"wp:attachment":[{"href":"https:\/\/www.naturparkmagazin.de\/stechlin\/wp-json\/wp\/v2\/media?parent=6455"}],"wp:term":[{"taxonomy":"category","embeddable":true,"href":"https:\/\/www.naturparkmagazin.de\/stechlin\/wp-json\/wp\/v2\/categories?post=6455"},{"taxonomy":"post_tag","embeddable":true,"href":"https:\/\/www.naturparkmagazin.de\/stechlin\/wp-json\/wp\/v2\/tags?post=6455"}],"curies":[{"name":"wp","href":"https:\/\/api.w.org\/{rel}","templated":true}]}}