{"id":6462,"date":"2017-12-11T10:24:19","date_gmt":"2017-12-11T09:24:19","guid":{"rendered":"http:\/\/www.naturparkmagazin.de\/stechlin\/?p=6462"},"modified":"2017-12-19T19:23:00","modified_gmt":"2017-12-19T18:23:00","slug":"kleingewaesser-revitalisierung-buchholz-war-projekt-des-monats","status":"publish","type":"post","link":"https:\/\/www.naturparkmagazin.de\/stechlin\/kleingewaesser-revitalisierung-buchholz-war-projekt-des-monats\/","title":{"rendered":"Kleingew\u00e4sser-Revitalisierung Buchholz war Projekt des Monats November"},"content":{"rendered":"<div id=\"attachment_6464\" style=\"width: 310px\" class=\"wp-caption aligncenter\"><a href=\"https:\/\/www.naturparkmagazin.de\/stechlin\/wp-content\/uploads\/sites\/38\/vor-Revitalisierung-Buchholz_02.jpg\"><img aria-describedby=\"caption-attachment-6464\" decoding=\"async\" loading=\"lazy\" class=\"size-thumbnail wp-image-6464\" src=\"https:\/\/www.naturparkmagazin.de\/stechlin\/wp-content\/uploads\/sites\/38\/vor-Revitalisierung-Buchholz_02-300x180.jpg\" alt=\"Die Fl\u00e4che vor Beginn der Ma\u00dfnahme.\" width=\"300\" height=\"180\" srcset=\"https:\/\/www.naturparkmagazin.de\/stechlin\/wp-content\/uploads\/sites\/38\/vor-Revitalisierung-Buchholz_02-300x180.jpg 300w, https:\/\/www.naturparkmagazin.de\/stechlin\/wp-content\/uploads\/sites\/38\/vor-Revitalisierung-Buchholz_02.jpg 500w, https:\/\/www.naturparkmagazin.de\/stechlin\/wp-content\/uploads\/sites\/38\/vor-Revitalisierung-Buchholz_02-200x120.jpg 200w\" sizes=\"(max-width: 300px) 100vw, 300px\" \/><\/a><p id=\"caption-attachment-6464\" class=\"wp-caption-text\">Die Fl\u00e4che vor Beginn der Ma\u00dfnahme.<\/p><\/div>\n<p>Damit das verlandete Feldsoll wieder als Lebensraum f\u00fcr Amphibien attraktiv wird, wurde es ausgebaggert.<\/p>\n<p>Die Umsetzung des von der Naturparkverwaltung initiierten Projektes wurde vom NaturSchutzFonds Brandenburg finanziell unterst\u00fctzt, der das Vorhaben als Projekt des Monats November auszeichnete. Ca. 24 T\u20ac wurden aus Ersatzzahlungen bereitgestellt. Grundlage der Revitalisierung war eine mit Haushaltsmitteln des Naturparks finanzierte Machbarkeitsstudie, die vom B\u00fcro Agrar- und Umweltplanung Radewege durch Herrn Hermann Wiesing erstellt wurde. Als Projekttr\u00e4ger und f\u00fcr die Umsetzung konnte der Wasser- und Bodenverband Uckermark-Havel gewonnen werden.<\/p>\n<div id=\"attachment_6465\" style=\"width: 310px\" class=\"wp-caption aligncenter\"><a href=\"https:\/\/www.naturparkmagazin.de\/stechlin\/wp-content\/uploads\/sites\/38\/Revitalisierung-Buchholz_07.jpg\"><img aria-describedby=\"caption-attachment-6465\" decoding=\"async\" loading=\"lazy\" class=\"size-thumbnail wp-image-6465\" src=\"https:\/\/www.naturparkmagazin.de\/stechlin\/wp-content\/uploads\/sites\/38\/Revitalisierung-Buchholz_07-300x180.jpg\" alt=\"Ca. 1.000 m\u00b2 offene Wasserfl\u00e4che sind wieder entstanden\" width=\"300\" height=\"180\" srcset=\"https:\/\/www.naturparkmagazin.de\/stechlin\/wp-content\/uploads\/sites\/38\/Revitalisierung-Buchholz_07-300x180.jpg 300w, https:\/\/www.naturparkmagazin.de\/stechlin\/wp-content\/uploads\/sites\/38\/Revitalisierung-Buchholz_07.jpg 500w, https:\/\/www.naturparkmagazin.de\/stechlin\/wp-content\/uploads\/sites\/38\/Revitalisierung-Buchholz_07-200x120.jpg 200w\" sizes=\"(max-width: 300px) 100vw, 300px\" \/><\/a><p id=\"caption-attachment-6465\" class=\"wp-caption-text\">Ca. 1.000 m\u00b2 offene Wasserfl\u00e4che sind wieder entstanden<\/p><\/div>\n<p>Ein herzliches Dankesch\u00f6n an Harald Zehmke vom Landwirtschaftsbetrieb NEUGRO Gro\u00dfwoltersdorf, der die in seinem Eigentum stehende Fl\u00e4che bereitstellte. Mit seiner Idee der Revitalisierung stie\u00df er auf offene Ohren bei den KollegInnen der Naturparkverwaltung, die sich um die Realisierung k\u00fcmmerten.<\/p>\n<div id=\"attachment_6466\" style=\"width: 310px\" class=\"wp-caption aligncenter\"><a href=\"https:\/\/www.naturparkmagazin.de\/stechlin\/wp-content\/uploads\/sites\/38\/Teichfrosch_17.jpg\"><img aria-describedby=\"caption-attachment-6466\" decoding=\"async\" loading=\"lazy\" class=\"size-thumbnail wp-image-6466\" src=\"https:\/\/www.naturparkmagazin.de\/stechlin\/wp-content\/uploads\/sites\/38\/Teichfrosch_17-300x180.jpg\" alt=\"Dank des Ausbaggerns k\u00f6nnen Amphibien, wie der Teichfrosch, das Feldsoll wieder als Laichgew\u00e4sser nutzen\" width=\"300\" height=\"180\" srcset=\"https:\/\/www.naturparkmagazin.de\/stechlin\/wp-content\/uploads\/sites\/38\/Teichfrosch_17-300x180.jpg 300w, https:\/\/www.naturparkmagazin.de\/stechlin\/wp-content\/uploads\/sites\/38\/Teichfrosch_17.jpg 500w, https:\/\/www.naturparkmagazin.de\/stechlin\/wp-content\/uploads\/sites\/38\/Teichfrosch_17-200x120.jpg 200w\" sizes=\"(max-width: 300px) 100vw, 300px\" \/><\/a><p id=\"caption-attachment-6466\" class=\"wp-caption-text\">Dank des Ausbaggerns k\u00f6nnen Amphibien, wie der Teichfrosch, das Feldsoll wieder als Laichgew\u00e4sser nutzen<\/p><\/div>\n<p>weitere Infos: <a href=\"http:\/\/www.naturschutzfonds.de\/natur-schuetzen\/foerdermanagement\/projektarchiv\/\">www.naturschutzfonds.de\/natur-schuetzen\/foerdermanagement\/projektarchiv\/<\/a><\/p>\n","protected":false},"excerpt":{"rendered":"<p>Damit das verlandete Feldsoll wieder als Lebensraum f\u00fcr Amphibien attraktiv wird, wurde es ausgebaggert.<\/p>\n","protected":false},"author":39,"featured_media":6463,"comment_status":"open","ping_status":"open","sticky":false,"template":"","format":"standard","meta":[],"categories":[7],"tags":[],"yoast_head":"<!-- This site is optimized with the Yoast SEO plugin v19.10 - https:\/\/yoast.com\/wordpress\/plugins\/seo\/ -->\n<title>Kleingew\u00e4sser-Revitalisierung Buchholz war Projekt des Monats November - Naturpark Stechlin-Ruppiner Land<\/title>\n<meta name=\"robots\" content=\"index, follow, max-snippet:-1, max-image-preview:large, max-video-preview:-1\" \/>\n<link rel=\"canonical\" href=\"https:\/\/www.naturparkmagazin.de\/stechlin\/kleingewaesser-revitalisierung-buchholz-war-projekt-des-monats\/\" \/>\n<meta property=\"og:locale\" content=\"de_DE\" \/>\n<meta property=\"og:type\" content=\"article\" \/>\n<meta property=\"og:title\" content=\"Kleingew\u00e4sser-Revitalisierung Buchholz war Projekt des Monats November - Naturpark Stechlin-Ruppiner Land\" \/>\n<meta property=\"og:description\" content=\"Damit das verlandete Feldsoll wieder als Lebensraum f\u00fcr Amphibien attraktiv wird, wurde es ausgebaggert.\" \/>\n<meta property=\"og:url\" content=\"https:\/\/www.naturparkmagazin.de\/stechlin\/kleingewaesser-revitalisierung-buchholz-war-projekt-des-monats\/\" \/>\n<meta property=\"og:site_name\" content=\"Naturpark Stechlin-Ruppiner Land\" \/>\n<meta property=\"article:published_time\" content=\"2017-12-11T09:24:19+00:00\" \/>\n<meta property=\"article:modified_time\" content=\"2017-12-19T18:23:00+00:00\" \/>\n<meta property=\"og:image\" content=\"https:\/\/www.naturparkmagazin.de\/stechlin\/wp-content\/uploads\/sites\/38\/Revitalisierung-Buchholz.jpg\" \/>\n\t<meta property=\"og:image:width\" content=\"200\" \/>\n\t<meta property=\"og:image:height\" content=\"200\" \/>\n\t<meta property=\"og:image:type\" content=\"image\/jpeg\" \/>\n<meta name=\"author\" content=\"marioschrumpf\" \/>\n<meta name=\"twitter:label1\" content=\"Verfasst von\" \/>\n\t<meta name=\"twitter:data1\" content=\"marioschrumpf\" \/>\n\t<meta name=\"twitter:label2\" content=\"Gesch\u00e4tzte Lesezeit\" \/>\n\t<meta name=\"twitter:data2\" content=\"1\u00a0Minute\" \/>\n<script type=\"application\/ld+json\" class=\"yoast-schema-graph\">{\"@context\":\"https:\/\/schema.org\",\"@graph\":[{\"@type\":\"WebPage\",\"@id\":\"https:\/\/www.naturparkmagazin.de\/stechlin\/kleingewaesser-revitalisierung-buchholz-war-projekt-des-monats\/\",\"url\":\"https:\/\/www.naturparkmagazin.de\/stechlin\/kleingewaesser-revitalisierung-buchholz-war-projekt-des-monats\/\",\"name\":\"Kleingew\u00e4sser-Revitalisierung Buchholz war Projekt des Monats November - Naturpark Stechlin-Ruppiner Land\",\"isPartOf\":{\"@id\":\"https:\/\/www.naturparkmagazin.de\/stechlin\/#website\"},\"datePublished\":\"2017-12-11T09:24:19+00:00\",\"dateModified\":\"2017-12-19T18:23:00+00:00\",\"author\":{\"@id\":\"https:\/\/www.naturparkmagazin.de\/stechlin\/#\/schema\/person\/3f0d93203df21c806dd63c76d9bb28bc\"},\"breadcrumb\":{\"@id\":\"https:\/\/www.naturparkmagazin.de\/stechlin\/kleingewaesser-revitalisierung-buchholz-war-projekt-des-monats\/#breadcrumb\"},\"inLanguage\":\"de\",\"potentialAction\":[{\"@type\":\"ReadAction\",\"target\":[\"https:\/\/www.naturparkmagazin.de\/stechlin\/kleingewaesser-revitalisierung-buchholz-war-projekt-des-monats\/\"]}]},{\"@type\":\"BreadcrumbList\",\"@id\":\"https:\/\/www.naturparkmagazin.de\/stechlin\/kleingewaesser-revitalisierung-buchholz-war-projekt-des-monats\/#breadcrumb\",\"itemListElement\":[{\"@type\":\"ListItem\",\"position\":1,\"name\":\"Home\",\"item\":\"https:\/\/www.naturparkmagazin.de\/stechlin\/\"},{\"@type\":\"ListItem\",\"position\":2,\"name\":\"Kleingew\u00e4sser-Revitalisierung Buchholz war Projekt des Monats November\"}]},{\"@type\":\"WebSite\",\"@id\":\"https:\/\/www.naturparkmagazin.de\/stechlin\/#website\",\"url\":\"https:\/\/www.naturparkmagazin.de\/stechlin\/\",\"name\":\"Naturpark Stechlin-Ruppiner Land\",\"description\":\"\",\"potentialAction\":[{\"@type\":\"SearchAction\",\"target\":{\"@type\":\"EntryPoint\",\"urlTemplate\":\"https:\/\/www.naturparkmagazin.de\/stechlin\/?s={search_term_string}\"},\"query-input\":\"required name=search_term_string\"}],\"inLanguage\":\"de\"},{\"@type\":\"Person\",\"@id\":\"https:\/\/www.naturparkmagazin.de\/stechlin\/#\/schema\/person\/3f0d93203df21c806dd63c76d9bb28bc\",\"name\":\"marioschrumpf\",\"url\":\"https:\/\/www.naturparkmagazin.de\/stechlin\/author\/marioschrumpf\/\"}]}<\/script>\n<!-- \/ Yoast SEO plugin. -->","yoast_head_json":{"title":"Kleingew\u00e4sser-Revitalisierung Buchholz war Projekt des Monats November - Naturpark Stechlin-Ruppiner Land","robots":{"index":"index","follow":"follow","max-snippet":"max-snippet:-1","max-image-preview":"max-image-preview:large","max-video-preview":"max-video-preview:-1"},"canonical":"https:\/\/www.naturparkmagazin.de\/stechlin\/kleingewaesser-revitalisierung-buchholz-war-projekt-des-monats\/","og_locale":"de_DE","og_type":"article","og_title":"Kleingew\u00e4sser-Revitalisierung Buchholz war Projekt des Monats November - Naturpark Stechlin-Ruppiner Land","og_description":"Damit das verlandete Feldsoll wieder als Lebensraum f\u00fcr Amphibien attraktiv wird, wurde es ausgebaggert.","og_url":"https:\/\/www.naturparkmagazin.de\/stechlin\/kleingewaesser-revitalisierung-buchholz-war-projekt-des-monats\/","og_site_name":"Naturpark Stechlin-Ruppiner Land","article_published_time":"2017-12-11T09:24:19+00:00","article_modified_time":"2017-12-19T18:23:00+00:00","og_image":[{"width":200,"height":200,"url":"https:\/\/www.naturparkmagazin.de\/stechlin\/wp-content\/uploads\/sites\/38\/Revitalisierung-Buchholz.jpg","type":"image\/jpeg"}],"author":"marioschrumpf","twitter_misc":{"Verfasst von":"marioschrumpf","Gesch\u00e4tzte Lesezeit":"1\u00a0Minute"},"schema":{"@context":"https:\/\/schema.org","@graph":[{"@type":"WebPage","@id":"https:\/\/www.naturparkmagazin.de\/stechlin\/kleingewaesser-revitalisierung-buchholz-war-projekt-des-monats\/","url":"https:\/\/www.naturparkmagazin.de\/stechlin\/kleingewaesser-revitalisierung-buchholz-war-projekt-des-monats\/","name":"Kleingew\u00e4sser-Revitalisierung Buchholz war Projekt des Monats November - Naturpark Stechlin-Ruppiner Land","isPartOf":{"@id":"https:\/\/www.naturparkmagazin.de\/stechlin\/#website"},"datePublished":"2017-12-11T09:24:19+00:00","dateModified":"2017-12-19T18:23:00+00:00","author":{"@id":"https:\/\/www.naturparkmagazin.de\/stechlin\/#\/schema\/person\/3f0d93203df21c806dd63c76d9bb28bc"},"breadcrumb":{"@id":"https:\/\/www.naturparkmagazin.de\/stechlin\/kleingewaesser-revitalisierung-buchholz-war-projekt-des-monats\/#breadcrumb"},"inLanguage":"de","potentialAction":[{"@type":"ReadAction","target":["https:\/\/www.naturparkmagazin.de\/stechlin\/kleingewaesser-revitalisierung-buchholz-war-projekt-des-monats\/"]}]},{"@type":"BreadcrumbList","@id":"https:\/\/www.naturparkmagazin.de\/stechlin\/kleingewaesser-revitalisierung-buchholz-war-projekt-des-monats\/#breadcrumb","itemListElement":[{"@type":"ListItem","position":1,"name":"Home","item":"https:\/\/www.naturparkmagazin.de\/stechlin\/"},{"@type":"ListItem","position":2,"name":"Kleingew\u00e4sser-Revitalisierung Buchholz war Projekt des Monats November"}]},{"@type":"WebSite","@id":"https:\/\/www.naturparkmagazin.de\/stechlin\/#website","url":"https:\/\/www.naturparkmagazin.de\/stechlin\/","name":"Naturpark Stechlin-Ruppiner Land","description":"","potentialAction":[{"@type":"SearchAction","target":{"@type":"EntryPoint","urlTemplate":"https:\/\/www.naturparkmagazin.de\/stechlin\/?s={search_term_string}"},"query-input":"required name=search_term_string"}],"inLanguage":"de"},{"@type":"Person","@id":"https:\/\/www.naturparkmagazin.de\/stechlin\/#\/schema\/person\/3f0d93203df21c806dd63c76d9bb28bc","name":"marioschrumpf","url":"https:\/\/www.naturparkmagazin.de\/stechlin\/author\/marioschrumpf\/"}]}},"_links":{"self":[{"href":"https:\/\/www.naturparkmagazin.de\/stechlin\/wp-json\/wp\/v2\/posts\/6462"}],"collection":[{"href":"https:\/\/www.naturparkmagazin.de\/stechlin\/wp-json\/wp\/v2\/posts"}],"about":[{"href":"https:\/\/www.naturparkmagazin.de\/stechlin\/wp-json\/wp\/v2\/types\/post"}],"author":[{"embeddable":true,"href":"https:\/\/www.naturparkmagazin.de\/stechlin\/wp-json\/wp\/v2\/users\/39"}],"replies":[{"embeddable":true,"href":"https:\/\/www.naturparkmagazin.de\/stechlin\/wp-json\/wp\/v2\/comments?post=6462"}],"version-history":[{"count":3,"href":"https:\/\/www.naturparkmagazin.de\/stechlin\/wp-json\/wp\/v2\/posts\/6462\/revisions"}],"predecessor-version":[{"id":6539,"href":"https:\/\/www.naturparkmagazin.de\/stechlin\/wp-json\/wp\/v2\/posts\/6462\/revisions\/6539"}],"wp:featuredmedia":[{"embeddable":true,"href":"https:\/\/www.naturparkmagazin.de\/stechlin\/wp-json\/wp\/v2\/media\/6463"}],"wp:attachment":[{"href":"https:\/\/www.naturparkmagazin.de\/stechlin\/wp-json\/wp\/v2\/media?parent=6462"}],"wp:term":[{"taxonomy":"category","embeddable":true,"href":"https:\/\/www.naturparkmagazin.de\/stechlin\/wp-json\/wp\/v2\/categories?post=6462"},{"taxonomy":"post_tag","embeddable":true,"href":"https:\/\/www.naturparkmagazin.de\/stechlin\/wp-json\/wp\/v2\/tags?post=6462"}],"curies":[{"name":"wp","href":"https:\/\/api.w.org\/{rel}","templated":true}]}}