{"id":6474,"date":"2017-12-11T08:16:22","date_gmt":"2017-12-11T07:16:22","guid":{"rendered":"http:\/\/www.naturparkmagazin.de\/stechlin\/?p=6474"},"modified":"2017-12-19T19:27:29","modified_gmt":"2017-12-19T18:27:29","slug":"kleingewaesser-bei-wendefeld","status":"publish","type":"post","link":"https:\/\/www.naturparkmagazin.de\/stechlin\/kleingewaesser-bei-wendefeld\/","title":{"rendered":"Kleingew\u00e4sser bei Wendefeld revitalisiert"},"content":{"rendered":"<p><a href=\"https:\/\/www.naturparkmagazin.de\/stechlin\/wp-content\/uploads\/sites\/38\/500x300Januar_hermann-Wiesing2017-10-15-13.10.04.jpg\"><img decoding=\"async\" loading=\"lazy\" class=\" size-thumbnail wp-image-6512 aligncenter\" src=\"https:\/\/www.naturparkmagazin.de\/stechlin\/wp-content\/uploads\/sites\/38\/500x300Januar_hermann-Wiesing2017-10-15-13.10.04-300x180.jpg\" alt=\"NP SRL\/Hermann Wiesing\" width=\"300\" height=\"180\" srcset=\"https:\/\/www.naturparkmagazin.de\/stechlin\/wp-content\/uploads\/sites\/38\/500x300Januar_hermann-Wiesing2017-10-15-13.10.04-300x180.jpg 300w, https:\/\/www.naturparkmagazin.de\/stechlin\/wp-content\/uploads\/sites\/38\/500x300Januar_hermann-Wiesing2017-10-15-13.10.04.jpg 500w, https:\/\/www.naturparkmagazin.de\/stechlin\/wp-content\/uploads\/sites\/38\/500x300Januar_hermann-Wiesing2017-10-15-13.10.04-200x120.jpg 200w\" sizes=\"(max-width: 300px) 100vw, 300px\" \/><\/a>Der NABU-Regionalverband Gransee hat im Herbst 2017 mit gro\u00dfz\u00fcgiger Unterst\u00fctzung des <a href=\"http:\/\/www.naturschutzfonds.de\/\">NaturSchutzFonds Brandenburg<\/a> und der <a href=\"https:\/\/www.sielmann-stiftung.de\/\">Heinz Sielmann Stiftung<\/a> vier neue Kleingew\u00e4sser bei Wendefeld (Gemeinde Gransee) geschaffen bzw. revitalisiert. Das Ergebnis kann sich sehen lassen. Es sind hochwertige Laichhabitate f\u00fcr diverse gef\u00e4hrdete Amphibienarten &#8211; darunter Laubfrosch, Knoblauchkr\u00f6te und Kammmolch &#8211; und weitere wassergebundene Arten (Libellen, Wasserk\u00e4fer) entstanden. Im Zusammenhang mit den umgrenzenden Wiesen bilden die neuen Gew\u00e4sser ein wichtiges Jagdgebiet f\u00fcr Schreiadler aus benachbarten Brutrevieren und f\u00fcr weitere Gro\u00dfvogelarten wie Wei\u00dfstorch, Rotmilan, Rohrweihe und Baumfalke. Am 23. November 2017 war zusammen mit dem Eigent\u00fcmer Herrn M\u00fcller, dem P\u00e4chter Herrn Puls sowie weiteren Partnern offizielle Bauabnahme. Wir gratulieren zu dem erfolgreichen Projekt!<\/p>\n<p><a href=\"https:\/\/www.naturparkmagazin.de\/stechlin\/wp-content\/uploads\/sites\/38\/500x300Januar-Silke-Oldorff-IMG_0521.jpg\"><img decoding=\"async\" loading=\"lazy\" class=\" size-thumbnail wp-image-6511 aligncenter\" src=\"https:\/\/www.naturparkmagazin.de\/stechlin\/wp-content\/uploads\/sites\/38\/500x300Januar-Silke-Oldorff-IMG_0521-300x180.jpg\" alt=\"NP SRL\/Silke Oldorff\" width=\"300\" height=\"180\" srcset=\"https:\/\/www.naturparkmagazin.de\/stechlin\/wp-content\/uploads\/sites\/38\/500x300Januar-Silke-Oldorff-IMG_0521-300x180.jpg 300w, https:\/\/www.naturparkmagazin.de\/stechlin\/wp-content\/uploads\/sites\/38\/500x300Januar-Silke-Oldorff-IMG_0521.jpg 500w, https:\/\/www.naturparkmagazin.de\/stechlin\/wp-content\/uploads\/sites\/38\/500x300Januar-Silke-Oldorff-IMG_0521-200x120.jpg 200w\" sizes=\"(max-width: 300px) 100vw, 300px\" \/><\/a><\/p>\n","protected":false},"excerpt":{"rendered":"<p>Der NABU-Regionalverband Gransee hat im Herbst 2017 mit gro\u00dfz\u00fcgiger Unterst\u00fctzung des NaturSchutzFonds Brandenburg und der Heinz Sielmann Stiftung vier neue Kleingew\u00e4sser geschaffen bzw. revitalisiert.<\/p>\n","protected":false},"author":39,"featured_media":6476,"comment_status":"open","ping_status":"open","sticky":false,"template":"","format":"standard","meta":[],"categories":[7],"tags":[],"yoast_head":"<!-- This site is optimized with the Yoast SEO plugin v19.10 - https:\/\/yoast.com\/wordpress\/plugins\/seo\/ -->\n<title>Kleingew\u00e4sser bei Wendefeld revitalisiert - Naturpark Stechlin-Ruppiner Land<\/title>\n<meta name=\"robots\" content=\"index, follow, max-snippet:-1, max-image-preview:large, max-video-preview:-1\" \/>\n<link rel=\"canonical\" href=\"https:\/\/www.naturparkmagazin.de\/stechlin\/kleingewaesser-bei-wendefeld\/\" \/>\n<meta property=\"og:locale\" content=\"de_DE\" \/>\n<meta property=\"og:type\" content=\"article\" \/>\n<meta property=\"og:title\" content=\"Kleingew\u00e4sser bei Wendefeld revitalisiert - Naturpark Stechlin-Ruppiner Land\" \/>\n<meta property=\"og:description\" content=\"Der NABU-Regionalverband Gransee hat im Herbst 2017 mit gro\u00dfz\u00fcgiger Unterst\u00fctzung des NaturSchutzFonds Brandenburg und der Heinz Sielmann Stiftung vier neue Kleingew\u00e4sser geschaffen bzw. revitalisiert.\" \/>\n<meta property=\"og:url\" content=\"https:\/\/www.naturparkmagazin.de\/stechlin\/kleingewaesser-bei-wendefeld\/\" \/>\n<meta property=\"og:site_name\" content=\"Naturpark Stechlin-Ruppiner Land\" \/>\n<meta property=\"article:published_time\" content=\"2017-12-11T07:16:22+00:00\" \/>\n<meta property=\"article:modified_time\" content=\"2017-12-19T18:27:29+00:00\" \/>\n<meta property=\"og:image\" content=\"https:\/\/www.naturparkmagazin.de\/stechlin\/wp-content\/uploads\/sites\/38\/Dezember_PB222743200x200.jpg\" \/>\n\t<meta property=\"og:image:width\" content=\"200\" \/>\n\t<meta property=\"og:image:height\" content=\"200\" \/>\n\t<meta property=\"og:image:type\" content=\"image\/jpeg\" \/>\n<meta name=\"author\" content=\"marioschrumpf\" \/>\n<meta name=\"twitter:label1\" content=\"Verfasst von\" \/>\n\t<meta name=\"twitter:data1\" content=\"marioschrumpf\" \/>\n\t<meta name=\"twitter:label2\" content=\"Gesch\u00e4tzte Lesezeit\" \/>\n\t<meta name=\"twitter:data2\" content=\"1\u00a0Minute\" \/>\n<script type=\"application\/ld+json\" class=\"yoast-schema-graph\">{\"@context\":\"https:\/\/schema.org\",\"@graph\":[{\"@type\":\"WebPage\",\"@id\":\"https:\/\/www.naturparkmagazin.de\/stechlin\/kleingewaesser-bei-wendefeld\/\",\"url\":\"https:\/\/www.naturparkmagazin.de\/stechlin\/kleingewaesser-bei-wendefeld\/\",\"name\":\"Kleingew\u00e4sser bei Wendefeld revitalisiert - Naturpark Stechlin-Ruppiner Land\",\"isPartOf\":{\"@id\":\"https:\/\/www.naturparkmagazin.de\/stechlin\/#website\"},\"datePublished\":\"2017-12-11T07:16:22+00:00\",\"dateModified\":\"2017-12-19T18:27:29+00:00\",\"author\":{\"@id\":\"https:\/\/www.naturparkmagazin.de\/stechlin\/#\/schema\/person\/3f0d93203df21c806dd63c76d9bb28bc\"},\"breadcrumb\":{\"@id\":\"https:\/\/www.naturparkmagazin.de\/stechlin\/kleingewaesser-bei-wendefeld\/#breadcrumb\"},\"inLanguage\":\"de\",\"potentialAction\":[{\"@type\":\"ReadAction\",\"target\":[\"https:\/\/www.naturparkmagazin.de\/stechlin\/kleingewaesser-bei-wendefeld\/\"]}]},{\"@type\":\"BreadcrumbList\",\"@id\":\"https:\/\/www.naturparkmagazin.de\/stechlin\/kleingewaesser-bei-wendefeld\/#breadcrumb\",\"itemListElement\":[{\"@type\":\"ListItem\",\"position\":1,\"name\":\"Home\",\"item\":\"https:\/\/www.naturparkmagazin.de\/stechlin\/\"},{\"@type\":\"ListItem\",\"position\":2,\"name\":\"Kleingew\u00e4sser bei Wendefeld revitalisiert\"}]},{\"@type\":\"WebSite\",\"@id\":\"https:\/\/www.naturparkmagazin.de\/stechlin\/#website\",\"url\":\"https:\/\/www.naturparkmagazin.de\/stechlin\/\",\"name\":\"Naturpark Stechlin-Ruppiner Land\",\"description\":\"\",\"potentialAction\":[{\"@type\":\"SearchAction\",\"target\":{\"@type\":\"EntryPoint\",\"urlTemplate\":\"https:\/\/www.naturparkmagazin.de\/stechlin\/?s={search_term_string}\"},\"query-input\":\"required name=search_term_string\"}],\"inLanguage\":\"de\"},{\"@type\":\"Person\",\"@id\":\"https:\/\/www.naturparkmagazin.de\/stechlin\/#\/schema\/person\/3f0d93203df21c806dd63c76d9bb28bc\",\"name\":\"marioschrumpf\",\"url\":\"https:\/\/www.naturparkmagazin.de\/stechlin\/author\/marioschrumpf\/\"}]}<\/script>\n<!-- \/ Yoast SEO plugin. -->","yoast_head_json":{"title":"Kleingew\u00e4sser bei Wendefeld revitalisiert - Naturpark Stechlin-Ruppiner Land","robots":{"index":"index","follow":"follow","max-snippet":"max-snippet:-1","max-image-preview":"max-image-preview:large","max-video-preview":"max-video-preview:-1"},"canonical":"https:\/\/www.naturparkmagazin.de\/stechlin\/kleingewaesser-bei-wendefeld\/","og_locale":"de_DE","og_type":"article","og_title":"Kleingew\u00e4sser bei Wendefeld revitalisiert - Naturpark Stechlin-Ruppiner Land","og_description":"Der NABU-Regionalverband Gransee hat im Herbst 2017 mit gro\u00dfz\u00fcgiger Unterst\u00fctzung des NaturSchutzFonds Brandenburg und der Heinz Sielmann Stiftung vier neue Kleingew\u00e4sser geschaffen bzw. revitalisiert.","og_url":"https:\/\/www.naturparkmagazin.de\/stechlin\/kleingewaesser-bei-wendefeld\/","og_site_name":"Naturpark Stechlin-Ruppiner Land","article_published_time":"2017-12-11T07:16:22+00:00","article_modified_time":"2017-12-19T18:27:29+00:00","og_image":[{"width":200,"height":200,"url":"https:\/\/www.naturparkmagazin.de\/stechlin\/wp-content\/uploads\/sites\/38\/Dezember_PB222743200x200.jpg","type":"image\/jpeg"}],"author":"marioschrumpf","twitter_misc":{"Verfasst von":"marioschrumpf","Gesch\u00e4tzte Lesezeit":"1\u00a0Minute"},"schema":{"@context":"https:\/\/schema.org","@graph":[{"@type":"WebPage","@id":"https:\/\/www.naturparkmagazin.de\/stechlin\/kleingewaesser-bei-wendefeld\/","url":"https:\/\/www.naturparkmagazin.de\/stechlin\/kleingewaesser-bei-wendefeld\/","name":"Kleingew\u00e4sser bei Wendefeld revitalisiert - Naturpark Stechlin-Ruppiner Land","isPartOf":{"@id":"https:\/\/www.naturparkmagazin.de\/stechlin\/#website"},"datePublished":"2017-12-11T07:16:22+00:00","dateModified":"2017-12-19T18:27:29+00:00","author":{"@id":"https:\/\/www.naturparkmagazin.de\/stechlin\/#\/schema\/person\/3f0d93203df21c806dd63c76d9bb28bc"},"breadcrumb":{"@id":"https:\/\/www.naturparkmagazin.de\/stechlin\/kleingewaesser-bei-wendefeld\/#breadcrumb"},"inLanguage":"de","potentialAction":[{"@type":"ReadAction","target":["https:\/\/www.naturparkmagazin.de\/stechlin\/kleingewaesser-bei-wendefeld\/"]}]},{"@type":"BreadcrumbList","@id":"https:\/\/www.naturparkmagazin.de\/stechlin\/kleingewaesser-bei-wendefeld\/#breadcrumb","itemListElement":[{"@type":"ListItem","position":1,"name":"Home","item":"https:\/\/www.naturparkmagazin.de\/stechlin\/"},{"@type":"ListItem","position":2,"name":"Kleingew\u00e4sser bei Wendefeld revitalisiert"}]},{"@type":"WebSite","@id":"https:\/\/www.naturparkmagazin.de\/stechlin\/#website","url":"https:\/\/www.naturparkmagazin.de\/stechlin\/","name":"Naturpark Stechlin-Ruppiner Land","description":"","potentialAction":[{"@type":"SearchAction","target":{"@type":"EntryPoint","urlTemplate":"https:\/\/www.naturparkmagazin.de\/stechlin\/?s={search_term_string}"},"query-input":"required name=search_term_string"}],"inLanguage":"de"},{"@type":"Person","@id":"https:\/\/www.naturparkmagazin.de\/stechlin\/#\/schema\/person\/3f0d93203df21c806dd63c76d9bb28bc","name":"marioschrumpf","url":"https:\/\/www.naturparkmagazin.de\/stechlin\/author\/marioschrumpf\/"}]}},"_links":{"self":[{"href":"https:\/\/www.naturparkmagazin.de\/stechlin\/wp-json\/wp\/v2\/posts\/6474"}],"collection":[{"href":"https:\/\/www.naturparkmagazin.de\/stechlin\/wp-json\/wp\/v2\/posts"}],"about":[{"href":"https:\/\/www.naturparkmagazin.de\/stechlin\/wp-json\/wp\/v2\/types\/post"}],"author":[{"embeddable":true,"href":"https:\/\/www.naturparkmagazin.de\/stechlin\/wp-json\/wp\/v2\/users\/39"}],"replies":[{"embeddable":true,"href":"https:\/\/www.naturparkmagazin.de\/stechlin\/wp-json\/wp\/v2\/comments?post=6474"}],"version-history":[{"count":3,"href":"https:\/\/www.naturparkmagazin.de\/stechlin\/wp-json\/wp\/v2\/posts\/6474\/revisions"}],"predecessor-version":[{"id":6543,"href":"https:\/\/www.naturparkmagazin.de\/stechlin\/wp-json\/wp\/v2\/posts\/6474\/revisions\/6543"}],"wp:featuredmedia":[{"embeddable":true,"href":"https:\/\/www.naturparkmagazin.de\/stechlin\/wp-json\/wp\/v2\/media\/6476"}],"wp:attachment":[{"href":"https:\/\/www.naturparkmagazin.de\/stechlin\/wp-json\/wp\/v2\/media?parent=6474"}],"wp:term":[{"taxonomy":"category","embeddable":true,"href":"https:\/\/www.naturparkmagazin.de\/stechlin\/wp-json\/wp\/v2\/categories?post=6474"},{"taxonomy":"post_tag","embeddable":true,"href":"https:\/\/www.naturparkmagazin.de\/stechlin\/wp-json\/wp\/v2\/tags?post=6474"}],"curies":[{"name":"wp","href":"https:\/\/api.w.org\/{rel}","templated":true}]}}