{"id":6486,"date":"2017-12-11T09:32:14","date_gmt":"2017-12-11T08:32:14","guid":{"rendered":"http:\/\/www.naturparkmagazin.de\/stechlin\/?p=6486"},"modified":"2017-12-12T09:32:34","modified_gmt":"2017-12-12T08:32:34","slug":"dr-kirsten-tackmann-mdb","status":"publish","type":"post","link":"https:\/\/www.naturparkmagazin.de\/stechlin\/dr-kirsten-tackmann-mdb\/","title":{"rendered":"Dr. Kirsten Tackmann (MdB)"},"content":{"rendered":"<div id=\"attachment_6490\" style=\"width: 310px\" class=\"wp-caption aligncenter\"><a href=\"https:\/\/www.naturparkmagazin.de\/stechlin\/wp-content\/uploads\/sites\/38\/Kirsten-Tackmann-Mario-Schrumpf_22.jpg\"><img aria-describedby=\"caption-attachment-6490\" decoding=\"async\" loading=\"lazy\" class=\"size-thumbnail wp-image-6490\" src=\"https:\/\/www.naturparkmagazin.de\/stechlin\/wp-content\/uploads\/sites\/38\/Kirsten-Tackmann-Mario-Schrumpf_22-300x180.jpg\" alt=\"Naturparkleiter Dr. Mario Schrumpf stellt das Heckenpflanzprojekt &quot;Alte Kirschallee&quot; F\u00fcrstenberg\/Havel vor.\" width=\"300\" height=\"180\" srcset=\"https:\/\/www.naturparkmagazin.de\/stechlin\/wp-content\/uploads\/sites\/38\/Kirsten-Tackmann-Mario-Schrumpf_22-300x180.jpg 300w, https:\/\/www.naturparkmagazin.de\/stechlin\/wp-content\/uploads\/sites\/38\/Kirsten-Tackmann-Mario-Schrumpf_22.jpg 500w, https:\/\/www.naturparkmagazin.de\/stechlin\/wp-content\/uploads\/sites\/38\/Kirsten-Tackmann-Mario-Schrumpf_22-200x120.jpg 200w\" sizes=\"(max-width: 300px) 100vw, 300px\" \/><\/a><p id=\"caption-attachment-6490\" class=\"wp-caption-text\">Naturparkleiter Dr. Mario Schrumpf stellt das Heckenpflanzprojekt &#8222;Alte Kirschallee&#8220; F\u00fcrstenberg\/Havel vor.<\/p><\/div>\n<p>Die agrarpolitische Sprecherin der Linksfraktion im Bundestag besuchte am 5. Dezember den Naturpark. Die promovierte Veterin\u00e4rmedizinerin ist seit 2005 Mitglied im Deutschen Bundestag im Bundestagswahlkreis Prignitz-Ostprignitz Ruppin-Havelland. Seit 2014 sitzt sie auch im Kreistag Ostprignitz-Ruppin. In der Naturparkregion hat sie sich einen Namen als engagierte K\u00e4mpferin gegen die milit\u00e4rische Nutzung der Kyritz-Ruppiner Heide (Bombodrom) gemacht.<\/p>\n<p>So setzt sie sich aktuell auch f\u00fcr die Erweiterung des Naturparks um die Kyritz-Ruppiner Heide ein.<\/p>\n<div id=\"attachment_6489\" style=\"width: 310px\" class=\"wp-caption aligncenter\"><a href=\"https:\/\/www.naturparkmagazin.de\/stechlin\/wp-content\/uploads\/sites\/38\/Kirsten-Tackmann_Karin-Schl\u00f6sser_13.jpg\"><img aria-describedby=\"caption-attachment-6489\" decoding=\"async\" loading=\"lazy\" class=\"size-thumbnail wp-image-6489\" src=\"https:\/\/www.naturparkmagazin.de\/stechlin\/wp-content\/uploads\/sites\/38\/Kirsten-Tackmann_Karin-Schl\u00f6sser_13-300x180.jpg\" alt=\"Karin Schl\u00f6sser erl\u00e4utert die Ausstellung\" width=\"300\" height=\"180\" srcset=\"https:\/\/www.naturparkmagazin.de\/stechlin\/wp-content\/uploads\/sites\/38\/Kirsten-Tackmann_Karin-Schl\u00f6sser_13-300x180.jpg 300w, https:\/\/www.naturparkmagazin.de\/stechlin\/wp-content\/uploads\/sites\/38\/Kirsten-Tackmann_Karin-Schl\u00f6sser_13.jpg 500w, https:\/\/www.naturparkmagazin.de\/stechlin\/wp-content\/uploads\/sites\/38\/Kirsten-Tackmann_Karin-Schl\u00f6sser_13-200x120.jpg 200w\" sizes=\"(max-width: 300px) 100vw, 300px\" \/><\/a><p id=\"caption-attachment-6489\" class=\"wp-caption-text\">Karin Schl\u00f6sser erl\u00e4utert die Ausstellung<\/p><\/div>\n<p>Im Mittelpunkt ihres Besuches stand die Absicherung der dauerhaften Finanzierung des Besucherzentrums NaturParkHaus Stechlin sowie die \u00f6kologische und landschafts\u00e4sthetische Aufwertung der agrarisch genutzten Offenlandschaft durch Strukturelemente wie Hecken und Feldgeh\u00f6lze. Als Mitglied des im Fr\u00fchjahr 2017 gegr\u00fcndeten Landschaftspflegeverbandes Prignitz-Ruppiner Land ist ihr die nachhaltige Landnutzung ein besonderes Anliegen.<\/p>\n<div id=\"attachment_6488\" style=\"width: 310px\" class=\"wp-caption aligncenter\"><a href=\"https:\/\/www.naturparkmagazin.de\/stechlin\/wp-content\/uploads\/sites\/38\/Kirsten-Tackmann_Brat\u00e4pfel-07.jpg\"><img aria-describedby=\"caption-attachment-6488\" decoding=\"async\" loading=\"lazy\" class=\"size-thumbnail wp-image-6488\" src=\"https:\/\/www.naturparkmagazin.de\/stechlin\/wp-content\/uploads\/sites\/38\/Kirsten-Tackmann_Brat\u00e4pfel-07-300x180.jpg\" alt=\"Im Kachelofen warteten schon k\u00f6stliche Brat\u00e4pfel auf die Besucher.\" width=\"300\" height=\"180\" srcset=\"https:\/\/www.naturparkmagazin.de\/stechlin\/wp-content\/uploads\/sites\/38\/Kirsten-Tackmann_Brat\u00e4pfel-07-300x180.jpg 300w, https:\/\/www.naturparkmagazin.de\/stechlin\/wp-content\/uploads\/sites\/38\/Kirsten-Tackmann_Brat\u00e4pfel-07.jpg 500w, https:\/\/www.naturparkmagazin.de\/stechlin\/wp-content\/uploads\/sites\/38\/Kirsten-Tackmann_Brat\u00e4pfel-07-200x120.jpg 200w\" sizes=\"(max-width: 300px) 100vw, 300px\" \/><\/a><p id=\"caption-attachment-6488\" class=\"wp-caption-text\">Im Kachelofen warteten schon k\u00f6stliche Brat\u00e4pfel auf die Besucher.<\/p><\/div>\n","protected":false},"excerpt":{"rendered":"<p>Die agrarpolitische Sprecherin der Linksfraktion im Bundestag besuchte am 5. Dezember den Naturpark. <\/p>\n","protected":false},"author":39,"featured_media":6487,"comment_status":"open","ping_status":"open","sticky":false,"template":"","format":"standard","meta":[],"categories":[8],"tags":[],"yoast_head":"<!-- This site is optimized with the Yoast SEO plugin v19.10 - https:\/\/yoast.com\/wordpress\/plugins\/seo\/ -->\n<title>Dr. Kirsten Tackmann (MdB) - Naturpark Stechlin-Ruppiner Land<\/title>\n<meta name=\"robots\" content=\"index, follow, max-snippet:-1, max-image-preview:large, max-video-preview:-1\" \/>\n<link rel=\"canonical\" href=\"https:\/\/www.naturparkmagazin.de\/stechlin\/dr-kirsten-tackmann-mdb\/\" \/>\n<meta property=\"og:locale\" content=\"de_DE\" \/>\n<meta property=\"og:type\" content=\"article\" \/>\n<meta property=\"og:title\" content=\"Dr. Kirsten Tackmann (MdB) - Naturpark Stechlin-Ruppiner Land\" \/>\n<meta property=\"og:description\" content=\"Die agrarpolitische Sprecherin der Linksfraktion im Bundestag besuchte am 5. Dezember den Naturpark.\" \/>\n<meta property=\"og:url\" content=\"https:\/\/www.naturparkmagazin.de\/stechlin\/dr-kirsten-tackmann-mdb\/\" \/>\n<meta property=\"og:site_name\" content=\"Naturpark Stechlin-Ruppiner Land\" \/>\n<meta property=\"article:published_time\" content=\"2017-12-11T08:32:14+00:00\" \/>\n<meta property=\"article:modified_time\" content=\"2017-12-12T08:32:34+00:00\" \/>\n<meta property=\"og:image\" content=\"https:\/\/www.naturparkmagazin.de\/stechlin\/wp-content\/uploads\/sites\/38\/Kirsten-Tackmann.jpg\" \/>\n\t<meta property=\"og:image:width\" content=\"200\" \/>\n\t<meta property=\"og:image:height\" content=\"200\" \/>\n\t<meta property=\"og:image:type\" content=\"image\/jpeg\" \/>\n<meta name=\"author\" content=\"marioschrumpf\" \/>\n<meta name=\"twitter:label1\" content=\"Verfasst von\" \/>\n\t<meta name=\"twitter:data1\" content=\"marioschrumpf\" \/>\n\t<meta name=\"twitter:label2\" content=\"Gesch\u00e4tzte Lesezeit\" \/>\n\t<meta name=\"twitter:data2\" content=\"1\u00a0Minute\" \/>\n<script type=\"application\/ld+json\" class=\"yoast-schema-graph\">{\"@context\":\"https:\/\/schema.org\",\"@graph\":[{\"@type\":\"WebPage\",\"@id\":\"https:\/\/www.naturparkmagazin.de\/stechlin\/dr-kirsten-tackmann-mdb\/\",\"url\":\"https:\/\/www.naturparkmagazin.de\/stechlin\/dr-kirsten-tackmann-mdb\/\",\"name\":\"Dr. Kirsten Tackmann (MdB) - Naturpark Stechlin-Ruppiner Land\",\"isPartOf\":{\"@id\":\"https:\/\/www.naturparkmagazin.de\/stechlin\/#website\"},\"datePublished\":\"2017-12-11T08:32:14+00:00\",\"dateModified\":\"2017-12-12T08:32:34+00:00\",\"author\":{\"@id\":\"https:\/\/www.naturparkmagazin.de\/stechlin\/#\/schema\/person\/3f0d93203df21c806dd63c76d9bb28bc\"},\"breadcrumb\":{\"@id\":\"https:\/\/www.naturparkmagazin.de\/stechlin\/dr-kirsten-tackmann-mdb\/#breadcrumb\"},\"inLanguage\":\"de\",\"potentialAction\":[{\"@type\":\"ReadAction\",\"target\":[\"https:\/\/www.naturparkmagazin.de\/stechlin\/dr-kirsten-tackmann-mdb\/\"]}]},{\"@type\":\"BreadcrumbList\",\"@id\":\"https:\/\/www.naturparkmagazin.de\/stechlin\/dr-kirsten-tackmann-mdb\/#breadcrumb\",\"itemListElement\":[{\"@type\":\"ListItem\",\"position\":1,\"name\":\"Home\",\"item\":\"https:\/\/www.naturparkmagazin.de\/stechlin\/\"},{\"@type\":\"ListItem\",\"position\":2,\"name\":\"Dr. Kirsten Tackmann (MdB)\"}]},{\"@type\":\"WebSite\",\"@id\":\"https:\/\/www.naturparkmagazin.de\/stechlin\/#website\",\"url\":\"https:\/\/www.naturparkmagazin.de\/stechlin\/\",\"name\":\"Naturpark Stechlin-Ruppiner Land\",\"description\":\"\",\"potentialAction\":[{\"@type\":\"SearchAction\",\"target\":{\"@type\":\"EntryPoint\",\"urlTemplate\":\"https:\/\/www.naturparkmagazin.de\/stechlin\/?s={search_term_string}\"},\"query-input\":\"required name=search_term_string\"}],\"inLanguage\":\"de\"},{\"@type\":\"Person\",\"@id\":\"https:\/\/www.naturparkmagazin.de\/stechlin\/#\/schema\/person\/3f0d93203df21c806dd63c76d9bb28bc\",\"name\":\"marioschrumpf\",\"url\":\"https:\/\/www.naturparkmagazin.de\/stechlin\/author\/marioschrumpf\/\"}]}<\/script>\n<!-- \/ Yoast SEO plugin. -->","yoast_head_json":{"title":"Dr. Kirsten Tackmann (MdB) - Naturpark Stechlin-Ruppiner Land","robots":{"index":"index","follow":"follow","max-snippet":"max-snippet:-1","max-image-preview":"max-image-preview:large","max-video-preview":"max-video-preview:-1"},"canonical":"https:\/\/www.naturparkmagazin.de\/stechlin\/dr-kirsten-tackmann-mdb\/","og_locale":"de_DE","og_type":"article","og_title":"Dr. Kirsten Tackmann (MdB) - Naturpark Stechlin-Ruppiner Land","og_description":"Die agrarpolitische Sprecherin der Linksfraktion im Bundestag besuchte am 5. Dezember den Naturpark.","og_url":"https:\/\/www.naturparkmagazin.de\/stechlin\/dr-kirsten-tackmann-mdb\/","og_site_name":"Naturpark Stechlin-Ruppiner Land","article_published_time":"2017-12-11T08:32:14+00:00","article_modified_time":"2017-12-12T08:32:34+00:00","og_image":[{"width":200,"height":200,"url":"https:\/\/www.naturparkmagazin.de\/stechlin\/wp-content\/uploads\/sites\/38\/Kirsten-Tackmann.jpg","type":"image\/jpeg"}],"author":"marioschrumpf","twitter_misc":{"Verfasst von":"marioschrumpf","Gesch\u00e4tzte Lesezeit":"1\u00a0Minute"},"schema":{"@context":"https:\/\/schema.org","@graph":[{"@type":"WebPage","@id":"https:\/\/www.naturparkmagazin.de\/stechlin\/dr-kirsten-tackmann-mdb\/","url":"https:\/\/www.naturparkmagazin.de\/stechlin\/dr-kirsten-tackmann-mdb\/","name":"Dr. Kirsten Tackmann (MdB) - Naturpark Stechlin-Ruppiner Land","isPartOf":{"@id":"https:\/\/www.naturparkmagazin.de\/stechlin\/#website"},"datePublished":"2017-12-11T08:32:14+00:00","dateModified":"2017-12-12T08:32:34+00:00","author":{"@id":"https:\/\/www.naturparkmagazin.de\/stechlin\/#\/schema\/person\/3f0d93203df21c806dd63c76d9bb28bc"},"breadcrumb":{"@id":"https:\/\/www.naturparkmagazin.de\/stechlin\/dr-kirsten-tackmann-mdb\/#breadcrumb"},"inLanguage":"de","potentialAction":[{"@type":"ReadAction","target":["https:\/\/www.naturparkmagazin.de\/stechlin\/dr-kirsten-tackmann-mdb\/"]}]},{"@type":"BreadcrumbList","@id":"https:\/\/www.naturparkmagazin.de\/stechlin\/dr-kirsten-tackmann-mdb\/#breadcrumb","itemListElement":[{"@type":"ListItem","position":1,"name":"Home","item":"https:\/\/www.naturparkmagazin.de\/stechlin\/"},{"@type":"ListItem","position":2,"name":"Dr. Kirsten Tackmann (MdB)"}]},{"@type":"WebSite","@id":"https:\/\/www.naturparkmagazin.de\/stechlin\/#website","url":"https:\/\/www.naturparkmagazin.de\/stechlin\/","name":"Naturpark Stechlin-Ruppiner Land","description":"","potentialAction":[{"@type":"SearchAction","target":{"@type":"EntryPoint","urlTemplate":"https:\/\/www.naturparkmagazin.de\/stechlin\/?s={search_term_string}"},"query-input":"required name=search_term_string"}],"inLanguage":"de"},{"@type":"Person","@id":"https:\/\/www.naturparkmagazin.de\/stechlin\/#\/schema\/person\/3f0d93203df21c806dd63c76d9bb28bc","name":"marioschrumpf","url":"https:\/\/www.naturparkmagazin.de\/stechlin\/author\/marioschrumpf\/"}]}},"_links":{"self":[{"href":"https:\/\/www.naturparkmagazin.de\/stechlin\/wp-json\/wp\/v2\/posts\/6486"}],"collection":[{"href":"https:\/\/www.naturparkmagazin.de\/stechlin\/wp-json\/wp\/v2\/posts"}],"about":[{"href":"https:\/\/www.naturparkmagazin.de\/stechlin\/wp-json\/wp\/v2\/types\/post"}],"author":[{"embeddable":true,"href":"https:\/\/www.naturparkmagazin.de\/stechlin\/wp-json\/wp\/v2\/users\/39"}],"replies":[{"embeddable":true,"href":"https:\/\/www.naturparkmagazin.de\/stechlin\/wp-json\/wp\/v2\/comments?post=6486"}],"version-history":[{"count":1,"href":"https:\/\/www.naturparkmagazin.de\/stechlin\/wp-json\/wp\/v2\/posts\/6486\/revisions"}],"predecessor-version":[{"id":6491,"href":"https:\/\/www.naturparkmagazin.de\/stechlin\/wp-json\/wp\/v2\/posts\/6486\/revisions\/6491"}],"wp:featuredmedia":[{"embeddable":true,"href":"https:\/\/www.naturparkmagazin.de\/stechlin\/wp-json\/wp\/v2\/media\/6487"}],"wp:attachment":[{"href":"https:\/\/www.naturparkmagazin.de\/stechlin\/wp-json\/wp\/v2\/media?parent=6486"}],"wp:term":[{"taxonomy":"category","embeddable":true,"href":"https:\/\/www.naturparkmagazin.de\/stechlin\/wp-json\/wp\/v2\/categories?post=6486"},{"taxonomy":"post_tag","embeddable":true,"href":"https:\/\/www.naturparkmagazin.de\/stechlin\/wp-json\/wp\/v2\/tags?post=6486"}],"curies":[{"name":"wp","href":"https:\/\/api.w.org\/{rel}","templated":true}]}}