{"id":6498,"date":"2017-12-11T10:25:24","date_gmt":"2017-12-11T09:25:24","guid":{"rendered":"http:\/\/www.naturparkmagazin.de\/stechlin\/?p=6498"},"modified":"2017-12-19T19:18:47","modified_gmt":"2017-12-19T18:18:47","slug":"dankeschoen-veranstaltung-fuer-freiwillige-der-naturwacht","status":"publish","type":"post","link":"https:\/\/www.naturparkmagazin.de\/stechlin\/dankeschoen-veranstaltung-fuer-freiwillige-der-naturwacht\/","title":{"rendered":"Dankesch\u00f6n-Veranstaltung f\u00fcr Freiwillige der Naturwacht"},"content":{"rendered":"<p>Im Dezember waren die Freiwilligen der Naturwacht nach Wittstock\/Dosse zum traditionellen Jahresausklang eingeladen.<\/p>\n<div id=\"attachment_6500\" style=\"width: 310px\" class=\"wp-caption aligncenter\"><a href=\"https:\/\/www.naturparkmagazin.de\/stechlin\/wp-content\/uploads\/sites\/38\/Freiwillige-2017_18.jpg\"><img aria-describedby=\"caption-attachment-6500\" decoding=\"async\" loading=\"lazy\" class=\"size-thumbnail wp-image-6500\" src=\"https:\/\/www.naturparkmagazin.de\/stechlin\/wp-content\/uploads\/sites\/38\/Freiwillige-2017_18-300x180.jpg\" alt=\"F\u00fchrung durch die abendlich beleuchtete Wittstocker Altstadt.\" width=\"300\" height=\"180\" srcset=\"https:\/\/www.naturparkmagazin.de\/stechlin\/wp-content\/uploads\/sites\/38\/Freiwillige-2017_18-300x180.jpg 300w, https:\/\/www.naturparkmagazin.de\/stechlin\/wp-content\/uploads\/sites\/38\/Freiwillige-2017_18.jpg 500w, https:\/\/www.naturparkmagazin.de\/stechlin\/wp-content\/uploads\/sites\/38\/Freiwillige-2017_18-200x120.jpg 200w\" sizes=\"(max-width: 300px) 100vw, 300px\" \/><\/a><p id=\"caption-attachment-6500\" class=\"wp-caption-text\">F\u00fchrung durch die abendlich beleuchtete Wittstocker Altstadt.<\/p><\/div>\n<p>Sowohl den Hauptamtlichen der Naturwacht als auch dem Naturparkleiter ist es ein Bed\u00fcrfnis einmal im Jahr <strong>Danke zu sagen<\/strong> f\u00fcr die ehrenamtliche Arbeit. Ohne die engagierte Mitwirkung der Freiwilligen w\u00e4ren viele Projekte undenkbar. So betreuen sie Amphibienz\u00e4une, lesen im Rahmen des Monitorings Pegel ab oder helfen bei der Vorbereitung und Durchf\u00fchrung von Veranstaltungen.<\/p>\n<div id=\"attachment_6501\" style=\"width: 310px\" class=\"wp-caption aligncenter\"><a href=\"https:\/\/www.naturparkmagazin.de\/stechlin\/wp-content\/uploads\/sites\/38\/Freiwillige-2017_26.jpg\"><img aria-describedby=\"caption-attachment-6501\" decoding=\"async\" loading=\"lazy\" class=\"size-thumbnail wp-image-6501\" src=\"https:\/\/www.naturparkmagazin.de\/stechlin\/wp-content\/uploads\/sites\/38\/Freiwillige-2017_26-300x180.jpg\" alt=\"Mehr als 200 Stufen mussten auf dem Weg nach oben erklommen werden.\" width=\"300\" height=\"180\" srcset=\"https:\/\/www.naturparkmagazin.de\/stechlin\/wp-content\/uploads\/sites\/38\/Freiwillige-2017_26-300x180.jpg 300w, https:\/\/www.naturparkmagazin.de\/stechlin\/wp-content\/uploads\/sites\/38\/Freiwillige-2017_26.jpg 500w, https:\/\/www.naturparkmagazin.de\/stechlin\/wp-content\/uploads\/sites\/38\/Freiwillige-2017_26-200x120.jpg 200w\" sizes=\"(max-width: 300px) 100vw, 300px\" \/><\/a><p id=\"caption-attachment-6501\" class=\"wp-caption-text\">Mehr als 200 Stufen mussten auf dem Weg nach oben erklommen werden.<\/p><\/div>\n<p>Nach einem gemeinsamen Kaffeetrinken im Hotel und Restaurant R\u00f6beler Tor, ging es auf Exkursion durch das abendliche Wittstock\/Dosse. Anschlie\u00dfend klang der Abend mit einem gem\u00fctlichen Beisammensein aus.<\/p>\n<p>Ein herzliches Dankesch\u00f6n an den Natur- und Landschaftsf\u00fchrer G\u00fcnter Lutz, der eine spannende F\u00fchrung anbot und zusammen mit Ranger R\u00fcdiger Meyer die Dankesch\u00f6n-Veranstaltung organisatorisch begleitete. Vielen Dank auch an Anne Schierenberg von Europarc Deutschland f\u00fcr das Jahrespr\u00e4sent, eine Thermoskanne f\u00fcr zuk\u00fcnftige Eins\u00e4tze.<\/p>\n<div id=\"attachment_6502\" style=\"width: 310px\" class=\"wp-caption aligncenter\"><a href=\"https:\/\/www.naturparkmagazin.de\/stechlin\/wp-content\/uploads\/sites\/38\/Freiwillige-2017_29.jpg\"><img aria-describedby=\"caption-attachment-6502\" decoding=\"async\" loading=\"lazy\" class=\"size-thumbnail wp-image-6502\" src=\"https:\/\/www.naturparkmagazin.de\/stechlin\/wp-content\/uploads\/sites\/38\/Freiwillige-2017_29-300x180.jpg\" alt=\"Gro\u00dfartiger Blick vom Turm der Marien-Kirche.\" width=\"300\" height=\"180\" srcset=\"https:\/\/www.naturparkmagazin.de\/stechlin\/wp-content\/uploads\/sites\/38\/Freiwillige-2017_29-300x180.jpg 300w, https:\/\/www.naturparkmagazin.de\/stechlin\/wp-content\/uploads\/sites\/38\/Freiwillige-2017_29.jpg 500w, https:\/\/www.naturparkmagazin.de\/stechlin\/wp-content\/uploads\/sites\/38\/Freiwillige-2017_29-200x120.jpg 200w\" sizes=\"(max-width: 300px) 100vw, 300px\" \/><\/a><p id=\"caption-attachment-6502\" class=\"wp-caption-text\">Gro\u00dfartiger Blick vom Turm der Marien-Kirche.<\/p><\/div>\n<p>&nbsp;<\/p>\n","protected":false},"excerpt":{"rendered":"<p>Im Dezember waren die Freiwilligen der Naturwacht nach Wittstock\/Dosse zum traditionellen Jahresausklang eingeladen.<\/p>\n","protected":false},"author":39,"featured_media":6499,"comment_status":"open","ping_status":"open","sticky":false,"template":"","format":"standard","meta":[],"categories":[7],"tags":[],"yoast_head":"<!-- This site is optimized with the Yoast SEO plugin v19.10 - https:\/\/yoast.com\/wordpress\/plugins\/seo\/ -->\n<title>Dankesch\u00f6n-Veranstaltung f\u00fcr Freiwillige der Naturwacht - Naturpark Stechlin-Ruppiner Land<\/title>\n<meta name=\"robots\" content=\"index, follow, max-snippet:-1, max-image-preview:large, max-video-preview:-1\" \/>\n<link rel=\"canonical\" href=\"https:\/\/www.naturparkmagazin.de\/stechlin\/dankeschoen-veranstaltung-fuer-freiwillige-der-naturwacht\/\" \/>\n<meta property=\"og:locale\" content=\"de_DE\" \/>\n<meta property=\"og:type\" content=\"article\" \/>\n<meta property=\"og:title\" content=\"Dankesch\u00f6n-Veranstaltung f\u00fcr Freiwillige der Naturwacht - Naturpark Stechlin-Ruppiner Land\" \/>\n<meta property=\"og:description\" content=\"Im Dezember waren die Freiwilligen der Naturwacht nach Wittstock\/Dosse zum traditionellen Jahresausklang eingeladen.\" \/>\n<meta property=\"og:url\" content=\"https:\/\/www.naturparkmagazin.de\/stechlin\/dankeschoen-veranstaltung-fuer-freiwillige-der-naturwacht\/\" \/>\n<meta property=\"og:site_name\" content=\"Naturpark Stechlin-Ruppiner Land\" \/>\n<meta property=\"article:published_time\" content=\"2017-12-11T09:25:24+00:00\" \/>\n<meta property=\"article:modified_time\" content=\"2017-12-19T18:18:47+00:00\" \/>\n<meta property=\"og:image\" content=\"https:\/\/www.naturparkmagazin.de\/stechlin\/wp-content\/uploads\/sites\/38\/Freiwillige-2017_16.jpg\" \/>\n\t<meta property=\"og:image:width\" content=\"200\" \/>\n\t<meta property=\"og:image:height\" content=\"200\" \/>\n\t<meta property=\"og:image:type\" content=\"image\/jpeg\" \/>\n<meta name=\"author\" content=\"marioschrumpf\" \/>\n<meta name=\"twitter:label1\" content=\"Verfasst von\" \/>\n\t<meta name=\"twitter:data1\" content=\"marioschrumpf\" \/>\n\t<meta name=\"twitter:label2\" content=\"Gesch\u00e4tzte Lesezeit\" \/>\n\t<meta name=\"twitter:data2\" content=\"1\u00a0Minute\" \/>\n<script type=\"application\/ld+json\" class=\"yoast-schema-graph\">{\"@context\":\"https:\/\/schema.org\",\"@graph\":[{\"@type\":\"WebPage\",\"@id\":\"https:\/\/www.naturparkmagazin.de\/stechlin\/dankeschoen-veranstaltung-fuer-freiwillige-der-naturwacht\/\",\"url\":\"https:\/\/www.naturparkmagazin.de\/stechlin\/dankeschoen-veranstaltung-fuer-freiwillige-der-naturwacht\/\",\"name\":\"Dankesch\u00f6n-Veranstaltung f\u00fcr Freiwillige der Naturwacht - Naturpark Stechlin-Ruppiner Land\",\"isPartOf\":{\"@id\":\"https:\/\/www.naturparkmagazin.de\/stechlin\/#website\"},\"datePublished\":\"2017-12-11T09:25:24+00:00\",\"dateModified\":\"2017-12-19T18:18:47+00:00\",\"author\":{\"@id\":\"https:\/\/www.naturparkmagazin.de\/stechlin\/#\/schema\/person\/3f0d93203df21c806dd63c76d9bb28bc\"},\"breadcrumb\":{\"@id\":\"https:\/\/www.naturparkmagazin.de\/stechlin\/dankeschoen-veranstaltung-fuer-freiwillige-der-naturwacht\/#breadcrumb\"},\"inLanguage\":\"de\",\"potentialAction\":[{\"@type\":\"ReadAction\",\"target\":[\"https:\/\/www.naturparkmagazin.de\/stechlin\/dankeschoen-veranstaltung-fuer-freiwillige-der-naturwacht\/\"]}]},{\"@type\":\"BreadcrumbList\",\"@id\":\"https:\/\/www.naturparkmagazin.de\/stechlin\/dankeschoen-veranstaltung-fuer-freiwillige-der-naturwacht\/#breadcrumb\",\"itemListElement\":[{\"@type\":\"ListItem\",\"position\":1,\"name\":\"Home\",\"item\":\"https:\/\/www.naturparkmagazin.de\/stechlin\/\"},{\"@type\":\"ListItem\",\"position\":2,\"name\":\"Dankesch\u00f6n-Veranstaltung f\u00fcr Freiwillige der Naturwacht\"}]},{\"@type\":\"WebSite\",\"@id\":\"https:\/\/www.naturparkmagazin.de\/stechlin\/#website\",\"url\":\"https:\/\/www.naturparkmagazin.de\/stechlin\/\",\"name\":\"Naturpark Stechlin-Ruppiner Land\",\"description\":\"\",\"potentialAction\":[{\"@type\":\"SearchAction\",\"target\":{\"@type\":\"EntryPoint\",\"urlTemplate\":\"https:\/\/www.naturparkmagazin.de\/stechlin\/?s={search_term_string}\"},\"query-input\":\"required name=search_term_string\"}],\"inLanguage\":\"de\"},{\"@type\":\"Person\",\"@id\":\"https:\/\/www.naturparkmagazin.de\/stechlin\/#\/schema\/person\/3f0d93203df21c806dd63c76d9bb28bc\",\"name\":\"marioschrumpf\",\"url\":\"https:\/\/www.naturparkmagazin.de\/stechlin\/author\/marioschrumpf\/\"}]}<\/script>\n<!-- \/ Yoast SEO plugin. -->","yoast_head_json":{"title":"Dankesch\u00f6n-Veranstaltung f\u00fcr Freiwillige der Naturwacht - Naturpark Stechlin-Ruppiner Land","robots":{"index":"index","follow":"follow","max-snippet":"max-snippet:-1","max-image-preview":"max-image-preview:large","max-video-preview":"max-video-preview:-1"},"canonical":"https:\/\/www.naturparkmagazin.de\/stechlin\/dankeschoen-veranstaltung-fuer-freiwillige-der-naturwacht\/","og_locale":"de_DE","og_type":"article","og_title":"Dankesch\u00f6n-Veranstaltung f\u00fcr Freiwillige der Naturwacht - Naturpark Stechlin-Ruppiner Land","og_description":"Im Dezember waren die Freiwilligen der Naturwacht nach Wittstock\/Dosse zum traditionellen Jahresausklang eingeladen.","og_url":"https:\/\/www.naturparkmagazin.de\/stechlin\/dankeschoen-veranstaltung-fuer-freiwillige-der-naturwacht\/","og_site_name":"Naturpark Stechlin-Ruppiner Land","article_published_time":"2017-12-11T09:25:24+00:00","article_modified_time":"2017-12-19T18:18:47+00:00","og_image":[{"width":200,"height":200,"url":"https:\/\/www.naturparkmagazin.de\/stechlin\/wp-content\/uploads\/sites\/38\/Freiwillige-2017_16.jpg","type":"image\/jpeg"}],"author":"marioschrumpf","twitter_misc":{"Verfasst von":"marioschrumpf","Gesch\u00e4tzte Lesezeit":"1\u00a0Minute"},"schema":{"@context":"https:\/\/schema.org","@graph":[{"@type":"WebPage","@id":"https:\/\/www.naturparkmagazin.de\/stechlin\/dankeschoen-veranstaltung-fuer-freiwillige-der-naturwacht\/","url":"https:\/\/www.naturparkmagazin.de\/stechlin\/dankeschoen-veranstaltung-fuer-freiwillige-der-naturwacht\/","name":"Dankesch\u00f6n-Veranstaltung f\u00fcr Freiwillige der Naturwacht - Naturpark Stechlin-Ruppiner Land","isPartOf":{"@id":"https:\/\/www.naturparkmagazin.de\/stechlin\/#website"},"datePublished":"2017-12-11T09:25:24+00:00","dateModified":"2017-12-19T18:18:47+00:00","author":{"@id":"https:\/\/www.naturparkmagazin.de\/stechlin\/#\/schema\/person\/3f0d93203df21c806dd63c76d9bb28bc"},"breadcrumb":{"@id":"https:\/\/www.naturparkmagazin.de\/stechlin\/dankeschoen-veranstaltung-fuer-freiwillige-der-naturwacht\/#breadcrumb"},"inLanguage":"de","potentialAction":[{"@type":"ReadAction","target":["https:\/\/www.naturparkmagazin.de\/stechlin\/dankeschoen-veranstaltung-fuer-freiwillige-der-naturwacht\/"]}]},{"@type":"BreadcrumbList","@id":"https:\/\/www.naturparkmagazin.de\/stechlin\/dankeschoen-veranstaltung-fuer-freiwillige-der-naturwacht\/#breadcrumb","itemListElement":[{"@type":"ListItem","position":1,"name":"Home","item":"https:\/\/www.naturparkmagazin.de\/stechlin\/"},{"@type":"ListItem","position":2,"name":"Dankesch\u00f6n-Veranstaltung f\u00fcr Freiwillige der Naturwacht"}]},{"@type":"WebSite","@id":"https:\/\/www.naturparkmagazin.de\/stechlin\/#website","url":"https:\/\/www.naturparkmagazin.de\/stechlin\/","name":"Naturpark Stechlin-Ruppiner Land","description":"","potentialAction":[{"@type":"SearchAction","target":{"@type":"EntryPoint","urlTemplate":"https:\/\/www.naturparkmagazin.de\/stechlin\/?s={search_term_string}"},"query-input":"required name=search_term_string"}],"inLanguage":"de"},{"@type":"Person","@id":"https:\/\/www.naturparkmagazin.de\/stechlin\/#\/schema\/person\/3f0d93203df21c806dd63c76d9bb28bc","name":"marioschrumpf","url":"https:\/\/www.naturparkmagazin.de\/stechlin\/author\/marioschrumpf\/"}]}},"_links":{"self":[{"href":"https:\/\/www.naturparkmagazin.de\/stechlin\/wp-json\/wp\/v2\/posts\/6498"}],"collection":[{"href":"https:\/\/www.naturparkmagazin.de\/stechlin\/wp-json\/wp\/v2\/posts"}],"about":[{"href":"https:\/\/www.naturparkmagazin.de\/stechlin\/wp-json\/wp\/v2\/types\/post"}],"author":[{"embeddable":true,"href":"https:\/\/www.naturparkmagazin.de\/stechlin\/wp-json\/wp\/v2\/users\/39"}],"replies":[{"embeddable":true,"href":"https:\/\/www.naturparkmagazin.de\/stechlin\/wp-json\/wp\/v2\/comments?post=6498"}],"version-history":[{"count":2,"href":"https:\/\/www.naturparkmagazin.de\/stechlin\/wp-json\/wp\/v2\/posts\/6498\/revisions"}],"predecessor-version":[{"id":6537,"href":"https:\/\/www.naturparkmagazin.de\/stechlin\/wp-json\/wp\/v2\/posts\/6498\/revisions\/6537"}],"wp:featuredmedia":[{"embeddable":true,"href":"https:\/\/www.naturparkmagazin.de\/stechlin\/wp-json\/wp\/v2\/media\/6499"}],"wp:attachment":[{"href":"https:\/\/www.naturparkmagazin.de\/stechlin\/wp-json\/wp\/v2\/media?parent=6498"}],"wp:term":[{"taxonomy":"category","embeddable":true,"href":"https:\/\/www.naturparkmagazin.de\/stechlin\/wp-json\/wp\/v2\/categories?post=6498"},{"taxonomy":"post_tag","embeddable":true,"href":"https:\/\/www.naturparkmagazin.de\/stechlin\/wp-json\/wp\/v2\/tags?post=6498"}],"curies":[{"name":"wp","href":"https:\/\/api.w.org\/{rel}","templated":true}]}}