{"id":6504,"date":"2017-12-11T10:49:35","date_gmt":"2017-12-11T09:49:35","guid":{"rendered":"http:\/\/www.naturparkmagazin.de\/stechlin\/?p=6504"},"modified":"2017-12-19T19:15:45","modified_gmt":"2017-12-19T18:15:45","slug":"weiterbildung-fuer-brandenburger-bundesfreiwilligendienstler","status":"publish","type":"post","link":"https:\/\/www.naturparkmagazin.de\/stechlin\/weiterbildung-fuer-brandenburger-bundesfreiwilligendienstler\/","title":{"rendered":"Weiterbildung f\u00fcr Brandenburger Bundesfreiwilligendienstler"},"content":{"rendered":"<div id=\"attachment_6508\" style=\"width: 310px\" class=\"wp-caption aligncenter\"><a href=\"https:\/\/www.naturparkmagazin.de\/stechlin\/wp-content\/uploads\/sites\/38\/Bufdi-2017_22.jpg\"><img aria-describedby=\"caption-attachment-6508\" decoding=\"async\" loading=\"lazy\" class=\"size-thumbnail wp-image-6508\" src=\"https:\/\/www.naturparkmagazin.de\/stechlin\/wp-content\/uploads\/sites\/38\/Bufdi-2017_22-300x180.jpg\" alt=\"Erfahrungsaustausch im NaturParkHaus Stechlin.\" width=\"300\" height=\"180\" srcset=\"https:\/\/www.naturparkmagazin.de\/stechlin\/wp-content\/uploads\/sites\/38\/Bufdi-2017_22-300x180.jpg 300w, https:\/\/www.naturparkmagazin.de\/stechlin\/wp-content\/uploads\/sites\/38\/Bufdi-2017_22.jpg 500w, https:\/\/www.naturparkmagazin.de\/stechlin\/wp-content\/uploads\/sites\/38\/Bufdi-2017_22-200x120.jpg 200w\" sizes=\"(max-width: 300px) 100vw, 300px\" \/><\/a><p id=\"caption-attachment-6508\" class=\"wp-caption-text\">Erfahrungsaustausch im NaturParkHaus Stechlin.<\/p><\/div>\n<p>Sechs vom Verein M\u00e4rkischer Wald e.V. betreute Bundesfreiwilligen-Dienstler waren am Jahresende zu Gast im Naturpark.<\/p>\n<div id=\"attachment_6507\" style=\"width: 310px\" class=\"wp-caption aligncenter\"><a href=\"https:\/\/www.naturparkmagazin.de\/stechlin\/wp-content\/uploads\/sites\/38\/Bufdi-2017_12.jpg\"><img aria-describedby=\"caption-attachment-6507\" decoding=\"async\" loading=\"lazy\" class=\"size-thumbnail wp-image-6507\" src=\"https:\/\/www.naturparkmagazin.de\/stechlin\/wp-content\/uploads\/sites\/38\/Bufdi-2017_12-300x180.jpg\" alt=\"Egbert Witzlau, Bundesfreiwilliger in unserem Naturpark berichtet \u00fcber seine Arbeit bei der Unterhaltung der Infotafeln.\" width=\"300\" height=\"180\" srcset=\"https:\/\/www.naturparkmagazin.de\/stechlin\/wp-content\/uploads\/sites\/38\/Bufdi-2017_12-300x180.jpg 300w, https:\/\/www.naturparkmagazin.de\/stechlin\/wp-content\/uploads\/sites\/38\/Bufdi-2017_12.jpg 500w, https:\/\/www.naturparkmagazin.de\/stechlin\/wp-content\/uploads\/sites\/38\/Bufdi-2017_12-200x120.jpg 200w\" sizes=\"(max-width: 300px) 100vw, 300px\" \/><\/a><p id=\"caption-attachment-6507\" class=\"wp-caption-text\">Egbert Witzlau, Bufdi in unserem Naturpark berichtet \u00fcber seine Arbeit bei der Unterhaltung der Infotafeln.<\/p><\/div>\n<p>Neben ihrer eigentlichen T\u00e4tigkeit vor Ort in den Einsatzstellen treffen sich die Teilnehmer einmal pro Monat zur Weiterbildung. In Menz stand dabei der Besuch des NaturParkHauses Stechlin sowie eine Exkursion zum Roofensee im NSG Stechlin auf dem Programm. Die Teilnehmer waren beeindruckt von der Gr\u00f6\u00dfe der Biberburg. Der Nager hat sich vor einigen Jahren am Fu\u00dfe des Wallbergs angesiedelt.<\/p>\n<div id=\"attachment_6506\" style=\"width: 310px\" class=\"wp-caption aligncenter\"><a href=\"https:\/\/www.naturparkmagazin.de\/stechlin\/wp-content\/uploads\/sites\/38\/Bufdi-2017_05.jpg\"><img aria-describedby=\"caption-attachment-6506\" decoding=\"async\" loading=\"lazy\" class=\"size-thumbnail wp-image-6506\" src=\"https:\/\/www.naturparkmagazin.de\/stechlin\/wp-content\/uploads\/sites\/38\/Bufdi-2017_05-300x180.jpg\" alt=\"Vor Ort im Biberrevier.\" width=\"300\" height=\"180\" srcset=\"https:\/\/www.naturparkmagazin.de\/stechlin\/wp-content\/uploads\/sites\/38\/Bufdi-2017_05-300x180.jpg 300w, https:\/\/www.naturparkmagazin.de\/stechlin\/wp-content\/uploads\/sites\/38\/Bufdi-2017_05.jpg 500w, https:\/\/www.naturparkmagazin.de\/stechlin\/wp-content\/uploads\/sites\/38\/Bufdi-2017_05-200x120.jpg 200w\" sizes=\"(max-width: 300px) 100vw, 300px\" \/><\/a><p id=\"caption-attachment-6506\" class=\"wp-caption-text\">Vor Ort im Biberrevier.<\/p><\/div>\n<p>&nbsp;<\/p>\n","protected":false},"excerpt":{"rendered":"<p>Sechs vom Verein M\u00e4rkischer Wald e.V. betreute Bundesfreiwilligen-Dienstler waren am Jahresende zu Gast im Naturpark.<\/p>\n","protected":false},"author":39,"featured_media":6505,"comment_status":"open","ping_status":"open","sticky":false,"template":"","format":"standard","meta":[],"categories":[7],"tags":[],"yoast_head":"<!-- This site is optimized with the Yoast SEO plugin v19.10 - https:\/\/yoast.com\/wordpress\/plugins\/seo\/ -->\n<title>Weiterbildung f\u00fcr Brandenburger Bundesfreiwilligendienstler - Naturpark Stechlin-Ruppiner Land<\/title>\n<meta name=\"robots\" content=\"index, follow, max-snippet:-1, max-image-preview:large, max-video-preview:-1\" \/>\n<link rel=\"canonical\" href=\"https:\/\/www.naturparkmagazin.de\/stechlin\/weiterbildung-fuer-brandenburger-bundesfreiwilligendienstler\/\" \/>\n<meta property=\"og:locale\" content=\"de_DE\" \/>\n<meta property=\"og:type\" content=\"article\" \/>\n<meta property=\"og:title\" content=\"Weiterbildung f\u00fcr Brandenburger Bundesfreiwilligendienstler - Naturpark Stechlin-Ruppiner Land\" \/>\n<meta property=\"og:description\" content=\"Sechs vom Verein M\u00e4rkischer Wald e.V. betreute Bundesfreiwilligen-Dienstler waren am Jahresende zu Gast im Naturpark.\" \/>\n<meta property=\"og:url\" content=\"https:\/\/www.naturparkmagazin.de\/stechlin\/weiterbildung-fuer-brandenburger-bundesfreiwilligendienstler\/\" \/>\n<meta property=\"og:site_name\" content=\"Naturpark Stechlin-Ruppiner Land\" \/>\n<meta property=\"article:published_time\" content=\"2017-12-11T09:49:35+00:00\" \/>\n<meta property=\"article:modified_time\" content=\"2017-12-19T18:15:45+00:00\" \/>\n<meta property=\"og:image\" content=\"https:\/\/www.naturparkmagazin.de\/stechlin\/wp-content\/uploads\/sites\/38\/Bufdi-2017_09.jpg\" \/>\n\t<meta property=\"og:image:width\" content=\"200\" \/>\n\t<meta property=\"og:image:height\" content=\"200\" \/>\n\t<meta property=\"og:image:type\" content=\"image\/jpeg\" \/>\n<meta name=\"author\" content=\"marioschrumpf\" \/>\n<meta name=\"twitter:label1\" content=\"Verfasst von\" \/>\n\t<meta name=\"twitter:data1\" content=\"marioschrumpf\" \/>\n\t<meta name=\"twitter:label2\" content=\"Gesch\u00e4tzte Lesezeit\" \/>\n\t<meta name=\"twitter:data2\" content=\"1\u00a0Minute\" \/>\n<script type=\"application\/ld+json\" class=\"yoast-schema-graph\">{\"@context\":\"https:\/\/schema.org\",\"@graph\":[{\"@type\":\"WebPage\",\"@id\":\"https:\/\/www.naturparkmagazin.de\/stechlin\/weiterbildung-fuer-brandenburger-bundesfreiwilligendienstler\/\",\"url\":\"https:\/\/www.naturparkmagazin.de\/stechlin\/weiterbildung-fuer-brandenburger-bundesfreiwilligendienstler\/\",\"name\":\"Weiterbildung f\u00fcr Brandenburger Bundesfreiwilligendienstler - Naturpark Stechlin-Ruppiner Land\",\"isPartOf\":{\"@id\":\"https:\/\/www.naturparkmagazin.de\/stechlin\/#website\"},\"datePublished\":\"2017-12-11T09:49:35+00:00\",\"dateModified\":\"2017-12-19T18:15:45+00:00\",\"author\":{\"@id\":\"https:\/\/www.naturparkmagazin.de\/stechlin\/#\/schema\/person\/3f0d93203df21c806dd63c76d9bb28bc\"},\"breadcrumb\":{\"@id\":\"https:\/\/www.naturparkmagazin.de\/stechlin\/weiterbildung-fuer-brandenburger-bundesfreiwilligendienstler\/#breadcrumb\"},\"inLanguage\":\"de\",\"potentialAction\":[{\"@type\":\"ReadAction\",\"target\":[\"https:\/\/www.naturparkmagazin.de\/stechlin\/weiterbildung-fuer-brandenburger-bundesfreiwilligendienstler\/\"]}]},{\"@type\":\"BreadcrumbList\",\"@id\":\"https:\/\/www.naturparkmagazin.de\/stechlin\/weiterbildung-fuer-brandenburger-bundesfreiwilligendienstler\/#breadcrumb\",\"itemListElement\":[{\"@type\":\"ListItem\",\"position\":1,\"name\":\"Home\",\"item\":\"https:\/\/www.naturparkmagazin.de\/stechlin\/\"},{\"@type\":\"ListItem\",\"position\":2,\"name\":\"Weiterbildung f\u00fcr Brandenburger Bundesfreiwilligendienstler\"}]},{\"@type\":\"WebSite\",\"@id\":\"https:\/\/www.naturparkmagazin.de\/stechlin\/#website\",\"url\":\"https:\/\/www.naturparkmagazin.de\/stechlin\/\",\"name\":\"Naturpark Stechlin-Ruppiner Land\",\"description\":\"\",\"potentialAction\":[{\"@type\":\"SearchAction\",\"target\":{\"@type\":\"EntryPoint\",\"urlTemplate\":\"https:\/\/www.naturparkmagazin.de\/stechlin\/?s={search_term_string}\"},\"query-input\":\"required name=search_term_string\"}],\"inLanguage\":\"de\"},{\"@type\":\"Person\",\"@id\":\"https:\/\/www.naturparkmagazin.de\/stechlin\/#\/schema\/person\/3f0d93203df21c806dd63c76d9bb28bc\",\"name\":\"marioschrumpf\",\"url\":\"https:\/\/www.naturparkmagazin.de\/stechlin\/author\/marioschrumpf\/\"}]}<\/script>\n<!-- \/ Yoast SEO plugin. -->","yoast_head_json":{"title":"Weiterbildung f\u00fcr Brandenburger Bundesfreiwilligendienstler - Naturpark Stechlin-Ruppiner Land","robots":{"index":"index","follow":"follow","max-snippet":"max-snippet:-1","max-image-preview":"max-image-preview:large","max-video-preview":"max-video-preview:-1"},"canonical":"https:\/\/www.naturparkmagazin.de\/stechlin\/weiterbildung-fuer-brandenburger-bundesfreiwilligendienstler\/","og_locale":"de_DE","og_type":"article","og_title":"Weiterbildung f\u00fcr Brandenburger Bundesfreiwilligendienstler - Naturpark Stechlin-Ruppiner Land","og_description":"Sechs vom Verein M\u00e4rkischer Wald e.V. betreute Bundesfreiwilligen-Dienstler waren am Jahresende zu Gast im Naturpark.","og_url":"https:\/\/www.naturparkmagazin.de\/stechlin\/weiterbildung-fuer-brandenburger-bundesfreiwilligendienstler\/","og_site_name":"Naturpark Stechlin-Ruppiner Land","article_published_time":"2017-12-11T09:49:35+00:00","article_modified_time":"2017-12-19T18:15:45+00:00","og_image":[{"width":200,"height":200,"url":"https:\/\/www.naturparkmagazin.de\/stechlin\/wp-content\/uploads\/sites\/38\/Bufdi-2017_09.jpg","type":"image\/jpeg"}],"author":"marioschrumpf","twitter_misc":{"Verfasst von":"marioschrumpf","Gesch\u00e4tzte Lesezeit":"1\u00a0Minute"},"schema":{"@context":"https:\/\/schema.org","@graph":[{"@type":"WebPage","@id":"https:\/\/www.naturparkmagazin.de\/stechlin\/weiterbildung-fuer-brandenburger-bundesfreiwilligendienstler\/","url":"https:\/\/www.naturparkmagazin.de\/stechlin\/weiterbildung-fuer-brandenburger-bundesfreiwilligendienstler\/","name":"Weiterbildung f\u00fcr Brandenburger Bundesfreiwilligendienstler - Naturpark Stechlin-Ruppiner Land","isPartOf":{"@id":"https:\/\/www.naturparkmagazin.de\/stechlin\/#website"},"datePublished":"2017-12-11T09:49:35+00:00","dateModified":"2017-12-19T18:15:45+00:00","author":{"@id":"https:\/\/www.naturparkmagazin.de\/stechlin\/#\/schema\/person\/3f0d93203df21c806dd63c76d9bb28bc"},"breadcrumb":{"@id":"https:\/\/www.naturparkmagazin.de\/stechlin\/weiterbildung-fuer-brandenburger-bundesfreiwilligendienstler\/#breadcrumb"},"inLanguage":"de","potentialAction":[{"@type":"ReadAction","target":["https:\/\/www.naturparkmagazin.de\/stechlin\/weiterbildung-fuer-brandenburger-bundesfreiwilligendienstler\/"]}]},{"@type":"BreadcrumbList","@id":"https:\/\/www.naturparkmagazin.de\/stechlin\/weiterbildung-fuer-brandenburger-bundesfreiwilligendienstler\/#breadcrumb","itemListElement":[{"@type":"ListItem","position":1,"name":"Home","item":"https:\/\/www.naturparkmagazin.de\/stechlin\/"},{"@type":"ListItem","position":2,"name":"Weiterbildung f\u00fcr Brandenburger Bundesfreiwilligendienstler"}]},{"@type":"WebSite","@id":"https:\/\/www.naturparkmagazin.de\/stechlin\/#website","url":"https:\/\/www.naturparkmagazin.de\/stechlin\/","name":"Naturpark Stechlin-Ruppiner Land","description":"","potentialAction":[{"@type":"SearchAction","target":{"@type":"EntryPoint","urlTemplate":"https:\/\/www.naturparkmagazin.de\/stechlin\/?s={search_term_string}"},"query-input":"required name=search_term_string"}],"inLanguage":"de"},{"@type":"Person","@id":"https:\/\/www.naturparkmagazin.de\/stechlin\/#\/schema\/person\/3f0d93203df21c806dd63c76d9bb28bc","name":"marioschrumpf","url":"https:\/\/www.naturparkmagazin.de\/stechlin\/author\/marioschrumpf\/"}]}},"_links":{"self":[{"href":"https:\/\/www.naturparkmagazin.de\/stechlin\/wp-json\/wp\/v2\/posts\/6504"}],"collection":[{"href":"https:\/\/www.naturparkmagazin.de\/stechlin\/wp-json\/wp\/v2\/posts"}],"about":[{"href":"https:\/\/www.naturparkmagazin.de\/stechlin\/wp-json\/wp\/v2\/types\/post"}],"author":[{"embeddable":true,"href":"https:\/\/www.naturparkmagazin.de\/stechlin\/wp-json\/wp\/v2\/users\/39"}],"replies":[{"embeddable":true,"href":"https:\/\/www.naturparkmagazin.de\/stechlin\/wp-json\/wp\/v2\/comments?post=6504"}],"version-history":[{"count":3,"href":"https:\/\/www.naturparkmagazin.de\/stechlin\/wp-json\/wp\/v2\/posts\/6504\/revisions"}],"predecessor-version":[{"id":6535,"href":"https:\/\/www.naturparkmagazin.de\/stechlin\/wp-json\/wp\/v2\/posts\/6504\/revisions\/6535"}],"wp:featuredmedia":[{"embeddable":true,"href":"https:\/\/www.naturparkmagazin.de\/stechlin\/wp-json\/wp\/v2\/media\/6505"}],"wp:attachment":[{"href":"https:\/\/www.naturparkmagazin.de\/stechlin\/wp-json\/wp\/v2\/media?parent=6504"}],"wp:term":[{"taxonomy":"category","embeddable":true,"href":"https:\/\/www.naturparkmagazin.de\/stechlin\/wp-json\/wp\/v2\/categories?post=6504"},{"taxonomy":"post_tag","embeddable":true,"href":"https:\/\/www.naturparkmagazin.de\/stechlin\/wp-json\/wp\/v2\/tags?post=6504"}],"curies":[{"name":"wp","href":"https:\/\/api.w.org\/{rel}","templated":true}]}}