{"id":651,"date":"2014-01-23T16:27:20","date_gmt":"2014-01-23T14:27:20","guid":{"rendered":"http:\/\/www.naturparkmagazin.de\/stechlin\/?p=651"},"modified":"2014-01-28T11:14:49","modified_gmt":"2014-01-28T09:14:49","slug":"winterschulung-der-natur-und-landschaftsfuehrer","status":"publish","type":"post","link":"https:\/\/www.naturparkmagazin.de\/stechlin\/winterschulung-der-natur-und-landschaftsfuehrer\/","title":{"rendered":"Winterschulung der Natur- und Landschaftsf\u00fchrer"},"content":{"rendered":"<p>&nbsp;<\/p>\n<div id=\"attachment_384\" style=\"width: 630px\" class=\"wp-caption aligncenter\"><a href=\"https:\/\/www.naturparkmagazin.de\/stechlin\/wp-content\/uploads\/sites\/38\/k-Kultur1-e1390899855956.jpg\"><img aria-describedby=\"caption-attachment-384\" decoding=\"async\" loading=\"lazy\" class=\"size-medium wp-image-384 \" title=\"Natur- und Landschaftsf\u00fchrerin Karin Schl\u00f6sser\" alt=\"Natur- und Landschaftsf\u00fchrerin Karin Schl\u00f6sser\" src=\"https:\/\/www.naturparkmagazin.de\/stechlin\/wp-content\/uploads\/sites\/38\/k-Kultur1-620x415.jpg\" width=\"620\" height=\"415\" \/><\/a><p id=\"caption-attachment-384\" class=\"wp-caption-text\">Natur- und Landschaftsf\u00fchrerin Karin Schl\u00f6sser<\/p><\/div>\n<p>Die zertifizierten Natur- und Landschaftsf\u00fchrer des Naturparks trafen sich am 17.1. zu ihrer traditionellen Winterschulung mit Naturparkleiter, Dr. Mario Schrumpf in Menz. Auf dem Programm stand die Auswertung der Saison 2013 und die Planungen f\u00fcr 2014 sowie Neuigkeiten im Naturpark. Zur langfristigen Qualit\u00e4tssicherung der F\u00fchrungen sind die Guides verpflichtet, sich j\u00e4hrlich 6 Stunden fortzubilden. Ab 2014 sind die Fortbildungen in einem pers\u00f6nlichen Nachweisheft zu dokumentieren, das die Naturparkleitung den Teilnehmern \u00fcberreichte. So wird es noch vor Beginn der Saison einen Auffrischungskurs zur Ersten Hilfe geben.<\/p>\n<p>Die Naturparkf\u00fchrer werden auch 2014 wieder zahlreiche Veranstaltungen anbieten. Anl\u00e4\u00dflich des <strong>Weltg\u00e4stef\u00fchrertages<\/strong> werden folgende Touren zum diesj\u00e4hrigen <strong>Thema &#8222;Feuer und Flamme&#8220;<\/strong> angeboten:<\/p>\n<p><strong><span style=\"text-decoration: underline\">21.2.14, 14 Uhr<\/span><\/strong><\/p>\n<p>Feuer und Flamme oder Feuer und Wasser &#8211; Stabreime und Eselsbr\u00fccken in der Natur, Wanderung mit Anke Hoffmann, <em>Treffpunkt: Bushaltestelle Zechlinerh\u00fctte<\/em><\/p>\n<p><span style=\"text-decoration: underline\"><strong>22.2.14, 13.30 Uhr<\/strong><\/span><\/p>\n<p>Der gro\u00dfe Brand 1787, historische Stadtf\u00fchrung mit Rolf Dossmann durch Neuruppin, <em>Treffpunkt: Bahnhof Rheinsberger Tor<\/em><\/p>\n<p><strong><span style=\"text-decoration: underline\">23.2.2014, 10.30 Uhr<\/span><\/strong><\/p>\n<p>Feuer und Flamme f\u00fcr Rheinsberg, &#8222;Fan-tastische&#8220; Stadtf\u00fchrung mit Christine Mewes, <em>Treffpunkt: Kronprinzendenkmal<\/em><\/p>\n<p>Dar\u00fcberhinaus wird zum<strong> 1. Bundesweiten Naturparkwandertag am 25.Mai 2014<\/strong> anl\u00e4\u00dflich des Tages der Parke eine Wanderung im Rheinsberger Seengebiet angeboten.<\/p>\n","protected":false},"excerpt":{"rendered":"<p>Die zertifizierten Natur- und Landschaftsf\u00fchrer des Naturparks trafen sich am 17.1. zu ihrer traditionellen Winterschulung mit Naturparkleiter, Dr. Mario Schrumpf in Menz.<\/p>\n","protected":false},"author":39,"featured_media":384,"comment_status":"open","ping_status":"open","sticky":false,"template":"","format":"standard","meta":[],"categories":[7],"tags":[],"yoast_head":"<!-- This site is optimized with the Yoast SEO plugin v19.10 - https:\/\/yoast.com\/wordpress\/plugins\/seo\/ -->\n<title>Winterschulung der Natur- und Landschaftsf\u00fchrer - Naturpark Stechlin-Ruppiner Land<\/title>\n<meta name=\"robots\" content=\"index, follow, max-snippet:-1, max-image-preview:large, max-video-preview:-1\" \/>\n<link rel=\"canonical\" href=\"https:\/\/www.naturparkmagazin.de\/stechlin\/winterschulung-der-natur-und-landschaftsfuehrer\/\" \/>\n<meta property=\"og:locale\" content=\"de_DE\" \/>\n<meta property=\"og:type\" content=\"article\" \/>\n<meta property=\"og:title\" content=\"Winterschulung der Natur- und Landschaftsf\u00fchrer - Naturpark Stechlin-Ruppiner Land\" \/>\n<meta property=\"og:description\" content=\"Die zertifizierten Natur- und Landschaftsf\u00fchrer des Naturparks trafen sich am 17.1. zu ihrer traditionellen Winterschulung mit Naturparkleiter, Dr. Mario Schrumpf in Menz.\" \/>\n<meta property=\"og:url\" content=\"https:\/\/www.naturparkmagazin.de\/stechlin\/winterschulung-der-natur-und-landschaftsfuehrer\/\" \/>\n<meta property=\"og:site_name\" content=\"Naturpark Stechlin-Ruppiner Land\" \/>\n<meta property=\"article:published_time\" content=\"2014-01-23T14:27:20+00:00\" \/>\n<meta property=\"article:modified_time\" content=\"2014-01-28T09:14:49+00:00\" \/>\n<meta property=\"og:image\" content=\"https:\/\/www.naturparkmagazin.de\/stechlin\/wp-content\/uploads\/sites\/38\/k-Kultur1-e1390899855956.jpg\" \/>\n\t<meta property=\"og:image:width\" content=\"500\" \/>\n\t<meta property=\"og:image:height\" content=\"335\" \/>\n\t<meta property=\"og:image:type\" content=\"image\/jpeg\" \/>\n<meta name=\"author\" content=\"marioschrumpf\" \/>\n<meta name=\"twitter:label1\" content=\"Verfasst von\" \/>\n\t<meta name=\"twitter:data1\" content=\"marioschrumpf\" \/>\n\t<meta name=\"twitter:label2\" content=\"Gesch\u00e4tzte Lesezeit\" \/>\n\t<meta name=\"twitter:data2\" content=\"1\u00a0Minute\" \/>\n<script type=\"application\/ld+json\" class=\"yoast-schema-graph\">{\"@context\":\"https:\/\/schema.org\",\"@graph\":[{\"@type\":\"WebPage\",\"@id\":\"https:\/\/www.naturparkmagazin.de\/stechlin\/winterschulung-der-natur-und-landschaftsfuehrer\/\",\"url\":\"https:\/\/www.naturparkmagazin.de\/stechlin\/winterschulung-der-natur-und-landschaftsfuehrer\/\",\"name\":\"Winterschulung der Natur- und Landschaftsf\u00fchrer - Naturpark Stechlin-Ruppiner Land\",\"isPartOf\":{\"@id\":\"https:\/\/www.naturparkmagazin.de\/stechlin\/#website\"},\"datePublished\":\"2014-01-23T14:27:20+00:00\",\"dateModified\":\"2014-01-28T09:14:49+00:00\",\"author\":{\"@id\":\"https:\/\/www.naturparkmagazin.de\/stechlin\/#\/schema\/person\/3f0d93203df21c806dd63c76d9bb28bc\"},\"breadcrumb\":{\"@id\":\"https:\/\/www.naturparkmagazin.de\/stechlin\/winterschulung-der-natur-und-landschaftsfuehrer\/#breadcrumb\"},\"inLanguage\":\"de\",\"potentialAction\":[{\"@type\":\"ReadAction\",\"target\":[\"https:\/\/www.naturparkmagazin.de\/stechlin\/winterschulung-der-natur-und-landschaftsfuehrer\/\"]}]},{\"@type\":\"BreadcrumbList\",\"@id\":\"https:\/\/www.naturparkmagazin.de\/stechlin\/winterschulung-der-natur-und-landschaftsfuehrer\/#breadcrumb\",\"itemListElement\":[{\"@type\":\"ListItem\",\"position\":1,\"name\":\"Home\",\"item\":\"https:\/\/www.naturparkmagazin.de\/stechlin\/\"},{\"@type\":\"ListItem\",\"position\":2,\"name\":\"Winterschulung der Natur- und Landschaftsf\u00fchrer\"}]},{\"@type\":\"WebSite\",\"@id\":\"https:\/\/www.naturparkmagazin.de\/stechlin\/#website\",\"url\":\"https:\/\/www.naturparkmagazin.de\/stechlin\/\",\"name\":\"Naturpark Stechlin-Ruppiner Land\",\"description\":\"\",\"potentialAction\":[{\"@type\":\"SearchAction\",\"target\":{\"@type\":\"EntryPoint\",\"urlTemplate\":\"https:\/\/www.naturparkmagazin.de\/stechlin\/?s={search_term_string}\"},\"query-input\":\"required name=search_term_string\"}],\"inLanguage\":\"de\"},{\"@type\":\"Person\",\"@id\":\"https:\/\/www.naturparkmagazin.de\/stechlin\/#\/schema\/person\/3f0d93203df21c806dd63c76d9bb28bc\",\"name\":\"marioschrumpf\",\"url\":\"https:\/\/www.naturparkmagazin.de\/stechlin\/author\/marioschrumpf\/\"}]}<\/script>\n<!-- \/ Yoast SEO plugin. -->","yoast_head_json":{"title":"Winterschulung der Natur- und Landschaftsf\u00fchrer - Naturpark Stechlin-Ruppiner Land","robots":{"index":"index","follow":"follow","max-snippet":"max-snippet:-1","max-image-preview":"max-image-preview:large","max-video-preview":"max-video-preview:-1"},"canonical":"https:\/\/www.naturparkmagazin.de\/stechlin\/winterschulung-der-natur-und-landschaftsfuehrer\/","og_locale":"de_DE","og_type":"article","og_title":"Winterschulung der Natur- und Landschaftsf\u00fchrer - Naturpark Stechlin-Ruppiner Land","og_description":"Die zertifizierten Natur- und Landschaftsf\u00fchrer des Naturparks trafen sich am 17.1. zu ihrer traditionellen Winterschulung mit Naturparkleiter, Dr. Mario Schrumpf in Menz.","og_url":"https:\/\/www.naturparkmagazin.de\/stechlin\/winterschulung-der-natur-und-landschaftsfuehrer\/","og_site_name":"Naturpark Stechlin-Ruppiner Land","article_published_time":"2014-01-23T14:27:20+00:00","article_modified_time":"2014-01-28T09:14:49+00:00","og_image":[{"width":500,"height":335,"url":"https:\/\/www.naturparkmagazin.de\/stechlin\/wp-content\/uploads\/sites\/38\/k-Kultur1-e1390899855956.jpg","type":"image\/jpeg"}],"author":"marioschrumpf","twitter_misc":{"Verfasst von":"marioschrumpf","Gesch\u00e4tzte Lesezeit":"1\u00a0Minute"},"schema":{"@context":"https:\/\/schema.org","@graph":[{"@type":"WebPage","@id":"https:\/\/www.naturparkmagazin.de\/stechlin\/winterschulung-der-natur-und-landschaftsfuehrer\/","url":"https:\/\/www.naturparkmagazin.de\/stechlin\/winterschulung-der-natur-und-landschaftsfuehrer\/","name":"Winterschulung der Natur- und Landschaftsf\u00fchrer - Naturpark Stechlin-Ruppiner Land","isPartOf":{"@id":"https:\/\/www.naturparkmagazin.de\/stechlin\/#website"},"datePublished":"2014-01-23T14:27:20+00:00","dateModified":"2014-01-28T09:14:49+00:00","author":{"@id":"https:\/\/www.naturparkmagazin.de\/stechlin\/#\/schema\/person\/3f0d93203df21c806dd63c76d9bb28bc"},"breadcrumb":{"@id":"https:\/\/www.naturparkmagazin.de\/stechlin\/winterschulung-der-natur-und-landschaftsfuehrer\/#breadcrumb"},"inLanguage":"de","potentialAction":[{"@type":"ReadAction","target":["https:\/\/www.naturparkmagazin.de\/stechlin\/winterschulung-der-natur-und-landschaftsfuehrer\/"]}]},{"@type":"BreadcrumbList","@id":"https:\/\/www.naturparkmagazin.de\/stechlin\/winterschulung-der-natur-und-landschaftsfuehrer\/#breadcrumb","itemListElement":[{"@type":"ListItem","position":1,"name":"Home","item":"https:\/\/www.naturparkmagazin.de\/stechlin\/"},{"@type":"ListItem","position":2,"name":"Winterschulung der Natur- und Landschaftsf\u00fchrer"}]},{"@type":"WebSite","@id":"https:\/\/www.naturparkmagazin.de\/stechlin\/#website","url":"https:\/\/www.naturparkmagazin.de\/stechlin\/","name":"Naturpark Stechlin-Ruppiner Land","description":"","potentialAction":[{"@type":"SearchAction","target":{"@type":"EntryPoint","urlTemplate":"https:\/\/www.naturparkmagazin.de\/stechlin\/?s={search_term_string}"},"query-input":"required name=search_term_string"}],"inLanguage":"de"},{"@type":"Person","@id":"https:\/\/www.naturparkmagazin.de\/stechlin\/#\/schema\/person\/3f0d93203df21c806dd63c76d9bb28bc","name":"marioschrumpf","url":"https:\/\/www.naturparkmagazin.de\/stechlin\/author\/marioschrumpf\/"}]}},"_links":{"self":[{"href":"https:\/\/www.naturparkmagazin.de\/stechlin\/wp-json\/wp\/v2\/posts\/651"}],"collection":[{"href":"https:\/\/www.naturparkmagazin.de\/stechlin\/wp-json\/wp\/v2\/posts"}],"about":[{"href":"https:\/\/www.naturparkmagazin.de\/stechlin\/wp-json\/wp\/v2\/types\/post"}],"author":[{"embeddable":true,"href":"https:\/\/www.naturparkmagazin.de\/stechlin\/wp-json\/wp\/v2\/users\/39"}],"replies":[{"embeddable":true,"href":"https:\/\/www.naturparkmagazin.de\/stechlin\/wp-json\/wp\/v2\/comments?post=651"}],"version-history":[{"count":7,"href":"https:\/\/www.naturparkmagazin.de\/stechlin\/wp-json\/wp\/v2\/posts\/651\/revisions"}],"predecessor-version":[{"id":668,"href":"https:\/\/www.naturparkmagazin.de\/stechlin\/wp-json\/wp\/v2\/posts\/651\/revisions\/668"}],"wp:featuredmedia":[{"embeddable":true,"href":"https:\/\/www.naturparkmagazin.de\/stechlin\/wp-json\/wp\/v2\/media\/384"}],"wp:attachment":[{"href":"https:\/\/www.naturparkmagazin.de\/stechlin\/wp-json\/wp\/v2\/media?parent=651"}],"wp:term":[{"taxonomy":"category","embeddable":true,"href":"https:\/\/www.naturparkmagazin.de\/stechlin\/wp-json\/wp\/v2\/categories?post=651"},{"taxonomy":"post_tag","embeddable":true,"href":"https:\/\/www.naturparkmagazin.de\/stechlin\/wp-json\/wp\/v2\/tags?post=651"}],"curies":[{"name":"wp","href":"https:\/\/api.w.org\/{rel}","templated":true}]}}