{"id":6545,"date":"2018-01-16T08:17:20","date_gmt":"2018-01-16T07:17:20","guid":{"rendered":"http:\/\/www.naturparkmagazin.de\/stechlin\/?p=6545"},"modified":"2018-01-30T13:36:08","modified_gmt":"2018-01-30T12:36:08","slug":"zweiter-neujahrslauf-der-nordic-walker-und-wanderer","status":"publish","type":"post","link":"https:\/\/www.naturparkmagazin.de\/stechlin\/zweiter-neujahrslauf-der-nordic-walker-und-wanderer\/","title":{"rendered":"Zweiter Neujahrslauf der Nordic Walker und Wanderer"},"content":{"rendered":"<p><a href=\"https:\/\/www.naturparkmagazin.de\/stechlin\/wp-content\/uploads\/sites\/38\/Jan_WhatsApp-Image-2018-01-01-at-18.30.021-500x300.jpeg\"><img decoding=\"async\" loading=\"lazy\" class=\" size-thumbnail wp-image-6548 aligncenter\" src=\"https:\/\/www.naturparkmagazin.de\/stechlin\/wp-content\/uploads\/sites\/38\/Jan_WhatsApp-Image-2018-01-01-at-18.30.021-500x300-300x180.jpeg\" alt=\"NP SRL\/OLaf Wolff\" width=\"300\" height=\"180\" srcset=\"https:\/\/www.naturparkmagazin.de\/stechlin\/wp-content\/uploads\/sites\/38\/Jan_WhatsApp-Image-2018-01-01-at-18.30.021-500x300-300x180.jpeg 300w, https:\/\/www.naturparkmagazin.de\/stechlin\/wp-content\/uploads\/sites\/38\/Jan_WhatsApp-Image-2018-01-01-at-18.30.021-500x300.jpeg 500w, https:\/\/www.naturparkmagazin.de\/stechlin\/wp-content\/uploads\/sites\/38\/Jan_WhatsApp-Image-2018-01-01-at-18.30.021-500x300-200x120.jpeg 200w\" sizes=\"(max-width: 300px) 100vw, 300px\" \/><\/a>18 Nordic Walker und Wanderer trafen sich am Nachmittag des 1. Januar in der Kyritz-Ruppiner Heide zur zweiten Auflage des Neujahrslaufes.<\/p>\n<p>Nach einer kurzen Begr\u00fc\u00dfung machten wir uns sofort auf den Weg.<\/p>\n<p>\u00dcber eine Gesamtl\u00e4nge von 9 km ging es zum Sielmannh\u00fcgel, weiter bis zur Schutzh\u00fctte in Richtung Neuglienicke, zur\u00fcck bis zur Wegekreuzung \u201eTurmgestell\u201c und anschlie\u00dfend in Richtung Rossow.<\/p>\n<p>Unterwegs hatte ich die Gelegenheit, auf viele Fragen und interessierte Meinungen zur friedlichen Nutzung der Heide, der Munitionsbelastung, Heidepflege, Sielmann-Stiftung, Beschilderung und uns als Natur- und Landschaftsf\u00fchrer einzugehen.<\/p>\n<p>Selbstverst\u00e4ndlich kam auch die Themen Fitness, Nordic Walking, Wandern und die Aktivit\u00e4ten im Amt Temnitz nicht zu kurz.<\/p>\n<p><a href=\"https:\/\/www.naturparkmagazin.de\/stechlin\/wp-content\/uploads\/sites\/38\/Jan_20180101_142929-180x250.jpg\"><img decoding=\"async\" loading=\"lazy\" class=\" size-full wp-image-6546 aligncenter\" src=\"https:\/\/www.naturparkmagazin.de\/stechlin\/wp-content\/uploads\/sites\/38\/Jan_20180101_142929-180x250.jpg\" alt=\"NP SRL\/Olaf Wolff\" width=\"180\" height=\"250\" \/><\/a>Nach 2 Stunden voller toller Momente lie\u00dfen wir den Nachmittag bei selbstgebackenem Kuchen und Kaffee ausklingen.<\/p>\n<p>&nbsp;<\/p>\n<p>Olaf Wolff<\/p>\n<p>zertifizierter Natur- und Landschaftsf\u00fchrer des Naturparks Stechlin-Ruppiner Land<\/p>\n<p>&nbsp;<\/p>\n","protected":false},"excerpt":{"rendered":"<p>18 Nordic Walker und Wanderer trafen sich am Nachmittag des 1. Januar in der Kyritz-Ruppiner Heide zur zweiten Auflage des Neujahrslaufes.<\/p>\n","protected":false},"author":39,"featured_media":6547,"comment_status":"open","ping_status":"open","sticky":false,"template":"","format":"standard","meta":[],"categories":[7],"tags":[],"yoast_head":"<!-- This site is optimized with the Yoast SEO plugin v19.10 - https:\/\/yoast.com\/wordpress\/plugins\/seo\/ -->\n<title>Zweiter Neujahrslauf der Nordic Walker und Wanderer - Naturpark Stechlin-Ruppiner Land<\/title>\n<meta name=\"robots\" content=\"index, follow, max-snippet:-1, max-image-preview:large, max-video-preview:-1\" \/>\n<link rel=\"canonical\" href=\"https:\/\/www.naturparkmagazin.de\/stechlin\/zweiter-neujahrslauf-der-nordic-walker-und-wanderer\/\" \/>\n<meta property=\"og:locale\" content=\"de_DE\" \/>\n<meta property=\"og:type\" content=\"article\" \/>\n<meta property=\"og:title\" content=\"Zweiter Neujahrslauf der Nordic Walker und Wanderer - Naturpark Stechlin-Ruppiner Land\" \/>\n<meta property=\"og:description\" content=\"18 Nordic Walker und Wanderer trafen sich am Nachmittag des 1. Januar in der Kyritz-Ruppiner Heide zur zweiten Auflage des Neujahrslaufes.\" \/>\n<meta property=\"og:url\" content=\"https:\/\/www.naturparkmagazin.de\/stechlin\/zweiter-neujahrslauf-der-nordic-walker-und-wanderer\/\" \/>\n<meta property=\"og:site_name\" content=\"Naturpark Stechlin-Ruppiner Land\" \/>\n<meta property=\"article:published_time\" content=\"2018-01-16T07:17:20+00:00\" \/>\n<meta property=\"article:modified_time\" content=\"2018-01-30T12:36:08+00:00\" \/>\n<meta property=\"og:image\" content=\"https:\/\/www.naturparkmagazin.de\/stechlin\/wp-content\/uploads\/sites\/38\/Jan_WhatsApp-Image-2018-01-01-at-18.30.021-200x200.jpeg\" \/>\n\t<meta property=\"og:image:width\" content=\"200\" \/>\n\t<meta property=\"og:image:height\" content=\"200\" \/>\n\t<meta property=\"og:image:type\" content=\"image\/jpeg\" \/>\n<meta name=\"author\" content=\"marioschrumpf\" \/>\n<meta name=\"twitter:label1\" content=\"Verfasst von\" \/>\n\t<meta name=\"twitter:data1\" content=\"marioschrumpf\" \/>\n\t<meta name=\"twitter:label2\" content=\"Gesch\u00e4tzte Lesezeit\" \/>\n\t<meta name=\"twitter:data2\" content=\"1\u00a0Minute\" \/>\n<script type=\"application\/ld+json\" class=\"yoast-schema-graph\">{\"@context\":\"https:\/\/schema.org\",\"@graph\":[{\"@type\":\"WebPage\",\"@id\":\"https:\/\/www.naturparkmagazin.de\/stechlin\/zweiter-neujahrslauf-der-nordic-walker-und-wanderer\/\",\"url\":\"https:\/\/www.naturparkmagazin.de\/stechlin\/zweiter-neujahrslauf-der-nordic-walker-und-wanderer\/\",\"name\":\"Zweiter Neujahrslauf der Nordic Walker und Wanderer - Naturpark Stechlin-Ruppiner Land\",\"isPartOf\":{\"@id\":\"https:\/\/www.naturparkmagazin.de\/stechlin\/#website\"},\"datePublished\":\"2018-01-16T07:17:20+00:00\",\"dateModified\":\"2018-01-30T12:36:08+00:00\",\"author\":{\"@id\":\"https:\/\/www.naturparkmagazin.de\/stechlin\/#\/schema\/person\/3f0d93203df21c806dd63c76d9bb28bc\"},\"breadcrumb\":{\"@id\":\"https:\/\/www.naturparkmagazin.de\/stechlin\/zweiter-neujahrslauf-der-nordic-walker-und-wanderer\/#breadcrumb\"},\"inLanguage\":\"de\",\"potentialAction\":[{\"@type\":\"ReadAction\",\"target\":[\"https:\/\/www.naturparkmagazin.de\/stechlin\/zweiter-neujahrslauf-der-nordic-walker-und-wanderer\/\"]}]},{\"@type\":\"BreadcrumbList\",\"@id\":\"https:\/\/www.naturparkmagazin.de\/stechlin\/zweiter-neujahrslauf-der-nordic-walker-und-wanderer\/#breadcrumb\",\"itemListElement\":[{\"@type\":\"ListItem\",\"position\":1,\"name\":\"Home\",\"item\":\"https:\/\/www.naturparkmagazin.de\/stechlin\/\"},{\"@type\":\"ListItem\",\"position\":2,\"name\":\"Zweiter Neujahrslauf der Nordic Walker und Wanderer\"}]},{\"@type\":\"WebSite\",\"@id\":\"https:\/\/www.naturparkmagazin.de\/stechlin\/#website\",\"url\":\"https:\/\/www.naturparkmagazin.de\/stechlin\/\",\"name\":\"Naturpark Stechlin-Ruppiner Land\",\"description\":\"\",\"potentialAction\":[{\"@type\":\"SearchAction\",\"target\":{\"@type\":\"EntryPoint\",\"urlTemplate\":\"https:\/\/www.naturparkmagazin.de\/stechlin\/?s={search_term_string}\"},\"query-input\":\"required name=search_term_string\"}],\"inLanguage\":\"de\"},{\"@type\":\"Person\",\"@id\":\"https:\/\/www.naturparkmagazin.de\/stechlin\/#\/schema\/person\/3f0d93203df21c806dd63c76d9bb28bc\",\"name\":\"marioschrumpf\",\"url\":\"https:\/\/www.naturparkmagazin.de\/stechlin\/author\/marioschrumpf\/\"}]}<\/script>\n<!-- \/ Yoast SEO plugin. -->","yoast_head_json":{"title":"Zweiter Neujahrslauf der Nordic Walker und Wanderer - Naturpark Stechlin-Ruppiner Land","robots":{"index":"index","follow":"follow","max-snippet":"max-snippet:-1","max-image-preview":"max-image-preview:large","max-video-preview":"max-video-preview:-1"},"canonical":"https:\/\/www.naturparkmagazin.de\/stechlin\/zweiter-neujahrslauf-der-nordic-walker-und-wanderer\/","og_locale":"de_DE","og_type":"article","og_title":"Zweiter Neujahrslauf der Nordic Walker und Wanderer - Naturpark Stechlin-Ruppiner Land","og_description":"18 Nordic Walker und Wanderer trafen sich am Nachmittag des 1. Januar in der Kyritz-Ruppiner Heide zur zweiten Auflage des Neujahrslaufes.","og_url":"https:\/\/www.naturparkmagazin.de\/stechlin\/zweiter-neujahrslauf-der-nordic-walker-und-wanderer\/","og_site_name":"Naturpark Stechlin-Ruppiner Land","article_published_time":"2018-01-16T07:17:20+00:00","article_modified_time":"2018-01-30T12:36:08+00:00","og_image":[{"width":200,"height":200,"url":"https:\/\/www.naturparkmagazin.de\/stechlin\/wp-content\/uploads\/sites\/38\/Jan_WhatsApp-Image-2018-01-01-at-18.30.021-200x200.jpeg","type":"image\/jpeg"}],"author":"marioschrumpf","twitter_misc":{"Verfasst von":"marioschrumpf","Gesch\u00e4tzte Lesezeit":"1\u00a0Minute"},"schema":{"@context":"https:\/\/schema.org","@graph":[{"@type":"WebPage","@id":"https:\/\/www.naturparkmagazin.de\/stechlin\/zweiter-neujahrslauf-der-nordic-walker-und-wanderer\/","url":"https:\/\/www.naturparkmagazin.de\/stechlin\/zweiter-neujahrslauf-der-nordic-walker-und-wanderer\/","name":"Zweiter Neujahrslauf der Nordic Walker und Wanderer - Naturpark Stechlin-Ruppiner Land","isPartOf":{"@id":"https:\/\/www.naturparkmagazin.de\/stechlin\/#website"},"datePublished":"2018-01-16T07:17:20+00:00","dateModified":"2018-01-30T12:36:08+00:00","author":{"@id":"https:\/\/www.naturparkmagazin.de\/stechlin\/#\/schema\/person\/3f0d93203df21c806dd63c76d9bb28bc"},"breadcrumb":{"@id":"https:\/\/www.naturparkmagazin.de\/stechlin\/zweiter-neujahrslauf-der-nordic-walker-und-wanderer\/#breadcrumb"},"inLanguage":"de","potentialAction":[{"@type":"ReadAction","target":["https:\/\/www.naturparkmagazin.de\/stechlin\/zweiter-neujahrslauf-der-nordic-walker-und-wanderer\/"]}]},{"@type":"BreadcrumbList","@id":"https:\/\/www.naturparkmagazin.de\/stechlin\/zweiter-neujahrslauf-der-nordic-walker-und-wanderer\/#breadcrumb","itemListElement":[{"@type":"ListItem","position":1,"name":"Home","item":"https:\/\/www.naturparkmagazin.de\/stechlin\/"},{"@type":"ListItem","position":2,"name":"Zweiter Neujahrslauf der Nordic Walker und Wanderer"}]},{"@type":"WebSite","@id":"https:\/\/www.naturparkmagazin.de\/stechlin\/#website","url":"https:\/\/www.naturparkmagazin.de\/stechlin\/","name":"Naturpark Stechlin-Ruppiner Land","description":"","potentialAction":[{"@type":"SearchAction","target":{"@type":"EntryPoint","urlTemplate":"https:\/\/www.naturparkmagazin.de\/stechlin\/?s={search_term_string}"},"query-input":"required name=search_term_string"}],"inLanguage":"de"},{"@type":"Person","@id":"https:\/\/www.naturparkmagazin.de\/stechlin\/#\/schema\/person\/3f0d93203df21c806dd63c76d9bb28bc","name":"marioschrumpf","url":"https:\/\/www.naturparkmagazin.de\/stechlin\/author\/marioschrumpf\/"}]}},"_links":{"self":[{"href":"https:\/\/www.naturparkmagazin.de\/stechlin\/wp-json\/wp\/v2\/posts\/6545"}],"collection":[{"href":"https:\/\/www.naturparkmagazin.de\/stechlin\/wp-json\/wp\/v2\/posts"}],"about":[{"href":"https:\/\/www.naturparkmagazin.de\/stechlin\/wp-json\/wp\/v2\/types\/post"}],"author":[{"embeddable":true,"href":"https:\/\/www.naturparkmagazin.de\/stechlin\/wp-json\/wp\/v2\/users\/39"}],"replies":[{"embeddable":true,"href":"https:\/\/www.naturparkmagazin.de\/stechlin\/wp-json\/wp\/v2\/comments?post=6545"}],"version-history":[{"count":4,"href":"https:\/\/www.naturparkmagazin.de\/stechlin\/wp-json\/wp\/v2\/posts\/6545\/revisions"}],"predecessor-version":[{"id":6704,"href":"https:\/\/www.naturparkmagazin.de\/stechlin\/wp-json\/wp\/v2\/posts\/6545\/revisions\/6704"}],"wp:featuredmedia":[{"embeddable":true,"href":"https:\/\/www.naturparkmagazin.de\/stechlin\/wp-json\/wp\/v2\/media\/6547"}],"wp:attachment":[{"href":"https:\/\/www.naturparkmagazin.de\/stechlin\/wp-json\/wp\/v2\/media?parent=6545"}],"wp:term":[{"taxonomy":"category","embeddable":true,"href":"https:\/\/www.naturparkmagazin.de\/stechlin\/wp-json\/wp\/v2\/categories?post=6545"},{"taxonomy":"post_tag","embeddable":true,"href":"https:\/\/www.naturparkmagazin.de\/stechlin\/wp-json\/wp\/v2\/tags?post=6545"}],"curies":[{"name":"wp","href":"https:\/\/api.w.org\/{rel}","templated":true}]}}