{"id":6558,"date":"2018-01-16T09:10:25","date_gmt":"2018-01-16T08:10:25","guid":{"rendered":"http:\/\/www.naturparkmagazin.de\/stechlin\/?p=6558"},"modified":"2018-01-30T13:38:53","modified_gmt":"2018-01-30T12:38:53","slug":"weltgaestefuehrertag-zum-thema-menschen-die-geschichte-schreiben-3","status":"publish","type":"post","link":"https:\/\/www.naturparkmagazin.de\/stechlin\/weltgaestefuehrertag-zum-thema-menschen-die-geschichte-schreiben-3\/","title":{"rendered":"Preu\u00dfische Prinzen am Rheinsberger Hof"},"content":{"rendered":"<div id=\"attachment_3543\" style=\"width: 310px\" class=\"wp-caption alignnone\"><a href=\"https:\/\/www.naturparkmagazin.de\/stechlin\/wp-content\/uploads\/sites\/38\/PA121682_beitrag.jpg\"><img aria-describedby=\"caption-attachment-3543\" decoding=\"async\" loading=\"lazy\" class=\"wp-image-3543 size-thumbnail\" src=\"https:\/\/www.naturparkmagazin.de\/stechlin\/wp-content\/uploads\/sites\/38\/PA121682_beitrag-300x180.jpg\" alt=\"Auf Spurensuche im Schlosspark Rheinsberg k\u00f6nnen Besucher ganzj\u00e4hrig starten.(Foto: Dr. Mario Schrumpf)\" width=\"300\" height=\"180\" srcset=\"https:\/\/www.naturparkmagazin.de\/stechlin\/wp-content\/uploads\/sites\/38\/PA121682_beitrag-300x180.jpg 300w, https:\/\/www.naturparkmagazin.de\/stechlin\/wp-content\/uploads\/sites\/38\/PA121682_beitrag.jpg 500w, https:\/\/www.naturparkmagazin.de\/stechlin\/wp-content\/uploads\/sites\/38\/PA121682_beitrag-200x120.jpg 200w\" sizes=\"(max-width: 300px) 100vw, 300px\" \/><\/a><p id=\"caption-attachment-3543\" class=\"wp-caption-text\">Schloss Rheinsberg<\/p><\/div>\n<p>Anl\u00e4sslich des Weltg\u00e4stef\u00fchrer-Tages der in diesem Jahr unter dem Motto &#8222;<em>Menschen, die Geschichte schrieben<\/em>&#8220; steht, l\u00e4dt<\/p>\n<p><strong>Christine Mewes<\/strong>, zertifizierte Natur- und Landschaftsf\u00fchrerin, nach Rheinsberg zur Schlossparkf\u00fchrung ein.<\/p>\n<p>&nbsp;<\/p>\n<p><strong>Termin:<\/strong> 24. Februar, 10 Uhr<\/p>\n<p><strong>Treff:\u00a0<\/strong>Kronprinzendenkmal Rheinsberg<\/p>\n","protected":false},"excerpt":{"rendered":"<p>Anl\u00e4sslich des Weltg\u00e4stef\u00fchrer-Tages l\u00e4dt Christine Mewes, zertifizierte Natur- und Landschaftsf\u00fchrerin, nach Rheinsberg zur Schlossparkf\u00fchrung ein.<\/p>\n","protected":false},"author":39,"featured_media":3736,"comment_status":"open","ping_status":"open","sticky":false,"template":"","format":"standard","meta":[],"categories":[11],"tags":[],"yoast_head":"<!-- This site is optimized with the Yoast SEO plugin v19.10 - https:\/\/yoast.com\/wordpress\/plugins\/seo\/ -->\n<title>Preu\u00dfische Prinzen am Rheinsberger Hof - Naturpark Stechlin-Ruppiner Land<\/title>\n<meta name=\"robots\" content=\"index, follow, max-snippet:-1, max-image-preview:large, max-video-preview:-1\" \/>\n<link rel=\"canonical\" href=\"https:\/\/www.naturparkmagazin.de\/stechlin\/weltgaestefuehrertag-zum-thema-menschen-die-geschichte-schreiben-3\/\" \/>\n<meta property=\"og:locale\" content=\"de_DE\" \/>\n<meta property=\"og:type\" content=\"article\" \/>\n<meta property=\"og:title\" content=\"Preu\u00dfische Prinzen am Rheinsberger Hof - Naturpark Stechlin-Ruppiner Land\" \/>\n<meta property=\"og:description\" content=\"Anl\u00e4sslich des Weltg\u00e4stef\u00fchrer-Tages l\u00e4dt Christine Mewes, zertifizierte Natur- und Landschaftsf\u00fchrerin, nach Rheinsberg zur Schlossparkf\u00fchrung ein.\" \/>\n<meta property=\"og:url\" content=\"https:\/\/www.naturparkmagazin.de\/stechlin\/weltgaestefuehrertag-zum-thema-menschen-die-geschichte-schreiben-3\/\" \/>\n<meta property=\"og:site_name\" content=\"Naturpark Stechlin-Ruppiner Land\" \/>\n<meta property=\"article:published_time\" content=\"2018-01-16T08:10:25+00:00\" \/>\n<meta property=\"article:modified_time\" content=\"2018-01-30T12:38:53+00:00\" \/>\n<meta property=\"og:image\" content=\"https:\/\/www.naturparkmagazin.de\/stechlin\/wp-content\/uploads\/sites\/38\/NEB-3-e1516004614330.jpg\" \/>\n\t<meta property=\"og:image:width\" content=\"385\" \/>\n\t<meta property=\"og:image:height\" content=\"296\" \/>\n\t<meta property=\"og:image:type\" content=\"image\/jpeg\" \/>\n<meta name=\"author\" content=\"marioschrumpf\" \/>\n<meta name=\"twitter:label1\" content=\"Verfasst von\" \/>\n\t<meta name=\"twitter:data1\" content=\"marioschrumpf\" \/>\n<script type=\"application\/ld+json\" class=\"yoast-schema-graph\">{\"@context\":\"https:\/\/schema.org\",\"@graph\":[{\"@type\":\"WebPage\",\"@id\":\"https:\/\/www.naturparkmagazin.de\/stechlin\/weltgaestefuehrertag-zum-thema-menschen-die-geschichte-schreiben-3\/\",\"url\":\"https:\/\/www.naturparkmagazin.de\/stechlin\/weltgaestefuehrertag-zum-thema-menschen-die-geschichte-schreiben-3\/\",\"name\":\"Preu\u00dfische Prinzen am Rheinsberger Hof - Naturpark Stechlin-Ruppiner Land\",\"isPartOf\":{\"@id\":\"https:\/\/www.naturparkmagazin.de\/stechlin\/#website\"},\"datePublished\":\"2018-01-16T08:10:25+00:00\",\"dateModified\":\"2018-01-30T12:38:53+00:00\",\"author\":{\"@id\":\"https:\/\/www.naturparkmagazin.de\/stechlin\/#\/schema\/person\/3f0d93203df21c806dd63c76d9bb28bc\"},\"breadcrumb\":{\"@id\":\"https:\/\/www.naturparkmagazin.de\/stechlin\/weltgaestefuehrertag-zum-thema-menschen-die-geschichte-schreiben-3\/#breadcrumb\"},\"inLanguage\":\"de\",\"potentialAction\":[{\"@type\":\"ReadAction\",\"target\":[\"https:\/\/www.naturparkmagazin.de\/stechlin\/weltgaestefuehrertag-zum-thema-menschen-die-geschichte-schreiben-3\/\"]}]},{\"@type\":\"BreadcrumbList\",\"@id\":\"https:\/\/www.naturparkmagazin.de\/stechlin\/weltgaestefuehrertag-zum-thema-menschen-die-geschichte-schreiben-3\/#breadcrumb\",\"itemListElement\":[{\"@type\":\"ListItem\",\"position\":1,\"name\":\"Home\",\"item\":\"https:\/\/www.naturparkmagazin.de\/stechlin\/\"},{\"@type\":\"ListItem\",\"position\":2,\"name\":\"Preu\u00dfische Prinzen am Rheinsberger Hof\"}]},{\"@type\":\"WebSite\",\"@id\":\"https:\/\/www.naturparkmagazin.de\/stechlin\/#website\",\"url\":\"https:\/\/www.naturparkmagazin.de\/stechlin\/\",\"name\":\"Naturpark Stechlin-Ruppiner Land\",\"description\":\"\",\"potentialAction\":[{\"@type\":\"SearchAction\",\"target\":{\"@type\":\"EntryPoint\",\"urlTemplate\":\"https:\/\/www.naturparkmagazin.de\/stechlin\/?s={search_term_string}\"},\"query-input\":\"required name=search_term_string\"}],\"inLanguage\":\"de\"},{\"@type\":\"Person\",\"@id\":\"https:\/\/www.naturparkmagazin.de\/stechlin\/#\/schema\/person\/3f0d93203df21c806dd63c76d9bb28bc\",\"name\":\"marioschrumpf\",\"url\":\"https:\/\/www.naturparkmagazin.de\/stechlin\/author\/marioschrumpf\/\"}]}<\/script>\n<!-- \/ Yoast SEO plugin. -->","yoast_head_json":{"title":"Preu\u00dfische Prinzen am Rheinsberger Hof - Naturpark Stechlin-Ruppiner Land","robots":{"index":"index","follow":"follow","max-snippet":"max-snippet:-1","max-image-preview":"max-image-preview:large","max-video-preview":"max-video-preview:-1"},"canonical":"https:\/\/www.naturparkmagazin.de\/stechlin\/weltgaestefuehrertag-zum-thema-menschen-die-geschichte-schreiben-3\/","og_locale":"de_DE","og_type":"article","og_title":"Preu\u00dfische Prinzen am Rheinsberger Hof - Naturpark Stechlin-Ruppiner Land","og_description":"Anl\u00e4sslich des Weltg\u00e4stef\u00fchrer-Tages l\u00e4dt Christine Mewes, zertifizierte Natur- und Landschaftsf\u00fchrerin, nach Rheinsberg zur Schlossparkf\u00fchrung ein.","og_url":"https:\/\/www.naturparkmagazin.de\/stechlin\/weltgaestefuehrertag-zum-thema-menschen-die-geschichte-schreiben-3\/","og_site_name":"Naturpark Stechlin-Ruppiner Land","article_published_time":"2018-01-16T08:10:25+00:00","article_modified_time":"2018-01-30T12:38:53+00:00","og_image":[{"width":385,"height":296,"url":"https:\/\/www.naturparkmagazin.de\/stechlin\/wp-content\/uploads\/sites\/38\/NEB-3-e1516004614330.jpg","type":"image\/jpeg"}],"author":"marioschrumpf","twitter_misc":{"Verfasst von":"marioschrumpf"},"schema":{"@context":"https:\/\/schema.org","@graph":[{"@type":"WebPage","@id":"https:\/\/www.naturparkmagazin.de\/stechlin\/weltgaestefuehrertag-zum-thema-menschen-die-geschichte-schreiben-3\/","url":"https:\/\/www.naturparkmagazin.de\/stechlin\/weltgaestefuehrertag-zum-thema-menschen-die-geschichte-schreiben-3\/","name":"Preu\u00dfische Prinzen am Rheinsberger Hof - Naturpark Stechlin-Ruppiner Land","isPartOf":{"@id":"https:\/\/www.naturparkmagazin.de\/stechlin\/#website"},"datePublished":"2018-01-16T08:10:25+00:00","dateModified":"2018-01-30T12:38:53+00:00","author":{"@id":"https:\/\/www.naturparkmagazin.de\/stechlin\/#\/schema\/person\/3f0d93203df21c806dd63c76d9bb28bc"},"breadcrumb":{"@id":"https:\/\/www.naturparkmagazin.de\/stechlin\/weltgaestefuehrertag-zum-thema-menschen-die-geschichte-schreiben-3\/#breadcrumb"},"inLanguage":"de","potentialAction":[{"@type":"ReadAction","target":["https:\/\/www.naturparkmagazin.de\/stechlin\/weltgaestefuehrertag-zum-thema-menschen-die-geschichte-schreiben-3\/"]}]},{"@type":"BreadcrumbList","@id":"https:\/\/www.naturparkmagazin.de\/stechlin\/weltgaestefuehrertag-zum-thema-menschen-die-geschichte-schreiben-3\/#breadcrumb","itemListElement":[{"@type":"ListItem","position":1,"name":"Home","item":"https:\/\/www.naturparkmagazin.de\/stechlin\/"},{"@type":"ListItem","position":2,"name":"Preu\u00dfische Prinzen am Rheinsberger Hof"}]},{"@type":"WebSite","@id":"https:\/\/www.naturparkmagazin.de\/stechlin\/#website","url":"https:\/\/www.naturparkmagazin.de\/stechlin\/","name":"Naturpark Stechlin-Ruppiner Land","description":"","potentialAction":[{"@type":"SearchAction","target":{"@type":"EntryPoint","urlTemplate":"https:\/\/www.naturparkmagazin.de\/stechlin\/?s={search_term_string}"},"query-input":"required name=search_term_string"}],"inLanguage":"de"},{"@type":"Person","@id":"https:\/\/www.naturparkmagazin.de\/stechlin\/#\/schema\/person\/3f0d93203df21c806dd63c76d9bb28bc","name":"marioschrumpf","url":"https:\/\/www.naturparkmagazin.de\/stechlin\/author\/marioschrumpf\/"}]}},"_links":{"self":[{"href":"https:\/\/www.naturparkmagazin.de\/stechlin\/wp-json\/wp\/v2\/posts\/6558"}],"collection":[{"href":"https:\/\/www.naturparkmagazin.de\/stechlin\/wp-json\/wp\/v2\/posts"}],"about":[{"href":"https:\/\/www.naturparkmagazin.de\/stechlin\/wp-json\/wp\/v2\/types\/post"}],"author":[{"embeddable":true,"href":"https:\/\/www.naturparkmagazin.de\/stechlin\/wp-json\/wp\/v2\/users\/39"}],"replies":[{"embeddable":true,"href":"https:\/\/www.naturparkmagazin.de\/stechlin\/wp-json\/wp\/v2\/comments?post=6558"}],"version-history":[{"count":4,"href":"https:\/\/www.naturparkmagazin.de\/stechlin\/wp-json\/wp\/v2\/posts\/6558\/revisions"}],"predecessor-version":[{"id":6706,"href":"https:\/\/www.naturparkmagazin.de\/stechlin\/wp-json\/wp\/v2\/posts\/6558\/revisions\/6706"}],"wp:featuredmedia":[{"embeddable":true,"href":"https:\/\/www.naturparkmagazin.de\/stechlin\/wp-json\/wp\/v2\/media\/3736"}],"wp:attachment":[{"href":"https:\/\/www.naturparkmagazin.de\/stechlin\/wp-json\/wp\/v2\/media?parent=6558"}],"wp:term":[{"taxonomy":"category","embeddable":true,"href":"https:\/\/www.naturparkmagazin.de\/stechlin\/wp-json\/wp\/v2\/categories?post=6558"},{"taxonomy":"post_tag","embeddable":true,"href":"https:\/\/www.naturparkmagazin.de\/stechlin\/wp-json\/wp\/v2\/tags?post=6558"}],"curies":[{"name":"wp","href":"https:\/\/api.w.org\/{rel}","templated":true}]}}