{"id":6566,"date":"2018-01-16T14:48:08","date_gmt":"2018-01-16T13:48:08","guid":{"rendered":"http:\/\/www.naturparkmagazin.de\/stechlin\/?p=6566"},"modified":"2018-01-19T10:48:24","modified_gmt":"2018-01-19T09:48:24","slug":"coffee-to-go-plastiktueten-und-muelltrennung","status":"publish","type":"post","link":"https:\/\/www.naturparkmagazin.de\/stechlin\/coffee-to-go-plastiktueten-und-muelltrennung\/","title":{"rendered":"Coffee to go, Plastikt\u00fcten und M\u00fclltrennung"},"content":{"rendered":"<div id=\"attachment_6608\" style=\"width: 310px\" class=\"wp-caption aligncenter\"><a href=\"https:\/\/www.naturparkmagazin.de\/stechlin\/wp-content\/uploads\/sites\/38\/wasser-plastik.jpg\"><img aria-describedby=\"caption-attachment-6608\" decoding=\"async\" loading=\"lazy\" class=\"size-thumbnail wp-image-6608\" src=\"https:\/\/www.naturparkmagazin.de\/stechlin\/wp-content\/uploads\/sites\/38\/wasser-plastik-300x425.jpg\" alt=\"1. Preis - Daniel Zordan (Italien)\" width=\"300\" height=\"425\" srcset=\"https:\/\/www.naturparkmagazin.de\/stechlin\/wp-content\/uploads\/sites\/38\/wasser-plastik-300x425.jpg 300w, https:\/\/www.naturparkmagazin.de\/stechlin\/wp-content\/uploads\/sites\/38\/wasser-plastik-620x879.jpg 620w, https:\/\/www.naturparkmagazin.de\/stechlin\/wp-content\/uploads\/sites\/38\/wasser-plastik-940x1332.jpg 940w, https:\/\/www.naturparkmagazin.de\/stechlin\/wp-content\/uploads\/sites\/38\/wasser-plastik-670x950.jpg 670w, https:\/\/www.naturparkmagazin.de\/stechlin\/wp-content\/uploads\/sites\/38\/wasser-plastik-200x284.jpg 200w, https:\/\/www.naturparkmagazin.de\/stechlin\/wp-content\/uploads\/sites\/38\/wasser-plastik.jpg 1243w\" sizes=\"(max-width: 300px) 100vw, 300px\" \/><\/a><p id=\"caption-attachment-6608\" class=\"wp-caption-text\">1. Preis &#8211; Daniel Zordan (Italien)<\/p><\/div>\n<p>Noch bis 4. M\u00e4rz ist in der Regionalwerkstatt Stechlin in Menz die Karikaturen-Ausstellung zum Thema M\u00fcll zu sehen.<\/p>\n<p>Der Vorsitzende der Stiftung Naturschutz Berlin, Reinhard Dalchow, er\u00f6ffnete die Ausstellung am 12. Januar im Beisein zahlreicher G\u00e4ste.<\/p>\n<p>Die Arbeiten sind anl\u00e4sslich des 7. Internationalen Karikaturenwettbewerbes Berlin 2016 entstanden. Aufgrund der Gro\u00dfen Nachfrage wurde die Ausstellung bereits 6x vervielf\u00e4ltigt.<\/p>\n<p>418 Karikaturisten aus 70 L\u00e4ndern reichten insgesamt 1030 Arbeiten ein. Die internationale Jury hatte die schwere Aufgabe unter der Vielzahl hervorragender Arbeiten die Preistr\u00e4ger zu ermitteln. Neben einem 1., 2. und 3. Preis wurde ein Publikumspreis vergeben.<\/p>\n<div id=\"attachment_6589\" style=\"width: 310px\" class=\"wp-caption aligncenter\"><a href=\"https:\/\/www.naturparkmagazin.de\/stechlin\/wp-content\/uploads\/sites\/38\/Ausstellung-12.1.18_500x300.jpg\"><img aria-describedby=\"caption-attachment-6589\" decoding=\"async\" loading=\"lazy\" class=\"size-thumbnail wp-image-6589\" src=\"https:\/\/www.naturparkmagazin.de\/stechlin\/wp-content\/uploads\/sites\/38\/Ausstellung-12.1.18_500x300-300x180.jpg\" alt=\"Besucher beim Betrachten der Bilder.\" width=\"300\" height=\"180\" srcset=\"https:\/\/www.naturparkmagazin.de\/stechlin\/wp-content\/uploads\/sites\/38\/Ausstellung-12.1.18_500x300-300x180.jpg 300w, https:\/\/www.naturparkmagazin.de\/stechlin\/wp-content\/uploads\/sites\/38\/Ausstellung-12.1.18_500x300.jpg 500w, https:\/\/www.naturparkmagazin.de\/stechlin\/wp-content\/uploads\/sites\/38\/Ausstellung-12.1.18_500x300-200x120.jpg 200w\" sizes=\"(max-width: 300px) 100vw, 300px\" \/><\/a><p id=\"caption-attachment-6589\" class=\"wp-caption-text\">Besucher beim Betrachten der Bilder.<\/p><\/div>\n","protected":false},"excerpt":{"rendered":"<p>Noch bis 4. M\u00e4rz ist in der Regionalwerkstatt Stechlin in Menz die Karikaturen-Ausstellung zum Thema M\u00fcll zu sehen.<\/p>\n","protected":false},"author":39,"featured_media":6451,"comment_status":"open","ping_status":"open","sticky":false,"template":"","format":"standard","meta":[],"categories":[7],"tags":[],"yoast_head":"<!-- This site is optimized with the Yoast SEO plugin v19.10 - https:\/\/yoast.com\/wordpress\/plugins\/seo\/ -->\n<title>Coffee to go, Plastikt\u00fcten und M\u00fclltrennung - Naturpark Stechlin-Ruppiner Land<\/title>\n<meta name=\"robots\" content=\"index, follow, max-snippet:-1, max-image-preview:large, max-video-preview:-1\" \/>\n<link rel=\"canonical\" href=\"https:\/\/www.naturparkmagazin.de\/stechlin\/coffee-to-go-plastiktueten-und-muelltrennung\/\" \/>\n<meta property=\"og:locale\" content=\"de_DE\" \/>\n<meta property=\"og:type\" content=\"article\" \/>\n<meta property=\"og:title\" content=\"Coffee to go, Plastikt\u00fcten und M\u00fclltrennung - Naturpark Stechlin-Ruppiner Land\" \/>\n<meta property=\"og:description\" content=\"Noch bis 4. M\u00e4rz ist in der Regionalwerkstatt Stechlin in Menz die Karikaturen-Ausstellung zum Thema M\u00fcll zu sehen.\" \/>\n<meta property=\"og:url\" content=\"https:\/\/www.naturparkmagazin.de\/stechlin\/coffee-to-go-plastiktueten-und-muelltrennung\/\" \/>\n<meta property=\"og:site_name\" content=\"Naturpark Stechlin-Ruppiner Land\" \/>\n<meta property=\"article:published_time\" content=\"2018-01-16T13:48:08+00:00\" \/>\n<meta property=\"article:modified_time\" content=\"2018-01-19T09:48:24+00:00\" \/>\n<meta property=\"og:image\" content=\"https:\/\/www.naturparkmagazin.de\/stechlin\/wp-content\/uploads\/sites\/38\/Fisch200x200.jpg\" \/>\n\t<meta property=\"og:image:width\" content=\"200\" \/>\n\t<meta property=\"og:image:height\" content=\"200\" \/>\n\t<meta property=\"og:image:type\" content=\"image\/jpeg\" \/>\n<meta name=\"author\" content=\"marioschrumpf\" \/>\n<meta name=\"twitter:label1\" content=\"Verfasst von\" \/>\n\t<meta name=\"twitter:data1\" content=\"marioschrumpf\" \/>\n\t<meta name=\"twitter:label2\" content=\"Gesch\u00e4tzte Lesezeit\" \/>\n\t<meta name=\"twitter:data2\" content=\"1\u00a0Minute\" \/>\n<script type=\"application\/ld+json\" class=\"yoast-schema-graph\">{\"@context\":\"https:\/\/schema.org\",\"@graph\":[{\"@type\":\"WebPage\",\"@id\":\"https:\/\/www.naturparkmagazin.de\/stechlin\/coffee-to-go-plastiktueten-und-muelltrennung\/\",\"url\":\"https:\/\/www.naturparkmagazin.de\/stechlin\/coffee-to-go-plastiktueten-und-muelltrennung\/\",\"name\":\"Coffee to go, Plastikt\u00fcten und M\u00fclltrennung - Naturpark Stechlin-Ruppiner Land\",\"isPartOf\":{\"@id\":\"https:\/\/www.naturparkmagazin.de\/stechlin\/#website\"},\"datePublished\":\"2018-01-16T13:48:08+00:00\",\"dateModified\":\"2018-01-19T09:48:24+00:00\",\"author\":{\"@id\":\"https:\/\/www.naturparkmagazin.de\/stechlin\/#\/schema\/person\/3f0d93203df21c806dd63c76d9bb28bc\"},\"breadcrumb\":{\"@id\":\"https:\/\/www.naturparkmagazin.de\/stechlin\/coffee-to-go-plastiktueten-und-muelltrennung\/#breadcrumb\"},\"inLanguage\":\"de\",\"potentialAction\":[{\"@type\":\"ReadAction\",\"target\":[\"https:\/\/www.naturparkmagazin.de\/stechlin\/coffee-to-go-plastiktueten-und-muelltrennung\/\"]}]},{\"@type\":\"BreadcrumbList\",\"@id\":\"https:\/\/www.naturparkmagazin.de\/stechlin\/coffee-to-go-plastiktueten-und-muelltrennung\/#breadcrumb\",\"itemListElement\":[{\"@type\":\"ListItem\",\"position\":1,\"name\":\"Home\",\"item\":\"https:\/\/www.naturparkmagazin.de\/stechlin\/\"},{\"@type\":\"ListItem\",\"position\":2,\"name\":\"Coffee to go, Plastikt\u00fcten und M\u00fclltrennung\"}]},{\"@type\":\"WebSite\",\"@id\":\"https:\/\/www.naturparkmagazin.de\/stechlin\/#website\",\"url\":\"https:\/\/www.naturparkmagazin.de\/stechlin\/\",\"name\":\"Naturpark Stechlin-Ruppiner Land\",\"description\":\"\",\"potentialAction\":[{\"@type\":\"SearchAction\",\"target\":{\"@type\":\"EntryPoint\",\"urlTemplate\":\"https:\/\/www.naturparkmagazin.de\/stechlin\/?s={search_term_string}\"},\"query-input\":\"required name=search_term_string\"}],\"inLanguage\":\"de\"},{\"@type\":\"Person\",\"@id\":\"https:\/\/www.naturparkmagazin.de\/stechlin\/#\/schema\/person\/3f0d93203df21c806dd63c76d9bb28bc\",\"name\":\"marioschrumpf\",\"url\":\"https:\/\/www.naturparkmagazin.de\/stechlin\/author\/marioschrumpf\/\"}]}<\/script>\n<!-- \/ Yoast SEO plugin. -->","yoast_head_json":{"title":"Coffee to go, Plastikt\u00fcten und M\u00fclltrennung - Naturpark Stechlin-Ruppiner Land","robots":{"index":"index","follow":"follow","max-snippet":"max-snippet:-1","max-image-preview":"max-image-preview:large","max-video-preview":"max-video-preview:-1"},"canonical":"https:\/\/www.naturparkmagazin.de\/stechlin\/coffee-to-go-plastiktueten-und-muelltrennung\/","og_locale":"de_DE","og_type":"article","og_title":"Coffee to go, Plastikt\u00fcten und M\u00fclltrennung - Naturpark Stechlin-Ruppiner Land","og_description":"Noch bis 4. M\u00e4rz ist in der Regionalwerkstatt Stechlin in Menz die Karikaturen-Ausstellung zum Thema M\u00fcll zu sehen.","og_url":"https:\/\/www.naturparkmagazin.de\/stechlin\/coffee-to-go-plastiktueten-und-muelltrennung\/","og_site_name":"Naturpark Stechlin-Ruppiner Land","article_published_time":"2018-01-16T13:48:08+00:00","article_modified_time":"2018-01-19T09:48:24+00:00","og_image":[{"width":200,"height":200,"url":"https:\/\/www.naturparkmagazin.de\/stechlin\/wp-content\/uploads\/sites\/38\/Fisch200x200.jpg","type":"image\/jpeg"}],"author":"marioschrumpf","twitter_misc":{"Verfasst von":"marioschrumpf","Gesch\u00e4tzte Lesezeit":"1\u00a0Minute"},"schema":{"@context":"https:\/\/schema.org","@graph":[{"@type":"WebPage","@id":"https:\/\/www.naturparkmagazin.de\/stechlin\/coffee-to-go-plastiktueten-und-muelltrennung\/","url":"https:\/\/www.naturparkmagazin.de\/stechlin\/coffee-to-go-plastiktueten-und-muelltrennung\/","name":"Coffee to go, Plastikt\u00fcten und M\u00fclltrennung - Naturpark Stechlin-Ruppiner Land","isPartOf":{"@id":"https:\/\/www.naturparkmagazin.de\/stechlin\/#website"},"datePublished":"2018-01-16T13:48:08+00:00","dateModified":"2018-01-19T09:48:24+00:00","author":{"@id":"https:\/\/www.naturparkmagazin.de\/stechlin\/#\/schema\/person\/3f0d93203df21c806dd63c76d9bb28bc"},"breadcrumb":{"@id":"https:\/\/www.naturparkmagazin.de\/stechlin\/coffee-to-go-plastiktueten-und-muelltrennung\/#breadcrumb"},"inLanguage":"de","potentialAction":[{"@type":"ReadAction","target":["https:\/\/www.naturparkmagazin.de\/stechlin\/coffee-to-go-plastiktueten-und-muelltrennung\/"]}]},{"@type":"BreadcrumbList","@id":"https:\/\/www.naturparkmagazin.de\/stechlin\/coffee-to-go-plastiktueten-und-muelltrennung\/#breadcrumb","itemListElement":[{"@type":"ListItem","position":1,"name":"Home","item":"https:\/\/www.naturparkmagazin.de\/stechlin\/"},{"@type":"ListItem","position":2,"name":"Coffee to go, Plastikt\u00fcten und M\u00fclltrennung"}]},{"@type":"WebSite","@id":"https:\/\/www.naturparkmagazin.de\/stechlin\/#website","url":"https:\/\/www.naturparkmagazin.de\/stechlin\/","name":"Naturpark Stechlin-Ruppiner Land","description":"","potentialAction":[{"@type":"SearchAction","target":{"@type":"EntryPoint","urlTemplate":"https:\/\/www.naturparkmagazin.de\/stechlin\/?s={search_term_string}"},"query-input":"required name=search_term_string"}],"inLanguage":"de"},{"@type":"Person","@id":"https:\/\/www.naturparkmagazin.de\/stechlin\/#\/schema\/person\/3f0d93203df21c806dd63c76d9bb28bc","name":"marioschrumpf","url":"https:\/\/www.naturparkmagazin.de\/stechlin\/author\/marioschrumpf\/"}]}},"_links":{"self":[{"href":"https:\/\/www.naturparkmagazin.de\/stechlin\/wp-json\/wp\/v2\/posts\/6566"}],"collection":[{"href":"https:\/\/www.naturparkmagazin.de\/stechlin\/wp-json\/wp\/v2\/posts"}],"about":[{"href":"https:\/\/www.naturparkmagazin.de\/stechlin\/wp-json\/wp\/v2\/types\/post"}],"author":[{"embeddable":true,"href":"https:\/\/www.naturparkmagazin.de\/stechlin\/wp-json\/wp\/v2\/users\/39"}],"replies":[{"embeddable":true,"href":"https:\/\/www.naturparkmagazin.de\/stechlin\/wp-json\/wp\/v2\/comments?post=6566"}],"version-history":[{"count":5,"href":"https:\/\/www.naturparkmagazin.de\/stechlin\/wp-json\/wp\/v2\/posts\/6566\/revisions"}],"predecessor-version":[{"id":6610,"href":"https:\/\/www.naturparkmagazin.de\/stechlin\/wp-json\/wp\/v2\/posts\/6566\/revisions\/6610"}],"wp:featuredmedia":[{"embeddable":true,"href":"https:\/\/www.naturparkmagazin.de\/stechlin\/wp-json\/wp\/v2\/media\/6451"}],"wp:attachment":[{"href":"https:\/\/www.naturparkmagazin.de\/stechlin\/wp-json\/wp\/v2\/media?parent=6566"}],"wp:term":[{"taxonomy":"category","embeddable":true,"href":"https:\/\/www.naturparkmagazin.de\/stechlin\/wp-json\/wp\/v2\/categories?post=6566"},{"taxonomy":"post_tag","embeddable":true,"href":"https:\/\/www.naturparkmagazin.de\/stechlin\/wp-json\/wp\/v2\/tags?post=6566"}],"curies":[{"name":"wp","href":"https:\/\/api.w.org\/{rel}","templated":true}]}}