{"id":6571,"date":"2018-01-16T15:30:12","date_gmt":"2018-01-16T14:30:12","guid":{"rendered":"http:\/\/www.naturparkmagazin.de\/stechlin\/?p=6571"},"modified":"2018-01-19T12:07:43","modified_gmt":"2018-01-19T11:07:43","slug":"veranstaltungskalender-2018-liegt-druckfrisch-vor","status":"publish","type":"post","link":"https:\/\/www.naturparkmagazin.de\/stechlin\/veranstaltungskalender-2018-liegt-druckfrisch-vor\/","title":{"rendered":"Veranstaltungskalender 2018 liegt druckfrisch vor"},"content":{"rendered":"<p><a href=\"https:\/\/www.naturparkmagazin.de\/stechlin\/wp-content\/uploads\/sites\/38\/VAK-20182.jpg\"><img decoding=\"async\" loading=\"lazy\" class=\" size-thumbnail wp-image-6638 aligncenter\" src=\"https:\/\/www.naturparkmagazin.de\/stechlin\/wp-content\/uploads\/sites\/38\/VAK-20182-300x180.jpg\" alt=\"NP SRL\/G.Qu\" width=\"300\" height=\"180\" srcset=\"https:\/\/www.naturparkmagazin.de\/stechlin\/wp-content\/uploads\/sites\/38\/VAK-20182-300x180.jpg 300w, https:\/\/www.naturparkmagazin.de\/stechlin\/wp-content\/uploads\/sites\/38\/VAK-20182.jpg 500w, https:\/\/www.naturparkmagazin.de\/stechlin\/wp-content\/uploads\/sites\/38\/VAK-20182-200x120.jpg 200w\" sizes=\"(max-width: 300px) 100vw, 300px\" \/><\/a>P\u00fcnktlich zur Internationalen Gr\u00fcnen Woche in Berlin lag der druckfrische Veranstaltungskalender 2018 des Naturparks vor.<\/p>\n<p>Mehr als 50 Veranstaltungen von <strong>A<\/strong> wie <strong>Ausstellungser\u00f6ffnung zum World Ranger Day<\/strong> am <em>6. Juli<\/em> bis <strong>W<\/strong> wie <strong>Wanderung in die Baumgartner Heide und zum Lindower Rhin anl\u00e4sslich des Bundesweiten Naturparkwandertages<\/strong> am <em>2. Juni<\/em> werden angeboten. Daneben sind saisonale und ganzj\u00e4hrige Angebote wie z. B. Fatbike-Touren durch die Kyritz-Ruppiner-Heide oder literarische Wanderungen durch das NSG Stechlin buchbar.<\/p>\n<p>Der Veranstaltungskalender kann kostenfrei \u00fcber die Naturparkverwaltung, das NaturParkHaus Stechlin oder die lokalen Tourismus-Informationen bezogen werden sowie im Internet hochgeladen werden.<\/p>\n<p>Hier geht&#8217;s zum <a href=\"http:\/\/www.stechlin-ruppiner-land-naturpark.de\/fileadmin\/user_upload\/PDF\/Stechlin-Ruppin\/Publikationen\/VK_2018_stechlin.pdf\">Veranstaltungskalender<\/a>!<\/p>\n","protected":false},"excerpt":{"rendered":"<p>P\u00fcnktlich zur Pr\u00e4sentation auf der Internationalen Gr\u00fcnen Woche in Berlin lag der druckfrische Veranstaltungskalender 2018 des Naturparks vor.<\/p>\n","protected":false},"author":39,"featured_media":6572,"comment_status":"open","ping_status":"open","sticky":false,"template":"","format":"standard","meta":[],"categories":[7],"tags":[],"yoast_head":"<!-- This site is optimized with the Yoast SEO plugin v19.10 - https:\/\/yoast.com\/wordpress\/plugins\/seo\/ -->\n<title>Veranstaltungskalender 2018 liegt druckfrisch vor - Naturpark Stechlin-Ruppiner Land<\/title>\n<meta name=\"robots\" content=\"index, follow, max-snippet:-1, max-image-preview:large, max-video-preview:-1\" \/>\n<link rel=\"canonical\" href=\"https:\/\/www.naturparkmagazin.de\/stechlin\/veranstaltungskalender-2018-liegt-druckfrisch-vor\/\" \/>\n<meta property=\"og:locale\" content=\"de_DE\" \/>\n<meta property=\"og:type\" content=\"article\" \/>\n<meta property=\"og:title\" content=\"Veranstaltungskalender 2018 liegt druckfrisch vor - Naturpark Stechlin-Ruppiner Land\" \/>\n<meta property=\"og:description\" content=\"P\u00fcnktlich zur Pr\u00e4sentation auf der Internationalen Gr\u00fcnen Woche in Berlin lag der druckfrische Veranstaltungskalender 2018 des Naturparks vor.\" \/>\n<meta property=\"og:url\" content=\"https:\/\/www.naturparkmagazin.de\/stechlin\/veranstaltungskalender-2018-liegt-druckfrisch-vor\/\" \/>\n<meta property=\"og:site_name\" content=\"Naturpark Stechlin-Ruppiner Land\" \/>\n<meta property=\"article:published_time\" content=\"2018-01-16T14:30:12+00:00\" \/>\n<meta property=\"article:modified_time\" content=\"2018-01-19T11:07:43+00:00\" \/>\n<meta property=\"og:image\" content=\"https:\/\/www.naturparkmagazin.de\/stechlin\/wp-content\/uploads\/sites\/38\/VAK-2018.jpg\" \/>\n\t<meta property=\"og:image:width\" content=\"200\" \/>\n\t<meta property=\"og:image:height\" content=\"200\" \/>\n\t<meta property=\"og:image:type\" content=\"image\/jpeg\" \/>\n<meta name=\"author\" content=\"marioschrumpf\" \/>\n<meta name=\"twitter:label1\" content=\"Verfasst von\" \/>\n\t<meta name=\"twitter:data1\" content=\"marioschrumpf\" \/>\n<script type=\"application\/ld+json\" class=\"yoast-schema-graph\">{\"@context\":\"https:\/\/schema.org\",\"@graph\":[{\"@type\":\"WebPage\",\"@id\":\"https:\/\/www.naturparkmagazin.de\/stechlin\/veranstaltungskalender-2018-liegt-druckfrisch-vor\/\",\"url\":\"https:\/\/www.naturparkmagazin.de\/stechlin\/veranstaltungskalender-2018-liegt-druckfrisch-vor\/\",\"name\":\"Veranstaltungskalender 2018 liegt druckfrisch vor - Naturpark Stechlin-Ruppiner Land\",\"isPartOf\":{\"@id\":\"https:\/\/www.naturparkmagazin.de\/stechlin\/#website\"},\"datePublished\":\"2018-01-16T14:30:12+00:00\",\"dateModified\":\"2018-01-19T11:07:43+00:00\",\"author\":{\"@id\":\"https:\/\/www.naturparkmagazin.de\/stechlin\/#\/schema\/person\/3f0d93203df21c806dd63c76d9bb28bc\"},\"breadcrumb\":{\"@id\":\"https:\/\/www.naturparkmagazin.de\/stechlin\/veranstaltungskalender-2018-liegt-druckfrisch-vor\/#breadcrumb\"},\"inLanguage\":\"de\",\"potentialAction\":[{\"@type\":\"ReadAction\",\"target\":[\"https:\/\/www.naturparkmagazin.de\/stechlin\/veranstaltungskalender-2018-liegt-druckfrisch-vor\/\"]}]},{\"@type\":\"BreadcrumbList\",\"@id\":\"https:\/\/www.naturparkmagazin.de\/stechlin\/veranstaltungskalender-2018-liegt-druckfrisch-vor\/#breadcrumb\",\"itemListElement\":[{\"@type\":\"ListItem\",\"position\":1,\"name\":\"Home\",\"item\":\"https:\/\/www.naturparkmagazin.de\/stechlin\/\"},{\"@type\":\"ListItem\",\"position\":2,\"name\":\"Veranstaltungskalender 2018 liegt druckfrisch vor\"}]},{\"@type\":\"WebSite\",\"@id\":\"https:\/\/www.naturparkmagazin.de\/stechlin\/#website\",\"url\":\"https:\/\/www.naturparkmagazin.de\/stechlin\/\",\"name\":\"Naturpark Stechlin-Ruppiner Land\",\"description\":\"\",\"potentialAction\":[{\"@type\":\"SearchAction\",\"target\":{\"@type\":\"EntryPoint\",\"urlTemplate\":\"https:\/\/www.naturparkmagazin.de\/stechlin\/?s={search_term_string}\"},\"query-input\":\"required name=search_term_string\"}],\"inLanguage\":\"de\"},{\"@type\":\"Person\",\"@id\":\"https:\/\/www.naturparkmagazin.de\/stechlin\/#\/schema\/person\/3f0d93203df21c806dd63c76d9bb28bc\",\"name\":\"marioschrumpf\",\"url\":\"https:\/\/www.naturparkmagazin.de\/stechlin\/author\/marioschrumpf\/\"}]}<\/script>\n<!-- \/ Yoast SEO plugin. -->","yoast_head_json":{"title":"Veranstaltungskalender 2018 liegt druckfrisch vor - Naturpark Stechlin-Ruppiner Land","robots":{"index":"index","follow":"follow","max-snippet":"max-snippet:-1","max-image-preview":"max-image-preview:large","max-video-preview":"max-video-preview:-1"},"canonical":"https:\/\/www.naturparkmagazin.de\/stechlin\/veranstaltungskalender-2018-liegt-druckfrisch-vor\/","og_locale":"de_DE","og_type":"article","og_title":"Veranstaltungskalender 2018 liegt druckfrisch vor - Naturpark Stechlin-Ruppiner Land","og_description":"P\u00fcnktlich zur Pr\u00e4sentation auf der Internationalen Gr\u00fcnen Woche in Berlin lag der druckfrische Veranstaltungskalender 2018 des Naturparks vor.","og_url":"https:\/\/www.naturparkmagazin.de\/stechlin\/veranstaltungskalender-2018-liegt-druckfrisch-vor\/","og_site_name":"Naturpark Stechlin-Ruppiner Land","article_published_time":"2018-01-16T14:30:12+00:00","article_modified_time":"2018-01-19T11:07:43+00:00","og_image":[{"width":200,"height":200,"url":"https:\/\/www.naturparkmagazin.de\/stechlin\/wp-content\/uploads\/sites\/38\/VAK-2018.jpg","type":"image\/jpeg"}],"author":"marioschrumpf","twitter_misc":{"Verfasst von":"marioschrumpf"},"schema":{"@context":"https:\/\/schema.org","@graph":[{"@type":"WebPage","@id":"https:\/\/www.naturparkmagazin.de\/stechlin\/veranstaltungskalender-2018-liegt-druckfrisch-vor\/","url":"https:\/\/www.naturparkmagazin.de\/stechlin\/veranstaltungskalender-2018-liegt-druckfrisch-vor\/","name":"Veranstaltungskalender 2018 liegt druckfrisch vor - Naturpark Stechlin-Ruppiner Land","isPartOf":{"@id":"https:\/\/www.naturparkmagazin.de\/stechlin\/#website"},"datePublished":"2018-01-16T14:30:12+00:00","dateModified":"2018-01-19T11:07:43+00:00","author":{"@id":"https:\/\/www.naturparkmagazin.de\/stechlin\/#\/schema\/person\/3f0d93203df21c806dd63c76d9bb28bc"},"breadcrumb":{"@id":"https:\/\/www.naturparkmagazin.de\/stechlin\/veranstaltungskalender-2018-liegt-druckfrisch-vor\/#breadcrumb"},"inLanguage":"de","potentialAction":[{"@type":"ReadAction","target":["https:\/\/www.naturparkmagazin.de\/stechlin\/veranstaltungskalender-2018-liegt-druckfrisch-vor\/"]}]},{"@type":"BreadcrumbList","@id":"https:\/\/www.naturparkmagazin.de\/stechlin\/veranstaltungskalender-2018-liegt-druckfrisch-vor\/#breadcrumb","itemListElement":[{"@type":"ListItem","position":1,"name":"Home","item":"https:\/\/www.naturparkmagazin.de\/stechlin\/"},{"@type":"ListItem","position":2,"name":"Veranstaltungskalender 2018 liegt druckfrisch vor"}]},{"@type":"WebSite","@id":"https:\/\/www.naturparkmagazin.de\/stechlin\/#website","url":"https:\/\/www.naturparkmagazin.de\/stechlin\/","name":"Naturpark Stechlin-Ruppiner Land","description":"","potentialAction":[{"@type":"SearchAction","target":{"@type":"EntryPoint","urlTemplate":"https:\/\/www.naturparkmagazin.de\/stechlin\/?s={search_term_string}"},"query-input":"required name=search_term_string"}],"inLanguage":"de"},{"@type":"Person","@id":"https:\/\/www.naturparkmagazin.de\/stechlin\/#\/schema\/person\/3f0d93203df21c806dd63c76d9bb28bc","name":"marioschrumpf","url":"https:\/\/www.naturparkmagazin.de\/stechlin\/author\/marioschrumpf\/"}]}},"_links":{"self":[{"href":"https:\/\/www.naturparkmagazin.de\/stechlin\/wp-json\/wp\/v2\/posts\/6571"}],"collection":[{"href":"https:\/\/www.naturparkmagazin.de\/stechlin\/wp-json\/wp\/v2\/posts"}],"about":[{"href":"https:\/\/www.naturparkmagazin.de\/stechlin\/wp-json\/wp\/v2\/types\/post"}],"author":[{"embeddable":true,"href":"https:\/\/www.naturparkmagazin.de\/stechlin\/wp-json\/wp\/v2\/users\/39"}],"replies":[{"embeddable":true,"href":"https:\/\/www.naturparkmagazin.de\/stechlin\/wp-json\/wp\/v2\/comments?post=6571"}],"version-history":[{"count":5,"href":"https:\/\/www.naturparkmagazin.de\/stechlin\/wp-json\/wp\/v2\/posts\/6571\/revisions"}],"predecessor-version":[{"id":6635,"href":"https:\/\/www.naturparkmagazin.de\/stechlin\/wp-json\/wp\/v2\/posts\/6571\/revisions\/6635"}],"wp:featuredmedia":[{"embeddable":true,"href":"https:\/\/www.naturparkmagazin.de\/stechlin\/wp-json\/wp\/v2\/media\/6572"}],"wp:attachment":[{"href":"https:\/\/www.naturparkmagazin.de\/stechlin\/wp-json\/wp\/v2\/media?parent=6571"}],"wp:term":[{"taxonomy":"category","embeddable":true,"href":"https:\/\/www.naturparkmagazin.de\/stechlin\/wp-json\/wp\/v2\/categories?post=6571"},{"taxonomy":"post_tag","embeddable":true,"href":"https:\/\/www.naturparkmagazin.de\/stechlin\/wp-json\/wp\/v2\/tags?post=6571"}],"curies":[{"name":"wp","href":"https:\/\/api.w.org\/{rel}","templated":true}]}}