{"id":6575,"date":"2018-01-16T16:14:12","date_gmt":"2018-01-16T15:14:12","guid":{"rendered":"http:\/\/www.naturparkmagazin.de\/stechlin\/?p=6575"},"modified":"2018-01-19T10:54:32","modified_gmt":"2018-01-19T09:54:32","slug":"masterarbeit-ueber-fichtennaturverjuengung-am-rheinsberger-rhin","status":"publish","type":"post","link":"https:\/\/www.naturparkmagazin.de\/stechlin\/masterarbeit-ueber-fichtennaturverjuengung-am-rheinsberger-rhin\/","title":{"rendered":"Masterarbeit \u00fcber Fichtennaturverj\u00fcngung am Rheinsberger Rhin"},"content":{"rendered":"<p><a href=\"https:\/\/www.naturparkmagazin.de\/stechlin\/wp-content\/uploads\/sites\/38\/csm_logoFeuchtwaelder_ce48e8a61b1.png\"><img decoding=\"async\" loading=\"lazy\" class=\" size-full wp-image-2049 aligncenter\" src=\"https:\/\/www.naturparkmagazin.de\/stechlin\/wp-content\/uploads\/sites\/38\/csm_logoFeuchtwaelder_ce48e8a61b1.png\" alt=\"csm_logoFeuchtwaelder_ce48e8a61b\" width=\"230\" height=\"62\" srcset=\"https:\/\/www.naturparkmagazin.de\/stechlin\/wp-content\/uploads\/sites\/38\/csm_logoFeuchtwaelder_ce48e8a61b1.png 230w, https:\/\/www.naturparkmagazin.de\/stechlin\/wp-content\/uploads\/sites\/38\/csm_logoFeuchtwaelder_ce48e8a61b1-200x54.png 200w\" sizes=\"(max-width: 230px) 100vw, 230px\" \/><\/a><\/p>\n<div id=\"attachment_6578\" style=\"width: 310px\" class=\"wp-caption aligncenter\"><a href=\"https:\/\/www.naturparkmagazin.de\/stechlin\/wp-content\/uploads\/sites\/38\/DSC_0005.jpg\"><img aria-describedby=\"caption-attachment-6578\" decoding=\"async\" loading=\"lazy\" class=\"size-thumbnail wp-image-6578\" src=\"https:\/\/www.naturparkmagazin.de\/stechlin\/wp-content\/uploads\/sites\/38\/DSC_0005-300x180.jpg\" alt=\"Gemeinsame Bereisung des Projektgebietes.\" width=\"300\" height=\"180\" srcset=\"https:\/\/www.naturparkmagazin.de\/stechlin\/wp-content\/uploads\/sites\/38\/DSC_0005-300x180.jpg 300w, https:\/\/www.naturparkmagazin.de\/stechlin\/wp-content\/uploads\/sites\/38\/DSC_0005.jpg 500w, https:\/\/www.naturparkmagazin.de\/stechlin\/wp-content\/uploads\/sites\/38\/DSC_0005-200x120.jpg 200w\" sizes=\"(max-width: 300px) 100vw, 300px\" \/><\/a><p id=\"caption-attachment-6578\" class=\"wp-caption-text\">Gemeinsame Bereisung des Projektgebietes.<\/p><\/div>\n<p>Lisa Leppek, Studentin an der Potsdamer Universit\u00e4t, hat sich mit dem Ph\u00e4nomen der Fichtennaturverj\u00fcngung am Rheinsberger Rhin auseinandergesetzt.<\/p>\n<p>Das Thema ist f\u00fcr das weitere Management des FFH-Lebensraumtyps Auenw\u00e4lder (*91E0) im Rahmen des EU-Life-Projektes Feuchtw\u00e4lder von besonderer Bedeutung.<\/p>\n<div id=\"attachment_6579\" style=\"width: 310px\" class=\"wp-caption aligncenter\"><a href=\"https:\/\/www.naturparkmagazin.de\/stechlin\/wp-content\/uploads\/sites\/38\/Fichten_entnahmeflaeche1.jpg\"><img aria-describedby=\"caption-attachment-6579\" decoding=\"async\" loading=\"lazy\" class=\"size-thumbnail wp-image-6579\" src=\"https:\/\/www.naturparkmagazin.de\/stechlin\/wp-content\/uploads\/sites\/38\/Fichten_entnahmeflaeche1-300x180.jpg\" alt=\"Altfichten auf der Verwallung am Flie\u00dfgew\u00e4sser.\" width=\"300\" height=\"180\" srcset=\"https:\/\/www.naturparkmagazin.de\/stechlin\/wp-content\/uploads\/sites\/38\/Fichten_entnahmeflaeche1-300x180.jpg 300w, https:\/\/www.naturparkmagazin.de\/stechlin\/wp-content\/uploads\/sites\/38\/Fichten_entnahmeflaeche1.jpg 500w, https:\/\/www.naturparkmagazin.de\/stechlin\/wp-content\/uploads\/sites\/38\/Fichten_entnahmeflaeche1-200x120.jpg 200w\" sizes=\"(max-width: 300px) 100vw, 300px\" \/><\/a><p id=\"caption-attachment-6579\" class=\"wp-caption-text\">Altfichten auf der Verwallung am Flie\u00dfgew\u00e4sser.<\/p><\/div>\n<p>Im Ergebnis kommt die Autorin zu dem Schluss, dass zwischen Rheinshagen und Zippelsf\u00f6rde ganzj\u00e4hrig auenuntypische, zu hohe Grundwasserflurabst\u00e4nde vorliegen, die der Fichte erst eine Ausbreitung in die Aue erm\u00f6glichen.<\/p>\n<div id=\"attachment_6577\" style=\"width: 310px\" class=\"wp-caption aligncenter\"><a href=\"https:\/\/www.naturparkmagazin.de\/stechlin\/wp-content\/uploads\/sites\/38\/rhrhin_0415-5483_kl.jpg\"><img aria-describedby=\"caption-attachment-6577\" decoding=\"async\" loading=\"lazy\" class=\"size-thumbnail wp-image-6577\" src=\"https:\/\/www.naturparkmagazin.de\/stechlin\/wp-content\/uploads\/sites\/38\/rhrhin_0415-5483_kl-300x180.jpg\" alt=\"Der Rheinsberger Rhin hat sich tief in die Aue eingegraben.\" width=\"300\" height=\"180\" srcset=\"https:\/\/www.naturparkmagazin.de\/stechlin\/wp-content\/uploads\/sites\/38\/rhrhin_0415-5483_kl-300x180.jpg 300w, https:\/\/www.naturparkmagazin.de\/stechlin\/wp-content\/uploads\/sites\/38\/rhrhin_0415-5483_kl.jpg 500w, https:\/\/www.naturparkmagazin.de\/stechlin\/wp-content\/uploads\/sites\/38\/rhrhin_0415-5483_kl-200x120.jpg 200w\" sizes=\"(max-width: 300px) 100vw, 300px\" \/><\/a><p id=\"caption-attachment-6577\" class=\"wp-caption-text\">Der Rheinsberger Rhin hat sich tief in die Aue eingegraben.<\/p><\/div>\n<div id=\"attachment_6576\" style=\"width: 310px\" class=\"wp-caption aligncenter\"><a href=\"https:\/\/www.naturparkmagazin.de\/stechlin\/wp-content\/uploads\/sites\/38\/Rotwildgarage.jpg\"><img aria-describedby=\"caption-attachment-6576\" decoding=\"async\" loading=\"lazy\" class=\"size-thumbnail wp-image-6576\" src=\"https:\/\/www.naturparkmagazin.de\/stechlin\/wp-content\/uploads\/sites\/38\/Rotwildgarage-300x180.jpg\" alt=\"Fichtennaturverj\u00fcngung unmittelbar am Ufer des Rheinsberger Rhins.\" width=\"300\" height=\"180\" srcset=\"https:\/\/www.naturparkmagazin.de\/stechlin\/wp-content\/uploads\/sites\/38\/Rotwildgarage-300x180.jpg 300w, https:\/\/www.naturparkmagazin.de\/stechlin\/wp-content\/uploads\/sites\/38\/Rotwildgarage.jpg 500w, https:\/\/www.naturparkmagazin.de\/stechlin\/wp-content\/uploads\/sites\/38\/Rotwildgarage-200x120.jpg 200w\" sizes=\"(max-width: 300px) 100vw, 300px\" \/><\/a><p id=\"caption-attachment-6576\" class=\"wp-caption-text\">Fichtennaturverj\u00fcngung unmittelbar am Ufer des Rheinsberger Rhins.<\/p><\/div>\n","protected":false},"excerpt":{"rendered":"<p>Lisa Leppek, Studentin an der Potsdamer Universit\u00e4t, hat sich mit dem Ph\u00e4nomen der Fichtennaturverj\u00fcngung am Rheinsberger Rhin auseinandergesetzt.<\/p>\n","protected":false},"author":39,"featured_media":6616,"comment_status":"open","ping_status":"open","sticky":false,"template":"","format":"standard","meta":[],"categories":[7],"tags":[],"yoast_head":"<!-- This site is optimized with the Yoast SEO plugin v19.10 - https:\/\/yoast.com\/wordpress\/plugins\/seo\/ -->\n<title>Masterarbeit \u00fcber Fichtennaturverj\u00fcngung am Rheinsberger Rhin - Naturpark Stechlin-Ruppiner Land<\/title>\n<meta name=\"robots\" content=\"index, follow, max-snippet:-1, max-image-preview:large, max-video-preview:-1\" \/>\n<link rel=\"canonical\" href=\"https:\/\/www.naturparkmagazin.de\/stechlin\/masterarbeit-ueber-fichtennaturverjuengung-am-rheinsberger-rhin\/\" \/>\n<meta property=\"og:locale\" content=\"de_DE\" \/>\n<meta property=\"og:type\" content=\"article\" \/>\n<meta property=\"og:title\" content=\"Masterarbeit \u00fcber Fichtennaturverj\u00fcngung am Rheinsberger Rhin - Naturpark Stechlin-Ruppiner Land\" \/>\n<meta property=\"og:description\" content=\"Lisa Leppek, Studentin an der Potsdamer Universit\u00e4t, hat sich mit dem Ph\u00e4nomen der Fichtennaturverj\u00fcngung am Rheinsberger Rhin auseinandergesetzt.\" \/>\n<meta property=\"og:url\" content=\"https:\/\/www.naturparkmagazin.de\/stechlin\/masterarbeit-ueber-fichtennaturverjuengung-am-rheinsberger-rhin\/\" \/>\n<meta property=\"og:site_name\" content=\"Naturpark Stechlin-Ruppiner Land\" \/>\n<meta property=\"article:published_time\" content=\"2018-01-16T15:14:12+00:00\" \/>\n<meta property=\"article:modified_time\" content=\"2018-01-19T09:54:32+00:00\" \/>\n<meta property=\"og:image\" content=\"https:\/\/www.naturparkmagazin.de\/stechlin\/wp-content\/uploads\/sites\/38\/Rotwildgarage1.jpg\" \/>\n\t<meta property=\"og:image:width\" content=\"200\" \/>\n\t<meta property=\"og:image:height\" content=\"200\" \/>\n\t<meta property=\"og:image:type\" content=\"image\/jpeg\" \/>\n<meta name=\"author\" content=\"marioschrumpf\" \/>\n<meta name=\"twitter:label1\" content=\"Verfasst von\" \/>\n\t<meta name=\"twitter:data1\" content=\"marioschrumpf\" \/>\n\t<meta name=\"twitter:label2\" content=\"Gesch\u00e4tzte Lesezeit\" \/>\n\t<meta name=\"twitter:data2\" content=\"1\u00a0Minute\" \/>\n<script type=\"application\/ld+json\" class=\"yoast-schema-graph\">{\"@context\":\"https:\/\/schema.org\",\"@graph\":[{\"@type\":\"WebPage\",\"@id\":\"https:\/\/www.naturparkmagazin.de\/stechlin\/masterarbeit-ueber-fichtennaturverjuengung-am-rheinsberger-rhin\/\",\"url\":\"https:\/\/www.naturparkmagazin.de\/stechlin\/masterarbeit-ueber-fichtennaturverjuengung-am-rheinsberger-rhin\/\",\"name\":\"Masterarbeit \u00fcber Fichtennaturverj\u00fcngung am Rheinsberger Rhin - Naturpark Stechlin-Ruppiner Land\",\"isPartOf\":{\"@id\":\"https:\/\/www.naturparkmagazin.de\/stechlin\/#website\"},\"datePublished\":\"2018-01-16T15:14:12+00:00\",\"dateModified\":\"2018-01-19T09:54:32+00:00\",\"author\":{\"@id\":\"https:\/\/www.naturparkmagazin.de\/stechlin\/#\/schema\/person\/3f0d93203df21c806dd63c76d9bb28bc\"},\"breadcrumb\":{\"@id\":\"https:\/\/www.naturparkmagazin.de\/stechlin\/masterarbeit-ueber-fichtennaturverjuengung-am-rheinsberger-rhin\/#breadcrumb\"},\"inLanguage\":\"de\",\"potentialAction\":[{\"@type\":\"ReadAction\",\"target\":[\"https:\/\/www.naturparkmagazin.de\/stechlin\/masterarbeit-ueber-fichtennaturverjuengung-am-rheinsberger-rhin\/\"]}]},{\"@type\":\"BreadcrumbList\",\"@id\":\"https:\/\/www.naturparkmagazin.de\/stechlin\/masterarbeit-ueber-fichtennaturverjuengung-am-rheinsberger-rhin\/#breadcrumb\",\"itemListElement\":[{\"@type\":\"ListItem\",\"position\":1,\"name\":\"Home\",\"item\":\"https:\/\/www.naturparkmagazin.de\/stechlin\/\"},{\"@type\":\"ListItem\",\"position\":2,\"name\":\"Masterarbeit \u00fcber Fichtennaturverj\u00fcngung am Rheinsberger Rhin\"}]},{\"@type\":\"WebSite\",\"@id\":\"https:\/\/www.naturparkmagazin.de\/stechlin\/#website\",\"url\":\"https:\/\/www.naturparkmagazin.de\/stechlin\/\",\"name\":\"Naturpark Stechlin-Ruppiner Land\",\"description\":\"\",\"potentialAction\":[{\"@type\":\"SearchAction\",\"target\":{\"@type\":\"EntryPoint\",\"urlTemplate\":\"https:\/\/www.naturparkmagazin.de\/stechlin\/?s={search_term_string}\"},\"query-input\":\"required name=search_term_string\"}],\"inLanguage\":\"de\"},{\"@type\":\"Person\",\"@id\":\"https:\/\/www.naturparkmagazin.de\/stechlin\/#\/schema\/person\/3f0d93203df21c806dd63c76d9bb28bc\",\"name\":\"marioschrumpf\",\"url\":\"https:\/\/www.naturparkmagazin.de\/stechlin\/author\/marioschrumpf\/\"}]}<\/script>\n<!-- \/ Yoast SEO plugin. -->","yoast_head_json":{"title":"Masterarbeit \u00fcber Fichtennaturverj\u00fcngung am Rheinsberger Rhin - Naturpark Stechlin-Ruppiner Land","robots":{"index":"index","follow":"follow","max-snippet":"max-snippet:-1","max-image-preview":"max-image-preview:large","max-video-preview":"max-video-preview:-1"},"canonical":"https:\/\/www.naturparkmagazin.de\/stechlin\/masterarbeit-ueber-fichtennaturverjuengung-am-rheinsberger-rhin\/","og_locale":"de_DE","og_type":"article","og_title":"Masterarbeit \u00fcber Fichtennaturverj\u00fcngung am Rheinsberger Rhin - Naturpark Stechlin-Ruppiner Land","og_description":"Lisa Leppek, Studentin an der Potsdamer Universit\u00e4t, hat sich mit dem Ph\u00e4nomen der Fichtennaturverj\u00fcngung am Rheinsberger Rhin auseinandergesetzt.","og_url":"https:\/\/www.naturparkmagazin.de\/stechlin\/masterarbeit-ueber-fichtennaturverjuengung-am-rheinsberger-rhin\/","og_site_name":"Naturpark Stechlin-Ruppiner Land","article_published_time":"2018-01-16T15:14:12+00:00","article_modified_time":"2018-01-19T09:54:32+00:00","og_image":[{"width":200,"height":200,"url":"https:\/\/www.naturparkmagazin.de\/stechlin\/wp-content\/uploads\/sites\/38\/Rotwildgarage1.jpg","type":"image\/jpeg"}],"author":"marioschrumpf","twitter_misc":{"Verfasst von":"marioschrumpf","Gesch\u00e4tzte Lesezeit":"1\u00a0Minute"},"schema":{"@context":"https:\/\/schema.org","@graph":[{"@type":"WebPage","@id":"https:\/\/www.naturparkmagazin.de\/stechlin\/masterarbeit-ueber-fichtennaturverjuengung-am-rheinsberger-rhin\/","url":"https:\/\/www.naturparkmagazin.de\/stechlin\/masterarbeit-ueber-fichtennaturverjuengung-am-rheinsberger-rhin\/","name":"Masterarbeit \u00fcber Fichtennaturverj\u00fcngung am Rheinsberger Rhin - Naturpark Stechlin-Ruppiner Land","isPartOf":{"@id":"https:\/\/www.naturparkmagazin.de\/stechlin\/#website"},"datePublished":"2018-01-16T15:14:12+00:00","dateModified":"2018-01-19T09:54:32+00:00","author":{"@id":"https:\/\/www.naturparkmagazin.de\/stechlin\/#\/schema\/person\/3f0d93203df21c806dd63c76d9bb28bc"},"breadcrumb":{"@id":"https:\/\/www.naturparkmagazin.de\/stechlin\/masterarbeit-ueber-fichtennaturverjuengung-am-rheinsberger-rhin\/#breadcrumb"},"inLanguage":"de","potentialAction":[{"@type":"ReadAction","target":["https:\/\/www.naturparkmagazin.de\/stechlin\/masterarbeit-ueber-fichtennaturverjuengung-am-rheinsberger-rhin\/"]}]},{"@type":"BreadcrumbList","@id":"https:\/\/www.naturparkmagazin.de\/stechlin\/masterarbeit-ueber-fichtennaturverjuengung-am-rheinsberger-rhin\/#breadcrumb","itemListElement":[{"@type":"ListItem","position":1,"name":"Home","item":"https:\/\/www.naturparkmagazin.de\/stechlin\/"},{"@type":"ListItem","position":2,"name":"Masterarbeit \u00fcber Fichtennaturverj\u00fcngung am Rheinsberger Rhin"}]},{"@type":"WebSite","@id":"https:\/\/www.naturparkmagazin.de\/stechlin\/#website","url":"https:\/\/www.naturparkmagazin.de\/stechlin\/","name":"Naturpark Stechlin-Ruppiner Land","description":"","potentialAction":[{"@type":"SearchAction","target":{"@type":"EntryPoint","urlTemplate":"https:\/\/www.naturparkmagazin.de\/stechlin\/?s={search_term_string}"},"query-input":"required name=search_term_string"}],"inLanguage":"de"},{"@type":"Person","@id":"https:\/\/www.naturparkmagazin.de\/stechlin\/#\/schema\/person\/3f0d93203df21c806dd63c76d9bb28bc","name":"marioschrumpf","url":"https:\/\/www.naturparkmagazin.de\/stechlin\/author\/marioschrumpf\/"}]}},"_links":{"self":[{"href":"https:\/\/www.naturparkmagazin.de\/stechlin\/wp-json\/wp\/v2\/posts\/6575"}],"collection":[{"href":"https:\/\/www.naturparkmagazin.de\/stechlin\/wp-json\/wp\/v2\/posts"}],"about":[{"href":"https:\/\/www.naturparkmagazin.de\/stechlin\/wp-json\/wp\/v2\/types\/post"}],"author":[{"embeddable":true,"href":"https:\/\/www.naturparkmagazin.de\/stechlin\/wp-json\/wp\/v2\/users\/39"}],"replies":[{"embeddable":true,"href":"https:\/\/www.naturparkmagazin.de\/stechlin\/wp-json\/wp\/v2\/comments?post=6575"}],"version-history":[{"count":2,"href":"https:\/\/www.naturparkmagazin.de\/stechlin\/wp-json\/wp\/v2\/posts\/6575\/revisions"}],"predecessor-version":[{"id":6602,"href":"https:\/\/www.naturparkmagazin.de\/stechlin\/wp-json\/wp\/v2\/posts\/6575\/revisions\/6602"}],"wp:featuredmedia":[{"embeddable":true,"href":"https:\/\/www.naturparkmagazin.de\/stechlin\/wp-json\/wp\/v2\/media\/6616"}],"wp:attachment":[{"href":"https:\/\/www.naturparkmagazin.de\/stechlin\/wp-json\/wp\/v2\/media?parent=6575"}],"wp:term":[{"taxonomy":"category","embeddable":true,"href":"https:\/\/www.naturparkmagazin.de\/stechlin\/wp-json\/wp\/v2\/categories?post=6575"},{"taxonomy":"post_tag","embeddable":true,"href":"https:\/\/www.naturparkmagazin.de\/stechlin\/wp-json\/wp\/v2\/tags?post=6575"}],"curies":[{"name":"wp","href":"https:\/\/api.w.org\/{rel}","templated":true}]}}