{"id":6582,"date":"2018-01-16T16:14:43","date_gmt":"2018-01-16T15:14:43","guid":{"rendered":"http:\/\/www.naturparkmagazin.de\/stechlin\/?p=6582"},"modified":"2018-01-29T08:20:38","modified_gmt":"2018-01-29T07:20:38","slug":"gruene-woche-platzhalter","status":"publish","type":"post","link":"https:\/\/www.naturparkmagazin.de\/stechlin\/gruene-woche-platzhalter\/","title":{"rendered":"Naturpark erfolgreich auf der Gr\u00fcnen Woche pr\u00e4sentiert"},"content":{"rendered":"<div id=\"attachment_6679\" style=\"width: 310px\" class=\"wp-caption aligncenter\"><a href=\"https:\/\/www.naturparkmagazin.de\/stechlin\/wp-content\/uploads\/sites\/38\/IMGGr\u00fcne-Woche-2018_1.jpg\"><img aria-describedby=\"caption-attachment-6679\" decoding=\"async\" loading=\"lazy\" class=\"wp-image-6679 size-thumbnail\" src=\"https:\/\/www.naturparkmagazin.de\/stechlin\/wp-content\/uploads\/sites\/38\/IMGGr\u00fcne-Woche-2018_1-300x180.jpg\" alt=\"NP SRL\/Dagmar Schott MLUL\" width=\"300\" height=\"180\" srcset=\"https:\/\/www.naturparkmagazin.de\/stechlin\/wp-content\/uploads\/sites\/38\/IMGGr\u00fcne-Woche-2018_1-300x180.jpg 300w, https:\/\/www.naturparkmagazin.de\/stechlin\/wp-content\/uploads\/sites\/38\/IMGGr\u00fcne-Woche-2018_1.jpg 500w, https:\/\/www.naturparkmagazin.de\/stechlin\/wp-content\/uploads\/sites\/38\/IMGGr\u00fcne-Woche-2018_1-200x120.jpg 200w\" sizes=\"(max-width: 300px) 100vw, 300px\" \/><\/a><p id=\"caption-attachment-6679\" class=\"wp-caption-text\">Hannes Gautzsch, Gudrun Quietzsch, Alfred Schult, Heiko Strobel und Petra M\u00f6hl am Stand der Brandenburgischen Nationalen Naturlandschaften<\/p><\/div>\n<p>Gemeinsam mit dem vegetarischen Imbiss &#8222;Gr\u00fcnzeug&#8217;s&#8220; und dem NaturParkHaus Stechlin hat der Naturpark am 24. Januar auf der Internationalen Gr\u00fcnen Woche in Berlin Werbung f\u00fcr die Region gemacht.<\/p>\n<div id=\"attachment_6678\" style=\"width: 310px\" class=\"wp-caption aligncenter\"><a href=\"https:\/\/www.naturparkmagazin.de\/stechlin\/wp-content\/uploads\/sites\/38\/Gr\u00fcne-Woche-2018_2.jpg\"><img aria-describedby=\"caption-attachment-6678\" decoding=\"async\" loading=\"lazy\" class=\"size-thumbnail wp-image-6678\" src=\"https:\/\/www.naturparkmagazin.de\/stechlin\/wp-content\/uploads\/sites\/38\/Gr\u00fcne-Woche-2018_2-300x180.jpg\" alt=\"Hannes Gautzsch von &quot;Gr\u00fcnzeug's&quot; im Kochstudio.\" width=\"300\" height=\"180\" srcset=\"https:\/\/www.naturparkmagazin.de\/stechlin\/wp-content\/uploads\/sites\/38\/Gr\u00fcne-Woche-2018_2-300x180.jpg 300w, https:\/\/www.naturparkmagazin.de\/stechlin\/wp-content\/uploads\/sites\/38\/Gr\u00fcne-Woche-2018_2.jpg 500w, https:\/\/www.naturparkmagazin.de\/stechlin\/wp-content\/uploads\/sites\/38\/Gr\u00fcne-Woche-2018_2-200x120.jpg 200w\" sizes=\"(max-width: 300px) 100vw, 300px\" \/><\/a><p id=\"caption-attachment-6678\" class=\"wp-caption-text\">Hannes Gautzsch von &#8222;Gr\u00fcnzeug&#8217;s&#8220; als Interview-Partner im pro agro-Kochstudio.<\/p><\/div>\n<p>Das Rheinsberger Unternehmen hat sich im letzten Jahr in Rheinsberg am Triangelplatz niedergelassen. Die anf\u00e4ngliche Skepsis &#8211; ein vegetarischer Imbiss auf dem flachen Land, ob das funktioniert? &#8211; hat sich schnell gelegt. Wie Inhaber Hannes Gautzsch mit Stolz erz\u00e4hlt, brummt der Laden. Die vegetarischen Burger und Suppen kommen gut an. Als Kostprobe f\u00fcr die zahlreichen Standbesucher gab es vegetarische Wraps.<\/p>\n<p>&nbsp;<\/p>\n<div id=\"attachment_6665\" style=\"width: 310px\" class=\"wp-caption aligncenter\"><a href=\"https:\/\/www.naturparkmagazin.de\/stechlin\/wp-content\/uploads\/sites\/38\/Gr\u00fcne-Woche-2018_VDN-2.jpg\"><img aria-describedby=\"caption-attachment-6665\" decoding=\"async\" loading=\"lazy\" class=\"size-thumbnail wp-image-6665\" src=\"https:\/\/www.naturparkmagazin.de\/stechlin\/wp-content\/uploads\/sites\/38\/Gr\u00fcne-Woche-2018_VDN-2-300x180.jpg\" alt=\"Mario Schrumpf mit dem Leiter des Naturparks Sch\u00f6nbuch und dem Gesch\u00e4ftsf\u00fchrer des Bundesverbandes Dt. Mittelgebirge am Stand des Verbandes Dt. Naturparke.\" width=\"300\" height=\"180\" srcset=\"https:\/\/www.naturparkmagazin.de\/stechlin\/wp-content\/uploads\/sites\/38\/Gr\u00fcne-Woche-2018_VDN-2-300x180.jpg 300w, https:\/\/www.naturparkmagazin.de\/stechlin\/wp-content\/uploads\/sites\/38\/Gr\u00fcne-Woche-2018_VDN-2.jpg 500w, https:\/\/www.naturparkmagazin.de\/stechlin\/wp-content\/uploads\/sites\/38\/Gr\u00fcne-Woche-2018_VDN-2-200x120.jpg 200w\" sizes=\"(max-width: 300px) 100vw, 300px\" \/><\/a><p id=\"caption-attachment-6665\" class=\"wp-caption-text\">Mario Schrumpf mit dem Leiter des Naturparks Sch\u00f6nbuch und dem Gesch\u00e4ftsf\u00fchrer des Bundesverbandes Dt. Mittelgebirge am Stand des Verbandes Dt. Naturparke.<\/p><\/div>\n<p>Bereits am 21. Januar war Naturparkleiter Mario Schrumpf am Stand des Verbandes Deutscher Naturparke (VDN) in Halle 4.2. zu Gast. Innerhalb der Gemeinschaftsschau &#8222;Lust aufs Land &#8211; gemeinsam f\u00fcr die l\u00e4ndlichen R\u00e4ume&#8220; pr\u00e4sentiert sich der VDN am Gemeinschaftsstand mit dem Verband Deutscher Mittelgebirge. Als Vorstandsmitglied des VDN stellte sich Schrumpf gemeinsam mit Michael Pfaff, dem Gesch\u00e4ftsf\u00fchrer des Verbandes Deutscher Mittelgebirge den Fragen von Moderatorin Heike G\u00f6tz auf der B\u00fchne. Er berichtete Im Interview \u00fcber das Engagement der Deutschen Naturparke f\u00fcr die Entwicklung des l\u00e4ndlichen Raumes.<\/p>\n<p>&nbsp;<\/p>\n<div id=\"attachment_6664\" style=\"width: 310px\" class=\"wp-caption aligncenter\"><a href=\"https:\/\/www.naturparkmagazin.de\/stechlin\/wp-content\/uploads\/sites\/38\/Gr\u00fcne-Woche-2018_VDN-1.jpg\"><img aria-describedby=\"caption-attachment-6664\" decoding=\"async\" loading=\"lazy\" class=\"size-thumbnail wp-image-6664\" src=\"https:\/\/www.naturparkmagazin.de\/stechlin\/wp-content\/uploads\/sites\/38\/Gr\u00fcne-Woche-2018_VDN-1-300x180.jpg\" alt=\"Naturparkleiter Mario Schrumpf im Gespr\u00e4ch mit Moderatorin Heike G\u00f6tz und Michael Pfaff, Gesch\u00e4ftsf\u00fchrer des Bauernverbandes Deutscher Mittelgebirge.\" width=\"300\" height=\"180\" srcset=\"https:\/\/www.naturparkmagazin.de\/stechlin\/wp-content\/uploads\/sites\/38\/Gr\u00fcne-Woche-2018_VDN-1-300x180.jpg 300w, https:\/\/www.naturparkmagazin.de\/stechlin\/wp-content\/uploads\/sites\/38\/Gr\u00fcne-Woche-2018_VDN-1.jpg 500w, https:\/\/www.naturparkmagazin.de\/stechlin\/wp-content\/uploads\/sites\/38\/Gr\u00fcne-Woche-2018_VDN-1-200x120.jpg 200w\" sizes=\"(max-width: 300px) 100vw, 300px\" \/><\/a><p id=\"caption-attachment-6664\" class=\"wp-caption-text\">Naturparkleiter Mario Schrumpf im Gespr\u00e4ch mit Moderatorin Heike G\u00f6tz und Michael Pfaff, Gesch\u00e4ftsf\u00fchrer des Bundesverbandes Deutscher Mittelgebirge.<\/p><\/div>\n<p>&nbsp;<\/p>\n","protected":false},"excerpt":{"rendered":"<p>Gemeinsam mit dem vegetarischen Imbiss &#8222;Gr\u00fcnzeug&#8217;s&#8220; und dem NaturParkhaus Stechlin hat der Naturpark am 24. Januar die Region beworben.<\/p>\n","protected":false},"author":39,"featured_media":6675,"comment_status":"open","ping_status":"open","sticky":false,"template":"","format":"standard","meta":[],"categories":[7],"tags":[],"yoast_head":"<!-- This site is optimized with the Yoast SEO plugin v19.10 - https:\/\/yoast.com\/wordpress\/plugins\/seo\/ -->\n<title>Naturpark erfolgreich auf der Gr\u00fcnen Woche pr\u00e4sentiert - Naturpark Stechlin-Ruppiner Land<\/title>\n<meta name=\"robots\" content=\"index, follow, max-snippet:-1, max-image-preview:large, max-video-preview:-1\" \/>\n<link rel=\"canonical\" href=\"https:\/\/www.naturparkmagazin.de\/stechlin\/gruene-woche-platzhalter\/\" \/>\n<meta property=\"og:locale\" content=\"de_DE\" \/>\n<meta property=\"og:type\" content=\"article\" \/>\n<meta property=\"og:title\" content=\"Naturpark erfolgreich auf der Gr\u00fcnen Woche pr\u00e4sentiert - Naturpark Stechlin-Ruppiner Land\" \/>\n<meta property=\"og:description\" content=\"Gemeinsam mit dem vegetarischen Imbiss &quot;Gr\u00fcnzeug&#039;s&quot; und dem NaturParkhaus Stechlin hat der Naturpark am 24. Januar die Region beworben.\" \/>\n<meta property=\"og:url\" content=\"https:\/\/www.naturparkmagazin.de\/stechlin\/gruene-woche-platzhalter\/\" \/>\n<meta property=\"og:site_name\" content=\"Naturpark Stechlin-Ruppiner Land\" \/>\n<meta property=\"article:published_time\" content=\"2018-01-16T15:14:43+00:00\" \/>\n<meta property=\"article:modified_time\" content=\"2018-01-29T07:20:38+00:00\" \/>\n<meta property=\"og:image\" content=\"https:\/\/www.naturparkmagazin.de\/stechlin\/wp-content\/uploads\/sites\/38\/Gr\u00fcne-Woche-2018_0050.jpg\" \/>\n\t<meta property=\"og:image:width\" content=\"200\" \/>\n\t<meta property=\"og:image:height\" content=\"200\" \/>\n\t<meta property=\"og:image:type\" content=\"image\/jpeg\" \/>\n<meta name=\"author\" content=\"marioschrumpf\" \/>\n<meta name=\"twitter:label1\" content=\"Verfasst von\" \/>\n\t<meta name=\"twitter:data1\" content=\"marioschrumpf\" \/>\n\t<meta name=\"twitter:label2\" content=\"Gesch\u00e4tzte Lesezeit\" \/>\n\t<meta name=\"twitter:data2\" content=\"1\u00a0Minute\" \/>\n<script type=\"application\/ld+json\" class=\"yoast-schema-graph\">{\"@context\":\"https:\/\/schema.org\",\"@graph\":[{\"@type\":\"WebPage\",\"@id\":\"https:\/\/www.naturparkmagazin.de\/stechlin\/gruene-woche-platzhalter\/\",\"url\":\"https:\/\/www.naturparkmagazin.de\/stechlin\/gruene-woche-platzhalter\/\",\"name\":\"Naturpark erfolgreich auf der Gr\u00fcnen Woche pr\u00e4sentiert - Naturpark Stechlin-Ruppiner Land\",\"isPartOf\":{\"@id\":\"https:\/\/www.naturparkmagazin.de\/stechlin\/#website\"},\"datePublished\":\"2018-01-16T15:14:43+00:00\",\"dateModified\":\"2018-01-29T07:20:38+00:00\",\"author\":{\"@id\":\"https:\/\/www.naturparkmagazin.de\/stechlin\/#\/schema\/person\/3f0d93203df21c806dd63c76d9bb28bc\"},\"breadcrumb\":{\"@id\":\"https:\/\/www.naturparkmagazin.de\/stechlin\/gruene-woche-platzhalter\/#breadcrumb\"},\"inLanguage\":\"de\",\"potentialAction\":[{\"@type\":\"ReadAction\",\"target\":[\"https:\/\/www.naturparkmagazin.de\/stechlin\/gruene-woche-platzhalter\/\"]}]},{\"@type\":\"BreadcrumbList\",\"@id\":\"https:\/\/www.naturparkmagazin.de\/stechlin\/gruene-woche-platzhalter\/#breadcrumb\",\"itemListElement\":[{\"@type\":\"ListItem\",\"position\":1,\"name\":\"Home\",\"item\":\"https:\/\/www.naturparkmagazin.de\/stechlin\/\"},{\"@type\":\"ListItem\",\"position\":2,\"name\":\"Naturpark erfolgreich auf der Gr\u00fcnen Woche pr\u00e4sentiert\"}]},{\"@type\":\"WebSite\",\"@id\":\"https:\/\/www.naturparkmagazin.de\/stechlin\/#website\",\"url\":\"https:\/\/www.naturparkmagazin.de\/stechlin\/\",\"name\":\"Naturpark Stechlin-Ruppiner Land\",\"description\":\"\",\"potentialAction\":[{\"@type\":\"SearchAction\",\"target\":{\"@type\":\"EntryPoint\",\"urlTemplate\":\"https:\/\/www.naturparkmagazin.de\/stechlin\/?s={search_term_string}\"},\"query-input\":\"required name=search_term_string\"}],\"inLanguage\":\"de\"},{\"@type\":\"Person\",\"@id\":\"https:\/\/www.naturparkmagazin.de\/stechlin\/#\/schema\/person\/3f0d93203df21c806dd63c76d9bb28bc\",\"name\":\"marioschrumpf\",\"url\":\"https:\/\/www.naturparkmagazin.de\/stechlin\/author\/marioschrumpf\/\"}]}<\/script>\n<!-- \/ Yoast SEO plugin. -->","yoast_head_json":{"title":"Naturpark erfolgreich auf der Gr\u00fcnen Woche pr\u00e4sentiert - Naturpark Stechlin-Ruppiner Land","robots":{"index":"index","follow":"follow","max-snippet":"max-snippet:-1","max-image-preview":"max-image-preview:large","max-video-preview":"max-video-preview:-1"},"canonical":"https:\/\/www.naturparkmagazin.de\/stechlin\/gruene-woche-platzhalter\/","og_locale":"de_DE","og_type":"article","og_title":"Naturpark erfolgreich auf der Gr\u00fcnen Woche pr\u00e4sentiert - Naturpark Stechlin-Ruppiner Land","og_description":"Gemeinsam mit dem vegetarischen Imbiss \"Gr\u00fcnzeug's\" und dem NaturParkhaus Stechlin hat der Naturpark am 24. Januar die Region beworben.","og_url":"https:\/\/www.naturparkmagazin.de\/stechlin\/gruene-woche-platzhalter\/","og_site_name":"Naturpark Stechlin-Ruppiner Land","article_published_time":"2018-01-16T15:14:43+00:00","article_modified_time":"2018-01-29T07:20:38+00:00","og_image":[{"width":200,"height":200,"url":"https:\/\/www.naturparkmagazin.de\/stechlin\/wp-content\/uploads\/sites\/38\/Gr\u00fcne-Woche-2018_0050.jpg","type":"image\/jpeg"}],"author":"marioschrumpf","twitter_misc":{"Verfasst von":"marioschrumpf","Gesch\u00e4tzte Lesezeit":"1\u00a0Minute"},"schema":{"@context":"https:\/\/schema.org","@graph":[{"@type":"WebPage","@id":"https:\/\/www.naturparkmagazin.de\/stechlin\/gruene-woche-platzhalter\/","url":"https:\/\/www.naturparkmagazin.de\/stechlin\/gruene-woche-platzhalter\/","name":"Naturpark erfolgreich auf der Gr\u00fcnen Woche pr\u00e4sentiert - Naturpark Stechlin-Ruppiner Land","isPartOf":{"@id":"https:\/\/www.naturparkmagazin.de\/stechlin\/#website"},"datePublished":"2018-01-16T15:14:43+00:00","dateModified":"2018-01-29T07:20:38+00:00","author":{"@id":"https:\/\/www.naturparkmagazin.de\/stechlin\/#\/schema\/person\/3f0d93203df21c806dd63c76d9bb28bc"},"breadcrumb":{"@id":"https:\/\/www.naturparkmagazin.de\/stechlin\/gruene-woche-platzhalter\/#breadcrumb"},"inLanguage":"de","potentialAction":[{"@type":"ReadAction","target":["https:\/\/www.naturparkmagazin.de\/stechlin\/gruene-woche-platzhalter\/"]}]},{"@type":"BreadcrumbList","@id":"https:\/\/www.naturparkmagazin.de\/stechlin\/gruene-woche-platzhalter\/#breadcrumb","itemListElement":[{"@type":"ListItem","position":1,"name":"Home","item":"https:\/\/www.naturparkmagazin.de\/stechlin\/"},{"@type":"ListItem","position":2,"name":"Naturpark erfolgreich auf der Gr\u00fcnen Woche pr\u00e4sentiert"}]},{"@type":"WebSite","@id":"https:\/\/www.naturparkmagazin.de\/stechlin\/#website","url":"https:\/\/www.naturparkmagazin.de\/stechlin\/","name":"Naturpark Stechlin-Ruppiner Land","description":"","potentialAction":[{"@type":"SearchAction","target":{"@type":"EntryPoint","urlTemplate":"https:\/\/www.naturparkmagazin.de\/stechlin\/?s={search_term_string}"},"query-input":"required name=search_term_string"}],"inLanguage":"de"},{"@type":"Person","@id":"https:\/\/www.naturparkmagazin.de\/stechlin\/#\/schema\/person\/3f0d93203df21c806dd63c76d9bb28bc","name":"marioschrumpf","url":"https:\/\/www.naturparkmagazin.de\/stechlin\/author\/marioschrumpf\/"}]}},"_links":{"self":[{"href":"https:\/\/www.naturparkmagazin.de\/stechlin\/wp-json\/wp\/v2\/posts\/6582"}],"collection":[{"href":"https:\/\/www.naturparkmagazin.de\/stechlin\/wp-json\/wp\/v2\/posts"}],"about":[{"href":"https:\/\/www.naturparkmagazin.de\/stechlin\/wp-json\/wp\/v2\/types\/post"}],"author":[{"embeddable":true,"href":"https:\/\/www.naturparkmagazin.de\/stechlin\/wp-json\/wp\/v2\/users\/39"}],"replies":[{"embeddable":true,"href":"https:\/\/www.naturparkmagazin.de\/stechlin\/wp-json\/wp\/v2\/comments?post=6582"}],"version-history":[{"count":7,"href":"https:\/\/www.naturparkmagazin.de\/stechlin\/wp-json\/wp\/v2\/posts\/6582\/revisions"}],"predecessor-version":[{"id":6666,"href":"https:\/\/www.naturparkmagazin.de\/stechlin\/wp-json\/wp\/v2\/posts\/6582\/revisions\/6666"}],"wp:featuredmedia":[{"embeddable":true,"href":"https:\/\/www.naturparkmagazin.de\/stechlin\/wp-json\/wp\/v2\/media\/6675"}],"wp:attachment":[{"href":"https:\/\/www.naturparkmagazin.de\/stechlin\/wp-json\/wp\/v2\/media?parent=6582"}],"wp:term":[{"taxonomy":"category","embeddable":true,"href":"https:\/\/www.naturparkmagazin.de\/stechlin\/wp-json\/wp\/v2\/categories?post=6582"},{"taxonomy":"post_tag","embeddable":true,"href":"https:\/\/www.naturparkmagazin.de\/stechlin\/wp-json\/wp\/v2\/tags?post=6582"}],"curies":[{"name":"wp","href":"https:\/\/api.w.org\/{rel}","templated":true}]}}