{"id":6584,"date":"2018-01-16T16:15:18","date_gmt":"2018-01-16T15:15:18","guid":{"rendered":"http:\/\/www.naturparkmagazin.de\/stechlin\/?p=6584"},"modified":"2025-06-19T13:53:26","modified_gmt":"2025-06-19T11:53:26","slug":"weltranger-day-platzhalter","status":"publish","type":"post","link":"https:\/\/www.naturparkmagazin.de\/stechlin\/weltranger-day-platzhalter\/","title":{"rendered":"Naturparkschule bereitet Ausstellung zum World Ranger Day vor (2018)"},"content":{"rendered":"<div id=\"attachment_6684\" style=\"width: 310px\" class=\"wp-caption aligncenter\"><a href=\"https:\/\/www.naturparkmagazin.de\/stechlin\/wp-content\/uploads\/sites\/38\/World-Ranger-Day_0003.jpg\"><img aria-describedby=\"caption-attachment-6684\" decoding=\"async\" loading=\"lazy\" class=\"wp-image-6684 size-thumbnail\" src=\"https:\/\/www.naturparkmagazin.de\/stechlin\/wp-content\/uploads\/sites\/38\/World-Ranger-Day_0003-300x180.jpg\" alt=\"NP SRL\/Mario Schrumpf\" width=\"300\" height=\"180\" srcset=\"https:\/\/www.naturparkmagazin.de\/stechlin\/wp-content\/uploads\/sites\/38\/World-Ranger-Day_0003-300x180.jpg 300w, https:\/\/www.naturparkmagazin.de\/stechlin\/wp-content\/uploads\/sites\/38\/World-Ranger-Day_0003.jpg 500w, https:\/\/www.naturparkmagazin.de\/stechlin\/wp-content\/uploads\/sites\/38\/World-Ranger-Day_0003-200x120.jpg 200w\" sizes=\"(max-width: 300px) 100vw, 300px\" \/><\/a><p id=\"caption-attachment-6684\" class=\"wp-caption-text\">Aufmerksam verfolgen die Teilnehmer den Film \u00fcber die weltweite Arbeit der Ranger.<\/p><\/div>\n<p>Egal ob in Norwegen auf Patrouille zur Gletscher\u00fcberwachung, in Uganda im Kampf gegen Wilderer, in Chile bei der \u00dcberwachung von Vulkanaktivit\u00e4ten oder bei uns in Deutschland in Brandenburg bei der Wasservogelz\u00e4hlung, \u00fcberall in der Welt werden die Ranger angetrieben von der Liebe zur Natur und ihrer Leidenschaft diese zu bewahren.<\/p>\n<p>Am 31.7. ist World Ranger Day. Dieser Ehrentag ist Dank an die Ranger weltweit, die mit ihrer Arbeit dazu beitragen die Biologische Vielfalt zu erhalten und zu f\u00f6rdern, die helfen Traditionen zu bewahren und die auch Leben retten. Es ist ein Gedenktag f\u00fcr die Ranger die bei der Aus\u00fcbung ihres Berufes get\u00f6tet wurden, er ist auch ein Ausdruck von Mitgef\u00fchl an die Hinterbliebenen.<\/p>\n<p>So unterschiedlich unsere Aufgaben und Arbeitsbedingungen auch sind, gibt es doch viele Gemeinsamkeiten im Anliegen unserer Arbeit.<\/p>\n<p>Genau wie hier bei uns in Brandenburg wird zum Beispiel in Costa Rica schon den Kleinsten vermittelt, wie wichtig ein schonender, vorsichtiger Umgang mit der Natur ist. Da die Lebensbedingungen der Menschen in vielen Teilen der Welt erheblich schwieriger sind als hier bei uns und viele auf eine Versorgung mit Nahrungsmitteln direkt aus dem Wald angewiesen sind, ist es wichtig das die Ranger auch dort, oder erst recht dort als Mittler zwischen Mensch und Natur auftreten.<\/p>\n<div id=\"attachment_6685\" style=\"width: 310px\" class=\"wp-caption aligncenter\"><a href=\"https:\/\/www.naturparkmagazin.de\/stechlin\/wp-content\/uploads\/sites\/38\/World-Ranger-Day_0004.jpg\"><img aria-describedby=\"caption-attachment-6685\" decoding=\"async\" loading=\"lazy\" class=\"wp-image-6685 size-thumbnail\" src=\"https:\/\/www.naturparkmagazin.de\/stechlin\/wp-content\/uploads\/sites\/38\/World-Ranger-Day_0004-300x180.jpg\" alt=\"NP SRL\/Mario Schrumpf\" width=\"300\" height=\"180\" srcset=\"https:\/\/www.naturparkmagazin.de\/stechlin\/wp-content\/uploads\/sites\/38\/World-Ranger-Day_0004-300x180.jpg 300w, https:\/\/www.naturparkmagazin.de\/stechlin\/wp-content\/uploads\/sites\/38\/World-Ranger-Day_0004.jpg 500w, https:\/\/www.naturparkmagazin.de\/stechlin\/wp-content\/uploads\/sites\/38\/World-Ranger-Day_0004-200x120.jpg 200w\" sizes=\"(max-width: 300px) 100vw, 300px\" \/><\/a><p id=\"caption-attachment-6685\" class=\"wp-caption-text\">Der Leiter der Naturwacht Brandenburg, Manfred L\u00fctkepohl (Bildmitte) stand im Anschluss f\u00fcr Fragen zur Verf\u00fcgung.<\/p><\/div>\n<p>Wir Ranger im Naturpark Stechlin\u2013Ruppiner Land m\u00f6chten gemeinsam mit den Kindern der Theodor-Fontane-Schule hier in Menz auf den World Ranger Day aufmerksam machen und ihn w\u00fcrdig begehen. Wir m\u00f6chten die Kinder dazu animieren, sich k\u00fcnstlerisch mit dem Beruf Ranger auseinander zu setzen. Alles ist m\u00f6glich, egal ob mit Zeichnungen, Collagen oder Scherenschnitten k\u00f6nnen die Kinder darstellen, wie sie sich die Arbeit der Ranger vorstellen. Wir helfen dabei mit der Vorstellung unserer Arbeit hier im Naturpark und mit Erlebnisberichten der Kollegen die in anderen L\u00e4ndern gemeinsam mit den einheimischen Rangern unterwegs waren.<\/p>\n<p>Die Ergebnisse der Arbeit werden dann in der Regionalwerkstatt Stechlin ausgestellt. Geplant ist die Ausstellungser\u00f6ffnung f\u00fcr den 6.7. 2018. Die Arbeiten der Kinder sind dann f\u00fcr sechs Wochen hier zu sehen. Die Bilder, Collagen oder anderen Dinge sollen auch die Grundlage sein f\u00fcr einen Kalender im Jahr 2019.<\/p>\n<p>Gemeinsam mit dem Leiter der Naturwacht Brandenburg, Manfred L\u00fctkepohl haben wir zur Vorbereitung LehrerInnen und Erzieherinnen aus den Naturparkschulen und Naturpark-Kitas in den Naturparken Uckerm\u00e4rikische Seen und Stechlin-Ruppiner Land am 25.1. mit Film, Vortrag und Diskussion f\u00fcr das Thema sensibilisiert.<\/p>\n<p>Ich denke, so kann man den Kindern und auch allen anderen Menschen nahe bringen, wie wichtig unsere Arbeit ist und was f\u00fcr einen \u201ecoolen Job\u201c wir haben.<\/p>\n<p>&nbsp;<\/p>\n<p>Anke Rudnik<\/p>\n<p>Leiterin der Naturwacht Stechlin-Ruppiner Land<\/p>\n","protected":false},"excerpt":{"rendered":"<p>Anl\u00e4\u00dflich des World Ranger Days am 31.7. werden sich die Sch\u00fcler der Theodor-Fontane-Schule Menz k\u00fcnstlerisch mit dem Beruf des Rangers auseinandersetzen.<\/p>\n","protected":false},"author":39,"featured_media":6683,"comment_status":"open","ping_status":"open","sticky":false,"template":"","format":"standard","meta":[],"categories":[7],"tags":[],"yoast_head":"<!-- This site is optimized with the Yoast SEO plugin v19.10 - https:\/\/yoast.com\/wordpress\/plugins\/seo\/ -->\n<title>Naturparkschule bereitet Ausstellung zum World Ranger Day vor (2018) - Naturpark Stechlin-Ruppiner Land<\/title>\n<meta name=\"robots\" content=\"index, follow, max-snippet:-1, max-image-preview:large, max-video-preview:-1\" \/>\n<link rel=\"canonical\" href=\"https:\/\/www.naturparkmagazin.de\/stechlin\/weltranger-day-platzhalter\/\" \/>\n<meta property=\"og:locale\" content=\"de_DE\" \/>\n<meta property=\"og:type\" content=\"article\" \/>\n<meta property=\"og:title\" content=\"Naturparkschule bereitet Ausstellung zum World Ranger Day vor (2018) - Naturpark Stechlin-Ruppiner Land\" \/>\n<meta property=\"og:description\" content=\"Anl\u00e4\u00dflich des World Ranger Days am 31.7. werden sich die Sch\u00fcler der Theodor-Fontane-Schule Menz k\u00fcnstlerisch mit dem Beruf des Rangers auseinandersetzen.\" \/>\n<meta property=\"og:url\" content=\"https:\/\/www.naturparkmagazin.de\/stechlin\/weltranger-day-platzhalter\/\" \/>\n<meta property=\"og:site_name\" content=\"Naturpark Stechlin-Ruppiner Land\" \/>\n<meta property=\"article:published_time\" content=\"2018-01-16T15:15:18+00:00\" \/>\n<meta property=\"article:modified_time\" content=\"2025-06-19T11:53:26+00:00\" \/>\n<meta property=\"og:image\" content=\"https:\/\/www.naturparkmagazin.de\/stechlin\/wp-content\/uploads\/sites\/38\/World-Ranger-Day_0002.jpg\" \/>\n\t<meta property=\"og:image:width\" content=\"200\" \/>\n\t<meta property=\"og:image:height\" content=\"200\" \/>\n\t<meta property=\"og:image:type\" content=\"image\/jpeg\" \/>\n<meta name=\"author\" content=\"marioschrumpf\" \/>\n<meta name=\"twitter:label1\" content=\"Verfasst von\" \/>\n\t<meta name=\"twitter:data1\" content=\"marioschrumpf\" \/>\n\t<meta name=\"twitter:label2\" content=\"Gesch\u00e4tzte Lesezeit\" \/>\n\t<meta name=\"twitter:data2\" content=\"2\u00a0Minuten\" \/>\n<script type=\"application\/ld+json\" class=\"yoast-schema-graph\">{\"@context\":\"https:\/\/schema.org\",\"@graph\":[{\"@type\":\"WebPage\",\"@id\":\"https:\/\/www.naturparkmagazin.de\/stechlin\/weltranger-day-platzhalter\/\",\"url\":\"https:\/\/www.naturparkmagazin.de\/stechlin\/weltranger-day-platzhalter\/\",\"name\":\"Naturparkschule bereitet Ausstellung zum World Ranger Day vor (2018) - Naturpark Stechlin-Ruppiner Land\",\"isPartOf\":{\"@id\":\"https:\/\/www.naturparkmagazin.de\/stechlin\/#website\"},\"datePublished\":\"2018-01-16T15:15:18+00:00\",\"dateModified\":\"2025-06-19T11:53:26+00:00\",\"author\":{\"@id\":\"https:\/\/www.naturparkmagazin.de\/stechlin\/#\/schema\/person\/3f0d93203df21c806dd63c76d9bb28bc\"},\"breadcrumb\":{\"@id\":\"https:\/\/www.naturparkmagazin.de\/stechlin\/weltranger-day-platzhalter\/#breadcrumb\"},\"inLanguage\":\"de\",\"potentialAction\":[{\"@type\":\"ReadAction\",\"target\":[\"https:\/\/www.naturparkmagazin.de\/stechlin\/weltranger-day-platzhalter\/\"]}]},{\"@type\":\"BreadcrumbList\",\"@id\":\"https:\/\/www.naturparkmagazin.de\/stechlin\/weltranger-day-platzhalter\/#breadcrumb\",\"itemListElement\":[{\"@type\":\"ListItem\",\"position\":1,\"name\":\"Home\",\"item\":\"https:\/\/www.naturparkmagazin.de\/stechlin\/\"},{\"@type\":\"ListItem\",\"position\":2,\"name\":\"Naturparkschule bereitet Ausstellung zum World Ranger Day vor (2018)\"}]},{\"@type\":\"WebSite\",\"@id\":\"https:\/\/www.naturparkmagazin.de\/stechlin\/#website\",\"url\":\"https:\/\/www.naturparkmagazin.de\/stechlin\/\",\"name\":\"Naturpark Stechlin-Ruppiner Land\",\"description\":\"\",\"potentialAction\":[{\"@type\":\"SearchAction\",\"target\":{\"@type\":\"EntryPoint\",\"urlTemplate\":\"https:\/\/www.naturparkmagazin.de\/stechlin\/?s={search_term_string}\"},\"query-input\":\"required name=search_term_string\"}],\"inLanguage\":\"de\"},{\"@type\":\"Person\",\"@id\":\"https:\/\/www.naturparkmagazin.de\/stechlin\/#\/schema\/person\/3f0d93203df21c806dd63c76d9bb28bc\",\"name\":\"marioschrumpf\",\"url\":\"https:\/\/www.naturparkmagazin.de\/stechlin\/author\/marioschrumpf\/\"}]}<\/script>\n<!-- \/ Yoast SEO plugin. -->","yoast_head_json":{"title":"Naturparkschule bereitet Ausstellung zum World Ranger Day vor (2018) - Naturpark Stechlin-Ruppiner Land","robots":{"index":"index","follow":"follow","max-snippet":"max-snippet:-1","max-image-preview":"max-image-preview:large","max-video-preview":"max-video-preview:-1"},"canonical":"https:\/\/www.naturparkmagazin.de\/stechlin\/weltranger-day-platzhalter\/","og_locale":"de_DE","og_type":"article","og_title":"Naturparkschule bereitet Ausstellung zum World Ranger Day vor (2018) - Naturpark Stechlin-Ruppiner Land","og_description":"Anl\u00e4\u00dflich des World Ranger Days am 31.7. werden sich die Sch\u00fcler der Theodor-Fontane-Schule Menz k\u00fcnstlerisch mit dem Beruf des Rangers auseinandersetzen.","og_url":"https:\/\/www.naturparkmagazin.de\/stechlin\/weltranger-day-platzhalter\/","og_site_name":"Naturpark Stechlin-Ruppiner Land","article_published_time":"2018-01-16T15:15:18+00:00","article_modified_time":"2025-06-19T11:53:26+00:00","og_image":[{"width":200,"height":200,"url":"https:\/\/www.naturparkmagazin.de\/stechlin\/wp-content\/uploads\/sites\/38\/World-Ranger-Day_0002.jpg","type":"image\/jpeg"}],"author":"marioschrumpf","twitter_misc":{"Verfasst von":"marioschrumpf","Gesch\u00e4tzte Lesezeit":"2\u00a0Minuten"},"schema":{"@context":"https:\/\/schema.org","@graph":[{"@type":"WebPage","@id":"https:\/\/www.naturparkmagazin.de\/stechlin\/weltranger-day-platzhalter\/","url":"https:\/\/www.naturparkmagazin.de\/stechlin\/weltranger-day-platzhalter\/","name":"Naturparkschule bereitet Ausstellung zum World Ranger Day vor (2018) - Naturpark Stechlin-Ruppiner Land","isPartOf":{"@id":"https:\/\/www.naturparkmagazin.de\/stechlin\/#website"},"datePublished":"2018-01-16T15:15:18+00:00","dateModified":"2025-06-19T11:53:26+00:00","author":{"@id":"https:\/\/www.naturparkmagazin.de\/stechlin\/#\/schema\/person\/3f0d93203df21c806dd63c76d9bb28bc"},"breadcrumb":{"@id":"https:\/\/www.naturparkmagazin.de\/stechlin\/weltranger-day-platzhalter\/#breadcrumb"},"inLanguage":"de","potentialAction":[{"@type":"ReadAction","target":["https:\/\/www.naturparkmagazin.de\/stechlin\/weltranger-day-platzhalter\/"]}]},{"@type":"BreadcrumbList","@id":"https:\/\/www.naturparkmagazin.de\/stechlin\/weltranger-day-platzhalter\/#breadcrumb","itemListElement":[{"@type":"ListItem","position":1,"name":"Home","item":"https:\/\/www.naturparkmagazin.de\/stechlin\/"},{"@type":"ListItem","position":2,"name":"Naturparkschule bereitet Ausstellung zum World Ranger Day vor (2018)"}]},{"@type":"WebSite","@id":"https:\/\/www.naturparkmagazin.de\/stechlin\/#website","url":"https:\/\/www.naturparkmagazin.de\/stechlin\/","name":"Naturpark Stechlin-Ruppiner Land","description":"","potentialAction":[{"@type":"SearchAction","target":{"@type":"EntryPoint","urlTemplate":"https:\/\/www.naturparkmagazin.de\/stechlin\/?s={search_term_string}"},"query-input":"required name=search_term_string"}],"inLanguage":"de"},{"@type":"Person","@id":"https:\/\/www.naturparkmagazin.de\/stechlin\/#\/schema\/person\/3f0d93203df21c806dd63c76d9bb28bc","name":"marioschrumpf","url":"https:\/\/www.naturparkmagazin.de\/stechlin\/author\/marioschrumpf\/"}]}},"_links":{"self":[{"href":"https:\/\/www.naturparkmagazin.de\/stechlin\/wp-json\/wp\/v2\/posts\/6584"}],"collection":[{"href":"https:\/\/www.naturparkmagazin.de\/stechlin\/wp-json\/wp\/v2\/posts"}],"about":[{"href":"https:\/\/www.naturparkmagazin.de\/stechlin\/wp-json\/wp\/v2\/types\/post"}],"author":[{"embeddable":true,"href":"https:\/\/www.naturparkmagazin.de\/stechlin\/wp-json\/wp\/v2\/users\/39"}],"replies":[{"embeddable":true,"href":"https:\/\/www.naturparkmagazin.de\/stechlin\/wp-json\/wp\/v2\/comments?post=6584"}],"version-history":[{"count":6,"href":"https:\/\/www.naturparkmagazin.de\/stechlin\/wp-json\/wp\/v2\/posts\/6584\/revisions"}],"predecessor-version":[{"id":17536,"href":"https:\/\/www.naturparkmagazin.de\/stechlin\/wp-json\/wp\/v2\/posts\/6584\/revisions\/17536"}],"wp:featuredmedia":[{"embeddable":true,"href":"https:\/\/www.naturparkmagazin.de\/stechlin\/wp-json\/wp\/v2\/media\/6683"}],"wp:attachment":[{"href":"https:\/\/www.naturparkmagazin.de\/stechlin\/wp-json\/wp\/v2\/media?parent=6584"}],"wp:term":[{"taxonomy":"category","embeddable":true,"href":"https:\/\/www.naturparkmagazin.de\/stechlin\/wp-json\/wp\/v2\/categories?post=6584"},{"taxonomy":"post_tag","embeddable":true,"href":"https:\/\/www.naturparkmagazin.de\/stechlin\/wp-json\/wp\/v2\/tags?post=6584"}],"curies":[{"name":"wp","href":"https:\/\/api.w.org\/{rel}","templated":true}]}}