{"id":6626,"date":"2018-01-16T11:19:20","date_gmt":"2018-01-16T10:19:20","guid":{"rendered":"http:\/\/www.naturparkmagazin.de\/stechlin\/?p=6626"},"modified":"2018-01-22T10:56:03","modified_gmt":"2018-01-22T09:56:03","slug":"achim-von-arnim-die-zeit-der-romantik","status":"publish","type":"post","link":"https:\/\/www.naturparkmagazin.de\/stechlin\/achim-von-arnim-die-zeit-der-romantik\/","title":{"rendered":"Achim von Arnim &#8211; die Zeit der Romantik"},"content":{"rendered":"<div id=\"attachment_6632\" style=\"width: 166px\" class=\"wp-caption aligncenter\"><a href=\"https:\/\/www.naturparkmagazin.de\/stechlin\/wp-content\/uploads\/sites\/38\/B\u00e4rbel-Backwitz-0023.jpg\"><img aria-describedby=\"caption-attachment-6632\" decoding=\"async\" loading=\"lazy\" class=\" wp-image-6632\" src=\"https:\/\/www.naturparkmagazin.de\/stechlin\/wp-content\/uploads\/sites\/38\/B\u00e4rbel-Backwitz-0023.jpg\" alt=\"Natur- und Landschaftsf\u00fchrerin B\u00e4rbel Backwitz\" width=\"156\" height=\"240\" \/><\/a><p id=\"caption-attachment-6632\" class=\"wp-caption-text\">Natur- und Landschaftsf\u00fchrerin B\u00e4rbel Backwitz<\/p><\/div>\n<p>&nbsp;<\/p>\n<p>Anl\u00e4sslich des Weltg\u00e4stef\u00fchrertages, der in diesem Jahr unter dem Motto &#8222;<em>Menschen &#8211; die Geschichte schrieben<\/em>&#8220; steht, l\u00e4dt\u00a0B\u00e4rbel Backwitz, zertifizierter Natur- und Landschaftsf\u00fchrerin des Naturparks zum Vortrag auf Gut Zernikow ein.<\/p>\n<p>&nbsp;<\/p>\n<p><strong>Termin:<\/strong> 17. Februar, 13 Uhr<\/p>\n<p><strong>Treff:<\/strong> Gut Zernikow<\/p>\n<p>&nbsp;<\/p>\n","protected":false},"excerpt":{"rendered":"<p> Natur- und Landschaftsf\u00fchrerin B\u00e4rbel Backwitz l\u00e4dt zum Vortrag \u00fcber einen der bedeutendsten Dichter der Romantik nach Zernikow ein.<\/p>\n","protected":false},"author":39,"featured_media":6631,"comment_status":"open","ping_status":"open","sticky":false,"template":"","format":"standard","meta":[],"categories":[11],"tags":[],"yoast_head":"<!-- This site is optimized with the Yoast SEO plugin v19.10 - https:\/\/yoast.com\/wordpress\/plugins\/seo\/ -->\n<title>Achim von Arnim - die Zeit der Romantik - Naturpark Stechlin-Ruppiner Land<\/title>\n<meta name=\"robots\" content=\"index, follow, max-snippet:-1, max-image-preview:large, max-video-preview:-1\" \/>\n<link rel=\"canonical\" href=\"https:\/\/www.naturparkmagazin.de\/stechlin\/achim-von-arnim-die-zeit-der-romantik\/\" \/>\n<meta property=\"og:locale\" content=\"de_DE\" \/>\n<meta property=\"og:type\" content=\"article\" \/>\n<meta property=\"og:title\" content=\"Achim von Arnim - die Zeit der Romantik - Naturpark Stechlin-Ruppiner Land\" \/>\n<meta property=\"og:description\" content=\"Natur- und Landschaftsf\u00fchrerin B\u00e4rbel Backwitz l\u00e4dt zum Vortrag \u00fcber einen der bedeutendsten Dichter der Romantik nach Zernikow ein.\" \/>\n<meta property=\"og:url\" content=\"https:\/\/www.naturparkmagazin.de\/stechlin\/achim-von-arnim-die-zeit-der-romantik\/\" \/>\n<meta property=\"og:site_name\" content=\"Naturpark Stechlin-Ruppiner Land\" \/>\n<meta property=\"article:published_time\" content=\"2018-01-16T10:19:20+00:00\" \/>\n<meta property=\"article:modified_time\" content=\"2018-01-22T09:56:03+00:00\" \/>\n<meta property=\"og:image\" content=\"https:\/\/www.naturparkmagazin.de\/stechlin\/wp-content\/uploads\/sites\/38\/Gutshaus-Zernikow_0009.jpg\" \/>\n\t<meta property=\"og:image:width\" content=\"200\" \/>\n\t<meta property=\"og:image:height\" content=\"200\" \/>\n\t<meta property=\"og:image:type\" content=\"image\/jpeg\" \/>\n<meta name=\"author\" content=\"marioschrumpf\" \/>\n<meta name=\"twitter:label1\" content=\"Verfasst von\" \/>\n\t<meta name=\"twitter:data1\" content=\"marioschrumpf\" \/>\n<script type=\"application\/ld+json\" class=\"yoast-schema-graph\">{\"@context\":\"https:\/\/schema.org\",\"@graph\":[{\"@type\":\"WebPage\",\"@id\":\"https:\/\/www.naturparkmagazin.de\/stechlin\/achim-von-arnim-die-zeit-der-romantik\/\",\"url\":\"https:\/\/www.naturparkmagazin.de\/stechlin\/achim-von-arnim-die-zeit-der-romantik\/\",\"name\":\"Achim von Arnim - die Zeit der Romantik - Naturpark Stechlin-Ruppiner Land\",\"isPartOf\":{\"@id\":\"https:\/\/www.naturparkmagazin.de\/stechlin\/#website\"},\"datePublished\":\"2018-01-16T10:19:20+00:00\",\"dateModified\":\"2018-01-22T09:56:03+00:00\",\"author\":{\"@id\":\"https:\/\/www.naturparkmagazin.de\/stechlin\/#\/schema\/person\/3f0d93203df21c806dd63c76d9bb28bc\"},\"breadcrumb\":{\"@id\":\"https:\/\/www.naturparkmagazin.de\/stechlin\/achim-von-arnim-die-zeit-der-romantik\/#breadcrumb\"},\"inLanguage\":\"de\",\"potentialAction\":[{\"@type\":\"ReadAction\",\"target\":[\"https:\/\/www.naturparkmagazin.de\/stechlin\/achim-von-arnim-die-zeit-der-romantik\/\"]}]},{\"@type\":\"BreadcrumbList\",\"@id\":\"https:\/\/www.naturparkmagazin.de\/stechlin\/achim-von-arnim-die-zeit-der-romantik\/#breadcrumb\",\"itemListElement\":[{\"@type\":\"ListItem\",\"position\":1,\"name\":\"Home\",\"item\":\"https:\/\/www.naturparkmagazin.de\/stechlin\/\"},{\"@type\":\"ListItem\",\"position\":2,\"name\":\"Achim von Arnim &#8211; die Zeit der Romantik\"}]},{\"@type\":\"WebSite\",\"@id\":\"https:\/\/www.naturparkmagazin.de\/stechlin\/#website\",\"url\":\"https:\/\/www.naturparkmagazin.de\/stechlin\/\",\"name\":\"Naturpark Stechlin-Ruppiner Land\",\"description\":\"\",\"potentialAction\":[{\"@type\":\"SearchAction\",\"target\":{\"@type\":\"EntryPoint\",\"urlTemplate\":\"https:\/\/www.naturparkmagazin.de\/stechlin\/?s={search_term_string}\"},\"query-input\":\"required name=search_term_string\"}],\"inLanguage\":\"de\"},{\"@type\":\"Person\",\"@id\":\"https:\/\/www.naturparkmagazin.de\/stechlin\/#\/schema\/person\/3f0d93203df21c806dd63c76d9bb28bc\",\"name\":\"marioschrumpf\",\"url\":\"https:\/\/www.naturparkmagazin.de\/stechlin\/author\/marioschrumpf\/\"}]}<\/script>\n<!-- \/ Yoast SEO plugin. -->","yoast_head_json":{"title":"Achim von Arnim - die Zeit der Romantik - Naturpark Stechlin-Ruppiner Land","robots":{"index":"index","follow":"follow","max-snippet":"max-snippet:-1","max-image-preview":"max-image-preview:large","max-video-preview":"max-video-preview:-1"},"canonical":"https:\/\/www.naturparkmagazin.de\/stechlin\/achim-von-arnim-die-zeit-der-romantik\/","og_locale":"de_DE","og_type":"article","og_title":"Achim von Arnim - die Zeit der Romantik - Naturpark Stechlin-Ruppiner Land","og_description":"Natur- und Landschaftsf\u00fchrerin B\u00e4rbel Backwitz l\u00e4dt zum Vortrag \u00fcber einen der bedeutendsten Dichter der Romantik nach Zernikow ein.","og_url":"https:\/\/www.naturparkmagazin.de\/stechlin\/achim-von-arnim-die-zeit-der-romantik\/","og_site_name":"Naturpark Stechlin-Ruppiner Land","article_published_time":"2018-01-16T10:19:20+00:00","article_modified_time":"2018-01-22T09:56:03+00:00","og_image":[{"width":200,"height":200,"url":"https:\/\/www.naturparkmagazin.de\/stechlin\/wp-content\/uploads\/sites\/38\/Gutshaus-Zernikow_0009.jpg","type":"image\/jpeg"}],"author":"marioschrumpf","twitter_misc":{"Verfasst von":"marioschrumpf"},"schema":{"@context":"https:\/\/schema.org","@graph":[{"@type":"WebPage","@id":"https:\/\/www.naturparkmagazin.de\/stechlin\/achim-von-arnim-die-zeit-der-romantik\/","url":"https:\/\/www.naturparkmagazin.de\/stechlin\/achim-von-arnim-die-zeit-der-romantik\/","name":"Achim von Arnim - die Zeit der Romantik - Naturpark Stechlin-Ruppiner Land","isPartOf":{"@id":"https:\/\/www.naturparkmagazin.de\/stechlin\/#website"},"datePublished":"2018-01-16T10:19:20+00:00","dateModified":"2018-01-22T09:56:03+00:00","author":{"@id":"https:\/\/www.naturparkmagazin.de\/stechlin\/#\/schema\/person\/3f0d93203df21c806dd63c76d9bb28bc"},"breadcrumb":{"@id":"https:\/\/www.naturparkmagazin.de\/stechlin\/achim-von-arnim-die-zeit-der-romantik\/#breadcrumb"},"inLanguage":"de","potentialAction":[{"@type":"ReadAction","target":["https:\/\/www.naturparkmagazin.de\/stechlin\/achim-von-arnim-die-zeit-der-romantik\/"]}]},{"@type":"BreadcrumbList","@id":"https:\/\/www.naturparkmagazin.de\/stechlin\/achim-von-arnim-die-zeit-der-romantik\/#breadcrumb","itemListElement":[{"@type":"ListItem","position":1,"name":"Home","item":"https:\/\/www.naturparkmagazin.de\/stechlin\/"},{"@type":"ListItem","position":2,"name":"Achim von Arnim &#8211; die Zeit der Romantik"}]},{"@type":"WebSite","@id":"https:\/\/www.naturparkmagazin.de\/stechlin\/#website","url":"https:\/\/www.naturparkmagazin.de\/stechlin\/","name":"Naturpark Stechlin-Ruppiner Land","description":"","potentialAction":[{"@type":"SearchAction","target":{"@type":"EntryPoint","urlTemplate":"https:\/\/www.naturparkmagazin.de\/stechlin\/?s={search_term_string}"},"query-input":"required name=search_term_string"}],"inLanguage":"de"},{"@type":"Person","@id":"https:\/\/www.naturparkmagazin.de\/stechlin\/#\/schema\/person\/3f0d93203df21c806dd63c76d9bb28bc","name":"marioschrumpf","url":"https:\/\/www.naturparkmagazin.de\/stechlin\/author\/marioschrumpf\/"}]}},"_links":{"self":[{"href":"https:\/\/www.naturparkmagazin.de\/stechlin\/wp-json\/wp\/v2\/posts\/6626"}],"collection":[{"href":"https:\/\/www.naturparkmagazin.de\/stechlin\/wp-json\/wp\/v2\/posts"}],"about":[{"href":"https:\/\/www.naturparkmagazin.de\/stechlin\/wp-json\/wp\/v2\/types\/post"}],"author":[{"embeddable":true,"href":"https:\/\/www.naturparkmagazin.de\/stechlin\/wp-json\/wp\/v2\/users\/39"}],"replies":[{"embeddable":true,"href":"https:\/\/www.naturparkmagazin.de\/stechlin\/wp-json\/wp\/v2\/comments?post=6626"}],"version-history":[{"count":4,"href":"https:\/\/www.naturparkmagazin.de\/stechlin\/wp-json\/wp\/v2\/posts\/6626\/revisions"}],"predecessor-version":[{"id":6648,"href":"https:\/\/www.naturparkmagazin.de\/stechlin\/wp-json\/wp\/v2\/posts\/6626\/revisions\/6648"}],"wp:featuredmedia":[{"embeddable":true,"href":"https:\/\/www.naturparkmagazin.de\/stechlin\/wp-json\/wp\/v2\/media\/6631"}],"wp:attachment":[{"href":"https:\/\/www.naturparkmagazin.de\/stechlin\/wp-json\/wp\/v2\/media?parent=6626"}],"wp:term":[{"taxonomy":"category","embeddable":true,"href":"https:\/\/www.naturparkmagazin.de\/stechlin\/wp-json\/wp\/v2\/categories?post=6626"},{"taxonomy":"post_tag","embeddable":true,"href":"https:\/\/www.naturparkmagazin.de\/stechlin\/wp-json\/wp\/v2\/tags?post=6626"}],"curies":[{"name":"wp","href":"https:\/\/api.w.org\/{rel}","templated":true}]}}