{"id":6713,"date":"2018-02-14T09:52:53","date_gmt":"2018-02-14T08:52:53","guid":{"rendered":"http:\/\/www.naturparkmagazin.de\/stechlin\/?p=6713"},"modified":"2018-03-02T11:02:12","modified_gmt":"2018-03-02T10:02:12","slug":"maz-fruehlingswanderung-rund-um-menz","status":"publish","type":"post","link":"https:\/\/www.naturparkmagazin.de\/stechlin\/maz-fruehlingswanderung-rund-um-menz\/","title":{"rendered":"Auf zur MAZ-Fr\u00fchlingswanderung rund um Menz"},"content":{"rendered":"<div id=\"attachment_3764\" style=\"width: 310px\" class=\"wp-caption aligncenter\"><a href=\"https:\/\/www.naturparkmagazin.de\/stechlin\/wp-content\/uploads\/sites\/38\/Pagel-mit-wandergruppe.jpg\"><img aria-describedby=\"caption-attachment-3764\" decoding=\"async\" loading=\"lazy\" class=\"size-thumbnail wp-image-3764\" src=\"https:\/\/www.naturparkmagazin.de\/stechlin\/wp-content\/uploads\/sites\/38\/Pagel-mit-wandergruppe-300x180.jpg\" alt=\"Dr. Wolfgang Pagel mit Wandergruppe.\" width=\"300\" height=\"180\" srcset=\"https:\/\/www.naturparkmagazin.de\/stechlin\/wp-content\/uploads\/sites\/38\/Pagel-mit-wandergruppe-300x180.jpg 300w, https:\/\/www.naturparkmagazin.de\/stechlin\/wp-content\/uploads\/sites\/38\/Pagel-mit-wandergruppe.jpg 500w, https:\/\/www.naturparkmagazin.de\/stechlin\/wp-content\/uploads\/sites\/38\/Pagel-mit-wandergruppe-200x120.jpg 200w\" sizes=\"(max-width: 300px) 100vw, 300px\" \/><\/a><p id=\"caption-attachment-3764\" class=\"wp-caption-text\">Dr. Wolfgang Pagel mit Wandergruppe.<\/p><\/div>\n<p align=\"LEFT\">Der Winter war lang genug. Zeit f\u00fcr Bewegung! Kommen Sie doch einfach mit zur MAZ-Fr\u00fchlingswanderung rund um Menz am 18.3.! Der Pr\u00e4sident des Berliner Wandersportverbandes und der Naturparkleiter werden Sie pers\u00f6nlich begleiten!<\/p>\n<p align=\"LEFT\">Weitere Infos in der Tagespresse (MAZ).<\/p>\n<p align=\"LEFT\"><span style=\"text-decoration: underline\"><strong>Sonntag, 18.03.2018<\/strong><\/span><\/p>\n<p align=\"LEFT\">Wanderung \u201eMAZ bewegt\u201c<\/p>\n<p align=\"LEFT\">12 km (M\u00f6glichkeit zu verl\u00e4ngern auf 18 km)<\/p>\n<p align=\"LEFT\"><span style=\"text-decoration: underline\"><strong>Wanderleitung:<\/strong><\/span><\/p>\n<p align=\"LEFT\">Dr. Wolfgang Pagel, Pr\u00e4sident des Berliner Wanderverbandes e.V.,<\/p>\n<p align=\"LEFT\">Dr. Mario Schrumpf, Leiter des Naturparks Stechlin-Ruppiner Land<\/p>\n<p align=\"LEFT\"><span style=\"font-family: Arial-BoldMT\"><b><span style=\"text-decoration: underline\">Start:<\/span> Stechlin OT Menz, Bushst. Am Friedensplatz<\/b><\/span><span style=\"font-family: ArialMT\">, <\/span><b><span style=\"font-family: Arial-BoldMT\">10:30 Uhr<\/span><\/b><\/p>\n<p align=\"LEFT\"><span style=\"text-decoration: underline\"><strong>Anreise:<\/strong><\/span><\/p>\n<p align=\"LEFT\"><span style=\"font-family: ArialMT\">Bahn <\/span><b><span style=\"font-family: Arial-BoldMT\">RE5<\/span><\/b><span style=\"font-family: ArialMT\">, (Bln Gesundbrunnen ab 08:49 Uhr,) <\/span><b><span style=\"font-family: Arial-BoldMT\">Oranienburg ab 09:11 Uhr<\/span><\/b><span style=\"font-family: ArialMT\">,<\/span><\/p>\n<p align=\"LEFT\"><span style=\"font-family: ArialMT\">F\u00fcrstenberg (Havel) an 09:47 Uhr, <\/span><b><span style=\"font-family: Arial-BoldMT\">(Ruf)Bus 839 ab 09:58 Uhr<\/span><\/b><span style=\"font-family: ArialMT\">,<\/span><\/p>\n<p align=\"LEFT\">Menz, Am Friedensplatz an 10:17 Uhr<\/p>\n<p align=\"LEFT\"><span style=\"font-family: Arial-BoldMT\"><b>Ziel: 12\/18 km: <\/b><\/span><span style=\"font-family: ArialMT\">Stechlin OT Menz, Bushst. Am Friedensplatz, <\/span><b><span style=\"font-family: Arial-BoldMT\">gegen 16:30 Uhr<\/span><\/b><\/p>\n<p align=\"LEFT\"><span style=\"text-decoration: underline\"><strong>Abreise:<\/strong><\/span><\/p>\n<p align=\"LEFT\"><span style=\"font-family: Arial-BoldMT\"><b>Menz, Am Friedensplatz, (Ruf)Bus 839 ab 16:37 Uhr<\/b><\/span><span style=\"font-family: ArialMT\">,<\/span><\/p>\n<p align=\"LEFT\"><span style=\"font-family: ArialMT\">F\u00fcrstenberg (Havel) an 17:00 Uhr, Bahn <\/span><b><span style=\"font-family: Arial-BoldMT\">RE5 ab 17:11 Uhr<\/span><\/b><span style=\"font-family: ArialMT\">,<\/span><\/p>\n<p align=\"LEFT\"><span style=\"font-family: Arial-BoldMT\"><b>Oranienburg an 17:44 Uhr <\/b><\/span><span style=\"font-family: ArialMT\">(, Bln Gesundbrunnen an 18:09 Uhr)<\/span><\/p>\n<p align=\"LEFT\">F\u00fcr die An-\/Abreise mit Bahn und Bus ist bei verbindlicher Anmeldung die Beteiligung an<\/p>\n<p align=\"LEFT\">Gruppentickets (Brandenburg-Berlin-Tickets), die auf der Hinfahrt sp\u00e4testens ab Oranienburg<\/p>\n<p align=\"LEFT\">im RE5 (vorletzter Wagen) sind, m\u00f6glich. Der zu erwartende Fahrtkostenanteil wird<\/p>\n<p align=\"LEFT\">bei etwa 7,50 \u20ac (abh\u00e4ngig von der Auslastung der Tickets) liegen.<\/p>\n<p align=\"LEFT\">F\u00fcr Autofahrer: In der N\u00e4he von Start-\/Zielort sind ausreichend Parkpl\u00e4tze vorhanden.<\/p>\n<p align=\"LEFT\"><strong><span style=\"text-decoration: underline\">Wanderstrecke:<\/span><\/strong><\/p>\n<p align=\"LEFT\"><span style=\"font-family: Arial-BoldMT\"><b>Menz, Bushst. Am Friedenplatz <\/b><\/span><span style=\"font-family: ArialMT\">\u2013 alter Bahndamm der Stechlinseebahn \u2013 Buchenallee \u2013<\/span><\/p>\n<p align=\"LEFT\"><span style=\"font-family: Arial-BoldMT\"><b>Zernikow (Kirche, Gutsanlage, Getr\u00e4nkestop) <\/b><\/span><span style=\"font-family: ArialMT\">\u2013 Maulbeerallee \u2013 Zernikower M\u00fchle \u2013 <\/span><b><span style=\"font-family: Arial-BoldMT\">Burow (7 km \/<\/span><\/b><\/p>\n<p align=\"LEFT\"><span style=\"font-family: Arial-BoldMT\"><b>Imbiss ca. 12:30 Uhr) <\/b><\/span><span style=\"font-family: ArialMT\">\u2013 Polzowkanal \u2013 Roofensee;<\/span><\/p>\n<p align=\"LEFT\"><span style=\"font-family: Arial-BoldMT\"><b>12 km: <\/b><\/span><span style=\"font-family: ArialMT\">direkt zum NaturParkHaus am Friedensplatz in Menz, dort ausf\u00fchrliche F\u00fchrung;<\/span><\/p>\n<p align=\"LEFT\"><span style=\"font-family: Arial-BoldMT\"><b>18 km: <\/b><\/span><span style=\"font-family: ArialMT\">Roofensee, Nordufer \u2013 Grubitzwisch \u2013 Polzowkanalbr\u00fccke \u2013 Roofensee, S\u00fcdufer \u2013<\/span><\/p>\n<p align=\"LEFT\">Naturparkhaus Friedensplatz in Menz (kurze F\u00fchrung);<\/p>\n<p><span style=\"font-family: Arial-BoldMT\"><b>Menz, Bushst. Am Friedenplatz: Ziel 12\/18 km<\/b><\/span><span style=\"font-family: ArialMT\">.<\/span><\/p>\n<p><strong>Anmelden<\/strong> kann sich jeder Wanderfreund <strong>bis zum 16.03.2018<\/strong> (15.00 Uhr) unter:<\/p>\n<p>Tel.: 03301 594570 oder <a href=\"mailto:kundencenter.oranienburg@MAZ-online.de\">kundencenter.oranienburg@MAZ-online.de<\/a><\/p>\n<p>&nbsp;<\/p>\n","protected":false},"excerpt":{"rendered":"<p>Der Winter war lang genug. Zeit f\u00fcr Bewegung! Kommen Sie doch einfach mit zur MAZ-Fr\u00fchlingswanderung rund um Menz am 18.3.!<\/p>\n","protected":false},"author":39,"featured_media":5709,"comment_status":"open","ping_status":"open","sticky":false,"template":"","format":"standard","meta":[],"categories":[11],"tags":[],"yoast_head":"<!-- This site is optimized with the Yoast SEO plugin v19.10 - https:\/\/yoast.com\/wordpress\/plugins\/seo\/ -->\n<title>Auf zur MAZ-Fr\u00fchlingswanderung rund um Menz - Naturpark Stechlin-Ruppiner Land<\/title>\n<meta name=\"robots\" content=\"index, follow, max-snippet:-1, max-image-preview:large, max-video-preview:-1\" \/>\n<link rel=\"canonical\" href=\"https:\/\/www.naturparkmagazin.de\/stechlin\/maz-fruehlingswanderung-rund-um-menz\/\" \/>\n<meta property=\"og:locale\" content=\"de_DE\" \/>\n<meta property=\"og:type\" content=\"article\" \/>\n<meta property=\"og:title\" content=\"Auf zur MAZ-Fr\u00fchlingswanderung rund um Menz - Naturpark Stechlin-Ruppiner Land\" \/>\n<meta property=\"og:description\" content=\"Der Winter war lang genug. Zeit f\u00fcr Bewegung! Kommen Sie doch einfach mit zur MAZ-Fr\u00fchlingswanderung rund um Menz am 18.3.!\" \/>\n<meta property=\"og:url\" content=\"https:\/\/www.naturparkmagazin.de\/stechlin\/maz-fruehlingswanderung-rund-um-menz\/\" \/>\n<meta property=\"og:site_name\" content=\"Naturpark Stechlin-Ruppiner Land\" \/>\n<meta property=\"article:published_time\" content=\"2018-02-14T08:52:53+00:00\" \/>\n<meta property=\"article:modified_time\" content=\"2018-03-02T10:02:12+00:00\" \/>\n<meta property=\"og:image\" content=\"https:\/\/www.naturparkmagazin.de\/stechlin\/wp-content\/uploads\/sites\/38\/Pagel198.jpg\" \/>\n\t<meta property=\"og:image:width\" content=\"200\" \/>\n\t<meta property=\"og:image:height\" content=\"200\" \/>\n\t<meta property=\"og:image:type\" content=\"image\/jpeg\" \/>\n<meta name=\"author\" content=\"marioschrumpf\" \/>\n<meta name=\"twitter:label1\" content=\"Verfasst von\" \/>\n\t<meta name=\"twitter:data1\" content=\"marioschrumpf\" \/>\n\t<meta name=\"twitter:label2\" content=\"Gesch\u00e4tzte Lesezeit\" \/>\n\t<meta name=\"twitter:data2\" content=\"1\u00a0Minute\" \/>\n<script type=\"application\/ld+json\" class=\"yoast-schema-graph\">{\"@context\":\"https:\/\/schema.org\",\"@graph\":[{\"@type\":\"WebPage\",\"@id\":\"https:\/\/www.naturparkmagazin.de\/stechlin\/maz-fruehlingswanderung-rund-um-menz\/\",\"url\":\"https:\/\/www.naturparkmagazin.de\/stechlin\/maz-fruehlingswanderung-rund-um-menz\/\",\"name\":\"Auf zur MAZ-Fr\u00fchlingswanderung rund um Menz - Naturpark Stechlin-Ruppiner Land\",\"isPartOf\":{\"@id\":\"https:\/\/www.naturparkmagazin.de\/stechlin\/#website\"},\"datePublished\":\"2018-02-14T08:52:53+00:00\",\"dateModified\":\"2018-03-02T10:02:12+00:00\",\"author\":{\"@id\":\"https:\/\/www.naturparkmagazin.de\/stechlin\/#\/schema\/person\/3f0d93203df21c806dd63c76d9bb28bc\"},\"breadcrumb\":{\"@id\":\"https:\/\/www.naturparkmagazin.de\/stechlin\/maz-fruehlingswanderung-rund-um-menz\/#breadcrumb\"},\"inLanguage\":\"de\",\"potentialAction\":[{\"@type\":\"ReadAction\",\"target\":[\"https:\/\/www.naturparkmagazin.de\/stechlin\/maz-fruehlingswanderung-rund-um-menz\/\"]}]},{\"@type\":\"BreadcrumbList\",\"@id\":\"https:\/\/www.naturparkmagazin.de\/stechlin\/maz-fruehlingswanderung-rund-um-menz\/#breadcrumb\",\"itemListElement\":[{\"@type\":\"ListItem\",\"position\":1,\"name\":\"Home\",\"item\":\"https:\/\/www.naturparkmagazin.de\/stechlin\/\"},{\"@type\":\"ListItem\",\"position\":2,\"name\":\"Auf zur MAZ-Fr\u00fchlingswanderung rund um Menz\"}]},{\"@type\":\"WebSite\",\"@id\":\"https:\/\/www.naturparkmagazin.de\/stechlin\/#website\",\"url\":\"https:\/\/www.naturparkmagazin.de\/stechlin\/\",\"name\":\"Naturpark Stechlin-Ruppiner Land\",\"description\":\"\",\"potentialAction\":[{\"@type\":\"SearchAction\",\"target\":{\"@type\":\"EntryPoint\",\"urlTemplate\":\"https:\/\/www.naturparkmagazin.de\/stechlin\/?s={search_term_string}\"},\"query-input\":\"required name=search_term_string\"}],\"inLanguage\":\"de\"},{\"@type\":\"Person\",\"@id\":\"https:\/\/www.naturparkmagazin.de\/stechlin\/#\/schema\/person\/3f0d93203df21c806dd63c76d9bb28bc\",\"name\":\"marioschrumpf\",\"url\":\"https:\/\/www.naturparkmagazin.de\/stechlin\/author\/marioschrumpf\/\"}]}<\/script>\n<!-- \/ Yoast SEO plugin. -->","yoast_head_json":{"title":"Auf zur MAZ-Fr\u00fchlingswanderung rund um Menz - Naturpark Stechlin-Ruppiner Land","robots":{"index":"index","follow":"follow","max-snippet":"max-snippet:-1","max-image-preview":"max-image-preview:large","max-video-preview":"max-video-preview:-1"},"canonical":"https:\/\/www.naturparkmagazin.de\/stechlin\/maz-fruehlingswanderung-rund-um-menz\/","og_locale":"de_DE","og_type":"article","og_title":"Auf zur MAZ-Fr\u00fchlingswanderung rund um Menz - Naturpark Stechlin-Ruppiner Land","og_description":"Der Winter war lang genug. Zeit f\u00fcr Bewegung! Kommen Sie doch einfach mit zur MAZ-Fr\u00fchlingswanderung rund um Menz am 18.3.!","og_url":"https:\/\/www.naturparkmagazin.de\/stechlin\/maz-fruehlingswanderung-rund-um-menz\/","og_site_name":"Naturpark Stechlin-Ruppiner Land","article_published_time":"2018-02-14T08:52:53+00:00","article_modified_time":"2018-03-02T10:02:12+00:00","og_image":[{"width":200,"height":200,"url":"https:\/\/www.naturparkmagazin.de\/stechlin\/wp-content\/uploads\/sites\/38\/Pagel198.jpg","type":"image\/jpeg"}],"author":"marioschrumpf","twitter_misc":{"Verfasst von":"marioschrumpf","Gesch\u00e4tzte Lesezeit":"1\u00a0Minute"},"schema":{"@context":"https:\/\/schema.org","@graph":[{"@type":"WebPage","@id":"https:\/\/www.naturparkmagazin.de\/stechlin\/maz-fruehlingswanderung-rund-um-menz\/","url":"https:\/\/www.naturparkmagazin.de\/stechlin\/maz-fruehlingswanderung-rund-um-menz\/","name":"Auf zur MAZ-Fr\u00fchlingswanderung rund um Menz - Naturpark Stechlin-Ruppiner Land","isPartOf":{"@id":"https:\/\/www.naturparkmagazin.de\/stechlin\/#website"},"datePublished":"2018-02-14T08:52:53+00:00","dateModified":"2018-03-02T10:02:12+00:00","author":{"@id":"https:\/\/www.naturparkmagazin.de\/stechlin\/#\/schema\/person\/3f0d93203df21c806dd63c76d9bb28bc"},"breadcrumb":{"@id":"https:\/\/www.naturparkmagazin.de\/stechlin\/maz-fruehlingswanderung-rund-um-menz\/#breadcrumb"},"inLanguage":"de","potentialAction":[{"@type":"ReadAction","target":["https:\/\/www.naturparkmagazin.de\/stechlin\/maz-fruehlingswanderung-rund-um-menz\/"]}]},{"@type":"BreadcrumbList","@id":"https:\/\/www.naturparkmagazin.de\/stechlin\/maz-fruehlingswanderung-rund-um-menz\/#breadcrumb","itemListElement":[{"@type":"ListItem","position":1,"name":"Home","item":"https:\/\/www.naturparkmagazin.de\/stechlin\/"},{"@type":"ListItem","position":2,"name":"Auf zur MAZ-Fr\u00fchlingswanderung rund um Menz"}]},{"@type":"WebSite","@id":"https:\/\/www.naturparkmagazin.de\/stechlin\/#website","url":"https:\/\/www.naturparkmagazin.de\/stechlin\/","name":"Naturpark Stechlin-Ruppiner Land","description":"","potentialAction":[{"@type":"SearchAction","target":{"@type":"EntryPoint","urlTemplate":"https:\/\/www.naturparkmagazin.de\/stechlin\/?s={search_term_string}"},"query-input":"required name=search_term_string"}],"inLanguage":"de"},{"@type":"Person","@id":"https:\/\/www.naturparkmagazin.de\/stechlin\/#\/schema\/person\/3f0d93203df21c806dd63c76d9bb28bc","name":"marioschrumpf","url":"https:\/\/www.naturparkmagazin.de\/stechlin\/author\/marioschrumpf\/"}]}},"_links":{"self":[{"href":"https:\/\/www.naturparkmagazin.de\/stechlin\/wp-json\/wp\/v2\/posts\/6713"}],"collection":[{"href":"https:\/\/www.naturparkmagazin.de\/stechlin\/wp-json\/wp\/v2\/posts"}],"about":[{"href":"https:\/\/www.naturparkmagazin.de\/stechlin\/wp-json\/wp\/v2\/types\/post"}],"author":[{"embeddable":true,"href":"https:\/\/www.naturparkmagazin.de\/stechlin\/wp-json\/wp\/v2\/users\/39"}],"replies":[{"embeddable":true,"href":"https:\/\/www.naturparkmagazin.de\/stechlin\/wp-json\/wp\/v2\/comments?post=6713"}],"version-history":[{"count":6,"href":"https:\/\/www.naturparkmagazin.de\/stechlin\/wp-json\/wp\/v2\/posts\/6713\/revisions"}],"predecessor-version":[{"id":6793,"href":"https:\/\/www.naturparkmagazin.de\/stechlin\/wp-json\/wp\/v2\/posts\/6713\/revisions\/6793"}],"wp:featuredmedia":[{"embeddable":true,"href":"https:\/\/www.naturparkmagazin.de\/stechlin\/wp-json\/wp\/v2\/media\/5709"}],"wp:attachment":[{"href":"https:\/\/www.naturparkmagazin.de\/stechlin\/wp-json\/wp\/v2\/media?parent=6713"}],"wp:term":[{"taxonomy":"category","embeddable":true,"href":"https:\/\/www.naturparkmagazin.de\/stechlin\/wp-json\/wp\/v2\/categories?post=6713"},{"taxonomy":"post_tag","embeddable":true,"href":"https:\/\/www.naturparkmagazin.de\/stechlin\/wp-json\/wp\/v2\/tags?post=6713"}],"curies":[{"name":"wp","href":"https:\/\/api.w.org\/{rel}","templated":true}]}}