{"id":679,"date":"2014-02-18T11:28:28","date_gmt":"2014-02-18T09:28:28","guid":{"rendered":"http:\/\/www.naturparkmagazin.de\/stechlin\/?p=679"},"modified":"2014-02-26T11:02:56","modified_gmt":"2014-02-26T10:02:56","slug":"liebe-leserinnen-und-leser-2","status":"publish","type":"post","link":"https:\/\/www.naturparkmagazin.de\/stechlin\/liebe-leserinnen-und-leser-2\/","title":{"rendered":"Liebe Leserinnen und Leser!"},"content":{"rendered":"<p>P\u00fcnktlich zum Beginn der neuen Tourismussaison liegt der gedruckte Veranstaltungskalender unseres Naturparks vor.<\/p>\n<p>Die 52seitige Publikation ist ein Schaufenster der unz\u00e4hligen Aktivit\u00e4ten unserer Partner und des Naturparks. Von A wie ausgebildete Natur- und Landschaftsf\u00fchrer bis Z wie Zander&#8217;s Waldlehrpfad und Waldlehrgarten Stendenitz reicht die Palette von Anbietern, Veranstaltungen und m\u00f6glichen Aktivit\u00e4ten. Die F\u00fclle und Vielfalt ist das Ergebnis des \u00fcber Jahre gewachsenen Netzwerkes aller Naturparkakteure.<\/p>\n<p>Seien Sie herzlich willkommen! Viel Spa\u00df beim Lesen!<\/p>\n<p>Dr. Mario Schrumpf\nTeamleiter des Naturparks Stechlin-Ruppiner Land<\/p>\n<p>&nbsp;<\/p>\n","protected":false},"excerpt":{"rendered":"<p>P\u00fcnktlich zum Beginn der neuen Tourismussaison liegt der gedruckte Veranstaltungskalender unseres Naturparks vor. Die 52seitige Publikation ist ein Schaufenster der unz\u00e4hligen Aktivit\u00e4ten unserer Partner und des Naturparks. Von A wie ausgebildete Natur- und Landschaftsf\u00fchrer bis Z wie Zander&#8217;s Waldlehrpfad und Waldlehrgarten Stendenitz reicht die Palette von Anbietern, Veranstaltungen und m\u00f6glichen Aktivit\u00e4ten. Die F\u00fclle und Vielfalt<\/p>\n","protected":false},"author":39,"featured_media":0,"comment_status":"open","ping_status":"open","sticky":false,"template":"","format":"standard","meta":[],"categories":[52],"tags":[],"yoast_head":"<!-- This site is optimized with the Yoast SEO plugin v19.10 - https:\/\/yoast.com\/wordpress\/plugins\/seo\/ -->\n<title>Liebe Leserinnen und Leser! - Naturpark Stechlin-Ruppiner Land<\/title>\n<meta name=\"robots\" content=\"index, follow, max-snippet:-1, max-image-preview:large, max-video-preview:-1\" \/>\n<link rel=\"canonical\" href=\"https:\/\/www.naturparkmagazin.de\/stechlin\/liebe-leserinnen-und-leser-2\/\" \/>\n<meta property=\"og:locale\" content=\"de_DE\" \/>\n<meta property=\"og:type\" content=\"article\" \/>\n<meta property=\"og:title\" content=\"Liebe Leserinnen und Leser! - Naturpark Stechlin-Ruppiner Land\" \/>\n<meta property=\"og:description\" content=\"P\u00fcnktlich zum Beginn der neuen Tourismussaison liegt der gedruckte Veranstaltungskalender unseres Naturparks vor. Die 52seitige Publikation ist ein Schaufenster der unz\u00e4hligen Aktivit\u00e4ten unserer Partner und des Naturparks. Von A wie ausgebildete Natur- und Landschaftsf\u00fchrer bis Z wie Zander&#8217;s Waldlehrpfad und Waldlehrgarten Stendenitz reicht die Palette von Anbietern, Veranstaltungen und m\u00f6glichen Aktivit\u00e4ten. Die F\u00fclle und Vielfalt\" \/>\n<meta property=\"og:url\" content=\"https:\/\/www.naturparkmagazin.de\/stechlin\/liebe-leserinnen-und-leser-2\/\" \/>\n<meta property=\"og:site_name\" content=\"Naturpark Stechlin-Ruppiner Land\" \/>\n<meta property=\"article:published_time\" content=\"2014-02-18T09:28:28+00:00\" \/>\n<meta property=\"article:modified_time\" content=\"2014-02-26T10:02:56+00:00\" \/>\n<meta name=\"author\" content=\"marioschrumpf\" \/>\n<meta name=\"twitter:label1\" content=\"Verfasst von\" \/>\n\t<meta name=\"twitter:data1\" content=\"marioschrumpf\" \/>\n<script type=\"application\/ld+json\" class=\"yoast-schema-graph\">{\"@context\":\"https:\/\/schema.org\",\"@graph\":[{\"@type\":\"WebPage\",\"@id\":\"https:\/\/www.naturparkmagazin.de\/stechlin\/liebe-leserinnen-und-leser-2\/\",\"url\":\"https:\/\/www.naturparkmagazin.de\/stechlin\/liebe-leserinnen-und-leser-2\/\",\"name\":\"Liebe Leserinnen und Leser! - Naturpark Stechlin-Ruppiner Land\",\"isPartOf\":{\"@id\":\"https:\/\/www.naturparkmagazin.de\/stechlin\/#website\"},\"datePublished\":\"2014-02-18T09:28:28+00:00\",\"dateModified\":\"2014-02-26T10:02:56+00:00\",\"author\":{\"@id\":\"https:\/\/www.naturparkmagazin.de\/stechlin\/#\/schema\/person\/3f0d93203df21c806dd63c76d9bb28bc\"},\"breadcrumb\":{\"@id\":\"https:\/\/www.naturparkmagazin.de\/stechlin\/liebe-leserinnen-und-leser-2\/#breadcrumb\"},\"inLanguage\":\"de\",\"potentialAction\":[{\"@type\":\"ReadAction\",\"target\":[\"https:\/\/www.naturparkmagazin.de\/stechlin\/liebe-leserinnen-und-leser-2\/\"]}]},{\"@type\":\"BreadcrumbList\",\"@id\":\"https:\/\/www.naturparkmagazin.de\/stechlin\/liebe-leserinnen-und-leser-2\/#breadcrumb\",\"itemListElement\":[{\"@type\":\"ListItem\",\"position\":1,\"name\":\"Home\",\"item\":\"https:\/\/www.naturparkmagazin.de\/stechlin\/\"},{\"@type\":\"ListItem\",\"position\":2,\"name\":\"Liebe Leserinnen und Leser!\"}]},{\"@type\":\"WebSite\",\"@id\":\"https:\/\/www.naturparkmagazin.de\/stechlin\/#website\",\"url\":\"https:\/\/www.naturparkmagazin.de\/stechlin\/\",\"name\":\"Naturpark Stechlin-Ruppiner Land\",\"description\":\"\",\"potentialAction\":[{\"@type\":\"SearchAction\",\"target\":{\"@type\":\"EntryPoint\",\"urlTemplate\":\"https:\/\/www.naturparkmagazin.de\/stechlin\/?s={search_term_string}\"},\"query-input\":\"required name=search_term_string\"}],\"inLanguage\":\"de\"},{\"@type\":\"Person\",\"@id\":\"https:\/\/www.naturparkmagazin.de\/stechlin\/#\/schema\/person\/3f0d93203df21c806dd63c76d9bb28bc\",\"name\":\"marioschrumpf\",\"url\":\"https:\/\/www.naturparkmagazin.de\/stechlin\/author\/marioschrumpf\/\"}]}<\/script>\n<!-- \/ Yoast SEO plugin. -->","yoast_head_json":{"title":"Liebe Leserinnen und Leser! - Naturpark Stechlin-Ruppiner Land","robots":{"index":"index","follow":"follow","max-snippet":"max-snippet:-1","max-image-preview":"max-image-preview:large","max-video-preview":"max-video-preview:-1"},"canonical":"https:\/\/www.naturparkmagazin.de\/stechlin\/liebe-leserinnen-und-leser-2\/","og_locale":"de_DE","og_type":"article","og_title":"Liebe Leserinnen und Leser! - Naturpark Stechlin-Ruppiner Land","og_description":"P\u00fcnktlich zum Beginn der neuen Tourismussaison liegt der gedruckte Veranstaltungskalender unseres Naturparks vor. Die 52seitige Publikation ist ein Schaufenster der unz\u00e4hligen Aktivit\u00e4ten unserer Partner und des Naturparks. Von A wie ausgebildete Natur- und Landschaftsf\u00fchrer bis Z wie Zander&#8217;s Waldlehrpfad und Waldlehrgarten Stendenitz reicht die Palette von Anbietern, Veranstaltungen und m\u00f6glichen Aktivit\u00e4ten. Die F\u00fclle und Vielfalt","og_url":"https:\/\/www.naturparkmagazin.de\/stechlin\/liebe-leserinnen-und-leser-2\/","og_site_name":"Naturpark Stechlin-Ruppiner Land","article_published_time":"2014-02-18T09:28:28+00:00","article_modified_time":"2014-02-26T10:02:56+00:00","author":"marioschrumpf","twitter_misc":{"Verfasst von":"marioschrumpf"},"schema":{"@context":"https:\/\/schema.org","@graph":[{"@type":"WebPage","@id":"https:\/\/www.naturparkmagazin.de\/stechlin\/liebe-leserinnen-und-leser-2\/","url":"https:\/\/www.naturparkmagazin.de\/stechlin\/liebe-leserinnen-und-leser-2\/","name":"Liebe Leserinnen und Leser! - Naturpark Stechlin-Ruppiner Land","isPartOf":{"@id":"https:\/\/www.naturparkmagazin.de\/stechlin\/#website"},"datePublished":"2014-02-18T09:28:28+00:00","dateModified":"2014-02-26T10:02:56+00:00","author":{"@id":"https:\/\/www.naturparkmagazin.de\/stechlin\/#\/schema\/person\/3f0d93203df21c806dd63c76d9bb28bc"},"breadcrumb":{"@id":"https:\/\/www.naturparkmagazin.de\/stechlin\/liebe-leserinnen-und-leser-2\/#breadcrumb"},"inLanguage":"de","potentialAction":[{"@type":"ReadAction","target":["https:\/\/www.naturparkmagazin.de\/stechlin\/liebe-leserinnen-und-leser-2\/"]}]},{"@type":"BreadcrumbList","@id":"https:\/\/www.naturparkmagazin.de\/stechlin\/liebe-leserinnen-und-leser-2\/#breadcrumb","itemListElement":[{"@type":"ListItem","position":1,"name":"Home","item":"https:\/\/www.naturparkmagazin.de\/stechlin\/"},{"@type":"ListItem","position":2,"name":"Liebe Leserinnen und Leser!"}]},{"@type":"WebSite","@id":"https:\/\/www.naturparkmagazin.de\/stechlin\/#website","url":"https:\/\/www.naturparkmagazin.de\/stechlin\/","name":"Naturpark Stechlin-Ruppiner Land","description":"","potentialAction":[{"@type":"SearchAction","target":{"@type":"EntryPoint","urlTemplate":"https:\/\/www.naturparkmagazin.de\/stechlin\/?s={search_term_string}"},"query-input":"required name=search_term_string"}],"inLanguage":"de"},{"@type":"Person","@id":"https:\/\/www.naturparkmagazin.de\/stechlin\/#\/schema\/person\/3f0d93203df21c806dd63c76d9bb28bc","name":"marioschrumpf","url":"https:\/\/www.naturparkmagazin.de\/stechlin\/author\/marioschrumpf\/"}]}},"_links":{"self":[{"href":"https:\/\/www.naturparkmagazin.de\/stechlin\/wp-json\/wp\/v2\/posts\/679"}],"collection":[{"href":"https:\/\/www.naturparkmagazin.de\/stechlin\/wp-json\/wp\/v2\/posts"}],"about":[{"href":"https:\/\/www.naturparkmagazin.de\/stechlin\/wp-json\/wp\/v2\/types\/post"}],"author":[{"embeddable":true,"href":"https:\/\/www.naturparkmagazin.de\/stechlin\/wp-json\/wp\/v2\/users\/39"}],"replies":[{"embeddable":true,"href":"https:\/\/www.naturparkmagazin.de\/stechlin\/wp-json\/wp\/v2\/comments?post=679"}],"version-history":[{"count":6,"href":"https:\/\/www.naturparkmagazin.de\/stechlin\/wp-json\/wp\/v2\/posts\/679\/revisions"}],"predecessor-version":[{"id":773,"href":"https:\/\/www.naturparkmagazin.de\/stechlin\/wp-json\/wp\/v2\/posts\/679\/revisions\/773"}],"wp:attachment":[{"href":"https:\/\/www.naturparkmagazin.de\/stechlin\/wp-json\/wp\/v2\/media?parent=679"}],"wp:term":[{"taxonomy":"category","embeddable":true,"href":"https:\/\/www.naturparkmagazin.de\/stechlin\/wp-json\/wp\/v2\/categories?post=679"},{"taxonomy":"post_tag","embeddable":true,"href":"https:\/\/www.naturparkmagazin.de\/stechlin\/wp-json\/wp\/v2\/tags?post=679"}],"curies":[{"name":"wp","href":"https:\/\/api.w.org\/{rel}","templated":true}]}}