{"id":6794,"date":"2018-03-14T10:21:07","date_gmt":"2018-03-14T09:21:07","guid":{"rendered":"http:\/\/www.naturparkmagazin.de\/stechlin\/?p=6794"},"modified":"2018-03-23T17:13:49","modified_gmt":"2018-03-23T16:13:49","slug":"garten-des-buches-am-kloster-lindow-geplant","status":"publish","type":"post","link":"https:\/\/www.naturparkmagazin.de\/stechlin\/garten-des-buches-am-kloster-lindow-geplant\/","title":{"rendered":"&#8222;Garten des Buches&#8220; am Kloster Lindow geplant"},"content":{"rendered":"<p><a href=\"https:\/\/www.naturparkmagazin.de\/stechlin\/wp-content\/uploads\/sites\/38\/Wutzsee.jpg\"><img decoding=\"async\" loading=\"lazy\" class=\" size-thumbnail wp-image-6797 aligncenter\" src=\"https:\/\/www.naturparkmagazin.de\/stechlin\/wp-content\/uploads\/sites\/38\/Wutzsee-300x180.jpg\" alt=\"NP SRL\/Mario Schrumpf\" width=\"300\" height=\"180\" srcset=\"https:\/\/www.naturparkmagazin.de\/stechlin\/wp-content\/uploads\/sites\/38\/Wutzsee-300x180.jpg 300w, https:\/\/www.naturparkmagazin.de\/stechlin\/wp-content\/uploads\/sites\/38\/Wutzsee.jpg 500w, https:\/\/www.naturparkmagazin.de\/stechlin\/wp-content\/uploads\/sites\/38\/Wutzsee-200x120.jpg 200w\" sizes=\"(max-width: 300px) 100vw, 300px\" \/><\/a>Hinter der Ruine des Zisterzienser-Klosters in Lindow soll ein &#8222;Garten des Buches&#8220; als interreligi\u00f6se Begegnungsst\u00e4tte entstehen.<\/p>\n<p>Auf dem historischen Klostergel\u00e4nde soll das bislang einmalige Projekt als Begegnungsst\u00e4tte der drei Weltreligionen Christentum, Judentum und Islam angelegt werden. Dort sollen zuk\u00fcnftig Pflanzen wachsen, die sowohl in der Bibel, der Tora als auch im Koran erw\u00e4hnt werden. Schilder mit Versen aus den drei heiligen Schriften sollen Pflanzen wie z. B. Mandel, Apfel oder Zeder in ihren jeweiligen religi\u00f6sen Kontexten erkl\u00e4ren. Alle drei Religionen sind im zuk\u00fcnftigen Garten willkommen und sollen sich hier zu Hause f\u00fchlen.<\/p>\n<p>Initiator ist Horst Borgmann, Vorsitzender des Stiftkapitels Kloster Lindow. Der 75j\u00e4hrige, evangelische Theologe verbrachte seine Kindheit und Jugend in Lindow. Borgmann m\u00f6chte mit seinem Projekt den Dialog zwischen den Religionen in Gang bringen auf der Suche nach Gemeinsamkeiten f\u00fcr ein friedliches Miteinander.<\/p>\n<p>Das Projekt soll mit Mitteln des EU-F\u00f6rderprogramms LEADER realisiert werden. Nach dem ersten Spatenstich im letzten Sommer im Beisein des Potsdamer Rabbiner Presman und Vertretern der muslimischen Gemeinde sollen in diesem Herbst die Pflanzungen beginnen. Anfang 2019 soll der &#8222;Garten des Buches&#8220; er\u00f6ffnet werden. Dann w\u00e4re unser Naturpark um eine Attraktion reicher.<\/p>\n<p><a href=\"https:\/\/www.naturparkmagazin.de\/stechlin\/wp-content\/uploads\/sites\/38\/Die-wei\u00dfe-Nonne.jpg\"><img decoding=\"async\" loading=\"lazy\" class=\" size-thumbnail wp-image-6796 aligncenter\" src=\"https:\/\/www.naturparkmagazin.de\/stechlin\/wp-content\/uploads\/sites\/38\/Die-wei\u00dfe-Nonne-300x180.jpg\" alt=\"NP SRL\/Mario Schrumpf\" width=\"300\" height=\"180\" srcset=\"https:\/\/www.naturparkmagazin.de\/stechlin\/wp-content\/uploads\/sites\/38\/Die-wei\u00dfe-Nonne-300x180.jpg 300w, https:\/\/www.naturparkmagazin.de\/stechlin\/wp-content\/uploads\/sites\/38\/Die-wei\u00dfe-Nonne.jpg 500w, https:\/\/www.naturparkmagazin.de\/stechlin\/wp-content\/uploads\/sites\/38\/Die-wei\u00dfe-Nonne-200x120.jpg 200w\" sizes=\"(max-width: 300px) 100vw, 300px\" \/><\/a><\/p>\n","protected":false},"excerpt":{"rendered":"<p>Hinter der Ruine des Zisterzienser-Klosters in Lindow\/Mark soll ein &#8222;Garten des Buches&#8220; als interreligi\u00f6se Begegnungsst\u00e4tte entstehen.<\/p>\n","protected":false},"author":39,"featured_media":6795,"comment_status":"open","ping_status":"open","sticky":false,"template":"","format":"standard","meta":[],"categories":[7],"tags":[],"yoast_head":"<!-- This site is optimized with the Yoast SEO plugin v19.10 - https:\/\/yoast.com\/wordpress\/plugins\/seo\/ -->\n<title>&quot;Garten des Buches&quot; am Kloster Lindow geplant - Naturpark Stechlin-Ruppiner Land<\/title>\n<meta name=\"robots\" content=\"index, follow, max-snippet:-1, max-image-preview:large, max-video-preview:-1\" \/>\n<link rel=\"canonical\" href=\"https:\/\/www.naturparkmagazin.de\/stechlin\/garten-des-buches-am-kloster-lindow-geplant\/\" \/>\n<meta property=\"og:locale\" content=\"de_DE\" \/>\n<meta property=\"og:type\" content=\"article\" \/>\n<meta property=\"og:title\" content=\"&quot;Garten des Buches&quot; am Kloster Lindow geplant - Naturpark Stechlin-Ruppiner Land\" \/>\n<meta property=\"og:description\" content=\"Hinter der Ruine des Zisterzienser-Klosters in Lindow\/Mark soll ein &quot;Garten des Buches&quot; als interreligi\u00f6se Begegnungsst\u00e4tte entstehen.\" \/>\n<meta property=\"og:url\" content=\"https:\/\/www.naturparkmagazin.de\/stechlin\/garten-des-buches-am-kloster-lindow-geplant\/\" \/>\n<meta property=\"og:site_name\" content=\"Naturpark Stechlin-Ruppiner Land\" \/>\n<meta property=\"article:published_time\" content=\"2018-03-14T09:21:07+00:00\" \/>\n<meta property=\"article:modified_time\" content=\"2018-03-23T16:13:49+00:00\" \/>\n<meta property=\"og:image\" content=\"https:\/\/www.naturparkmagazin.de\/stechlin\/wp-content\/uploads\/sites\/38\/Klosterruine-Lindow.jpg\" \/>\n\t<meta property=\"og:image:width\" content=\"200\" \/>\n\t<meta property=\"og:image:height\" content=\"200\" \/>\n\t<meta property=\"og:image:type\" content=\"image\/jpeg\" \/>\n<meta name=\"author\" content=\"marioschrumpf\" \/>\n<meta name=\"twitter:label1\" content=\"Verfasst von\" \/>\n\t<meta name=\"twitter:data1\" content=\"marioschrumpf\" \/>\n\t<meta name=\"twitter:label2\" content=\"Gesch\u00e4tzte Lesezeit\" \/>\n\t<meta name=\"twitter:data2\" content=\"1\u00a0Minute\" \/>\n<script type=\"application\/ld+json\" class=\"yoast-schema-graph\">{\"@context\":\"https:\/\/schema.org\",\"@graph\":[{\"@type\":\"WebPage\",\"@id\":\"https:\/\/www.naturparkmagazin.de\/stechlin\/garten-des-buches-am-kloster-lindow-geplant\/\",\"url\":\"https:\/\/www.naturparkmagazin.de\/stechlin\/garten-des-buches-am-kloster-lindow-geplant\/\",\"name\":\"\\\"Garten des Buches\\\" am Kloster Lindow geplant - Naturpark Stechlin-Ruppiner Land\",\"isPartOf\":{\"@id\":\"https:\/\/www.naturparkmagazin.de\/stechlin\/#website\"},\"datePublished\":\"2018-03-14T09:21:07+00:00\",\"dateModified\":\"2018-03-23T16:13:49+00:00\",\"author\":{\"@id\":\"https:\/\/www.naturparkmagazin.de\/stechlin\/#\/schema\/person\/3f0d93203df21c806dd63c76d9bb28bc\"},\"breadcrumb\":{\"@id\":\"https:\/\/www.naturparkmagazin.de\/stechlin\/garten-des-buches-am-kloster-lindow-geplant\/#breadcrumb\"},\"inLanguage\":\"de\",\"potentialAction\":[{\"@type\":\"ReadAction\",\"target\":[\"https:\/\/www.naturparkmagazin.de\/stechlin\/garten-des-buches-am-kloster-lindow-geplant\/\"]}]},{\"@type\":\"BreadcrumbList\",\"@id\":\"https:\/\/www.naturparkmagazin.de\/stechlin\/garten-des-buches-am-kloster-lindow-geplant\/#breadcrumb\",\"itemListElement\":[{\"@type\":\"ListItem\",\"position\":1,\"name\":\"Home\",\"item\":\"https:\/\/www.naturparkmagazin.de\/stechlin\/\"},{\"@type\":\"ListItem\",\"position\":2,\"name\":\"&#8222;Garten des Buches&#8220; am Kloster Lindow geplant\"}]},{\"@type\":\"WebSite\",\"@id\":\"https:\/\/www.naturparkmagazin.de\/stechlin\/#website\",\"url\":\"https:\/\/www.naturparkmagazin.de\/stechlin\/\",\"name\":\"Naturpark Stechlin-Ruppiner Land\",\"description\":\"\",\"potentialAction\":[{\"@type\":\"SearchAction\",\"target\":{\"@type\":\"EntryPoint\",\"urlTemplate\":\"https:\/\/www.naturparkmagazin.de\/stechlin\/?s={search_term_string}\"},\"query-input\":\"required name=search_term_string\"}],\"inLanguage\":\"de\"},{\"@type\":\"Person\",\"@id\":\"https:\/\/www.naturparkmagazin.de\/stechlin\/#\/schema\/person\/3f0d93203df21c806dd63c76d9bb28bc\",\"name\":\"marioschrumpf\",\"url\":\"https:\/\/www.naturparkmagazin.de\/stechlin\/author\/marioschrumpf\/\"}]}<\/script>\n<!-- \/ Yoast SEO plugin. -->","yoast_head_json":{"title":"\"Garten des Buches\" am Kloster Lindow geplant - Naturpark Stechlin-Ruppiner Land","robots":{"index":"index","follow":"follow","max-snippet":"max-snippet:-1","max-image-preview":"max-image-preview:large","max-video-preview":"max-video-preview:-1"},"canonical":"https:\/\/www.naturparkmagazin.de\/stechlin\/garten-des-buches-am-kloster-lindow-geplant\/","og_locale":"de_DE","og_type":"article","og_title":"\"Garten des Buches\" am Kloster Lindow geplant - Naturpark Stechlin-Ruppiner Land","og_description":"Hinter der Ruine des Zisterzienser-Klosters in Lindow\/Mark soll ein \"Garten des Buches\" als interreligi\u00f6se Begegnungsst\u00e4tte entstehen.","og_url":"https:\/\/www.naturparkmagazin.de\/stechlin\/garten-des-buches-am-kloster-lindow-geplant\/","og_site_name":"Naturpark Stechlin-Ruppiner Land","article_published_time":"2018-03-14T09:21:07+00:00","article_modified_time":"2018-03-23T16:13:49+00:00","og_image":[{"width":200,"height":200,"url":"https:\/\/www.naturparkmagazin.de\/stechlin\/wp-content\/uploads\/sites\/38\/Klosterruine-Lindow.jpg","type":"image\/jpeg"}],"author":"marioschrumpf","twitter_misc":{"Verfasst von":"marioschrumpf","Gesch\u00e4tzte Lesezeit":"1\u00a0Minute"},"schema":{"@context":"https:\/\/schema.org","@graph":[{"@type":"WebPage","@id":"https:\/\/www.naturparkmagazin.de\/stechlin\/garten-des-buches-am-kloster-lindow-geplant\/","url":"https:\/\/www.naturparkmagazin.de\/stechlin\/garten-des-buches-am-kloster-lindow-geplant\/","name":"\"Garten des Buches\" am Kloster Lindow geplant - Naturpark Stechlin-Ruppiner Land","isPartOf":{"@id":"https:\/\/www.naturparkmagazin.de\/stechlin\/#website"},"datePublished":"2018-03-14T09:21:07+00:00","dateModified":"2018-03-23T16:13:49+00:00","author":{"@id":"https:\/\/www.naturparkmagazin.de\/stechlin\/#\/schema\/person\/3f0d93203df21c806dd63c76d9bb28bc"},"breadcrumb":{"@id":"https:\/\/www.naturparkmagazin.de\/stechlin\/garten-des-buches-am-kloster-lindow-geplant\/#breadcrumb"},"inLanguage":"de","potentialAction":[{"@type":"ReadAction","target":["https:\/\/www.naturparkmagazin.de\/stechlin\/garten-des-buches-am-kloster-lindow-geplant\/"]}]},{"@type":"BreadcrumbList","@id":"https:\/\/www.naturparkmagazin.de\/stechlin\/garten-des-buches-am-kloster-lindow-geplant\/#breadcrumb","itemListElement":[{"@type":"ListItem","position":1,"name":"Home","item":"https:\/\/www.naturparkmagazin.de\/stechlin\/"},{"@type":"ListItem","position":2,"name":"&#8222;Garten des Buches&#8220; am Kloster Lindow geplant"}]},{"@type":"WebSite","@id":"https:\/\/www.naturparkmagazin.de\/stechlin\/#website","url":"https:\/\/www.naturparkmagazin.de\/stechlin\/","name":"Naturpark Stechlin-Ruppiner Land","description":"","potentialAction":[{"@type":"SearchAction","target":{"@type":"EntryPoint","urlTemplate":"https:\/\/www.naturparkmagazin.de\/stechlin\/?s={search_term_string}"},"query-input":"required name=search_term_string"}],"inLanguage":"de"},{"@type":"Person","@id":"https:\/\/www.naturparkmagazin.de\/stechlin\/#\/schema\/person\/3f0d93203df21c806dd63c76d9bb28bc","name":"marioschrumpf","url":"https:\/\/www.naturparkmagazin.de\/stechlin\/author\/marioschrumpf\/"}]}},"_links":{"self":[{"href":"https:\/\/www.naturparkmagazin.de\/stechlin\/wp-json\/wp\/v2\/posts\/6794"}],"collection":[{"href":"https:\/\/www.naturparkmagazin.de\/stechlin\/wp-json\/wp\/v2\/posts"}],"about":[{"href":"https:\/\/www.naturparkmagazin.de\/stechlin\/wp-json\/wp\/v2\/types\/post"}],"author":[{"embeddable":true,"href":"https:\/\/www.naturparkmagazin.de\/stechlin\/wp-json\/wp\/v2\/users\/39"}],"replies":[{"embeddable":true,"href":"https:\/\/www.naturparkmagazin.de\/stechlin\/wp-json\/wp\/v2\/comments?post=6794"}],"version-history":[{"count":3,"href":"https:\/\/www.naturparkmagazin.de\/stechlin\/wp-json\/wp\/v2\/posts\/6794\/revisions"}],"predecessor-version":[{"id":6860,"href":"https:\/\/www.naturparkmagazin.de\/stechlin\/wp-json\/wp\/v2\/posts\/6794\/revisions\/6860"}],"wp:featuredmedia":[{"embeddable":true,"href":"https:\/\/www.naturparkmagazin.de\/stechlin\/wp-json\/wp\/v2\/media\/6795"}],"wp:attachment":[{"href":"https:\/\/www.naturparkmagazin.de\/stechlin\/wp-json\/wp\/v2\/media?parent=6794"}],"wp:term":[{"taxonomy":"category","embeddable":true,"href":"https:\/\/www.naturparkmagazin.de\/stechlin\/wp-json\/wp\/v2\/categories?post=6794"},{"taxonomy":"post_tag","embeddable":true,"href":"https:\/\/www.naturparkmagazin.de\/stechlin\/wp-json\/wp\/v2\/tags?post=6794"}],"curies":[{"name":"wp","href":"https:\/\/api.w.org\/{rel}","templated":true}]}}