{"id":6809,"date":"2018-03-14T08:20:44","date_gmt":"2018-03-14T07:20:44","guid":{"rendered":"http:\/\/www.naturparkmagazin.de\/stechlin\/?p=6809"},"modified":"2018-03-23T17:18:58","modified_gmt":"2018-03-23T16:18:58","slug":"egbert-witzlau","status":"publish","type":"post","link":"https:\/\/www.naturparkmagazin.de\/stechlin\/egbert-witzlau\/","title":{"rendered":"Egbert Witzlau"},"content":{"rendered":"<p><a href=\"https:\/\/www.naturparkmagazin.de\/stechlin\/wp-content\/uploads\/sites\/38\/Egbert-Witzlau1.jpg\"><img decoding=\"async\" loading=\"lazy\" class=\" size-full wp-image-6811 aligncenter\" src=\"https:\/\/www.naturparkmagazin.de\/stechlin\/wp-content\/uploads\/sites\/38\/Egbert-Witzlau1.jpg\" alt=\"NP SRL\/Mario Schrumpf\" width=\"180\" height=\"250\" \/><\/a>Der 63j\u00e4hrige Granseer unterst\u00fctzt seit 1.7.2017 die Naturparkverwaltung im Rahmen seines Bundesfreiwilligendienstes.<\/p>\n<p>Er k\u00fcmmert sich vorrangig um die Instandhaltung der Infotafeln als wichtige Elemente der Besucherlenkung im Naturpark. Mit handwerklichem Geschick ist er selbstst\u00e4ndig vor Ort an den naturtouristischen Brennpunkten im Naturpark t\u00e4tig. Den Gro\u00dfteil der mehr als 150 Infotafeln will er w\u00e4hrend seiner auf 18 Monate befristeten Dienstzeit &#8222;<em>general\u00fcberholen<\/em>&#8222;. Reinigen der Tafeln, streichen der Holzaufsteller sowie der Austausch verschlissener Holzteile geh\u00f6ren dazu.<\/p>\n<p>Neben seiner T\u00e4tigkeit im Naturpark absolviert Egbert Witzlau z. Zt. eine Ausbildung als Natur- und Landschaftsf\u00fchrer. Nach bestandenen Pr\u00fcfungen will er zuk\u00fcnftig G\u00e4ste durch den Naturpark f\u00fchren. Gemeinsam mit einer B\u00fcrgerinitiative streitet er f\u00fcr einen Rundwanderweg um den Geronsee bei Gransee.<\/p>\n","protected":false},"excerpt":{"rendered":"<p>Der 63j\u00e4hrige Granseer unterst\u00fctzt seit 1.7.2017 die Naturparkverwaltung im Rahmen seines Bundesfreiwilligendienstes.<\/p>\n","protected":false},"author":39,"featured_media":6810,"comment_status":"open","ping_status":"open","sticky":false,"template":"","format":"standard","meta":[],"categories":[8],"tags":[],"yoast_head":"<!-- This site is optimized with the Yoast SEO plugin v19.10 - https:\/\/yoast.com\/wordpress\/plugins\/seo\/ -->\n<title>Egbert Witzlau - Naturpark Stechlin-Ruppiner Land<\/title>\n<meta name=\"robots\" content=\"index, follow, max-snippet:-1, max-image-preview:large, max-video-preview:-1\" \/>\n<link rel=\"canonical\" href=\"https:\/\/www.naturparkmagazin.de\/stechlin\/egbert-witzlau\/\" \/>\n<meta property=\"og:locale\" content=\"de_DE\" \/>\n<meta property=\"og:type\" content=\"article\" \/>\n<meta property=\"og:title\" content=\"Egbert Witzlau - Naturpark Stechlin-Ruppiner Land\" \/>\n<meta property=\"og:description\" content=\"Der 63j\u00e4hrige Granseer unterst\u00fctzt seit 1.7.2017 die Naturparkverwaltung im Rahmen seines Bundesfreiwilligendienstes.\" \/>\n<meta property=\"og:url\" content=\"https:\/\/www.naturparkmagazin.de\/stechlin\/egbert-witzlau\/\" \/>\n<meta property=\"og:site_name\" content=\"Naturpark Stechlin-Ruppiner Land\" \/>\n<meta property=\"article:published_time\" content=\"2018-03-14T07:20:44+00:00\" \/>\n<meta property=\"article:modified_time\" content=\"2018-03-23T16:18:58+00:00\" \/>\n<meta property=\"og:image\" content=\"https:\/\/www.naturparkmagazin.de\/stechlin\/wp-content\/uploads\/sites\/38\/Egbert-Witzlau.jpg\" \/>\n\t<meta property=\"og:image:width\" content=\"200\" \/>\n\t<meta property=\"og:image:height\" content=\"200\" \/>\n\t<meta property=\"og:image:type\" content=\"image\/jpeg\" \/>\n<meta name=\"author\" content=\"marioschrumpf\" \/>\n<meta name=\"twitter:label1\" content=\"Verfasst von\" \/>\n\t<meta name=\"twitter:data1\" content=\"marioschrumpf\" \/>\n\t<meta name=\"twitter:label2\" content=\"Gesch\u00e4tzte Lesezeit\" \/>\n\t<meta name=\"twitter:data2\" content=\"1\u00a0Minute\" \/>\n<script type=\"application\/ld+json\" class=\"yoast-schema-graph\">{\"@context\":\"https:\/\/schema.org\",\"@graph\":[{\"@type\":\"WebPage\",\"@id\":\"https:\/\/www.naturparkmagazin.de\/stechlin\/egbert-witzlau\/\",\"url\":\"https:\/\/www.naturparkmagazin.de\/stechlin\/egbert-witzlau\/\",\"name\":\"Egbert Witzlau - Naturpark Stechlin-Ruppiner Land\",\"isPartOf\":{\"@id\":\"https:\/\/www.naturparkmagazin.de\/stechlin\/#website\"},\"datePublished\":\"2018-03-14T07:20:44+00:00\",\"dateModified\":\"2018-03-23T16:18:58+00:00\",\"author\":{\"@id\":\"https:\/\/www.naturparkmagazin.de\/stechlin\/#\/schema\/person\/3f0d93203df21c806dd63c76d9bb28bc\"},\"breadcrumb\":{\"@id\":\"https:\/\/www.naturparkmagazin.de\/stechlin\/egbert-witzlau\/#breadcrumb\"},\"inLanguage\":\"de\",\"potentialAction\":[{\"@type\":\"ReadAction\",\"target\":[\"https:\/\/www.naturparkmagazin.de\/stechlin\/egbert-witzlau\/\"]}]},{\"@type\":\"BreadcrumbList\",\"@id\":\"https:\/\/www.naturparkmagazin.de\/stechlin\/egbert-witzlau\/#breadcrumb\",\"itemListElement\":[{\"@type\":\"ListItem\",\"position\":1,\"name\":\"Home\",\"item\":\"https:\/\/www.naturparkmagazin.de\/stechlin\/\"},{\"@type\":\"ListItem\",\"position\":2,\"name\":\"Egbert Witzlau\"}]},{\"@type\":\"WebSite\",\"@id\":\"https:\/\/www.naturparkmagazin.de\/stechlin\/#website\",\"url\":\"https:\/\/www.naturparkmagazin.de\/stechlin\/\",\"name\":\"Naturpark Stechlin-Ruppiner Land\",\"description\":\"\",\"potentialAction\":[{\"@type\":\"SearchAction\",\"target\":{\"@type\":\"EntryPoint\",\"urlTemplate\":\"https:\/\/www.naturparkmagazin.de\/stechlin\/?s={search_term_string}\"},\"query-input\":\"required name=search_term_string\"}],\"inLanguage\":\"de\"},{\"@type\":\"Person\",\"@id\":\"https:\/\/www.naturparkmagazin.de\/stechlin\/#\/schema\/person\/3f0d93203df21c806dd63c76d9bb28bc\",\"name\":\"marioschrumpf\",\"url\":\"https:\/\/www.naturparkmagazin.de\/stechlin\/author\/marioschrumpf\/\"}]}<\/script>\n<!-- \/ Yoast SEO plugin. -->","yoast_head_json":{"title":"Egbert Witzlau - Naturpark Stechlin-Ruppiner Land","robots":{"index":"index","follow":"follow","max-snippet":"max-snippet:-1","max-image-preview":"max-image-preview:large","max-video-preview":"max-video-preview:-1"},"canonical":"https:\/\/www.naturparkmagazin.de\/stechlin\/egbert-witzlau\/","og_locale":"de_DE","og_type":"article","og_title":"Egbert Witzlau - Naturpark Stechlin-Ruppiner Land","og_description":"Der 63j\u00e4hrige Granseer unterst\u00fctzt seit 1.7.2017 die Naturparkverwaltung im Rahmen seines Bundesfreiwilligendienstes.","og_url":"https:\/\/www.naturparkmagazin.de\/stechlin\/egbert-witzlau\/","og_site_name":"Naturpark Stechlin-Ruppiner Land","article_published_time":"2018-03-14T07:20:44+00:00","article_modified_time":"2018-03-23T16:18:58+00:00","og_image":[{"width":200,"height":200,"url":"https:\/\/www.naturparkmagazin.de\/stechlin\/wp-content\/uploads\/sites\/38\/Egbert-Witzlau.jpg","type":"image\/jpeg"}],"author":"marioschrumpf","twitter_misc":{"Verfasst von":"marioschrumpf","Gesch\u00e4tzte Lesezeit":"1\u00a0Minute"},"schema":{"@context":"https:\/\/schema.org","@graph":[{"@type":"WebPage","@id":"https:\/\/www.naturparkmagazin.de\/stechlin\/egbert-witzlau\/","url":"https:\/\/www.naturparkmagazin.de\/stechlin\/egbert-witzlau\/","name":"Egbert Witzlau - Naturpark Stechlin-Ruppiner Land","isPartOf":{"@id":"https:\/\/www.naturparkmagazin.de\/stechlin\/#website"},"datePublished":"2018-03-14T07:20:44+00:00","dateModified":"2018-03-23T16:18:58+00:00","author":{"@id":"https:\/\/www.naturparkmagazin.de\/stechlin\/#\/schema\/person\/3f0d93203df21c806dd63c76d9bb28bc"},"breadcrumb":{"@id":"https:\/\/www.naturparkmagazin.de\/stechlin\/egbert-witzlau\/#breadcrumb"},"inLanguage":"de","potentialAction":[{"@type":"ReadAction","target":["https:\/\/www.naturparkmagazin.de\/stechlin\/egbert-witzlau\/"]}]},{"@type":"BreadcrumbList","@id":"https:\/\/www.naturparkmagazin.de\/stechlin\/egbert-witzlau\/#breadcrumb","itemListElement":[{"@type":"ListItem","position":1,"name":"Home","item":"https:\/\/www.naturparkmagazin.de\/stechlin\/"},{"@type":"ListItem","position":2,"name":"Egbert Witzlau"}]},{"@type":"WebSite","@id":"https:\/\/www.naturparkmagazin.de\/stechlin\/#website","url":"https:\/\/www.naturparkmagazin.de\/stechlin\/","name":"Naturpark Stechlin-Ruppiner Land","description":"","potentialAction":[{"@type":"SearchAction","target":{"@type":"EntryPoint","urlTemplate":"https:\/\/www.naturparkmagazin.de\/stechlin\/?s={search_term_string}"},"query-input":"required name=search_term_string"}],"inLanguage":"de"},{"@type":"Person","@id":"https:\/\/www.naturparkmagazin.de\/stechlin\/#\/schema\/person\/3f0d93203df21c806dd63c76d9bb28bc","name":"marioschrumpf","url":"https:\/\/www.naturparkmagazin.de\/stechlin\/author\/marioschrumpf\/"}]}},"_links":{"self":[{"href":"https:\/\/www.naturparkmagazin.de\/stechlin\/wp-json\/wp\/v2\/posts\/6809"}],"collection":[{"href":"https:\/\/www.naturparkmagazin.de\/stechlin\/wp-json\/wp\/v2\/posts"}],"about":[{"href":"https:\/\/www.naturparkmagazin.de\/stechlin\/wp-json\/wp\/v2\/types\/post"}],"author":[{"embeddable":true,"href":"https:\/\/www.naturparkmagazin.de\/stechlin\/wp-json\/wp\/v2\/users\/39"}],"replies":[{"embeddable":true,"href":"https:\/\/www.naturparkmagazin.de\/stechlin\/wp-json\/wp\/v2\/comments?post=6809"}],"version-history":[{"count":2,"href":"https:\/\/www.naturparkmagazin.de\/stechlin\/wp-json\/wp\/v2\/posts\/6809\/revisions"}],"predecessor-version":[{"id":6864,"href":"https:\/\/www.naturparkmagazin.de\/stechlin\/wp-json\/wp\/v2\/posts\/6809\/revisions\/6864"}],"wp:featuredmedia":[{"embeddable":true,"href":"https:\/\/www.naturparkmagazin.de\/stechlin\/wp-json\/wp\/v2\/media\/6810"}],"wp:attachment":[{"href":"https:\/\/www.naturparkmagazin.de\/stechlin\/wp-json\/wp\/v2\/media?parent=6809"}],"wp:term":[{"taxonomy":"category","embeddable":true,"href":"https:\/\/www.naturparkmagazin.de\/stechlin\/wp-json\/wp\/v2\/categories?post=6809"},{"taxonomy":"post_tag","embeddable":true,"href":"https:\/\/www.naturparkmagazin.de\/stechlin\/wp-json\/wp\/v2\/tags?post=6809"}],"curies":[{"name":"wp","href":"https:\/\/api.w.org\/{rel}","templated":true}]}}