{"id":6813,"date":"2018-03-14T13:23:09","date_gmt":"2018-03-14T12:23:09","guid":{"rendered":"http:\/\/www.naturparkmagazin.de\/stechlin\/?p=6813"},"modified":"2018-03-23T17:10:52","modified_gmt":"2018-03-23T16:10:52","slug":"kistenweise-koestlichkeiten-absatz-der-regio-kiste","status":"publish","type":"post","link":"https:\/\/www.naturparkmagazin.de\/stechlin\/kistenweise-koestlichkeiten-absatz-der-regio-kiste\/","title":{"rendered":"Kistenweise K\u00f6stlichkeiten &#8211; Absatz der REGIO-Kiste"},"content":{"rendered":"<p><a href=\"https:\/\/www.naturparkmagazin.de\/stechlin\/wp-content\/uploads\/sites\/38\/Titel-Falter-RegioKiste-quer-300dpi1.jpg\"><img decoding=\"async\" loading=\"lazy\" class=\" size-thumbnail wp-image-6833 aligncenter\" src=\"https:\/\/www.naturparkmagazin.de\/stechlin\/wp-content\/uploads\/sites\/38\/Titel-Falter-RegioKiste-quer-300dpi1-300x180.jpg\" alt=\"NP SRL\/regio nord\" width=\"300\" height=\"180\" srcset=\"https:\/\/www.naturparkmagazin.de\/stechlin\/wp-content\/uploads\/sites\/38\/Titel-Falter-RegioKiste-quer-300dpi1-300x180.jpg 300w, https:\/\/www.naturparkmagazin.de\/stechlin\/wp-content\/uploads\/sites\/38\/Titel-Falter-RegioKiste-quer-300dpi1.jpg 500w, https:\/\/www.naturparkmagazin.de\/stechlin\/wp-content\/uploads\/sites\/38\/Titel-Falter-RegioKiste-quer-300dpi1-200x120.jpg 200w\" sizes=\"(max-width: 300px) 100vw, 300px\" \/><\/a>Die REGiO-Kiste setzt ihren Erfolgszug fort. Im vergangenen Jahr gingen in Petra F\u00e4hnrichs Laden &#8222;Zum guten Tropfen&#8220; in Gransee 550 Kisten \u00fcber die Theke, 138 mehr als 2016. Elf Produzenten aus der Region &#8211; von Himmelpfort bis Hoppenrade &#8211; sind an dem Projekt REGiO-Kiste der REGiO-Nord beteiligt. Von Honig \u00fcber Kr\u00e4uterschnaps bis zu Wurst im Glas und Frischfleisch umfasst das Sortiment. Mehr als 50 Produkte stehen den Kunden zur Auswahl.<\/p>\n<p>Beliebt ist die Kiste bei den Bewohnern der Naturpark-Region als Geschenk zu Weihnachten und Ostern, zu Jubil\u00e4en oder als Aufmerksamkeit f\u00fcr sich selbst. Schlie\u00dflich kann man sich selbst auch mal Gutes tun. Auch als Mitbringsel reist die Kiste gern mit durch die Lande, ehemalige Bewohner der Region decken sich gern vor Ort mit regionalen Produkten ein. Den Geschmack der Heimat \u00fcber die Produkte der Region kennenzulernen, steht als Idee hinter der Aktion. Das hat noch einen zweiten Effekt: Durch eine gemeinsame Vermarktung nehmen Produzenten miteinander Kontakt auf, kommen ins Gespr\u00e4ch und unterst\u00fctzen sich im Idealfall gegenseitig.<\/p>\n<div id=\"attachment_2843\" style=\"width: 310px\" class=\"wp-caption aligncenter\"><a href=\"https:\/\/www.naturparkmagazin.de\/stechlin\/wp-content\/uploads\/sites\/38\/betriebsbesuch-preussenquelle2.jpg\"><img aria-describedby=\"caption-attachment-2843\" decoding=\"async\" loading=\"lazy\" class=\"wp-image-2843 size-thumbnail\" src=\"https:\/\/www.naturparkmagazin.de\/stechlin\/wp-content\/uploads\/sites\/38\/betriebsbesuch-preussenquelle2-300x201.jpg\" alt=\"Umweltbildung Preussenquelle 1\" width=\"300\" height=\"201\" srcset=\"https:\/\/www.naturparkmagazin.de\/stechlin\/wp-content\/uploads\/sites\/38\/betriebsbesuch-preussenquelle2-300x201.jpg 300w, https:\/\/www.naturparkmagazin.de\/stechlin\/wp-content\/uploads\/sites\/38\/betriebsbesuch-preussenquelle2-620x415.jpg 620w, https:\/\/www.naturparkmagazin.de\/stechlin\/wp-content\/uploads\/sites\/38\/betriebsbesuch-preussenquelle2-200x134.jpg 200w, https:\/\/www.naturparkmagazin.de\/stechlin\/wp-content\/uploads\/sites\/38\/betriebsbesuch-preussenquelle2.jpg 640w\" sizes=\"(max-width: 300px) 100vw, 300px\" \/><\/a><p id=\"caption-attachment-2843\" class=\"wp-caption-text\">Mineralwasser in Bio-Qualit\u00e4t von der Rheinsberger Preussenquelle<\/p><\/div>\n<p>Gepackt und verkauft werden die Pakete im Laden &#8222;Zum guten Tropfen&#8220;, Rudolf-Breitscheid-Stra\u00dfe 81, von Petra F\u00e4hnrich in Gransee. Diese k\u00f6nnen in den Tourist-Informationen in Stechlin (Glasmacherhaus Neuglobsow) und F\u00fcrstenberg\/Havel bestellt werden. Ab sofort ist das auch in der Tourist-Information Zehdenick m\u00f6glich. Die aus Holz handgefertigten Kisten sind in zwei Gr\u00f6\u00dfen erh\u00e4ltlich. Verpackt wird ab einem Wert von 20 Euro. Nach oben sind keine Grenzen gesetzt. Alle Produkte gibt es auch einzeln zu kaufen. Wer sich also einen \u00dcberblick \u00fcber das Sortiment verschaffen m\u00f6chte, ist bei ihr an der richtigen Stelle. Auf dem REGiO-Kisten-Flyer sind alle Produzenten und Produkte aufgef\u00fchrt, sie sind in den Tourismusb\u00fcros erh\u00e4ltlich.<\/p>\n<div id=\"attachment_5305\" style=\"width: 310px\" class=\"wp-caption aligncenter\"><a href=\"https:\/\/www.naturparkmagazin.de\/stechlin\/wp-content\/uploads\/sites\/38\/drei-jahreszeiten2.jpg\"><img aria-describedby=\"caption-attachment-5305\" decoding=\"async\" loading=\"lazy\" class=\"wp-image-5305 size-thumbnail\" src=\"https:\/\/www.naturparkmagazin.de\/stechlin\/wp-content\/uploads\/sites\/38\/drei-jahreszeiten2-300x180.jpg\" alt=\"Susanne Ludwig, Leo Tiede und Phil Hartmann als regionaler Anbieter am Stand des Naturparks zur gr\u00fcnen Woche\" width=\"300\" height=\"180\" srcset=\"https:\/\/www.naturparkmagazin.de\/stechlin\/wp-content\/uploads\/sites\/38\/drei-jahreszeiten2-300x180.jpg 300w, https:\/\/www.naturparkmagazin.de\/stechlin\/wp-content\/uploads\/sites\/38\/drei-jahreszeiten2.jpg 500w, https:\/\/www.naturparkmagazin.de\/stechlin\/wp-content\/uploads\/sites\/38\/drei-jahreszeiten2-200x120.jpg 200w\" sizes=\"(max-width: 300px) 100vw, 300px\" \/><\/a><p id=\"caption-attachment-5305\" class=\"wp-caption-text\">Nat\u00fcrlich auch im Sortiment &#8211; die Produkte der Firma &#8222;Drei Jahreszeiten&#8220; aus Altglobsow<\/p><\/div>\n<p>&nbsp;<\/p>\n","protected":false},"excerpt":{"rendered":"<p>Die REGiO-Kiste setzt ihren Erfolgszug fort. Im vergangenen Jahr gingen in Petra F\u00e4hnrichs Laden &#8222;Zum guten Tropfen&#8220; in Gransee 550 Kisten \u00fcber die Theke, 138 mehr als 2016.<\/p>\n","protected":false},"author":39,"featured_media":6831,"comment_status":"open","ping_status":"open","sticky":false,"template":"","format":"standard","meta":[],"categories":[7],"tags":[],"yoast_head":"<!-- This site is optimized with the Yoast SEO plugin v19.10 - https:\/\/yoast.com\/wordpress\/plugins\/seo\/ -->\n<title>Kistenweise K\u00f6stlichkeiten - Absatz der REGIO-Kiste - Naturpark Stechlin-Ruppiner Land<\/title>\n<meta name=\"robots\" content=\"index, follow, max-snippet:-1, max-image-preview:large, max-video-preview:-1\" \/>\n<link rel=\"canonical\" href=\"https:\/\/www.naturparkmagazin.de\/stechlin\/kistenweise-koestlichkeiten-absatz-der-regio-kiste\/\" \/>\n<meta property=\"og:locale\" content=\"de_DE\" \/>\n<meta property=\"og:type\" content=\"article\" \/>\n<meta property=\"og:title\" content=\"Kistenweise K\u00f6stlichkeiten - Absatz der REGIO-Kiste - Naturpark Stechlin-Ruppiner Land\" \/>\n<meta property=\"og:description\" content=\"Die REGiO-Kiste setzt ihren Erfolgszug fort. Im vergangenen Jahr gingen in Petra F\u00e4hnrichs Laden &quot;Zum guten Tropfen&quot; in Gransee 550 Kisten \u00fcber die Theke, 138 mehr als 2016.\" \/>\n<meta property=\"og:url\" content=\"https:\/\/www.naturparkmagazin.de\/stechlin\/kistenweise-koestlichkeiten-absatz-der-regio-kiste\/\" \/>\n<meta property=\"og:site_name\" content=\"Naturpark Stechlin-Ruppiner Land\" \/>\n<meta property=\"article:published_time\" content=\"2018-03-14T12:23:09+00:00\" \/>\n<meta property=\"article:modified_time\" content=\"2018-03-23T16:10:52+00:00\" \/>\n<meta property=\"og:image\" content=\"https:\/\/www.naturparkmagazin.de\/stechlin\/wp-content\/uploads\/sites\/38\/Titel-Falter-RegioKiste-quer-300dpi.jpg\" \/>\n\t<meta property=\"og:image:width\" content=\"200\" \/>\n\t<meta property=\"og:image:height\" content=\"200\" \/>\n\t<meta property=\"og:image:type\" content=\"image\/jpeg\" \/>\n<meta name=\"author\" content=\"marioschrumpf\" \/>\n<meta name=\"twitter:label1\" content=\"Verfasst von\" \/>\n\t<meta name=\"twitter:data1\" content=\"marioschrumpf\" \/>\n\t<meta name=\"twitter:label2\" content=\"Gesch\u00e4tzte Lesezeit\" \/>\n\t<meta name=\"twitter:data2\" content=\"2\u00a0Minuten\" \/>\n<script type=\"application\/ld+json\" class=\"yoast-schema-graph\">{\"@context\":\"https:\/\/schema.org\",\"@graph\":[{\"@type\":\"WebPage\",\"@id\":\"https:\/\/www.naturparkmagazin.de\/stechlin\/kistenweise-koestlichkeiten-absatz-der-regio-kiste\/\",\"url\":\"https:\/\/www.naturparkmagazin.de\/stechlin\/kistenweise-koestlichkeiten-absatz-der-regio-kiste\/\",\"name\":\"Kistenweise K\u00f6stlichkeiten - Absatz der REGIO-Kiste - Naturpark Stechlin-Ruppiner Land\",\"isPartOf\":{\"@id\":\"https:\/\/www.naturparkmagazin.de\/stechlin\/#website\"},\"datePublished\":\"2018-03-14T12:23:09+00:00\",\"dateModified\":\"2018-03-23T16:10:52+00:00\",\"author\":{\"@id\":\"https:\/\/www.naturparkmagazin.de\/stechlin\/#\/schema\/person\/3f0d93203df21c806dd63c76d9bb28bc\"},\"breadcrumb\":{\"@id\":\"https:\/\/www.naturparkmagazin.de\/stechlin\/kistenweise-koestlichkeiten-absatz-der-regio-kiste\/#breadcrumb\"},\"inLanguage\":\"de\",\"potentialAction\":[{\"@type\":\"ReadAction\",\"target\":[\"https:\/\/www.naturparkmagazin.de\/stechlin\/kistenweise-koestlichkeiten-absatz-der-regio-kiste\/\"]}]},{\"@type\":\"BreadcrumbList\",\"@id\":\"https:\/\/www.naturparkmagazin.de\/stechlin\/kistenweise-koestlichkeiten-absatz-der-regio-kiste\/#breadcrumb\",\"itemListElement\":[{\"@type\":\"ListItem\",\"position\":1,\"name\":\"Home\",\"item\":\"https:\/\/www.naturparkmagazin.de\/stechlin\/\"},{\"@type\":\"ListItem\",\"position\":2,\"name\":\"Kistenweise K\u00f6stlichkeiten &#8211; Absatz der REGIO-Kiste\"}]},{\"@type\":\"WebSite\",\"@id\":\"https:\/\/www.naturparkmagazin.de\/stechlin\/#website\",\"url\":\"https:\/\/www.naturparkmagazin.de\/stechlin\/\",\"name\":\"Naturpark Stechlin-Ruppiner Land\",\"description\":\"\",\"potentialAction\":[{\"@type\":\"SearchAction\",\"target\":{\"@type\":\"EntryPoint\",\"urlTemplate\":\"https:\/\/www.naturparkmagazin.de\/stechlin\/?s={search_term_string}\"},\"query-input\":\"required name=search_term_string\"}],\"inLanguage\":\"de\"},{\"@type\":\"Person\",\"@id\":\"https:\/\/www.naturparkmagazin.de\/stechlin\/#\/schema\/person\/3f0d93203df21c806dd63c76d9bb28bc\",\"name\":\"marioschrumpf\",\"url\":\"https:\/\/www.naturparkmagazin.de\/stechlin\/author\/marioschrumpf\/\"}]}<\/script>\n<!-- \/ Yoast SEO plugin. -->","yoast_head_json":{"title":"Kistenweise K\u00f6stlichkeiten - Absatz der REGIO-Kiste - Naturpark Stechlin-Ruppiner Land","robots":{"index":"index","follow":"follow","max-snippet":"max-snippet:-1","max-image-preview":"max-image-preview:large","max-video-preview":"max-video-preview:-1"},"canonical":"https:\/\/www.naturparkmagazin.de\/stechlin\/kistenweise-koestlichkeiten-absatz-der-regio-kiste\/","og_locale":"de_DE","og_type":"article","og_title":"Kistenweise K\u00f6stlichkeiten - Absatz der REGIO-Kiste - Naturpark Stechlin-Ruppiner Land","og_description":"Die REGiO-Kiste setzt ihren Erfolgszug fort. Im vergangenen Jahr gingen in Petra F\u00e4hnrichs Laden \"Zum guten Tropfen\" in Gransee 550 Kisten \u00fcber die Theke, 138 mehr als 2016.","og_url":"https:\/\/www.naturparkmagazin.de\/stechlin\/kistenweise-koestlichkeiten-absatz-der-regio-kiste\/","og_site_name":"Naturpark Stechlin-Ruppiner Land","article_published_time":"2018-03-14T12:23:09+00:00","article_modified_time":"2018-03-23T16:10:52+00:00","og_image":[{"width":200,"height":200,"url":"https:\/\/www.naturparkmagazin.de\/stechlin\/wp-content\/uploads\/sites\/38\/Titel-Falter-RegioKiste-quer-300dpi.jpg","type":"image\/jpeg"}],"author":"marioschrumpf","twitter_misc":{"Verfasst von":"marioschrumpf","Gesch\u00e4tzte Lesezeit":"2\u00a0Minuten"},"schema":{"@context":"https:\/\/schema.org","@graph":[{"@type":"WebPage","@id":"https:\/\/www.naturparkmagazin.de\/stechlin\/kistenweise-koestlichkeiten-absatz-der-regio-kiste\/","url":"https:\/\/www.naturparkmagazin.de\/stechlin\/kistenweise-koestlichkeiten-absatz-der-regio-kiste\/","name":"Kistenweise K\u00f6stlichkeiten - Absatz der REGIO-Kiste - Naturpark Stechlin-Ruppiner Land","isPartOf":{"@id":"https:\/\/www.naturparkmagazin.de\/stechlin\/#website"},"datePublished":"2018-03-14T12:23:09+00:00","dateModified":"2018-03-23T16:10:52+00:00","author":{"@id":"https:\/\/www.naturparkmagazin.de\/stechlin\/#\/schema\/person\/3f0d93203df21c806dd63c76d9bb28bc"},"breadcrumb":{"@id":"https:\/\/www.naturparkmagazin.de\/stechlin\/kistenweise-koestlichkeiten-absatz-der-regio-kiste\/#breadcrumb"},"inLanguage":"de","potentialAction":[{"@type":"ReadAction","target":["https:\/\/www.naturparkmagazin.de\/stechlin\/kistenweise-koestlichkeiten-absatz-der-regio-kiste\/"]}]},{"@type":"BreadcrumbList","@id":"https:\/\/www.naturparkmagazin.de\/stechlin\/kistenweise-koestlichkeiten-absatz-der-regio-kiste\/#breadcrumb","itemListElement":[{"@type":"ListItem","position":1,"name":"Home","item":"https:\/\/www.naturparkmagazin.de\/stechlin\/"},{"@type":"ListItem","position":2,"name":"Kistenweise K\u00f6stlichkeiten &#8211; Absatz der REGIO-Kiste"}]},{"@type":"WebSite","@id":"https:\/\/www.naturparkmagazin.de\/stechlin\/#website","url":"https:\/\/www.naturparkmagazin.de\/stechlin\/","name":"Naturpark Stechlin-Ruppiner Land","description":"","potentialAction":[{"@type":"SearchAction","target":{"@type":"EntryPoint","urlTemplate":"https:\/\/www.naturparkmagazin.de\/stechlin\/?s={search_term_string}"},"query-input":"required name=search_term_string"}],"inLanguage":"de"},{"@type":"Person","@id":"https:\/\/www.naturparkmagazin.de\/stechlin\/#\/schema\/person\/3f0d93203df21c806dd63c76d9bb28bc","name":"marioschrumpf","url":"https:\/\/www.naturparkmagazin.de\/stechlin\/author\/marioschrumpf\/"}]}},"_links":{"self":[{"href":"https:\/\/www.naturparkmagazin.de\/stechlin\/wp-json\/wp\/v2\/posts\/6813"}],"collection":[{"href":"https:\/\/www.naturparkmagazin.de\/stechlin\/wp-json\/wp\/v2\/posts"}],"about":[{"href":"https:\/\/www.naturparkmagazin.de\/stechlin\/wp-json\/wp\/v2\/types\/post"}],"author":[{"embeddable":true,"href":"https:\/\/www.naturparkmagazin.de\/stechlin\/wp-json\/wp\/v2\/users\/39"}],"replies":[{"embeddable":true,"href":"https:\/\/www.naturparkmagazin.de\/stechlin\/wp-json\/wp\/v2\/comments?post=6813"}],"version-history":[{"count":4,"href":"https:\/\/www.naturparkmagazin.de\/stechlin\/wp-json\/wp\/v2\/posts\/6813\/revisions"}],"predecessor-version":[{"id":6832,"href":"https:\/\/www.naturparkmagazin.de\/stechlin\/wp-json\/wp\/v2\/posts\/6813\/revisions\/6832"}],"wp:featuredmedia":[{"embeddable":true,"href":"https:\/\/www.naturparkmagazin.de\/stechlin\/wp-json\/wp\/v2\/media\/6831"}],"wp:attachment":[{"href":"https:\/\/www.naturparkmagazin.de\/stechlin\/wp-json\/wp\/v2\/media?parent=6813"}],"wp:term":[{"taxonomy":"category","embeddable":true,"href":"https:\/\/www.naturparkmagazin.de\/stechlin\/wp-json\/wp\/v2\/categories?post=6813"},{"taxonomy":"post_tag","embeddable":true,"href":"https:\/\/www.naturparkmagazin.de\/stechlin\/wp-json\/wp\/v2\/tags?post=6813"}],"curies":[{"name":"wp","href":"https:\/\/api.w.org\/{rel}","templated":true}]}}