{"id":682,"date":"2014-02-18T11:53:14","date_gmt":"2014-02-18T09:53:14","guid":{"rendered":"http:\/\/www.naturparkmagazin.de\/stechlin\/?p=682"},"modified":"2025-02-24T16:34:03","modified_gmt":"2025-02-24T15:34:03","slug":"oekofilmtour-machte-station-im-naturpark","status":"publish","type":"post","link":"https:\/\/www.naturparkmagazin.de\/stechlin\/oekofilmtour-machte-station-im-naturpark\/","title":{"rendered":"\u00d6kofilmtour machte Station in Menz (2014)"},"content":{"rendered":"<div id=\"attachment_684\" style=\"width: 272px\" class=\"wp-caption alignnone\"><a href=\"https:\/\/www.naturparkmagazin.de\/stechlin\/wp-content\/uploads\/sites\/38\/k-SAM_0116.jpg\"><img aria-describedby=\"caption-attachment-684\" decoding=\"async\" loading=\"lazy\" class=\"size-full wp-image-684 \" title=\"Jutta Sch\u00f6lzel diskutiert lebhaft mit den j\u00fcngsten Zuschauern (Foto: Thomas Hahn).\" src=\"https:\/\/www.naturparkmagazin.de\/stechlin\/wp-content\/uploads\/sites\/38\/k-SAM_0116.jpg\" alt=\"Jutta Sch\u00f6lzel diskutiert lebhaft mit den j\u00fcngsten Zuschauern (Foto: Thomas Hahn).\" width=\"262\" height=\"176\" \/><\/a><p id=\"caption-attachment-684\" class=\"wp-caption-text\">Jutta Sch\u00f6lzel diskutiert lebhaft mit den j\u00fcngsten Zuschauern (Foto: Thomas Hahn).<\/p><\/div>\n<p>Am 11. und 12. Februar gastierte die <b>Brandenburger<\/b> <b>\u00d6kofilmtour, das gr\u00f6\u00dfte und l\u00e4ngste Natur- und Umweltfilmfestival Deutschlands<\/b> in der Regionalwerkstatt Stechlin in Menz. Unterst\u00fctzt wurde die Aktion vom F\u00f6rderverein f\u00fcr \u00d6ffentlichkeitsarbeit im Natur- und Umweltschutz e.V. (F\u00d6N) aus Potsdam.<\/p>\n<p>Im Abendprogramm des 11. Februars wurde der Film <b>\u201e<\/b><b>Der Stechlin \u2013 im Reich der Klarwasserseen\u201c<\/b> von Christoph Hauschild gezeigt.\u00a0 Der Film wurde in der Reihe Naturwunder Deutschlands im Auftrag des NDR produziert. Die mehr als 40 Besucher waren beeindruckt von den faszinierenden Naturaufnahmen aus dem Naturpark. In der anschlie\u00dfenden Podiumsdiskussion standen Dr. Wolfgang Henkel, Vorsitzender des F\u00f6rdervereins Naturlandschaft Stechlin und Menzer Heide e.V., Michael Zauft, Leiter des EU-Life-Projektes Kalkmoore und Naturparkleiter Dr. Mario Schrumpf den Besuchern Rede und Antwort.<\/p>\n<p>In Kooperation mit der Fontane-Schule Menz (Partnerschule des Naturparks) und der KITA Henriettes Schneckenhaus wurden am Vormittag des 12. Februars folgende Filme gezeigt:<b>\u00a0<\/b><\/p>\n<p>1.-2. Klasse:<b> \u201eMission Froschk\u00f6nig &#8211; Die R\u00fcckkehr des Laubfroschs\u201c<\/b><\/p>\n<p>3.-4. Klasse:<b> \u201eWaschb\u00e4ren-Einwanderer aus Wildwest\u201c<\/b><\/p>\n<p>5.-6. Klasse: <b>\u201eBruno der B\u00e4r ohne Pass\u201c\u00a0\u00a0\u00a0\u00a0\u00a0\u00a0\u00a0\u00a0\u00a0\u00a0\u00a0\u00a0\u00a0\u00a0\u00a0\u00a0\u00a0\u00a0\u00a0\u00a0\u00a0\u00a0\u00a0\u00a0 <\/b><\/p>\n<p>Im Anschluss f\u00fchrten Thomas Hahn (Naturwacht) und Jutta Sch\u00f6lzel (F\u00d6N) mit den Sch\u00fclern eine Filmdiskussion durch.<\/p>\n<p>&nbsp;<\/p>\n","protected":false},"excerpt":{"rendered":"<p>Am 11. und 12. Februar gastierte die Brandenburger \u00d6kofilmtour, das gr\u00f6\u00dfte und l\u00e4ngste Natur- und Umweltfilmfestival Deutschlands in der Regionalwerkstatt Stechlin in Menz. <\/p>\n","protected":false},"author":39,"featured_media":683,"comment_status":"open","ping_status":"open","sticky":false,"template":"","format":"standard","meta":[],"categories":[7],"tags":[],"yoast_head":"<!-- This site is optimized with the Yoast SEO plugin v19.10 - https:\/\/yoast.com\/wordpress\/plugins\/seo\/ -->\n<title>\u00d6kofilmtour machte Station in Menz (2014) - Naturpark Stechlin-Ruppiner Land<\/title>\n<meta name=\"robots\" content=\"index, follow, max-snippet:-1, max-image-preview:large, max-video-preview:-1\" \/>\n<link rel=\"canonical\" href=\"https:\/\/www.naturparkmagazin.de\/stechlin\/oekofilmtour-machte-station-im-naturpark\/\" \/>\n<meta property=\"og:locale\" content=\"de_DE\" \/>\n<meta property=\"og:type\" content=\"article\" \/>\n<meta property=\"og:title\" content=\"\u00d6kofilmtour machte Station in Menz (2014) - Naturpark Stechlin-Ruppiner Land\" \/>\n<meta property=\"og:description\" content=\"Am 11. und 12. Februar gastierte die Brandenburger \u00d6kofilmtour, das gr\u00f6\u00dfte und l\u00e4ngste Natur- und Umweltfilmfestival Deutschlands in der Regionalwerkstatt Stechlin in Menz.\" \/>\n<meta property=\"og:url\" content=\"https:\/\/www.naturparkmagazin.de\/stechlin\/oekofilmtour-machte-station-im-naturpark\/\" \/>\n<meta property=\"og:site_name\" content=\"Naturpark Stechlin-Ruppiner Land\" \/>\n<meta property=\"article:published_time\" content=\"2014-02-18T09:53:14+00:00\" \/>\n<meta property=\"article:modified_time\" content=\"2025-02-24T15:34:03+00:00\" \/>\n<meta property=\"og:image\" content=\"https:\/\/www.naturparkmagazin.de\/stechlin\/wp-content\/uploads\/sites\/38\/k-SAM_0114.jpg\" \/>\n\t<meta property=\"og:image:width\" content=\"320\" \/>\n\t<meta property=\"og:image:height\" content=\"240\" \/>\n\t<meta property=\"og:image:type\" content=\"image\/jpeg\" \/>\n<meta name=\"author\" content=\"marioschrumpf\" \/>\n<meta name=\"twitter:label1\" content=\"Verfasst von\" \/>\n\t<meta name=\"twitter:data1\" content=\"marioschrumpf\" \/>\n\t<meta name=\"twitter:label2\" content=\"Gesch\u00e4tzte Lesezeit\" \/>\n\t<meta name=\"twitter:data2\" content=\"2\u00a0Minuten\" \/>\n<script type=\"application\/ld+json\" class=\"yoast-schema-graph\">{\"@context\":\"https:\/\/schema.org\",\"@graph\":[{\"@type\":\"WebPage\",\"@id\":\"https:\/\/www.naturparkmagazin.de\/stechlin\/oekofilmtour-machte-station-im-naturpark\/\",\"url\":\"https:\/\/www.naturparkmagazin.de\/stechlin\/oekofilmtour-machte-station-im-naturpark\/\",\"name\":\"\u00d6kofilmtour machte Station in Menz (2014) - Naturpark Stechlin-Ruppiner Land\",\"isPartOf\":{\"@id\":\"https:\/\/www.naturparkmagazin.de\/stechlin\/#website\"},\"datePublished\":\"2014-02-18T09:53:14+00:00\",\"dateModified\":\"2025-02-24T15:34:03+00:00\",\"author\":{\"@id\":\"https:\/\/www.naturparkmagazin.de\/stechlin\/#\/schema\/person\/3f0d93203df21c806dd63c76d9bb28bc\"},\"breadcrumb\":{\"@id\":\"https:\/\/www.naturparkmagazin.de\/stechlin\/oekofilmtour-machte-station-im-naturpark\/#breadcrumb\"},\"inLanguage\":\"de\",\"potentialAction\":[{\"@type\":\"ReadAction\",\"target\":[\"https:\/\/www.naturparkmagazin.de\/stechlin\/oekofilmtour-machte-station-im-naturpark\/\"]}]},{\"@type\":\"BreadcrumbList\",\"@id\":\"https:\/\/www.naturparkmagazin.de\/stechlin\/oekofilmtour-machte-station-im-naturpark\/#breadcrumb\",\"itemListElement\":[{\"@type\":\"ListItem\",\"position\":1,\"name\":\"Home\",\"item\":\"https:\/\/www.naturparkmagazin.de\/stechlin\/\"},{\"@type\":\"ListItem\",\"position\":2,\"name\":\"\u00d6kofilmtour machte Station in Menz (2014)\"}]},{\"@type\":\"WebSite\",\"@id\":\"https:\/\/www.naturparkmagazin.de\/stechlin\/#website\",\"url\":\"https:\/\/www.naturparkmagazin.de\/stechlin\/\",\"name\":\"Naturpark Stechlin-Ruppiner Land\",\"description\":\"\",\"potentialAction\":[{\"@type\":\"SearchAction\",\"target\":{\"@type\":\"EntryPoint\",\"urlTemplate\":\"https:\/\/www.naturparkmagazin.de\/stechlin\/?s={search_term_string}\"},\"query-input\":\"required name=search_term_string\"}],\"inLanguage\":\"de\"},{\"@type\":\"Person\",\"@id\":\"https:\/\/www.naturparkmagazin.de\/stechlin\/#\/schema\/person\/3f0d93203df21c806dd63c76d9bb28bc\",\"name\":\"marioschrumpf\",\"url\":\"https:\/\/www.naturparkmagazin.de\/stechlin\/author\/marioschrumpf\/\"}]}<\/script>\n<!-- \/ Yoast SEO plugin. -->","yoast_head_json":{"title":"\u00d6kofilmtour machte Station in Menz (2014) - Naturpark Stechlin-Ruppiner Land","robots":{"index":"index","follow":"follow","max-snippet":"max-snippet:-1","max-image-preview":"max-image-preview:large","max-video-preview":"max-video-preview:-1"},"canonical":"https:\/\/www.naturparkmagazin.de\/stechlin\/oekofilmtour-machte-station-im-naturpark\/","og_locale":"de_DE","og_type":"article","og_title":"\u00d6kofilmtour machte Station in Menz (2014) - Naturpark Stechlin-Ruppiner Land","og_description":"Am 11. und 12. Februar gastierte die Brandenburger \u00d6kofilmtour, das gr\u00f6\u00dfte und l\u00e4ngste Natur- und Umweltfilmfestival Deutschlands in der Regionalwerkstatt Stechlin in Menz.","og_url":"https:\/\/www.naturparkmagazin.de\/stechlin\/oekofilmtour-machte-station-im-naturpark\/","og_site_name":"Naturpark Stechlin-Ruppiner Land","article_published_time":"2014-02-18T09:53:14+00:00","article_modified_time":"2025-02-24T15:34:03+00:00","og_image":[{"width":320,"height":240,"url":"https:\/\/www.naturparkmagazin.de\/stechlin\/wp-content\/uploads\/sites\/38\/k-SAM_0114.jpg","type":"image\/jpeg"}],"author":"marioschrumpf","twitter_misc":{"Verfasst von":"marioschrumpf","Gesch\u00e4tzte Lesezeit":"2\u00a0Minuten"},"schema":{"@context":"https:\/\/schema.org","@graph":[{"@type":"WebPage","@id":"https:\/\/www.naturparkmagazin.de\/stechlin\/oekofilmtour-machte-station-im-naturpark\/","url":"https:\/\/www.naturparkmagazin.de\/stechlin\/oekofilmtour-machte-station-im-naturpark\/","name":"\u00d6kofilmtour machte Station in Menz (2014) - Naturpark Stechlin-Ruppiner Land","isPartOf":{"@id":"https:\/\/www.naturparkmagazin.de\/stechlin\/#website"},"datePublished":"2014-02-18T09:53:14+00:00","dateModified":"2025-02-24T15:34:03+00:00","author":{"@id":"https:\/\/www.naturparkmagazin.de\/stechlin\/#\/schema\/person\/3f0d93203df21c806dd63c76d9bb28bc"},"breadcrumb":{"@id":"https:\/\/www.naturparkmagazin.de\/stechlin\/oekofilmtour-machte-station-im-naturpark\/#breadcrumb"},"inLanguage":"de","potentialAction":[{"@type":"ReadAction","target":["https:\/\/www.naturparkmagazin.de\/stechlin\/oekofilmtour-machte-station-im-naturpark\/"]}]},{"@type":"BreadcrumbList","@id":"https:\/\/www.naturparkmagazin.de\/stechlin\/oekofilmtour-machte-station-im-naturpark\/#breadcrumb","itemListElement":[{"@type":"ListItem","position":1,"name":"Home","item":"https:\/\/www.naturparkmagazin.de\/stechlin\/"},{"@type":"ListItem","position":2,"name":"\u00d6kofilmtour machte Station in Menz (2014)"}]},{"@type":"WebSite","@id":"https:\/\/www.naturparkmagazin.de\/stechlin\/#website","url":"https:\/\/www.naturparkmagazin.de\/stechlin\/","name":"Naturpark Stechlin-Ruppiner Land","description":"","potentialAction":[{"@type":"SearchAction","target":{"@type":"EntryPoint","urlTemplate":"https:\/\/www.naturparkmagazin.de\/stechlin\/?s={search_term_string}"},"query-input":"required name=search_term_string"}],"inLanguage":"de"},{"@type":"Person","@id":"https:\/\/www.naturparkmagazin.de\/stechlin\/#\/schema\/person\/3f0d93203df21c806dd63c76d9bb28bc","name":"marioschrumpf","url":"https:\/\/www.naturparkmagazin.de\/stechlin\/author\/marioschrumpf\/"}]}},"_links":{"self":[{"href":"https:\/\/www.naturparkmagazin.de\/stechlin\/wp-json\/wp\/v2\/posts\/682"}],"collection":[{"href":"https:\/\/www.naturparkmagazin.de\/stechlin\/wp-json\/wp\/v2\/posts"}],"about":[{"href":"https:\/\/www.naturparkmagazin.de\/stechlin\/wp-json\/wp\/v2\/types\/post"}],"author":[{"embeddable":true,"href":"https:\/\/www.naturparkmagazin.de\/stechlin\/wp-json\/wp\/v2\/users\/39"}],"replies":[{"embeddable":true,"href":"https:\/\/www.naturparkmagazin.de\/stechlin\/wp-json\/wp\/v2\/comments?post=682"}],"version-history":[{"count":8,"href":"https:\/\/www.naturparkmagazin.de\/stechlin\/wp-json\/wp\/v2\/posts\/682\/revisions"}],"predecessor-version":[{"id":16827,"href":"https:\/\/www.naturparkmagazin.de\/stechlin\/wp-json\/wp\/v2\/posts\/682\/revisions\/16827"}],"wp:featuredmedia":[{"embeddable":true,"href":"https:\/\/www.naturparkmagazin.de\/stechlin\/wp-json\/wp\/v2\/media\/683"}],"wp:attachment":[{"href":"https:\/\/www.naturparkmagazin.de\/stechlin\/wp-json\/wp\/v2\/media?parent=682"}],"wp:term":[{"taxonomy":"category","embeddable":true,"href":"https:\/\/www.naturparkmagazin.de\/stechlin\/wp-json\/wp\/v2\/categories?post=682"},{"taxonomy":"post_tag","embeddable":true,"href":"https:\/\/www.naturparkmagazin.de\/stechlin\/wp-json\/wp\/v2\/tags?post=682"}],"curies":[{"name":"wp","href":"https:\/\/api.w.org\/{rel}","templated":true}]}}