{"id":6827,"date":"2018-03-14T08:34:30","date_gmt":"2018-03-14T07:34:30","guid":{"rendered":"http:\/\/www.naturparkmagazin.de\/stechlin\/?p=6827"},"modified":"2018-03-23T17:17:07","modified_gmt":"2018-03-23T16:17:07","slug":"maz-fruehlingswanderung-platzhalter","status":"publish","type":"post","link":"https:\/\/www.naturparkmagazin.de\/stechlin\/maz-fruehlingswanderung-platzhalter\/","title":{"rendered":"MAZ-Fr\u00fchlingswanderung bei bestem Winterwetter"},"content":{"rendered":"<div id=\"attachment_6847\" style=\"width: 310px\" class=\"wp-caption aligncenter\"><a href=\"https:\/\/www.naturparkmagazin.de\/stechlin\/wp-content\/uploads\/sites\/38\/MAZ-Fr\u00fchlingswanderung-3_04.jpg\"><img aria-describedby=\"caption-attachment-6847\" decoding=\"async\" loading=\"lazy\" class=\"size-thumbnail wp-image-6847\" src=\"https:\/\/www.naturparkmagazin.de\/stechlin\/wp-content\/uploads\/sites\/38\/MAZ-Fr\u00fchlingswanderung-3_04-300x180.jpg\" alt=\"Mit M\u00fctze, Schal und Handschuhe zur Fr\u00fchlingswanderung.\" width=\"300\" height=\"180\" srcset=\"https:\/\/www.naturparkmagazin.de\/stechlin\/wp-content\/uploads\/sites\/38\/MAZ-Fr\u00fchlingswanderung-3_04-300x180.jpg 300w, https:\/\/www.naturparkmagazin.de\/stechlin\/wp-content\/uploads\/sites\/38\/MAZ-Fr\u00fchlingswanderung-3_04.jpg 500w, https:\/\/www.naturparkmagazin.de\/stechlin\/wp-content\/uploads\/sites\/38\/MAZ-Fr\u00fchlingswanderung-3_04-200x120.jpg 200w\" sizes=\"(max-width: 300px) 100vw, 300px\" \/><\/a><p id=\"caption-attachment-6847\" class=\"wp-caption-text\">Mit M\u00fctze, Schal und Handschuhen zur Fr\u00fchlingswanderung.<\/p><\/div>\n<p>Eisiger Ostwind, Dauerfrost, aber auch strahlender Sonnenschein und blauer Himmel empfingen die Teilnehmer der MAZ-Fr\u00fchlingswanderung.<\/p>\n<p>50 Teilnehmer gingen trotz Winterwetter am 18. M\u00e4rz auf Tour. 12 km von Menz \u00fcber Zernikow nach Burow und zur\u00fcck nach Menz standen auf dem Programm. Die &#8222;<em>ganz Harten<\/em>&#8220; h\u00e4ngten noch 6 km dran und umrundeten den Roofensee.<\/p>\n<div id=\"attachment_6848\" style=\"width: 310px\" class=\"wp-caption aligncenter\"><a href=\"https:\/\/www.naturparkmagazin.de\/stechlin\/wp-content\/uploads\/sites\/38\/MAZ-Fr\u00fchlingswanderung-2_17.jpg\"><img aria-describedby=\"caption-attachment-6848\" decoding=\"async\" loading=\"lazy\" class=\"size-thumbnail wp-image-6848\" src=\"https:\/\/www.naturparkmagazin.de\/stechlin\/wp-content\/uploads\/sites\/38\/MAZ-Fr\u00fchlingswanderung-2_17-300x180.jpg\" alt=\"Wanderleiter Wolfgang Pagel begr\u00fc\u00dft die Teilnehmer in Menz\" width=\"300\" height=\"180\" srcset=\"https:\/\/www.naturparkmagazin.de\/stechlin\/wp-content\/uploads\/sites\/38\/MAZ-Fr\u00fchlingswanderung-2_17-300x180.jpg 300w, https:\/\/www.naturparkmagazin.de\/stechlin\/wp-content\/uploads\/sites\/38\/MAZ-Fr\u00fchlingswanderung-2_17.jpg 500w, https:\/\/www.naturparkmagazin.de\/stechlin\/wp-content\/uploads\/sites\/38\/MAZ-Fr\u00fchlingswanderung-2_17-200x120.jpg 200w\" sizes=\"(max-width: 300px) 100vw, 300px\" \/><\/a><p id=\"caption-attachment-6848\" class=\"wp-caption-text\">Wanderleiter Wolfgang Pagel begr\u00fc\u00dft die Teilnehmer in Menz<\/p><\/div>\n<p>Der Pr\u00e4sident des Berliner Wandersportverbandes Wolfgang Pagel und Naturparkleiter Mario Schrumpf fungierten als Wanderleiter. Station wurde u.a. am historischen Menzer Bahnhof der Stechlinseebahn, in der Zernikower Buchenallee, auf Gut Zernikow, in der Zernikower Kirche und im Birkenhof Burow gemacht.<\/p>\n<p>Die Teilnehmer, die z.T. aus Berlin und dem S\u00fcdkreis angereist sind, waren voll des Lobes. <em>&#8222;Wir kommen wieder!&#8220;<\/em> war der Satz des Tages. Damit haben die Organisatoren ihr Ziel erreicht.<\/p>\n<div id=\"attachment_6849\" style=\"width: 310px\" class=\"wp-caption aligncenter\"><a href=\"https:\/\/www.naturparkmagazin.de\/stechlin\/wp-content\/uploads\/sites\/38\/MAZ-Fr\u00fchlingswanderung-1_05491.jpg\"><img aria-describedby=\"caption-attachment-6849\" decoding=\"async\" loading=\"lazy\" class=\"size-thumbnail wp-image-6849\" src=\"https:\/\/www.naturparkmagazin.de\/stechlin\/wp-content\/uploads\/sites\/38\/MAZ-Fr\u00fchlingswanderung-1_05491-300x180.jpg\" alt=\"Umweltpfarrer a.D. Reinhardt Dalchow empfing die Wanderer in der Zernikower Kirche mit einem Orgelst\u00e4ndchen.\" width=\"300\" height=\"180\" srcset=\"https:\/\/www.naturparkmagazin.de\/stechlin\/wp-content\/uploads\/sites\/38\/MAZ-Fr\u00fchlingswanderung-1_05491-300x180.jpg 300w, https:\/\/www.naturparkmagazin.de\/stechlin\/wp-content\/uploads\/sites\/38\/MAZ-Fr\u00fchlingswanderung-1_05491.jpg 500w, https:\/\/www.naturparkmagazin.de\/stechlin\/wp-content\/uploads\/sites\/38\/MAZ-Fr\u00fchlingswanderung-1_05491-200x120.jpg 200w\" sizes=\"(max-width: 300px) 100vw, 300px\" \/><\/a><p id=\"caption-attachment-6849\" class=\"wp-caption-text\">Umweltpfarrer a.D. Reinhard Dalchow empfing die Wanderer in der Zernikower Kirche mit einem Orgelst\u00e4ndchen.<\/p><\/div>\n<p>Ein herzliches Dankesch\u00f6n an die MAZ f\u00fcr die tolle mediale Unterst\u00fctzung, an den Wanderleiter Wolfgang Pagel, an Pfarrer a.D. Reinhard Dalchow f\u00fcr sein Orgelspiel und die Kirchenf\u00fchrung\u00a0sowie an Henry Engel f\u00fcr die gastronomische Betreuung.<\/p>\n<p>&nbsp;<\/p>\n","protected":false},"excerpt":{"rendered":"<p>Eisiger Ostwind, Dauerfrost, aber auch strahlender Sonnenschein und blauer Himmel empfingen die Teilnehmer der MAZ-Fr\u00fchlingswanderung.<\/p>\n","protected":false},"author":39,"featured_media":6846,"comment_status":"open","ping_status":"open","sticky":false,"template":"","format":"standard","meta":[],"categories":[7],"tags":[],"yoast_head":"<!-- This site is optimized with the Yoast SEO plugin v19.10 - https:\/\/yoast.com\/wordpress\/plugins\/seo\/ -->\n<title>MAZ-Fr\u00fchlingswanderung bei bestem Winterwetter - Naturpark Stechlin-Ruppiner Land<\/title>\n<meta name=\"robots\" content=\"index, follow, max-snippet:-1, max-image-preview:large, max-video-preview:-1\" \/>\n<link rel=\"canonical\" href=\"https:\/\/www.naturparkmagazin.de\/stechlin\/maz-fruehlingswanderung-platzhalter\/\" \/>\n<meta property=\"og:locale\" content=\"de_DE\" \/>\n<meta property=\"og:type\" content=\"article\" \/>\n<meta property=\"og:title\" content=\"MAZ-Fr\u00fchlingswanderung bei bestem Winterwetter - Naturpark Stechlin-Ruppiner Land\" \/>\n<meta property=\"og:description\" content=\"Eisiger Ostwind, Dauerfrost, aber auch strahlender Sonnenschein und blauer Himmel empfingen die Teilnehmer der MAZ-Fr\u00fchlingswanderung.\" \/>\n<meta property=\"og:url\" content=\"https:\/\/www.naturparkmagazin.de\/stechlin\/maz-fruehlingswanderung-platzhalter\/\" \/>\n<meta property=\"og:site_name\" content=\"Naturpark Stechlin-Ruppiner Land\" \/>\n<meta property=\"article:published_time\" content=\"2018-03-14T07:34:30+00:00\" \/>\n<meta property=\"article:modified_time\" content=\"2018-03-23T16:17:07+00:00\" \/>\n<meta property=\"og:image\" content=\"https:\/\/www.naturparkmagazin.de\/stechlin\/wp-content\/uploads\/sites\/38\/MAZ-Fr\u00fchlingswanderung05518.jpg\" \/>\n\t<meta property=\"og:image:width\" content=\"200\" \/>\n\t<meta property=\"og:image:height\" content=\"200\" \/>\n\t<meta property=\"og:image:type\" content=\"image\/jpeg\" \/>\n<meta name=\"author\" content=\"marioschrumpf\" \/>\n<meta name=\"twitter:label1\" content=\"Verfasst von\" \/>\n\t<meta name=\"twitter:data1\" content=\"marioschrumpf\" \/>\n\t<meta name=\"twitter:label2\" content=\"Gesch\u00e4tzte Lesezeit\" \/>\n\t<meta name=\"twitter:data2\" content=\"1\u00a0Minute\" \/>\n<script type=\"application\/ld+json\" class=\"yoast-schema-graph\">{\"@context\":\"https:\/\/schema.org\",\"@graph\":[{\"@type\":\"WebPage\",\"@id\":\"https:\/\/www.naturparkmagazin.de\/stechlin\/maz-fruehlingswanderung-platzhalter\/\",\"url\":\"https:\/\/www.naturparkmagazin.de\/stechlin\/maz-fruehlingswanderung-platzhalter\/\",\"name\":\"MAZ-Fr\u00fchlingswanderung bei bestem Winterwetter - Naturpark Stechlin-Ruppiner Land\",\"isPartOf\":{\"@id\":\"https:\/\/www.naturparkmagazin.de\/stechlin\/#website\"},\"datePublished\":\"2018-03-14T07:34:30+00:00\",\"dateModified\":\"2018-03-23T16:17:07+00:00\",\"author\":{\"@id\":\"https:\/\/www.naturparkmagazin.de\/stechlin\/#\/schema\/person\/3f0d93203df21c806dd63c76d9bb28bc\"},\"breadcrumb\":{\"@id\":\"https:\/\/www.naturparkmagazin.de\/stechlin\/maz-fruehlingswanderung-platzhalter\/#breadcrumb\"},\"inLanguage\":\"de\",\"potentialAction\":[{\"@type\":\"ReadAction\",\"target\":[\"https:\/\/www.naturparkmagazin.de\/stechlin\/maz-fruehlingswanderung-platzhalter\/\"]}]},{\"@type\":\"BreadcrumbList\",\"@id\":\"https:\/\/www.naturparkmagazin.de\/stechlin\/maz-fruehlingswanderung-platzhalter\/#breadcrumb\",\"itemListElement\":[{\"@type\":\"ListItem\",\"position\":1,\"name\":\"Home\",\"item\":\"https:\/\/www.naturparkmagazin.de\/stechlin\/\"},{\"@type\":\"ListItem\",\"position\":2,\"name\":\"MAZ-Fr\u00fchlingswanderung bei bestem Winterwetter\"}]},{\"@type\":\"WebSite\",\"@id\":\"https:\/\/www.naturparkmagazin.de\/stechlin\/#website\",\"url\":\"https:\/\/www.naturparkmagazin.de\/stechlin\/\",\"name\":\"Naturpark Stechlin-Ruppiner Land\",\"description\":\"\",\"potentialAction\":[{\"@type\":\"SearchAction\",\"target\":{\"@type\":\"EntryPoint\",\"urlTemplate\":\"https:\/\/www.naturparkmagazin.de\/stechlin\/?s={search_term_string}\"},\"query-input\":\"required name=search_term_string\"}],\"inLanguage\":\"de\"},{\"@type\":\"Person\",\"@id\":\"https:\/\/www.naturparkmagazin.de\/stechlin\/#\/schema\/person\/3f0d93203df21c806dd63c76d9bb28bc\",\"name\":\"marioschrumpf\",\"url\":\"https:\/\/www.naturparkmagazin.de\/stechlin\/author\/marioschrumpf\/\"}]}<\/script>\n<!-- \/ Yoast SEO plugin. -->","yoast_head_json":{"title":"MAZ-Fr\u00fchlingswanderung bei bestem Winterwetter - Naturpark Stechlin-Ruppiner Land","robots":{"index":"index","follow":"follow","max-snippet":"max-snippet:-1","max-image-preview":"max-image-preview:large","max-video-preview":"max-video-preview:-1"},"canonical":"https:\/\/www.naturparkmagazin.de\/stechlin\/maz-fruehlingswanderung-platzhalter\/","og_locale":"de_DE","og_type":"article","og_title":"MAZ-Fr\u00fchlingswanderung bei bestem Winterwetter - Naturpark Stechlin-Ruppiner Land","og_description":"Eisiger Ostwind, Dauerfrost, aber auch strahlender Sonnenschein und blauer Himmel empfingen die Teilnehmer der MAZ-Fr\u00fchlingswanderung.","og_url":"https:\/\/www.naturparkmagazin.de\/stechlin\/maz-fruehlingswanderung-platzhalter\/","og_site_name":"Naturpark Stechlin-Ruppiner Land","article_published_time":"2018-03-14T07:34:30+00:00","article_modified_time":"2018-03-23T16:17:07+00:00","og_image":[{"width":200,"height":200,"url":"https:\/\/www.naturparkmagazin.de\/stechlin\/wp-content\/uploads\/sites\/38\/MAZ-Fr\u00fchlingswanderung05518.jpg","type":"image\/jpeg"}],"author":"marioschrumpf","twitter_misc":{"Verfasst von":"marioschrumpf","Gesch\u00e4tzte Lesezeit":"1\u00a0Minute"},"schema":{"@context":"https:\/\/schema.org","@graph":[{"@type":"WebPage","@id":"https:\/\/www.naturparkmagazin.de\/stechlin\/maz-fruehlingswanderung-platzhalter\/","url":"https:\/\/www.naturparkmagazin.de\/stechlin\/maz-fruehlingswanderung-platzhalter\/","name":"MAZ-Fr\u00fchlingswanderung bei bestem Winterwetter - Naturpark Stechlin-Ruppiner Land","isPartOf":{"@id":"https:\/\/www.naturparkmagazin.de\/stechlin\/#website"},"datePublished":"2018-03-14T07:34:30+00:00","dateModified":"2018-03-23T16:17:07+00:00","author":{"@id":"https:\/\/www.naturparkmagazin.de\/stechlin\/#\/schema\/person\/3f0d93203df21c806dd63c76d9bb28bc"},"breadcrumb":{"@id":"https:\/\/www.naturparkmagazin.de\/stechlin\/maz-fruehlingswanderung-platzhalter\/#breadcrumb"},"inLanguage":"de","potentialAction":[{"@type":"ReadAction","target":["https:\/\/www.naturparkmagazin.de\/stechlin\/maz-fruehlingswanderung-platzhalter\/"]}]},{"@type":"BreadcrumbList","@id":"https:\/\/www.naturparkmagazin.de\/stechlin\/maz-fruehlingswanderung-platzhalter\/#breadcrumb","itemListElement":[{"@type":"ListItem","position":1,"name":"Home","item":"https:\/\/www.naturparkmagazin.de\/stechlin\/"},{"@type":"ListItem","position":2,"name":"MAZ-Fr\u00fchlingswanderung bei bestem Winterwetter"}]},{"@type":"WebSite","@id":"https:\/\/www.naturparkmagazin.de\/stechlin\/#website","url":"https:\/\/www.naturparkmagazin.de\/stechlin\/","name":"Naturpark Stechlin-Ruppiner Land","description":"","potentialAction":[{"@type":"SearchAction","target":{"@type":"EntryPoint","urlTemplate":"https:\/\/www.naturparkmagazin.de\/stechlin\/?s={search_term_string}"},"query-input":"required name=search_term_string"}],"inLanguage":"de"},{"@type":"Person","@id":"https:\/\/www.naturparkmagazin.de\/stechlin\/#\/schema\/person\/3f0d93203df21c806dd63c76d9bb28bc","name":"marioschrumpf","url":"https:\/\/www.naturparkmagazin.de\/stechlin\/author\/marioschrumpf\/"}]}},"_links":{"self":[{"href":"https:\/\/www.naturparkmagazin.de\/stechlin\/wp-json\/wp\/v2\/posts\/6827"}],"collection":[{"href":"https:\/\/www.naturparkmagazin.de\/stechlin\/wp-json\/wp\/v2\/posts"}],"about":[{"href":"https:\/\/www.naturparkmagazin.de\/stechlin\/wp-json\/wp\/v2\/types\/post"}],"author":[{"embeddable":true,"href":"https:\/\/www.naturparkmagazin.de\/stechlin\/wp-json\/wp\/v2\/users\/39"}],"replies":[{"embeddable":true,"href":"https:\/\/www.naturparkmagazin.de\/stechlin\/wp-json\/wp\/v2\/comments?post=6827"}],"version-history":[{"count":3,"href":"https:\/\/www.naturparkmagazin.de\/stechlin\/wp-json\/wp\/v2\/posts\/6827\/revisions"}],"predecessor-version":[{"id":6862,"href":"https:\/\/www.naturparkmagazin.de\/stechlin\/wp-json\/wp\/v2\/posts\/6827\/revisions\/6862"}],"wp:featuredmedia":[{"embeddable":true,"href":"https:\/\/www.naturparkmagazin.de\/stechlin\/wp-json\/wp\/v2\/media\/6846"}],"wp:attachment":[{"href":"https:\/\/www.naturparkmagazin.de\/stechlin\/wp-json\/wp\/v2\/media?parent=6827"}],"wp:term":[{"taxonomy":"category","embeddable":true,"href":"https:\/\/www.naturparkmagazin.de\/stechlin\/wp-json\/wp\/v2\/categories?post=6827"},{"taxonomy":"post_tag","embeddable":true,"href":"https:\/\/www.naturparkmagazin.de\/stechlin\/wp-json\/wp\/v2\/tags?post=6827"}],"curies":[{"name":"wp","href":"https:\/\/api.w.org\/{rel}","templated":true}]}}