{"id":686,"date":"2014-02-18T11:49:30","date_gmt":"2014-02-18T09:49:30","guid":{"rendered":"http:\/\/www.naturparkmagazin.de\/stechlin\/?p=686"},"modified":"2014-02-21T10:10:14","modified_gmt":"2014-02-21T09:10:14","slug":"eroeffnung-der-fotoausstellung-schmetterlingsparadies-gruenhaus","status":"publish","type":"post","link":"https:\/\/www.naturparkmagazin.de\/stechlin\/eroeffnung-der-fotoausstellung-schmetterlingsparadies-gruenhaus\/","title":{"rendered":"Er\u00f6ffnung der Fotoausstellung &#8222;Schmetterlingsparadies Gr\u00fcnhaus&#8220;"},"content":{"rendered":"<p><strong><\/strong><a href=\"https:\/\/www.naturparkmagazin.de\/stechlin\/wp-content\/uploads\/sites\/38\/k-Schmetterling_Donner.jpg\"><img decoding=\"async\" loading=\"lazy\" class=\"alignnone size-full wp-image-687\" alt=\"\" src=\"https:\/\/www.naturparkmagazin.de\/stechlin\/wp-content\/uploads\/sites\/38\/k-Schmetterling_Donner.jpg\" width=\"320\" height=\"240\" srcset=\"https:\/\/www.naturparkmagazin.de\/stechlin\/wp-content\/uploads\/sites\/38\/k-Schmetterling_Donner.jpg 320w, https:\/\/www.naturparkmagazin.de\/stechlin\/wp-content\/uploads\/sites\/38\/k-Schmetterling_Donner-300x225.jpg 300w, https:\/\/www.naturparkmagazin.de\/stechlin\/wp-content\/uploads\/sites\/38\/k-Schmetterling_Donner-180x135.jpg 180w, https:\/\/www.naturparkmagazin.de\/stechlin\/wp-content\/uploads\/sites\/38\/k-Schmetterling_Donner-95x71.jpg 95w, https:\/\/www.naturparkmagazin.de\/stechlin\/wp-content\/uploads\/sites\/38\/k-Schmetterling_Donner-200x150.jpg 200w\" sizes=\"(max-width: 320px) 100vw, 320px\" \/><\/a><\/p>\n<p>Dirk Donner er\u00f6ffnet am Freitag, den <strong>7. M\u00e4rz, 18 Uhr<\/strong> seine Ausstellung &#8222;Schmetterlingsparadies Gr\u00fcnhaus&#8220; in der <strong>Regionalwerkstatt Stechlin in Menz<\/strong>. Der Hobbyfotograf war \u00fcber Jahre im Naturschutzgebiet Gr\u00fcnhaus im Naturpark Niederlausitzer Heidelandschaft auf Fotopirsch. Insbesondere die Schmetterlinge haben es ihm angetan. Die Fotoausstellung gibt einen faszinierenden Einblick in die Welt der farbenfrohen Spezies. Die Ausstellung ist t\u00e4glich von 10-16 Uhr ge\u00f6ffnet und wird bis zum 15. Mai zu sehen sein. Der Eintritt ist frei! Bitte im benachbarten NaturParkHaus Stechlin melden!<\/p>\n","protected":false},"excerpt":{"rendered":"<p>Dirk Donner er\u00f6ffnet am Freitag, den 7. M\u00e4rz, 18 Uhr seine Ausstellung &#8222;Schmetterlingsparadies Gr\u00fcnhaus&#8220; in der Regionalwerkstatt Stechlin in Menz.<\/p>\n","protected":false},"author":39,"featured_media":687,"comment_status":"open","ping_status":"open","sticky":false,"template":"","format":"standard","meta":[],"categories":[11],"tags":[],"yoast_head":"<!-- This site is optimized with the Yoast SEO plugin v19.10 - https:\/\/yoast.com\/wordpress\/plugins\/seo\/ -->\n<title>Er\u00f6ffnung der Fotoausstellung &quot;Schmetterlingsparadies Gr\u00fcnhaus&quot; - Naturpark Stechlin-Ruppiner Land<\/title>\n<meta name=\"robots\" content=\"index, follow, max-snippet:-1, max-image-preview:large, max-video-preview:-1\" \/>\n<link rel=\"canonical\" href=\"https:\/\/www.naturparkmagazin.de\/stechlin\/eroeffnung-der-fotoausstellung-schmetterlingsparadies-gruenhaus\/\" \/>\n<meta property=\"og:locale\" content=\"de_DE\" \/>\n<meta property=\"og:type\" content=\"article\" \/>\n<meta property=\"og:title\" content=\"Er\u00f6ffnung der Fotoausstellung &quot;Schmetterlingsparadies Gr\u00fcnhaus&quot; - Naturpark Stechlin-Ruppiner Land\" \/>\n<meta property=\"og:description\" content=\"Dirk Donner er\u00f6ffnet am Freitag, den 7. M\u00e4rz, 18 Uhr seine Ausstellung &quot;Schmetterlingsparadies Gr\u00fcnhaus&quot; in der Regionalwerkstatt Stechlin in Menz.\" \/>\n<meta property=\"og:url\" content=\"https:\/\/www.naturparkmagazin.de\/stechlin\/eroeffnung-der-fotoausstellung-schmetterlingsparadies-gruenhaus\/\" \/>\n<meta property=\"og:site_name\" content=\"Naturpark Stechlin-Ruppiner Land\" \/>\n<meta property=\"article:published_time\" content=\"2014-02-18T09:49:30+00:00\" \/>\n<meta property=\"article:modified_time\" content=\"2014-02-21T09:10:14+00:00\" \/>\n<meta property=\"og:image\" content=\"https:\/\/www.naturparkmagazin.de\/stechlin\/wp-content\/uploads\/sites\/38\/k-Schmetterling_Donner.jpg\" \/>\n\t<meta property=\"og:image:width\" content=\"320\" \/>\n\t<meta property=\"og:image:height\" content=\"240\" \/>\n\t<meta property=\"og:image:type\" content=\"image\/jpeg\" \/>\n<meta name=\"author\" content=\"marioschrumpf\" \/>\n<meta name=\"twitter:label1\" content=\"Verfasst von\" \/>\n\t<meta name=\"twitter:data1\" content=\"marioschrumpf\" \/>\n<script type=\"application\/ld+json\" class=\"yoast-schema-graph\">{\"@context\":\"https:\/\/schema.org\",\"@graph\":[{\"@type\":\"WebPage\",\"@id\":\"https:\/\/www.naturparkmagazin.de\/stechlin\/eroeffnung-der-fotoausstellung-schmetterlingsparadies-gruenhaus\/\",\"url\":\"https:\/\/www.naturparkmagazin.de\/stechlin\/eroeffnung-der-fotoausstellung-schmetterlingsparadies-gruenhaus\/\",\"name\":\"Er\u00f6ffnung der Fotoausstellung \\\"Schmetterlingsparadies Gr\u00fcnhaus\\\" - Naturpark Stechlin-Ruppiner Land\",\"isPartOf\":{\"@id\":\"https:\/\/www.naturparkmagazin.de\/stechlin\/#website\"},\"datePublished\":\"2014-02-18T09:49:30+00:00\",\"dateModified\":\"2014-02-21T09:10:14+00:00\",\"author\":{\"@id\":\"https:\/\/www.naturparkmagazin.de\/stechlin\/#\/schema\/person\/3f0d93203df21c806dd63c76d9bb28bc\"},\"breadcrumb\":{\"@id\":\"https:\/\/www.naturparkmagazin.de\/stechlin\/eroeffnung-der-fotoausstellung-schmetterlingsparadies-gruenhaus\/#breadcrumb\"},\"inLanguage\":\"de\",\"potentialAction\":[{\"@type\":\"ReadAction\",\"target\":[\"https:\/\/www.naturparkmagazin.de\/stechlin\/eroeffnung-der-fotoausstellung-schmetterlingsparadies-gruenhaus\/\"]}]},{\"@type\":\"BreadcrumbList\",\"@id\":\"https:\/\/www.naturparkmagazin.de\/stechlin\/eroeffnung-der-fotoausstellung-schmetterlingsparadies-gruenhaus\/#breadcrumb\",\"itemListElement\":[{\"@type\":\"ListItem\",\"position\":1,\"name\":\"Home\",\"item\":\"https:\/\/www.naturparkmagazin.de\/stechlin\/\"},{\"@type\":\"ListItem\",\"position\":2,\"name\":\"Er\u00f6ffnung der Fotoausstellung &#8222;Schmetterlingsparadies Gr\u00fcnhaus&#8220;\"}]},{\"@type\":\"WebSite\",\"@id\":\"https:\/\/www.naturparkmagazin.de\/stechlin\/#website\",\"url\":\"https:\/\/www.naturparkmagazin.de\/stechlin\/\",\"name\":\"Naturpark Stechlin-Ruppiner Land\",\"description\":\"\",\"potentialAction\":[{\"@type\":\"SearchAction\",\"target\":{\"@type\":\"EntryPoint\",\"urlTemplate\":\"https:\/\/www.naturparkmagazin.de\/stechlin\/?s={search_term_string}\"},\"query-input\":\"required name=search_term_string\"}],\"inLanguage\":\"de\"},{\"@type\":\"Person\",\"@id\":\"https:\/\/www.naturparkmagazin.de\/stechlin\/#\/schema\/person\/3f0d93203df21c806dd63c76d9bb28bc\",\"name\":\"marioschrumpf\",\"url\":\"https:\/\/www.naturparkmagazin.de\/stechlin\/author\/marioschrumpf\/\"}]}<\/script>\n<!-- \/ Yoast SEO plugin. -->","yoast_head_json":{"title":"Er\u00f6ffnung der Fotoausstellung \"Schmetterlingsparadies Gr\u00fcnhaus\" - Naturpark Stechlin-Ruppiner Land","robots":{"index":"index","follow":"follow","max-snippet":"max-snippet:-1","max-image-preview":"max-image-preview:large","max-video-preview":"max-video-preview:-1"},"canonical":"https:\/\/www.naturparkmagazin.de\/stechlin\/eroeffnung-der-fotoausstellung-schmetterlingsparadies-gruenhaus\/","og_locale":"de_DE","og_type":"article","og_title":"Er\u00f6ffnung der Fotoausstellung \"Schmetterlingsparadies Gr\u00fcnhaus\" - Naturpark Stechlin-Ruppiner Land","og_description":"Dirk Donner er\u00f6ffnet am Freitag, den 7. M\u00e4rz, 18 Uhr seine Ausstellung \"Schmetterlingsparadies Gr\u00fcnhaus\" in der Regionalwerkstatt Stechlin in Menz.","og_url":"https:\/\/www.naturparkmagazin.de\/stechlin\/eroeffnung-der-fotoausstellung-schmetterlingsparadies-gruenhaus\/","og_site_name":"Naturpark Stechlin-Ruppiner Land","article_published_time":"2014-02-18T09:49:30+00:00","article_modified_time":"2014-02-21T09:10:14+00:00","og_image":[{"width":320,"height":240,"url":"https:\/\/www.naturparkmagazin.de\/stechlin\/wp-content\/uploads\/sites\/38\/k-Schmetterling_Donner.jpg","type":"image\/jpeg"}],"author":"marioschrumpf","twitter_misc":{"Verfasst von":"marioschrumpf"},"schema":{"@context":"https:\/\/schema.org","@graph":[{"@type":"WebPage","@id":"https:\/\/www.naturparkmagazin.de\/stechlin\/eroeffnung-der-fotoausstellung-schmetterlingsparadies-gruenhaus\/","url":"https:\/\/www.naturparkmagazin.de\/stechlin\/eroeffnung-der-fotoausstellung-schmetterlingsparadies-gruenhaus\/","name":"Er\u00f6ffnung der Fotoausstellung \"Schmetterlingsparadies Gr\u00fcnhaus\" - Naturpark Stechlin-Ruppiner Land","isPartOf":{"@id":"https:\/\/www.naturparkmagazin.de\/stechlin\/#website"},"datePublished":"2014-02-18T09:49:30+00:00","dateModified":"2014-02-21T09:10:14+00:00","author":{"@id":"https:\/\/www.naturparkmagazin.de\/stechlin\/#\/schema\/person\/3f0d93203df21c806dd63c76d9bb28bc"},"breadcrumb":{"@id":"https:\/\/www.naturparkmagazin.de\/stechlin\/eroeffnung-der-fotoausstellung-schmetterlingsparadies-gruenhaus\/#breadcrumb"},"inLanguage":"de","potentialAction":[{"@type":"ReadAction","target":["https:\/\/www.naturparkmagazin.de\/stechlin\/eroeffnung-der-fotoausstellung-schmetterlingsparadies-gruenhaus\/"]}]},{"@type":"BreadcrumbList","@id":"https:\/\/www.naturparkmagazin.de\/stechlin\/eroeffnung-der-fotoausstellung-schmetterlingsparadies-gruenhaus\/#breadcrumb","itemListElement":[{"@type":"ListItem","position":1,"name":"Home","item":"https:\/\/www.naturparkmagazin.de\/stechlin\/"},{"@type":"ListItem","position":2,"name":"Er\u00f6ffnung der Fotoausstellung &#8222;Schmetterlingsparadies Gr\u00fcnhaus&#8220;"}]},{"@type":"WebSite","@id":"https:\/\/www.naturparkmagazin.de\/stechlin\/#website","url":"https:\/\/www.naturparkmagazin.de\/stechlin\/","name":"Naturpark Stechlin-Ruppiner Land","description":"","potentialAction":[{"@type":"SearchAction","target":{"@type":"EntryPoint","urlTemplate":"https:\/\/www.naturparkmagazin.de\/stechlin\/?s={search_term_string}"},"query-input":"required name=search_term_string"}],"inLanguage":"de"},{"@type":"Person","@id":"https:\/\/www.naturparkmagazin.de\/stechlin\/#\/schema\/person\/3f0d93203df21c806dd63c76d9bb28bc","name":"marioschrumpf","url":"https:\/\/www.naturparkmagazin.de\/stechlin\/author\/marioschrumpf\/"}]}},"_links":{"self":[{"href":"https:\/\/www.naturparkmagazin.de\/stechlin\/wp-json\/wp\/v2\/posts\/686"}],"collection":[{"href":"https:\/\/www.naturparkmagazin.de\/stechlin\/wp-json\/wp\/v2\/posts"}],"about":[{"href":"https:\/\/www.naturparkmagazin.de\/stechlin\/wp-json\/wp\/v2\/types\/post"}],"author":[{"embeddable":true,"href":"https:\/\/www.naturparkmagazin.de\/stechlin\/wp-json\/wp\/v2\/users\/39"}],"replies":[{"embeddable":true,"href":"https:\/\/www.naturparkmagazin.de\/stechlin\/wp-json\/wp\/v2\/comments?post=686"}],"version-history":[{"count":4,"href":"https:\/\/www.naturparkmagazin.de\/stechlin\/wp-json\/wp\/v2\/posts\/686\/revisions"}],"predecessor-version":[{"id":755,"href":"https:\/\/www.naturparkmagazin.de\/stechlin\/wp-json\/wp\/v2\/posts\/686\/revisions\/755"}],"wp:featuredmedia":[{"embeddable":true,"href":"https:\/\/www.naturparkmagazin.de\/stechlin\/wp-json\/wp\/v2\/media\/687"}],"wp:attachment":[{"href":"https:\/\/www.naturparkmagazin.de\/stechlin\/wp-json\/wp\/v2\/media?parent=686"}],"wp:term":[{"taxonomy":"category","embeddable":true,"href":"https:\/\/www.naturparkmagazin.de\/stechlin\/wp-json\/wp\/v2\/categories?post=686"},{"taxonomy":"post_tag","embeddable":true,"href":"https:\/\/www.naturparkmagazin.de\/stechlin\/wp-json\/wp\/v2\/tags?post=686"}],"curies":[{"name":"wp","href":"https:\/\/api.w.org\/{rel}","templated":true}]}}