{"id":6910,"date":"2018-04-14T11:16:11","date_gmt":"2018-04-14T09:16:11","guid":{"rendered":"http:\/\/www.naturparkmagazin.de\/stechlin\/?p=6910"},"modified":"2018-04-24T14:27:02","modified_gmt":"2018-04-24T12:27:02","slug":"erfolgreiche-saisoneroeffnung-in-der-kyritz-ruppiner-heide","status":"publish","type":"post","link":"https:\/\/www.naturparkmagazin.de\/stechlin\/erfolgreiche-saisoneroeffnung-in-der-kyritz-ruppiner-heide\/","title":{"rendered":"Erfolgreiche Saisoner\u00f6ffnung in der Kyritz-Ruppiner Heide"},"content":{"rendered":"<div id=\"attachment_6911\" style=\"width: 310px\" class=\"wp-caption aligncenter\"><a href=\"https:\/\/www.naturparkmagazin.de\/stechlin\/wp-content\/uploads\/sites\/38\/Anwandern-2018_013.jpg\"><img aria-describedby=\"caption-attachment-6911\" decoding=\"async\" loading=\"lazy\" class=\"size-thumbnail wp-image-6911\" src=\"https:\/\/www.naturparkmagazin.de\/stechlin\/wp-content\/uploads\/sites\/38\/Anwandern-2018_013-300x180.jpg\" alt=\"Natur- und Landschaftsf\u00fchrer Andreas Kienast f\u00fchrte die Schnupperwanderung\" width=\"300\" height=\"180\" srcset=\"https:\/\/www.naturparkmagazin.de\/stechlin\/wp-content\/uploads\/sites\/38\/Anwandern-2018_013-300x180.jpg 300w, https:\/\/www.naturparkmagazin.de\/stechlin\/wp-content\/uploads\/sites\/38\/Anwandern-2018_013.jpg 500w, https:\/\/www.naturparkmagazin.de\/stechlin\/wp-content\/uploads\/sites\/38\/Anwandern-2018_013-200x120.jpg 200w\" sizes=\"(max-width: 300px) 100vw, 300px\" \/><\/a><p id=\"caption-attachment-6911\" class=\"wp-caption-text\">Natur- und Landschaftsf\u00fchrer Andreas Kienast f\u00fchrte die Schnupperwanderung<\/p><\/div>\n<p>Ca. 120 Wanderer folgten am 20. April der Einladung der Kommunalen Arbeitsgemeinschaft zum Anwandern in die Kyritz-Ruppiner Heide.<\/p>\n<div id=\"attachment_6945\" style=\"width: 310px\" class=\"wp-caption aligncenter\"><a href=\"https:\/\/www.naturparkmagazin.de\/stechlin\/wp-content\/uploads\/sites\/38\/Anwandern-2018-KRH_001.jpg\"><img aria-describedby=\"caption-attachment-6945\" decoding=\"async\" loading=\"lazy\" class=\"size-thumbnail wp-image-6945\" src=\"https:\/\/www.naturparkmagazin.de\/stechlin\/wp-content\/uploads\/sites\/38\/Anwandern-2018-KRH_001-300x180.jpg\" alt=\"Das sommerliche Wetter lockte mehr als 120 Wanderer zum Anwandern.\" width=\"300\" height=\"180\" srcset=\"https:\/\/www.naturparkmagazin.de\/stechlin\/wp-content\/uploads\/sites\/38\/Anwandern-2018-KRH_001-300x180.jpg 300w, https:\/\/www.naturparkmagazin.de\/stechlin\/wp-content\/uploads\/sites\/38\/Anwandern-2018-KRH_001.jpg 500w, https:\/\/www.naturparkmagazin.de\/stechlin\/wp-content\/uploads\/sites\/38\/Anwandern-2018-KRH_001-200x120.jpg 200w\" sizes=\"(max-width: 300px) 100vw, 300px\" \/><\/a><p id=\"caption-attachment-6945\" class=\"wp-caption-text\">Das sommerliche Wetter lockte mehr als 120 Wanderer zum Anwandern.<\/p><\/div>\n<div id=\"attachment_6913\" style=\"width: 310px\" class=\"wp-caption aligncenter\"><a href=\"https:\/\/www.naturparkmagazin.de\/stechlin\/wp-content\/uploads\/sites\/38\/Anwandern-2018_006.jpg\"><img aria-describedby=\"caption-attachment-6913\" decoding=\"async\" loading=\"lazy\" class=\"size-thumbnail wp-image-6913\" src=\"https:\/\/www.naturparkmagazin.de\/stechlin\/wp-content\/uploads\/sites\/38\/Anwandern-2018_006-300x180.jpg\" alt=\"Landrat Ralf Reinhardt begr\u00fc\u00dfte die Wanderer auf dem Sielmann-H\u00fcgel\" width=\"300\" height=\"180\" srcset=\"https:\/\/www.naturparkmagazin.de\/stechlin\/wp-content\/uploads\/sites\/38\/Anwandern-2018_006-300x180.jpg 300w, https:\/\/www.naturparkmagazin.de\/stechlin\/wp-content\/uploads\/sites\/38\/Anwandern-2018_006.jpg 500w, https:\/\/www.naturparkmagazin.de\/stechlin\/wp-content\/uploads\/sites\/38\/Anwandern-2018_006-200x120.jpg 200w\" sizes=\"(max-width: 300px) 100vw, 300px\" \/><\/a><p id=\"caption-attachment-6913\" class=\"wp-caption-text\">Landrat Ralf Reinhardt begr\u00fc\u00dfte die Wanderer auf dem Sielmann-H\u00fcgel<\/p><\/div>\n<p>Bei sommerlichem Wetter wanderten die Teilnehmer vom Parkplatz Pfalzheim bis zum Sielmann-H\u00fcgel. Dort begr\u00fc\u00dften Landrat Ralf Reinhardt und Dr. Matthias Wichmann von der Sielmann-Stiftung die Wanderer. Die R\u00e4geliner Landfrauen, die Fontane-Therme Neuruppin, die Rheinsberger Preussenquelle sowie weitere Anbieter versorgten die G\u00e4ste mit einem Imbiss und Getr\u00e4nken sowie Informationen rund um die Heide.<\/p>\n<p>Ein herzliches Dankesch\u00f6n im Namen aller Teilnehmer an das Organisationsteam der Regionalen Entwicklungsgesellschaft in Neuruppin!<\/p>\n<div id=\"attachment_6912\" style=\"width: 190px\" class=\"wp-caption aligncenter\"><a href=\"https:\/\/www.naturparkmagazin.de\/stechlin\/wp-content\/uploads\/sites\/38\/Anwandern_002.jpg\"><img aria-describedby=\"caption-attachment-6912\" decoding=\"async\" loading=\"lazy\" class=\"size-full wp-image-6912\" src=\"https:\/\/www.naturparkmagazin.de\/stechlin\/wp-content\/uploads\/sites\/38\/Anwandern_002.jpg\" alt=\"Der Heidewanderweg ist Dank einer Initiative des Amtes Temnitz seit kurzem gut ausgeschildert.\" width=\"180\" height=\"250\" \/><\/a><p id=\"caption-attachment-6912\" class=\"wp-caption-text\">Der Heidewanderweg ist Dank einer Initiative des Amtes Temnitz seit kurzem gut ausgeschildert.<\/p><\/div>\n","protected":false},"excerpt":{"rendered":"<p>Ca. 120 Wanderer folgten am 20. April der Einladung der Kommunalen Arbeitsgemeinschaft zum Anwandern.<\/p>\n","protected":false},"author":39,"featured_media":6914,"comment_status":"open","ping_status":"open","sticky":false,"template":"","format":"standard","meta":[],"categories":[7],"tags":[],"yoast_head":"<!-- This site is optimized with the Yoast SEO plugin v19.10 - https:\/\/yoast.com\/wordpress\/plugins\/seo\/ -->\n<title>Erfolgreiche Saisoner\u00f6ffnung in der Kyritz-Ruppiner Heide - Naturpark Stechlin-Ruppiner Land<\/title>\n<meta name=\"robots\" content=\"index, follow, max-snippet:-1, max-image-preview:large, max-video-preview:-1\" \/>\n<link rel=\"canonical\" href=\"https:\/\/www.naturparkmagazin.de\/stechlin\/erfolgreiche-saisoneroeffnung-in-der-kyritz-ruppiner-heide\/\" \/>\n<meta property=\"og:locale\" content=\"de_DE\" \/>\n<meta property=\"og:type\" content=\"article\" \/>\n<meta property=\"og:title\" content=\"Erfolgreiche Saisoner\u00f6ffnung in der Kyritz-Ruppiner Heide - Naturpark Stechlin-Ruppiner Land\" \/>\n<meta property=\"og:description\" content=\"Ca. 120 Wanderer folgten am 20. April der Einladung der Kommunalen Arbeitsgemeinschaft zum Anwandern.\" \/>\n<meta property=\"og:url\" content=\"https:\/\/www.naturparkmagazin.de\/stechlin\/erfolgreiche-saisoneroeffnung-in-der-kyritz-ruppiner-heide\/\" \/>\n<meta property=\"og:site_name\" content=\"Naturpark Stechlin-Ruppiner Land\" \/>\n<meta property=\"article:published_time\" content=\"2018-04-14T09:16:11+00:00\" \/>\n<meta property=\"article:modified_time\" content=\"2018-04-24T12:27:02+00:00\" \/>\n<meta property=\"og:image\" content=\"https:\/\/www.naturparkmagazin.de\/stechlin\/wp-content\/uploads\/sites\/38\/Anwandern-2018_001.jpg\" \/>\n\t<meta property=\"og:image:width\" content=\"200\" \/>\n\t<meta property=\"og:image:height\" content=\"200\" \/>\n\t<meta property=\"og:image:type\" content=\"image\/jpeg\" \/>\n<meta name=\"author\" content=\"marioschrumpf\" \/>\n<meta name=\"twitter:label1\" content=\"Verfasst von\" \/>\n\t<meta name=\"twitter:data1\" content=\"marioschrumpf\" \/>\n\t<meta name=\"twitter:label2\" content=\"Gesch\u00e4tzte Lesezeit\" \/>\n\t<meta name=\"twitter:data2\" content=\"1\u00a0Minute\" \/>\n<script type=\"application\/ld+json\" class=\"yoast-schema-graph\">{\"@context\":\"https:\/\/schema.org\",\"@graph\":[{\"@type\":\"WebPage\",\"@id\":\"https:\/\/www.naturparkmagazin.de\/stechlin\/erfolgreiche-saisoneroeffnung-in-der-kyritz-ruppiner-heide\/\",\"url\":\"https:\/\/www.naturparkmagazin.de\/stechlin\/erfolgreiche-saisoneroeffnung-in-der-kyritz-ruppiner-heide\/\",\"name\":\"Erfolgreiche Saisoner\u00f6ffnung in der Kyritz-Ruppiner Heide - Naturpark Stechlin-Ruppiner Land\",\"isPartOf\":{\"@id\":\"https:\/\/www.naturparkmagazin.de\/stechlin\/#website\"},\"datePublished\":\"2018-04-14T09:16:11+00:00\",\"dateModified\":\"2018-04-24T12:27:02+00:00\",\"author\":{\"@id\":\"https:\/\/www.naturparkmagazin.de\/stechlin\/#\/schema\/person\/3f0d93203df21c806dd63c76d9bb28bc\"},\"breadcrumb\":{\"@id\":\"https:\/\/www.naturparkmagazin.de\/stechlin\/erfolgreiche-saisoneroeffnung-in-der-kyritz-ruppiner-heide\/#breadcrumb\"},\"inLanguage\":\"de\",\"potentialAction\":[{\"@type\":\"ReadAction\",\"target\":[\"https:\/\/www.naturparkmagazin.de\/stechlin\/erfolgreiche-saisoneroeffnung-in-der-kyritz-ruppiner-heide\/\"]}]},{\"@type\":\"BreadcrumbList\",\"@id\":\"https:\/\/www.naturparkmagazin.de\/stechlin\/erfolgreiche-saisoneroeffnung-in-der-kyritz-ruppiner-heide\/#breadcrumb\",\"itemListElement\":[{\"@type\":\"ListItem\",\"position\":1,\"name\":\"Home\",\"item\":\"https:\/\/www.naturparkmagazin.de\/stechlin\/\"},{\"@type\":\"ListItem\",\"position\":2,\"name\":\"Erfolgreiche Saisoner\u00f6ffnung in der Kyritz-Ruppiner Heide\"}]},{\"@type\":\"WebSite\",\"@id\":\"https:\/\/www.naturparkmagazin.de\/stechlin\/#website\",\"url\":\"https:\/\/www.naturparkmagazin.de\/stechlin\/\",\"name\":\"Naturpark Stechlin-Ruppiner Land\",\"description\":\"\",\"potentialAction\":[{\"@type\":\"SearchAction\",\"target\":{\"@type\":\"EntryPoint\",\"urlTemplate\":\"https:\/\/www.naturparkmagazin.de\/stechlin\/?s={search_term_string}\"},\"query-input\":\"required name=search_term_string\"}],\"inLanguage\":\"de\"},{\"@type\":\"Person\",\"@id\":\"https:\/\/www.naturparkmagazin.de\/stechlin\/#\/schema\/person\/3f0d93203df21c806dd63c76d9bb28bc\",\"name\":\"marioschrumpf\",\"url\":\"https:\/\/www.naturparkmagazin.de\/stechlin\/author\/marioschrumpf\/\"}]}<\/script>\n<!-- \/ Yoast SEO plugin. -->","yoast_head_json":{"title":"Erfolgreiche Saisoner\u00f6ffnung in der Kyritz-Ruppiner Heide - Naturpark Stechlin-Ruppiner Land","robots":{"index":"index","follow":"follow","max-snippet":"max-snippet:-1","max-image-preview":"max-image-preview:large","max-video-preview":"max-video-preview:-1"},"canonical":"https:\/\/www.naturparkmagazin.de\/stechlin\/erfolgreiche-saisoneroeffnung-in-der-kyritz-ruppiner-heide\/","og_locale":"de_DE","og_type":"article","og_title":"Erfolgreiche Saisoner\u00f6ffnung in der Kyritz-Ruppiner Heide - Naturpark Stechlin-Ruppiner Land","og_description":"Ca. 120 Wanderer folgten am 20. April der Einladung der Kommunalen Arbeitsgemeinschaft zum Anwandern.","og_url":"https:\/\/www.naturparkmagazin.de\/stechlin\/erfolgreiche-saisoneroeffnung-in-der-kyritz-ruppiner-heide\/","og_site_name":"Naturpark Stechlin-Ruppiner Land","article_published_time":"2018-04-14T09:16:11+00:00","article_modified_time":"2018-04-24T12:27:02+00:00","og_image":[{"width":200,"height":200,"url":"https:\/\/www.naturparkmagazin.de\/stechlin\/wp-content\/uploads\/sites\/38\/Anwandern-2018_001.jpg","type":"image\/jpeg"}],"author":"marioschrumpf","twitter_misc":{"Verfasst von":"marioschrumpf","Gesch\u00e4tzte Lesezeit":"1\u00a0Minute"},"schema":{"@context":"https:\/\/schema.org","@graph":[{"@type":"WebPage","@id":"https:\/\/www.naturparkmagazin.de\/stechlin\/erfolgreiche-saisoneroeffnung-in-der-kyritz-ruppiner-heide\/","url":"https:\/\/www.naturparkmagazin.de\/stechlin\/erfolgreiche-saisoneroeffnung-in-der-kyritz-ruppiner-heide\/","name":"Erfolgreiche Saisoner\u00f6ffnung in der Kyritz-Ruppiner Heide - Naturpark Stechlin-Ruppiner Land","isPartOf":{"@id":"https:\/\/www.naturparkmagazin.de\/stechlin\/#website"},"datePublished":"2018-04-14T09:16:11+00:00","dateModified":"2018-04-24T12:27:02+00:00","author":{"@id":"https:\/\/www.naturparkmagazin.de\/stechlin\/#\/schema\/person\/3f0d93203df21c806dd63c76d9bb28bc"},"breadcrumb":{"@id":"https:\/\/www.naturparkmagazin.de\/stechlin\/erfolgreiche-saisoneroeffnung-in-der-kyritz-ruppiner-heide\/#breadcrumb"},"inLanguage":"de","potentialAction":[{"@type":"ReadAction","target":["https:\/\/www.naturparkmagazin.de\/stechlin\/erfolgreiche-saisoneroeffnung-in-der-kyritz-ruppiner-heide\/"]}]},{"@type":"BreadcrumbList","@id":"https:\/\/www.naturparkmagazin.de\/stechlin\/erfolgreiche-saisoneroeffnung-in-der-kyritz-ruppiner-heide\/#breadcrumb","itemListElement":[{"@type":"ListItem","position":1,"name":"Home","item":"https:\/\/www.naturparkmagazin.de\/stechlin\/"},{"@type":"ListItem","position":2,"name":"Erfolgreiche Saisoner\u00f6ffnung in der Kyritz-Ruppiner Heide"}]},{"@type":"WebSite","@id":"https:\/\/www.naturparkmagazin.de\/stechlin\/#website","url":"https:\/\/www.naturparkmagazin.de\/stechlin\/","name":"Naturpark Stechlin-Ruppiner Land","description":"","potentialAction":[{"@type":"SearchAction","target":{"@type":"EntryPoint","urlTemplate":"https:\/\/www.naturparkmagazin.de\/stechlin\/?s={search_term_string}"},"query-input":"required name=search_term_string"}],"inLanguage":"de"},{"@type":"Person","@id":"https:\/\/www.naturparkmagazin.de\/stechlin\/#\/schema\/person\/3f0d93203df21c806dd63c76d9bb28bc","name":"marioschrumpf","url":"https:\/\/www.naturparkmagazin.de\/stechlin\/author\/marioschrumpf\/"}]}},"_links":{"self":[{"href":"https:\/\/www.naturparkmagazin.de\/stechlin\/wp-json\/wp\/v2\/posts\/6910"}],"collection":[{"href":"https:\/\/www.naturparkmagazin.de\/stechlin\/wp-json\/wp\/v2\/posts"}],"about":[{"href":"https:\/\/www.naturparkmagazin.de\/stechlin\/wp-json\/wp\/v2\/types\/post"}],"author":[{"embeddable":true,"href":"https:\/\/www.naturparkmagazin.de\/stechlin\/wp-json\/wp\/v2\/users\/39"}],"replies":[{"embeddable":true,"href":"https:\/\/www.naturparkmagazin.de\/stechlin\/wp-json\/wp\/v2\/comments?post=6910"}],"version-history":[{"count":4,"href":"https:\/\/www.naturparkmagazin.de\/stechlin\/wp-json\/wp\/v2\/posts\/6910\/revisions"}],"predecessor-version":[{"id":6947,"href":"https:\/\/www.naturparkmagazin.de\/stechlin\/wp-json\/wp\/v2\/posts\/6910\/revisions\/6947"}],"wp:featuredmedia":[{"embeddable":true,"href":"https:\/\/www.naturparkmagazin.de\/stechlin\/wp-json\/wp\/v2\/media\/6914"}],"wp:attachment":[{"href":"https:\/\/www.naturparkmagazin.de\/stechlin\/wp-json\/wp\/v2\/media?parent=6910"}],"wp:term":[{"taxonomy":"category","embeddable":true,"href":"https:\/\/www.naturparkmagazin.de\/stechlin\/wp-json\/wp\/v2\/categories?post=6910"},{"taxonomy":"post_tag","embeddable":true,"href":"https:\/\/www.naturparkmagazin.de\/stechlin\/wp-json\/wp\/v2\/tags?post=6910"}],"curies":[{"name":"wp","href":"https:\/\/api.w.org\/{rel}","templated":true}]}}