{"id":6917,"date":"2018-05-16T10:29:41","date_gmt":"2018-05-16T08:29:41","guid":{"rendered":"http:\/\/www.naturparkmagazin.de\/stechlin\/?p=6917"},"modified":"2018-05-24T14:31:44","modified_gmt":"2018-05-24T12:31:44","slug":"auf-zum-bundesweiten-naturparkwandertag-von-gransee-nach-lindow","status":"publish","type":"post","link":"https:\/\/www.naturparkmagazin.de\/stechlin\/auf-zum-bundesweiten-naturparkwandertag-von-gransee-nach-lindow\/","title":{"rendered":"Auf zum Bundesweiten Naturparkwandertag von Gransee nach Herzberg \u00fcber Lindow"},"content":{"rendered":"<p><a href=\"https:\/\/www.naturparkmagazin.de\/stechlin\/wp-content\/uploads\/sites\/38\/Button-2018.jpg\"><img decoding=\"async\" loading=\"lazy\" class=\" size-thumbnail wp-image-7013 aligncenter\" src=\"https:\/\/www.naturparkmagazin.de\/stechlin\/wp-content\/uploads\/sites\/38\/Button-2018-300x300.jpg\" alt=\"NP SRL\/VDN Beatrix Losem\" width=\"300\" height=\"300\" srcset=\"https:\/\/www.naturparkmagazin.de\/stechlin\/wp-content\/uploads\/sites\/38\/Button-2018-300x300.jpg 300w, https:\/\/www.naturparkmagazin.de\/stechlin\/wp-content\/uploads\/sites\/38\/Button-2018-200x200.jpg 200w, https:\/\/www.naturparkmagazin.de\/stechlin\/wp-content\/uploads\/sites\/38\/Button-2018-30x30.jpg 30w, https:\/\/www.naturparkmagazin.de\/stechlin\/wp-content\/uploads\/sites\/38\/Button-2018.jpg 618w\" sizes=\"(max-width: 300px) 100vw, 300px\" \/><\/a><\/p>\n<p>Am 2. Juni l\u00e4dt die Naturparkverwaltung alle Wanderfreunde zum Bundesweiten Naturparkwandertag ein.<\/p>\n<div id=\"attachment_6922\" style=\"width: 310px\" class=\"wp-caption aligncenter\"><a href=\"https:\/\/www.naturparkmagazin.de\/stechlin\/wp-content\/uploads\/sites\/38\/Bundesweiter-Naturparkwandertag_0207.jpg\"><img aria-describedby=\"caption-attachment-6922\" decoding=\"async\" loading=\"lazy\" class=\"size-thumbnail wp-image-6922\" src=\"https:\/\/www.naturparkmagazin.de\/stechlin\/wp-content\/uploads\/sites\/38\/Bundesweiter-Naturparkwandertag_0207-300x180.jpg\" alt=\"Im letzten Jahr wurde die Kyritz-Ruppiner Heide durchwandert.\" width=\"300\" height=\"180\" srcset=\"https:\/\/www.naturparkmagazin.de\/stechlin\/wp-content\/uploads\/sites\/38\/Bundesweiter-Naturparkwandertag_0207-300x180.jpg 300w, https:\/\/www.naturparkmagazin.de\/stechlin\/wp-content\/uploads\/sites\/38\/Bundesweiter-Naturparkwandertag_0207.jpg 500w, https:\/\/www.naturparkmagazin.de\/stechlin\/wp-content\/uploads\/sites\/38\/Bundesweiter-Naturparkwandertag_0207-200x120.jpg 200w\" sizes=\"(max-width: 300px) 100vw, 300px\" \/><\/a><p id=\"caption-attachment-6922\" class=\"wp-caption-text\">Im letzten Jahr wurde die Kyritz-Ruppiner Heide durchwandert.<\/p><\/div>\n<p>In diesem Jahr geht es in den S\u00fcdbereich des Naturparks von Gransee \u00fcber Lindow\/Mark nach Herzberg\/Mark\u00a0in die Baumgartner Heide und zum Lindower Rhin \u00fcber ca.\u00a034 km. Wer will kann bereits nach ca.\u00a022 km\u00a0in\u00a0Lindow\/Mark die Tour beenden. Wanderleiter wird auch in diesem Jahr Dr. Wolfgang Pagel, der Pr\u00e4sident des Berliner Wanderverbandes sein. Die An- und Abreise erfolgt traditionsgem\u00e4\u00df mit \u00f6ffentlichen Verkehrsmitteln.<\/p>\n<p>Start ist am Bahnhof Gransee um 8:35 Uhr (Abfahrt Berlin-Gesundbrunnen 8:11 Uhr). Die R\u00fcckfahrt erfolgt ab Lindow\/Mark um\u00a015:04 Uhr bzw. um 19:34 Uhr ab Herzberg\/Mark.<\/p>\n<div id=\"attachment_6921\" style=\"width: 190px\" class=\"wp-caption aligncenter\"><a href=\"https:\/\/www.naturparkmagazin.de\/stechlin\/wp-content\/uploads\/sites\/38\/Wolfgang-Pagel_0276.jpg\"><img aria-describedby=\"caption-attachment-6921\" decoding=\"async\" loading=\"lazy\" class=\"size-full wp-image-6921\" src=\"https:\/\/www.naturparkmagazin.de\/stechlin\/wp-content\/uploads\/sites\/38\/Wolfgang-Pagel_0276.jpg\" alt=\"Wanderleiter Dr. Wolfgang Pagel, Pr\u00e4sident des Berliner Wanderverbandes\" width=\"180\" height=\"300\" \/><\/a><p id=\"caption-attachment-6921\" class=\"wp-caption-text\">Wanderleiter Dr. Wolfgang Pagel, Pr\u00e4sident des Berliner Wanderverbandes<\/p><\/div>\n<p><strong>Anmeldung:<\/strong> beim Wanderleiter bis 31.05.2018, Tel.: 0172\/9673116<\/p>\n<p><strong>Kosten:<\/strong> 1 \u20ac Gastbeitrag; Kostenbeitrag zum Naturparkpicknick und Spende f\u00fcr Kirchenf\u00fchrung erbeten<\/p>\n<p>Weitere Infos unter: <a href=\"http:\/\/www.naturparkwandertag-stechlin-ruppin.de\">www.naturparkwandertag-stechlin-ruppin.de<\/a><\/p>\n","protected":false},"excerpt":{"rendered":"<p>Am 2. Juni l\u00e4dt die Naturparkverwaltung alle Wanderfreunde zum Bundesweiten Naturparkwandertag in die Baumgartner Heide und zum Lindower Rhin ein.<\/p>\n","protected":false},"author":39,"featured_media":6920,"comment_status":"open","ping_status":"open","sticky":false,"template":"","format":"standard","meta":[],"categories":[11],"tags":[],"yoast_head":"<!-- This site is optimized with the Yoast SEO plugin v19.10 - https:\/\/yoast.com\/wordpress\/plugins\/seo\/ -->\n<title>Auf zum Bundesweiten Naturparkwandertag von Gransee nach Herzberg \u00fcber Lindow - Naturpark Stechlin-Ruppiner Land<\/title>\n<meta name=\"robots\" content=\"index, follow, max-snippet:-1, max-image-preview:large, max-video-preview:-1\" \/>\n<link rel=\"canonical\" href=\"https:\/\/www.naturparkmagazin.de\/stechlin\/auf-zum-bundesweiten-naturparkwandertag-von-gransee-nach-lindow\/\" \/>\n<meta property=\"og:locale\" content=\"de_DE\" \/>\n<meta property=\"og:type\" content=\"article\" \/>\n<meta property=\"og:title\" content=\"Auf zum Bundesweiten Naturparkwandertag von Gransee nach Herzberg \u00fcber Lindow - Naturpark Stechlin-Ruppiner Land\" \/>\n<meta property=\"og:description\" content=\"Am 2. Juni l\u00e4dt die Naturparkverwaltung alle Wanderfreunde zum Bundesweiten Naturparkwandertag in die Baumgartner Heide und zum Lindower Rhin ein.\" \/>\n<meta property=\"og:url\" content=\"https:\/\/www.naturparkmagazin.de\/stechlin\/auf-zum-bundesweiten-naturparkwandertag-von-gransee-nach-lindow\/\" \/>\n<meta property=\"og:site_name\" content=\"Naturpark Stechlin-Ruppiner Land\" \/>\n<meta property=\"article:published_time\" content=\"2018-05-16T08:29:41+00:00\" \/>\n<meta property=\"article:modified_time\" content=\"2018-05-24T12:31:44+00:00\" \/>\n<meta property=\"og:image\" content=\"https:\/\/www.naturparkmagazin.de\/stechlin\/wp-content\/uploads\/sites\/38\/Bundesweiter-Naturparkwandertag_0198.jpg\" \/>\n\t<meta property=\"og:image:width\" content=\"200\" \/>\n\t<meta property=\"og:image:height\" content=\"200\" \/>\n\t<meta property=\"og:image:type\" content=\"image\/jpeg\" \/>\n<meta name=\"author\" content=\"marioschrumpf\" \/>\n<meta name=\"twitter:label1\" content=\"Verfasst von\" \/>\n\t<meta name=\"twitter:data1\" content=\"marioschrumpf\" \/>\n\t<meta name=\"twitter:label2\" content=\"Gesch\u00e4tzte Lesezeit\" \/>\n\t<meta name=\"twitter:data2\" content=\"1\u00a0Minute\" \/>\n<script type=\"application\/ld+json\" class=\"yoast-schema-graph\">{\"@context\":\"https:\/\/schema.org\",\"@graph\":[{\"@type\":\"WebPage\",\"@id\":\"https:\/\/www.naturparkmagazin.de\/stechlin\/auf-zum-bundesweiten-naturparkwandertag-von-gransee-nach-lindow\/\",\"url\":\"https:\/\/www.naturparkmagazin.de\/stechlin\/auf-zum-bundesweiten-naturparkwandertag-von-gransee-nach-lindow\/\",\"name\":\"Auf zum Bundesweiten Naturparkwandertag von Gransee nach Herzberg \u00fcber Lindow - Naturpark Stechlin-Ruppiner Land\",\"isPartOf\":{\"@id\":\"https:\/\/www.naturparkmagazin.de\/stechlin\/#website\"},\"datePublished\":\"2018-05-16T08:29:41+00:00\",\"dateModified\":\"2018-05-24T12:31:44+00:00\",\"author\":{\"@id\":\"https:\/\/www.naturparkmagazin.de\/stechlin\/#\/schema\/person\/3f0d93203df21c806dd63c76d9bb28bc\"},\"breadcrumb\":{\"@id\":\"https:\/\/www.naturparkmagazin.de\/stechlin\/auf-zum-bundesweiten-naturparkwandertag-von-gransee-nach-lindow\/#breadcrumb\"},\"inLanguage\":\"de\",\"potentialAction\":[{\"@type\":\"ReadAction\",\"target\":[\"https:\/\/www.naturparkmagazin.de\/stechlin\/auf-zum-bundesweiten-naturparkwandertag-von-gransee-nach-lindow\/\"]}]},{\"@type\":\"BreadcrumbList\",\"@id\":\"https:\/\/www.naturparkmagazin.de\/stechlin\/auf-zum-bundesweiten-naturparkwandertag-von-gransee-nach-lindow\/#breadcrumb\",\"itemListElement\":[{\"@type\":\"ListItem\",\"position\":1,\"name\":\"Home\",\"item\":\"https:\/\/www.naturparkmagazin.de\/stechlin\/\"},{\"@type\":\"ListItem\",\"position\":2,\"name\":\"Auf zum Bundesweiten Naturparkwandertag von Gransee nach Herzberg \u00fcber Lindow\"}]},{\"@type\":\"WebSite\",\"@id\":\"https:\/\/www.naturparkmagazin.de\/stechlin\/#website\",\"url\":\"https:\/\/www.naturparkmagazin.de\/stechlin\/\",\"name\":\"Naturpark Stechlin-Ruppiner Land\",\"description\":\"\",\"potentialAction\":[{\"@type\":\"SearchAction\",\"target\":{\"@type\":\"EntryPoint\",\"urlTemplate\":\"https:\/\/www.naturparkmagazin.de\/stechlin\/?s={search_term_string}\"},\"query-input\":\"required name=search_term_string\"}],\"inLanguage\":\"de\"},{\"@type\":\"Person\",\"@id\":\"https:\/\/www.naturparkmagazin.de\/stechlin\/#\/schema\/person\/3f0d93203df21c806dd63c76d9bb28bc\",\"name\":\"marioschrumpf\",\"url\":\"https:\/\/www.naturparkmagazin.de\/stechlin\/author\/marioschrumpf\/\"}]}<\/script>\n<!-- \/ Yoast SEO plugin. -->","yoast_head_json":{"title":"Auf zum Bundesweiten Naturparkwandertag von Gransee nach Herzberg \u00fcber Lindow - Naturpark Stechlin-Ruppiner Land","robots":{"index":"index","follow":"follow","max-snippet":"max-snippet:-1","max-image-preview":"max-image-preview:large","max-video-preview":"max-video-preview:-1"},"canonical":"https:\/\/www.naturparkmagazin.de\/stechlin\/auf-zum-bundesweiten-naturparkwandertag-von-gransee-nach-lindow\/","og_locale":"de_DE","og_type":"article","og_title":"Auf zum Bundesweiten Naturparkwandertag von Gransee nach Herzberg \u00fcber Lindow - Naturpark Stechlin-Ruppiner Land","og_description":"Am 2. Juni l\u00e4dt die Naturparkverwaltung alle Wanderfreunde zum Bundesweiten Naturparkwandertag in die Baumgartner Heide und zum Lindower Rhin ein.","og_url":"https:\/\/www.naturparkmagazin.de\/stechlin\/auf-zum-bundesweiten-naturparkwandertag-von-gransee-nach-lindow\/","og_site_name":"Naturpark Stechlin-Ruppiner Land","article_published_time":"2018-05-16T08:29:41+00:00","article_modified_time":"2018-05-24T12:31:44+00:00","og_image":[{"width":200,"height":200,"url":"https:\/\/www.naturparkmagazin.de\/stechlin\/wp-content\/uploads\/sites\/38\/Bundesweiter-Naturparkwandertag_0198.jpg","type":"image\/jpeg"}],"author":"marioschrumpf","twitter_misc":{"Verfasst von":"marioschrumpf","Gesch\u00e4tzte Lesezeit":"1\u00a0Minute"},"schema":{"@context":"https:\/\/schema.org","@graph":[{"@type":"WebPage","@id":"https:\/\/www.naturparkmagazin.de\/stechlin\/auf-zum-bundesweiten-naturparkwandertag-von-gransee-nach-lindow\/","url":"https:\/\/www.naturparkmagazin.de\/stechlin\/auf-zum-bundesweiten-naturparkwandertag-von-gransee-nach-lindow\/","name":"Auf zum Bundesweiten Naturparkwandertag von Gransee nach Herzberg \u00fcber Lindow - Naturpark Stechlin-Ruppiner Land","isPartOf":{"@id":"https:\/\/www.naturparkmagazin.de\/stechlin\/#website"},"datePublished":"2018-05-16T08:29:41+00:00","dateModified":"2018-05-24T12:31:44+00:00","author":{"@id":"https:\/\/www.naturparkmagazin.de\/stechlin\/#\/schema\/person\/3f0d93203df21c806dd63c76d9bb28bc"},"breadcrumb":{"@id":"https:\/\/www.naturparkmagazin.de\/stechlin\/auf-zum-bundesweiten-naturparkwandertag-von-gransee-nach-lindow\/#breadcrumb"},"inLanguage":"de","potentialAction":[{"@type":"ReadAction","target":["https:\/\/www.naturparkmagazin.de\/stechlin\/auf-zum-bundesweiten-naturparkwandertag-von-gransee-nach-lindow\/"]}]},{"@type":"BreadcrumbList","@id":"https:\/\/www.naturparkmagazin.de\/stechlin\/auf-zum-bundesweiten-naturparkwandertag-von-gransee-nach-lindow\/#breadcrumb","itemListElement":[{"@type":"ListItem","position":1,"name":"Home","item":"https:\/\/www.naturparkmagazin.de\/stechlin\/"},{"@type":"ListItem","position":2,"name":"Auf zum Bundesweiten Naturparkwandertag von Gransee nach Herzberg \u00fcber Lindow"}]},{"@type":"WebSite","@id":"https:\/\/www.naturparkmagazin.de\/stechlin\/#website","url":"https:\/\/www.naturparkmagazin.de\/stechlin\/","name":"Naturpark Stechlin-Ruppiner Land","description":"","potentialAction":[{"@type":"SearchAction","target":{"@type":"EntryPoint","urlTemplate":"https:\/\/www.naturparkmagazin.de\/stechlin\/?s={search_term_string}"},"query-input":"required name=search_term_string"}],"inLanguage":"de"},{"@type":"Person","@id":"https:\/\/www.naturparkmagazin.de\/stechlin\/#\/schema\/person\/3f0d93203df21c806dd63c76d9bb28bc","name":"marioschrumpf","url":"https:\/\/www.naturparkmagazin.de\/stechlin\/author\/marioschrumpf\/"}]}},"_links":{"self":[{"href":"https:\/\/www.naturparkmagazin.de\/stechlin\/wp-json\/wp\/v2\/posts\/6917"}],"collection":[{"href":"https:\/\/www.naturparkmagazin.de\/stechlin\/wp-json\/wp\/v2\/posts"}],"about":[{"href":"https:\/\/www.naturparkmagazin.de\/stechlin\/wp-json\/wp\/v2\/types\/post"}],"author":[{"embeddable":true,"href":"https:\/\/www.naturparkmagazin.de\/stechlin\/wp-json\/wp\/v2\/users\/39"}],"replies":[{"embeddable":true,"href":"https:\/\/www.naturparkmagazin.de\/stechlin\/wp-json\/wp\/v2\/comments?post=6917"}],"version-history":[{"count":7,"href":"https:\/\/www.naturparkmagazin.de\/stechlin\/wp-json\/wp\/v2\/posts\/6917\/revisions"}],"predecessor-version":[{"id":7014,"href":"https:\/\/www.naturparkmagazin.de\/stechlin\/wp-json\/wp\/v2\/posts\/6917\/revisions\/7014"}],"wp:featuredmedia":[{"embeddable":true,"href":"https:\/\/www.naturparkmagazin.de\/stechlin\/wp-json\/wp\/v2\/media\/6920"}],"wp:attachment":[{"href":"https:\/\/www.naturparkmagazin.de\/stechlin\/wp-json\/wp\/v2\/media?parent=6917"}],"wp:term":[{"taxonomy":"category","embeddable":true,"href":"https:\/\/www.naturparkmagazin.de\/stechlin\/wp-json\/wp\/v2\/categories?post=6917"},{"taxonomy":"post_tag","embeddable":true,"href":"https:\/\/www.naturparkmagazin.de\/stechlin\/wp-json\/wp\/v2\/tags?post=6917"}],"curies":[{"name":"wp","href":"https:\/\/api.w.org\/{rel}","templated":true}]}}