{"id":6924,"date":"2018-04-14T15:03:56","date_gmt":"2018-04-14T13:03:56","guid":{"rendered":"http:\/\/www.naturparkmagazin.de\/stechlin\/?p=6924"},"modified":"2018-04-24T13:58:02","modified_gmt":"2018-04-24T11:58:02","slug":"alle-froesche-sind-schon-da-alle-froesche-alle-kroeten-molche-unken-tralala","status":"publish","type":"post","link":"https:\/\/www.naturparkmagazin.de\/stechlin\/alle-froesche-sind-schon-da-alle-froesche-alle-kroeten-molche-unken-tralala\/","title":{"rendered":"Alle Fr\u00f6sche sind schon da, alle Fr\u00f6sche alle &#8211; Kr\u00f6ten, Molche, Unken tralala\u2026."},"content":{"rendered":"<p>&#8230; dieses frohe Lied, zur Begr\u00fc\u00dfung des Fr\u00fchlings, k\u00f6nnten die Mitarbeiter der Naturwacht Stechlin\u2013Ruppiner Land nun anstimmen. Es ist geschafft, die Tiere haben ihre Laichgew\u00e4sser erreicht und k\u00f6nnen nun f\u00fcr den Fortbestand ihrer Art sorgen.<\/p>\n<p>Es bedarf in jedem Jahr einiges an Organisationstalent um den Zaunbau in Z\u00fchlen am Schulzensee, in Dierberg am Zollhaus und am Kuhburgsberg bei Neuruppin zu organisieren. F\u00fcr alle Beteiligten ist klar, wenn der Zaun steht, muss\u00a0 jeden Tag jemand da sein, um ihn zu kontrollieren. Dabei ist es v\u00f6llig egal, ob es noch einmal einen K\u00e4lteeinbruch gibt oder nicht.<\/p>\n<div id=\"attachment_6927\" style=\"width: 310px\" class=\"wp-caption aligncenter\"><a href=\"https:\/\/www.naturparkmagazin.de\/stechlin\/wp-content\/uploads\/sites\/38\/DSC_0224_500x300.jpg\"><img aria-describedby=\"caption-attachment-6927\" decoding=\"async\" loading=\"lazy\" class=\"size-thumbnail wp-image-6927\" src=\"https:\/\/www.naturparkmagazin.de\/stechlin\/wp-content\/uploads\/sites\/38\/DSC_0224_500x300-300x180.jpg\" alt=\"Die Kids der Badinger Kita &quot;Sterntaler&quot; am Kr\u00f6tenzaun.\" width=\"300\" height=\"180\" srcset=\"https:\/\/www.naturparkmagazin.de\/stechlin\/wp-content\/uploads\/sites\/38\/DSC_0224_500x300-300x180.jpg 300w, https:\/\/www.naturparkmagazin.de\/stechlin\/wp-content\/uploads\/sites\/38\/DSC_0224_500x300.jpg 500w, https:\/\/www.naturparkmagazin.de\/stechlin\/wp-content\/uploads\/sites\/38\/DSC_0224_500x300-200x120.jpg 200w\" sizes=\"(max-width: 300px) 100vw, 300px\" \/><\/a><p id=\"caption-attachment-6927\" class=\"wp-caption-text\">Die Kids der Badinger Kita &#8222;Sterntaler&#8220; am Kr\u00f6tenzaun.<\/p><\/div>\n<p>Der Bestand\u00a0 an Erdkr\u00f6ten hat sich in Altglobsow in dem Ma\u00dfe vergr\u00f6\u00dfert das wir in diesem Jahr zum zweiten Mal eine Verl\u00e4ngerung zur station\u00e4ren Leiteinrichtung anbringen mussten, um die Wanderung nicht auf der Stra\u00dfe, als Fleck, enden zu lassen.<\/p>\n<p>Ich denke das ist jetzt auch die richtige Stelle, um uns bei allen Beteiligten zu bedanken, allen voran gilt der Dank unseren Freiwilligen. Sie helfen uns in ihrer Freizeit, noch vor der Arbeit oder schenken uns Zeit in ihrem wohlverdienten Ruhestand.<\/p>\n<p>Danke!<\/p>\n<p>Mit gro\u00dfer Freude und Vergn\u00fcgen haben wir in diesem Jahr viel Interesse durch Kinderg\u00e4rten und Vorschulen an den Amphibien feststellen k\u00f6nnen. Wir hatten sechs Mal Kindergruppen zu Gast. Die Kinder erfuhren, wer die Kr\u00f6ten und Fr\u00f6sche im Fr\u00fchjahr weckt (Sonne und Regen), die Tiere wurden nach Arten bestimmt und in ihre Laichgew\u00e4sser begleitet.\u00a0 Die \u201eFroscheier\u201c der Laich wurde ebenfalls mit in Augenschein genommen. An der station\u00e4ren Anlage in Altglobsow konnten die Kinder dann auch noch selbst die Tunnel ausprobieren.<\/p>\n<p>Da man an den Amphibien Themen wie: Erhalt der biologischen Vielfalt, Landnutzung und Verkehr \/Mobilit\u00e4t festmachen kann, sind die durchgef\u00fchrten Veranstaltungen ein gutes Beispiel f\u00fcr die Bildung f\u00fcr nachhaltige Entwicklung &#8211; seit 2018 auch offizieller Auftrag deutscher Naturparke lt. Bundesnaturschutzgesetz.<\/p>\n<div id=\"attachment_6928\" style=\"width: 310px\" class=\"wp-caption aligncenter\"><a href=\"https:\/\/www.naturparkmagazin.de\/stechlin\/wp-content\/uploads\/sites\/38\/DSC_0232_500x300.jpg\"><img aria-describedby=\"caption-attachment-6928\" decoding=\"async\" loading=\"lazy\" class=\"size-thumbnail wp-image-6928\" src=\"https:\/\/www.naturparkmagazin.de\/stechlin\/wp-content\/uploads\/sites\/38\/DSC_0232_500x300-300x180.jpg\" alt=\"Kita-Knirpse probieren den Amphibien-Tunnel aus\" width=\"300\" height=\"180\" srcset=\"https:\/\/www.naturparkmagazin.de\/stechlin\/wp-content\/uploads\/sites\/38\/DSC_0232_500x300-300x180.jpg 300w, https:\/\/www.naturparkmagazin.de\/stechlin\/wp-content\/uploads\/sites\/38\/DSC_0232_500x300.jpg 500w, https:\/\/www.naturparkmagazin.de\/stechlin\/wp-content\/uploads\/sites\/38\/DSC_0232_500x300-200x120.jpg 200w\" sizes=\"(max-width: 300px) 100vw, 300px\" \/><\/a><p id=\"caption-attachment-6928\" class=\"wp-caption-text\">Kita-Knirpse probieren den Amphibien-Tunnel aus<\/p><\/div>\n<p>F\u00fcr uns ist die Verteilung der Arten an den verschiedenen Z\u00e4unen immer wieder ein Ph\u00e4nomen. In Dierberg gibt es eine bunte Mischung aus Moorfr\u00f6schen, Teichmolchen, Kammmolchen, Gr\u00fcnfr\u00f6schen, Erdkr\u00f6ten, Knoblauchkr\u00f6ten und Rotbauchunken. In Z\u00fchlen dominieren die Erdkr\u00f6ten und Knoblauchkr\u00f6ten die Anzahl und am Kuhburgsberg sind es die Moorfr\u00f6sche.<\/p>\n<p>Um bei den Volksliedern zu bleiben, das Wandern ist eben nicht nur des M\u00fcller\u2018s Lust.<\/p>\n<p>&nbsp;<\/p>\n<p>Anke Rudnik\nGebietsleiterin der Naturwacht\u00a0 Stechlin\u2013Ruppiner Land<\/p>\n","protected":false},"excerpt":{"rendered":"<p>&#8230; dieses frohe Lied, zur Begr\u00fc\u00dfung des Fr\u00fchlings, k\u00f6nnten die Mitarbeiter der Naturwacht Stechlin\u2013Ruppiner Land nun anstimmen.<\/p>\n","protected":false},"author":39,"featured_media":6926,"comment_status":"open","ping_status":"open","sticky":false,"template":"","format":"standard","meta":[],"categories":[7],"tags":[],"yoast_head":"<!-- This site is optimized with the Yoast SEO plugin v19.10 - https:\/\/yoast.com\/wordpress\/plugins\/seo\/ -->\n<title>Alle Fr\u00f6sche sind schon da, alle Fr\u00f6sche alle - Kr\u00f6ten, Molche, Unken tralala\u2026. - Naturpark Stechlin-Ruppiner Land<\/title>\n<meta name=\"robots\" content=\"index, follow, max-snippet:-1, max-image-preview:large, max-video-preview:-1\" \/>\n<link rel=\"canonical\" href=\"https:\/\/www.naturparkmagazin.de\/stechlin\/alle-froesche-sind-schon-da-alle-froesche-alle-kroeten-molche-unken-tralala\/\" \/>\n<meta property=\"og:locale\" content=\"de_DE\" \/>\n<meta property=\"og:type\" content=\"article\" \/>\n<meta property=\"og:title\" content=\"Alle Fr\u00f6sche sind schon da, alle Fr\u00f6sche alle - Kr\u00f6ten, Molche, Unken tralala\u2026. - Naturpark Stechlin-Ruppiner Land\" \/>\n<meta property=\"og:description\" content=\"... dieses frohe Lied, zur Begr\u00fc\u00dfung des Fr\u00fchlings, k\u00f6nnten die Mitarbeiter der Naturwacht Stechlin\u2013Ruppiner Land nun anstimmen.\" \/>\n<meta property=\"og:url\" content=\"https:\/\/www.naturparkmagazin.de\/stechlin\/alle-froesche-sind-schon-da-alle-froesche-alle-kroeten-molche-unken-tralala\/\" \/>\n<meta property=\"og:site_name\" content=\"Naturpark Stechlin-Ruppiner Land\" \/>\n<meta property=\"article:published_time\" content=\"2018-04-14T13:03:56+00:00\" \/>\n<meta property=\"article:modified_time\" content=\"2018-04-24T11:58:02+00:00\" \/>\n<meta property=\"og:image\" content=\"https:\/\/www.naturparkmagazin.de\/stechlin\/wp-content\/uploads\/sites\/38\/DSC_0223_200x200.jpg\" \/>\n\t<meta property=\"og:image:width\" content=\"200\" \/>\n\t<meta property=\"og:image:height\" content=\"200\" \/>\n\t<meta property=\"og:image:type\" content=\"image\/jpeg\" \/>\n<meta name=\"author\" content=\"marioschrumpf\" \/>\n<meta name=\"twitter:label1\" content=\"Verfasst von\" \/>\n\t<meta name=\"twitter:data1\" content=\"marioschrumpf\" \/>\n\t<meta name=\"twitter:label2\" content=\"Gesch\u00e4tzte Lesezeit\" \/>\n\t<meta name=\"twitter:data2\" content=\"2\u00a0Minuten\" \/>\n<script type=\"application\/ld+json\" class=\"yoast-schema-graph\">{\"@context\":\"https:\/\/schema.org\",\"@graph\":[{\"@type\":\"WebPage\",\"@id\":\"https:\/\/www.naturparkmagazin.de\/stechlin\/alle-froesche-sind-schon-da-alle-froesche-alle-kroeten-molche-unken-tralala\/\",\"url\":\"https:\/\/www.naturparkmagazin.de\/stechlin\/alle-froesche-sind-schon-da-alle-froesche-alle-kroeten-molche-unken-tralala\/\",\"name\":\"Alle Fr\u00f6sche sind schon da, alle Fr\u00f6sche alle - Kr\u00f6ten, Molche, Unken tralala\u2026. - Naturpark Stechlin-Ruppiner Land\",\"isPartOf\":{\"@id\":\"https:\/\/www.naturparkmagazin.de\/stechlin\/#website\"},\"datePublished\":\"2018-04-14T13:03:56+00:00\",\"dateModified\":\"2018-04-24T11:58:02+00:00\",\"author\":{\"@id\":\"https:\/\/www.naturparkmagazin.de\/stechlin\/#\/schema\/person\/3f0d93203df21c806dd63c76d9bb28bc\"},\"breadcrumb\":{\"@id\":\"https:\/\/www.naturparkmagazin.de\/stechlin\/alle-froesche-sind-schon-da-alle-froesche-alle-kroeten-molche-unken-tralala\/#breadcrumb\"},\"inLanguage\":\"de\",\"potentialAction\":[{\"@type\":\"ReadAction\",\"target\":[\"https:\/\/www.naturparkmagazin.de\/stechlin\/alle-froesche-sind-schon-da-alle-froesche-alle-kroeten-molche-unken-tralala\/\"]}]},{\"@type\":\"BreadcrumbList\",\"@id\":\"https:\/\/www.naturparkmagazin.de\/stechlin\/alle-froesche-sind-schon-da-alle-froesche-alle-kroeten-molche-unken-tralala\/#breadcrumb\",\"itemListElement\":[{\"@type\":\"ListItem\",\"position\":1,\"name\":\"Home\",\"item\":\"https:\/\/www.naturparkmagazin.de\/stechlin\/\"},{\"@type\":\"ListItem\",\"position\":2,\"name\":\"Alle Fr\u00f6sche sind schon da, alle Fr\u00f6sche alle &#8211; Kr\u00f6ten, Molche, Unken tralala\u2026.\"}]},{\"@type\":\"WebSite\",\"@id\":\"https:\/\/www.naturparkmagazin.de\/stechlin\/#website\",\"url\":\"https:\/\/www.naturparkmagazin.de\/stechlin\/\",\"name\":\"Naturpark Stechlin-Ruppiner Land\",\"description\":\"\",\"potentialAction\":[{\"@type\":\"SearchAction\",\"target\":{\"@type\":\"EntryPoint\",\"urlTemplate\":\"https:\/\/www.naturparkmagazin.de\/stechlin\/?s={search_term_string}\"},\"query-input\":\"required name=search_term_string\"}],\"inLanguage\":\"de\"},{\"@type\":\"Person\",\"@id\":\"https:\/\/www.naturparkmagazin.de\/stechlin\/#\/schema\/person\/3f0d93203df21c806dd63c76d9bb28bc\",\"name\":\"marioschrumpf\",\"url\":\"https:\/\/www.naturparkmagazin.de\/stechlin\/author\/marioschrumpf\/\"}]}<\/script>\n<!-- \/ Yoast SEO plugin. -->","yoast_head_json":{"title":"Alle Fr\u00f6sche sind schon da, alle Fr\u00f6sche alle - Kr\u00f6ten, Molche, Unken tralala\u2026. - Naturpark Stechlin-Ruppiner Land","robots":{"index":"index","follow":"follow","max-snippet":"max-snippet:-1","max-image-preview":"max-image-preview:large","max-video-preview":"max-video-preview:-1"},"canonical":"https:\/\/www.naturparkmagazin.de\/stechlin\/alle-froesche-sind-schon-da-alle-froesche-alle-kroeten-molche-unken-tralala\/","og_locale":"de_DE","og_type":"article","og_title":"Alle Fr\u00f6sche sind schon da, alle Fr\u00f6sche alle - Kr\u00f6ten, Molche, Unken tralala\u2026. - Naturpark Stechlin-Ruppiner Land","og_description":"... dieses frohe Lied, zur Begr\u00fc\u00dfung des Fr\u00fchlings, k\u00f6nnten die Mitarbeiter der Naturwacht Stechlin\u2013Ruppiner Land nun anstimmen.","og_url":"https:\/\/www.naturparkmagazin.de\/stechlin\/alle-froesche-sind-schon-da-alle-froesche-alle-kroeten-molche-unken-tralala\/","og_site_name":"Naturpark Stechlin-Ruppiner Land","article_published_time":"2018-04-14T13:03:56+00:00","article_modified_time":"2018-04-24T11:58:02+00:00","og_image":[{"width":200,"height":200,"url":"https:\/\/www.naturparkmagazin.de\/stechlin\/wp-content\/uploads\/sites\/38\/DSC_0223_200x200.jpg","type":"image\/jpeg"}],"author":"marioschrumpf","twitter_misc":{"Verfasst von":"marioschrumpf","Gesch\u00e4tzte Lesezeit":"2\u00a0Minuten"},"schema":{"@context":"https:\/\/schema.org","@graph":[{"@type":"WebPage","@id":"https:\/\/www.naturparkmagazin.de\/stechlin\/alle-froesche-sind-schon-da-alle-froesche-alle-kroeten-molche-unken-tralala\/","url":"https:\/\/www.naturparkmagazin.de\/stechlin\/alle-froesche-sind-schon-da-alle-froesche-alle-kroeten-molche-unken-tralala\/","name":"Alle Fr\u00f6sche sind schon da, alle Fr\u00f6sche alle - Kr\u00f6ten, Molche, Unken tralala\u2026. - Naturpark Stechlin-Ruppiner Land","isPartOf":{"@id":"https:\/\/www.naturparkmagazin.de\/stechlin\/#website"},"datePublished":"2018-04-14T13:03:56+00:00","dateModified":"2018-04-24T11:58:02+00:00","author":{"@id":"https:\/\/www.naturparkmagazin.de\/stechlin\/#\/schema\/person\/3f0d93203df21c806dd63c76d9bb28bc"},"breadcrumb":{"@id":"https:\/\/www.naturparkmagazin.de\/stechlin\/alle-froesche-sind-schon-da-alle-froesche-alle-kroeten-molche-unken-tralala\/#breadcrumb"},"inLanguage":"de","potentialAction":[{"@type":"ReadAction","target":["https:\/\/www.naturparkmagazin.de\/stechlin\/alle-froesche-sind-schon-da-alle-froesche-alle-kroeten-molche-unken-tralala\/"]}]},{"@type":"BreadcrumbList","@id":"https:\/\/www.naturparkmagazin.de\/stechlin\/alle-froesche-sind-schon-da-alle-froesche-alle-kroeten-molche-unken-tralala\/#breadcrumb","itemListElement":[{"@type":"ListItem","position":1,"name":"Home","item":"https:\/\/www.naturparkmagazin.de\/stechlin\/"},{"@type":"ListItem","position":2,"name":"Alle Fr\u00f6sche sind schon da, alle Fr\u00f6sche alle &#8211; Kr\u00f6ten, Molche, Unken tralala\u2026."}]},{"@type":"WebSite","@id":"https:\/\/www.naturparkmagazin.de\/stechlin\/#website","url":"https:\/\/www.naturparkmagazin.de\/stechlin\/","name":"Naturpark Stechlin-Ruppiner Land","description":"","potentialAction":[{"@type":"SearchAction","target":{"@type":"EntryPoint","urlTemplate":"https:\/\/www.naturparkmagazin.de\/stechlin\/?s={search_term_string}"},"query-input":"required name=search_term_string"}],"inLanguage":"de"},{"@type":"Person","@id":"https:\/\/www.naturparkmagazin.de\/stechlin\/#\/schema\/person\/3f0d93203df21c806dd63c76d9bb28bc","name":"marioschrumpf","url":"https:\/\/www.naturparkmagazin.de\/stechlin\/author\/marioschrumpf\/"}]}},"_links":{"self":[{"href":"https:\/\/www.naturparkmagazin.de\/stechlin\/wp-json\/wp\/v2\/posts\/6924"}],"collection":[{"href":"https:\/\/www.naturparkmagazin.de\/stechlin\/wp-json\/wp\/v2\/posts"}],"about":[{"href":"https:\/\/www.naturparkmagazin.de\/stechlin\/wp-json\/wp\/v2\/types\/post"}],"author":[{"embeddable":true,"href":"https:\/\/www.naturparkmagazin.de\/stechlin\/wp-json\/wp\/v2\/users\/39"}],"replies":[{"embeddable":true,"href":"https:\/\/www.naturparkmagazin.de\/stechlin\/wp-json\/wp\/v2\/comments?post=6924"}],"version-history":[{"count":4,"href":"https:\/\/www.naturparkmagazin.de\/stechlin\/wp-json\/wp\/v2\/posts\/6924\/revisions"}],"predecessor-version":[{"id":6932,"href":"https:\/\/www.naturparkmagazin.de\/stechlin\/wp-json\/wp\/v2\/posts\/6924\/revisions\/6932"}],"wp:featuredmedia":[{"embeddable":true,"href":"https:\/\/www.naturparkmagazin.de\/stechlin\/wp-json\/wp\/v2\/media\/6926"}],"wp:attachment":[{"href":"https:\/\/www.naturparkmagazin.de\/stechlin\/wp-json\/wp\/v2\/media?parent=6924"}],"wp:term":[{"taxonomy":"category","embeddable":true,"href":"https:\/\/www.naturparkmagazin.de\/stechlin\/wp-json\/wp\/v2\/categories?post=6924"},{"taxonomy":"post_tag","embeddable":true,"href":"https:\/\/www.naturparkmagazin.de\/stechlin\/wp-json\/wp\/v2\/tags?post=6924"}],"curies":[{"name":"wp","href":"https:\/\/api.w.org\/{rel}","templated":true}]}}