{"id":698,"date":"2014-02-21T10:20:11","date_gmt":"2014-02-21T09:20:11","guid":{"rendered":"http:\/\/www.naturparkmagazin.de\/stechlin\/?p=698"},"modified":"2014-02-21T10:25:29","modified_gmt":"2014-02-21T09:25:29","slug":"erste-hilfe-lehrgang-fuer-natur-und-landschaftsfuehrer","status":"publish","type":"post","link":"https:\/\/www.naturparkmagazin.de\/stechlin\/erste-hilfe-lehrgang-fuer-natur-und-landschaftsfuehrer\/","title":{"rendered":"Erste Hilfe-Lehrgang f\u00fcr Natur- und Landschaftsf\u00fchrer"},"content":{"rendered":"<p><a href=\"https:\/\/www.naturparkmagazin.de\/stechlin\/wp-content\/uploads\/sites\/38\/DSC_0021.jpg\"><img decoding=\"async\" loading=\"lazy\" class=\"alignnone size-full wp-image-700\" alt=\"DSC_0021\" src=\"https:\/\/www.naturparkmagazin.de\/stechlin\/wp-content\/uploads\/sites\/38\/DSC_0021.jpg\" width=\"180\" height=\"120\" \/><\/a><\/p>\n<p>Die zertifizierten Natur- und Landschaftsf\u00fchrer des Naturparks bereiteten sich mit dem Besuch eines Erste-Hilfe-Lehrgangs auf die neue Tourismussaison vor. Im Mittelpunkt des vom Deutschen Roten Kreuz in Neuruppin angebotenen Kurses stand die Auffrischung des Wissens \u00fcber die medizinische Erst- und Notfallversorgung speziell bei Exkursionen in die Natur. Die Guides wollen f\u00fcr alle F\u00e4lle gut ger\u00fcstet sein, um ihre G\u00e4ste auch in Ausnahmesituationen optimal zu betreuen.<\/p>\n","protected":false},"excerpt":{"rendered":"<p>Die zertifizierten Natur- und Landschaftsf\u00fchrer des Naturparks bereiteten sich mit dem Besuch eines Erste-Hilfe-Lehrgangs auf die neue Tourismussaison vor.<\/p>\n","protected":false},"author":39,"featured_media":699,"comment_status":"open","ping_status":"open","sticky":false,"template":"","format":"standard","meta":[],"categories":[7],"tags":[],"yoast_head":"<!-- This site is optimized with the Yoast SEO plugin v19.10 - https:\/\/yoast.com\/wordpress\/plugins\/seo\/ -->\n<title>Erste Hilfe-Lehrgang f\u00fcr Natur- und Landschaftsf\u00fchrer - Naturpark Stechlin-Ruppiner Land<\/title>\n<meta name=\"robots\" content=\"index, follow, max-snippet:-1, max-image-preview:large, max-video-preview:-1\" \/>\n<link rel=\"canonical\" href=\"https:\/\/www.naturparkmagazin.de\/stechlin\/erste-hilfe-lehrgang-fuer-natur-und-landschaftsfuehrer\/\" \/>\n<meta property=\"og:locale\" content=\"de_DE\" \/>\n<meta property=\"og:type\" content=\"article\" \/>\n<meta property=\"og:title\" content=\"Erste Hilfe-Lehrgang f\u00fcr Natur- und Landschaftsf\u00fchrer - Naturpark Stechlin-Ruppiner Land\" \/>\n<meta property=\"og:description\" content=\"Die zertifizierten Natur- und Landschaftsf\u00fchrer des Naturparks bereiteten sich mit dem Besuch eines Erste-Hilfe-Lehrgangs auf die neue Tourismussaison vor.\" \/>\n<meta property=\"og:url\" content=\"https:\/\/www.naturparkmagazin.de\/stechlin\/erste-hilfe-lehrgang-fuer-natur-und-landschaftsfuehrer\/\" \/>\n<meta property=\"og:site_name\" content=\"Naturpark Stechlin-Ruppiner Land\" \/>\n<meta property=\"article:published_time\" content=\"2014-02-21T09:20:11+00:00\" \/>\n<meta property=\"article:modified_time\" content=\"2014-02-21T09:25:29+00:00\" \/>\n<meta property=\"og:image\" content=\"https:\/\/www.naturparkmagazin.de\/stechlin\/wp-content\/uploads\/sites\/38\/k-DSC_00092.jpg\" \/>\n\t<meta property=\"og:image:width\" content=\"320\" \/>\n\t<meta property=\"og:image:height\" content=\"240\" \/>\n\t<meta property=\"og:image:type\" content=\"image\/jpeg\" \/>\n<meta name=\"author\" content=\"marioschrumpf\" \/>\n<meta name=\"twitter:label1\" content=\"Verfasst von\" \/>\n\t<meta name=\"twitter:data1\" content=\"marioschrumpf\" \/>\n<script type=\"application\/ld+json\" class=\"yoast-schema-graph\">{\"@context\":\"https:\/\/schema.org\",\"@graph\":[{\"@type\":\"WebPage\",\"@id\":\"https:\/\/www.naturparkmagazin.de\/stechlin\/erste-hilfe-lehrgang-fuer-natur-und-landschaftsfuehrer\/\",\"url\":\"https:\/\/www.naturparkmagazin.de\/stechlin\/erste-hilfe-lehrgang-fuer-natur-und-landschaftsfuehrer\/\",\"name\":\"Erste Hilfe-Lehrgang f\u00fcr Natur- und Landschaftsf\u00fchrer - Naturpark Stechlin-Ruppiner Land\",\"isPartOf\":{\"@id\":\"https:\/\/www.naturparkmagazin.de\/stechlin\/#website\"},\"datePublished\":\"2014-02-21T09:20:11+00:00\",\"dateModified\":\"2014-02-21T09:25:29+00:00\",\"author\":{\"@id\":\"https:\/\/www.naturparkmagazin.de\/stechlin\/#\/schema\/person\/3f0d93203df21c806dd63c76d9bb28bc\"},\"breadcrumb\":{\"@id\":\"https:\/\/www.naturparkmagazin.de\/stechlin\/erste-hilfe-lehrgang-fuer-natur-und-landschaftsfuehrer\/#breadcrumb\"},\"inLanguage\":\"de\",\"potentialAction\":[{\"@type\":\"ReadAction\",\"target\":[\"https:\/\/www.naturparkmagazin.de\/stechlin\/erste-hilfe-lehrgang-fuer-natur-und-landschaftsfuehrer\/\"]}]},{\"@type\":\"BreadcrumbList\",\"@id\":\"https:\/\/www.naturparkmagazin.de\/stechlin\/erste-hilfe-lehrgang-fuer-natur-und-landschaftsfuehrer\/#breadcrumb\",\"itemListElement\":[{\"@type\":\"ListItem\",\"position\":1,\"name\":\"Home\",\"item\":\"https:\/\/www.naturparkmagazin.de\/stechlin\/\"},{\"@type\":\"ListItem\",\"position\":2,\"name\":\"Erste Hilfe-Lehrgang f\u00fcr Natur- und Landschaftsf\u00fchrer\"}]},{\"@type\":\"WebSite\",\"@id\":\"https:\/\/www.naturparkmagazin.de\/stechlin\/#website\",\"url\":\"https:\/\/www.naturparkmagazin.de\/stechlin\/\",\"name\":\"Naturpark Stechlin-Ruppiner Land\",\"description\":\"\",\"potentialAction\":[{\"@type\":\"SearchAction\",\"target\":{\"@type\":\"EntryPoint\",\"urlTemplate\":\"https:\/\/www.naturparkmagazin.de\/stechlin\/?s={search_term_string}\"},\"query-input\":\"required name=search_term_string\"}],\"inLanguage\":\"de\"},{\"@type\":\"Person\",\"@id\":\"https:\/\/www.naturparkmagazin.de\/stechlin\/#\/schema\/person\/3f0d93203df21c806dd63c76d9bb28bc\",\"name\":\"marioschrumpf\",\"url\":\"https:\/\/www.naturparkmagazin.de\/stechlin\/author\/marioschrumpf\/\"}]}<\/script>\n<!-- \/ Yoast SEO plugin. -->","yoast_head_json":{"title":"Erste Hilfe-Lehrgang f\u00fcr Natur- und Landschaftsf\u00fchrer - Naturpark Stechlin-Ruppiner Land","robots":{"index":"index","follow":"follow","max-snippet":"max-snippet:-1","max-image-preview":"max-image-preview:large","max-video-preview":"max-video-preview:-1"},"canonical":"https:\/\/www.naturparkmagazin.de\/stechlin\/erste-hilfe-lehrgang-fuer-natur-und-landschaftsfuehrer\/","og_locale":"de_DE","og_type":"article","og_title":"Erste Hilfe-Lehrgang f\u00fcr Natur- und Landschaftsf\u00fchrer - Naturpark Stechlin-Ruppiner Land","og_description":"Die zertifizierten Natur- und Landschaftsf\u00fchrer des Naturparks bereiteten sich mit dem Besuch eines Erste-Hilfe-Lehrgangs auf die neue Tourismussaison vor.","og_url":"https:\/\/www.naturparkmagazin.de\/stechlin\/erste-hilfe-lehrgang-fuer-natur-und-landschaftsfuehrer\/","og_site_name":"Naturpark Stechlin-Ruppiner Land","article_published_time":"2014-02-21T09:20:11+00:00","article_modified_time":"2014-02-21T09:25:29+00:00","og_image":[{"width":320,"height":240,"url":"https:\/\/www.naturparkmagazin.de\/stechlin\/wp-content\/uploads\/sites\/38\/k-DSC_00092.jpg","type":"image\/jpeg"}],"author":"marioschrumpf","twitter_misc":{"Verfasst von":"marioschrumpf"},"schema":{"@context":"https:\/\/schema.org","@graph":[{"@type":"WebPage","@id":"https:\/\/www.naturparkmagazin.de\/stechlin\/erste-hilfe-lehrgang-fuer-natur-und-landschaftsfuehrer\/","url":"https:\/\/www.naturparkmagazin.de\/stechlin\/erste-hilfe-lehrgang-fuer-natur-und-landschaftsfuehrer\/","name":"Erste Hilfe-Lehrgang f\u00fcr Natur- und Landschaftsf\u00fchrer - Naturpark Stechlin-Ruppiner Land","isPartOf":{"@id":"https:\/\/www.naturparkmagazin.de\/stechlin\/#website"},"datePublished":"2014-02-21T09:20:11+00:00","dateModified":"2014-02-21T09:25:29+00:00","author":{"@id":"https:\/\/www.naturparkmagazin.de\/stechlin\/#\/schema\/person\/3f0d93203df21c806dd63c76d9bb28bc"},"breadcrumb":{"@id":"https:\/\/www.naturparkmagazin.de\/stechlin\/erste-hilfe-lehrgang-fuer-natur-und-landschaftsfuehrer\/#breadcrumb"},"inLanguage":"de","potentialAction":[{"@type":"ReadAction","target":["https:\/\/www.naturparkmagazin.de\/stechlin\/erste-hilfe-lehrgang-fuer-natur-und-landschaftsfuehrer\/"]}]},{"@type":"BreadcrumbList","@id":"https:\/\/www.naturparkmagazin.de\/stechlin\/erste-hilfe-lehrgang-fuer-natur-und-landschaftsfuehrer\/#breadcrumb","itemListElement":[{"@type":"ListItem","position":1,"name":"Home","item":"https:\/\/www.naturparkmagazin.de\/stechlin\/"},{"@type":"ListItem","position":2,"name":"Erste Hilfe-Lehrgang f\u00fcr Natur- und Landschaftsf\u00fchrer"}]},{"@type":"WebSite","@id":"https:\/\/www.naturparkmagazin.de\/stechlin\/#website","url":"https:\/\/www.naturparkmagazin.de\/stechlin\/","name":"Naturpark Stechlin-Ruppiner Land","description":"","potentialAction":[{"@type":"SearchAction","target":{"@type":"EntryPoint","urlTemplate":"https:\/\/www.naturparkmagazin.de\/stechlin\/?s={search_term_string}"},"query-input":"required name=search_term_string"}],"inLanguage":"de"},{"@type":"Person","@id":"https:\/\/www.naturparkmagazin.de\/stechlin\/#\/schema\/person\/3f0d93203df21c806dd63c76d9bb28bc","name":"marioschrumpf","url":"https:\/\/www.naturparkmagazin.de\/stechlin\/author\/marioschrumpf\/"}]}},"_links":{"self":[{"href":"https:\/\/www.naturparkmagazin.de\/stechlin\/wp-json\/wp\/v2\/posts\/698"}],"collection":[{"href":"https:\/\/www.naturparkmagazin.de\/stechlin\/wp-json\/wp\/v2\/posts"}],"about":[{"href":"https:\/\/www.naturparkmagazin.de\/stechlin\/wp-json\/wp\/v2\/types\/post"}],"author":[{"embeddable":true,"href":"https:\/\/www.naturparkmagazin.de\/stechlin\/wp-json\/wp\/v2\/users\/39"}],"replies":[{"embeddable":true,"href":"https:\/\/www.naturparkmagazin.de\/stechlin\/wp-json\/wp\/v2\/comments?post=698"}],"version-history":[{"count":3,"href":"https:\/\/www.naturparkmagazin.de\/stechlin\/wp-json\/wp\/v2\/posts\/698\/revisions"}],"predecessor-version":[{"id":761,"href":"https:\/\/www.naturparkmagazin.de\/stechlin\/wp-json\/wp\/v2\/posts\/698\/revisions\/761"}],"wp:featuredmedia":[{"embeddable":true,"href":"https:\/\/www.naturparkmagazin.de\/stechlin\/wp-json\/wp\/v2\/media\/699"}],"wp:attachment":[{"href":"https:\/\/www.naturparkmagazin.de\/stechlin\/wp-json\/wp\/v2\/media?parent=698"}],"wp:term":[{"taxonomy":"category","embeddable":true,"href":"https:\/\/www.naturparkmagazin.de\/stechlin\/wp-json\/wp\/v2\/categories?post=698"},{"taxonomy":"post_tag","embeddable":true,"href":"https:\/\/www.naturparkmagazin.de\/stechlin\/wp-json\/wp\/v2\/tags?post=698"}],"curies":[{"name":"wp","href":"https:\/\/api.w.org\/{rel}","templated":true}]}}