{"id":6987,"date":"2018-05-16T11:20:41","date_gmt":"2018-05-16T09:20:41","guid":{"rendered":"http:\/\/www.naturparkmagazin.de\/stechlin\/?p=6987"},"modified":"2018-05-29T13:14:09","modified_gmt":"2018-05-29T11:14:09","slug":"wanderung-ins-hochmoor-zur-wollgras-bluete-mit-picknick","status":"publish","type":"post","link":"https:\/\/www.naturparkmagazin.de\/stechlin\/wanderung-ins-hochmoor-zur-wollgras-bluete-mit-picknick\/","title":{"rendered":"Wanderung ins Moor zur &#8222;Wollgras-Bl\u00fcte&#8220; mit Picknick"},"content":{"rendered":"<p><a href=\"https:\/\/www.naturparkmagazin.de\/stechlin\/wp-content\/uploads\/sites\/38\/500x300_-Osterbrunch_003.jpg\"><img decoding=\"async\" loading=\"lazy\" class=\" size-thumbnail wp-image-6724 aligncenter\" src=\"https:\/\/www.naturparkmagazin.de\/stechlin\/wp-content\/uploads\/sites\/38\/500x300_-Osterbrunch_003-300x180.jpg\" alt=\"NP SRL\/J\u00fcrgen Strache\" width=\"300\" height=\"180\" srcset=\"https:\/\/www.naturparkmagazin.de\/stechlin\/wp-content\/uploads\/sites\/38\/500x300_-Osterbrunch_003-300x180.jpg 300w, https:\/\/www.naturparkmagazin.de\/stechlin\/wp-content\/uploads\/sites\/38\/500x300_-Osterbrunch_003.jpg 500w, https:\/\/www.naturparkmagazin.de\/stechlin\/wp-content\/uploads\/sites\/38\/500x300_-Osterbrunch_003-200x120.jpg 200w\" sizes=\"(max-width: 300px) 100vw, 300px\" \/><\/a><\/p>\n<p>Am <strong>17. Juni<\/strong> l\u00e4dt der zertifizierte Natur- und Landschaftsf\u00fchrer J\u00fcrgen Strache zu einer Wanderung ins Moor ein. Dort steht das Wollgras in voller &#8222;Bl\u00fcte&#8220;, d.h. die netten wei\u00dfen P\u00fcschel sind ja eigentlich schon die Fruchtst\u00e4nde, der auf Moorstandorte spezialisierten Pflanzen.<\/p>\n<p><strong>Treff:<\/strong> Kremserhof Zerm\u00fctzel, 10:30 Uhr<\/p>\n<p><strong>Anmeldung und Info:<\/strong> J\u00fcrgen Strache, Tel.: 0171\/17007727<\/p>\n<div id=\"attachment_925\" style=\"width: 190px\" class=\"wp-caption aligncenter\"><a href=\"https:\/\/www.naturparkmagazin.de\/stechlin\/wp-content\/uploads\/sites\/38\/Wollgras003.jpg\"><img aria-describedby=\"caption-attachment-925\" decoding=\"async\" loading=\"lazy\" class=\"size-full wp-image-925\" src=\"https:\/\/www.naturparkmagazin.de\/stechlin\/wp-content\/uploads\/sites\/38\/Wollgras003.jpg\" alt=\"Fruchtendes Wollgras - eine typische Moorpflanze.\" width=\"180\" height=\"278\" \/><\/a><p id=\"caption-attachment-925\" class=\"wp-caption-text\">Fruchtendes Wollgras &#8211; eine typische Moorpflanze.<\/p><\/div>\n","protected":false},"excerpt":{"rendered":"<p>Am 17. Juni l\u00e4dt der zertifizierte Natur- und Landschaftsf\u00fchrer J\u00fcrgen Strache zu einer Wanderung ins Moor ein.<\/p>\n","protected":false},"author":39,"featured_media":7111,"comment_status":"open","ping_status":"open","sticky":false,"template":"","format":"standard","meta":[],"categories":[11],"tags":[],"yoast_head":"<!-- This site is optimized with the Yoast SEO plugin v19.10 - https:\/\/yoast.com\/wordpress\/plugins\/seo\/ -->\n<title>Wanderung ins Moor zur &quot;Wollgras-Bl\u00fcte&quot; mit Picknick - Naturpark Stechlin-Ruppiner Land<\/title>\n<meta name=\"robots\" content=\"index, follow, max-snippet:-1, max-image-preview:large, max-video-preview:-1\" \/>\n<link rel=\"canonical\" href=\"https:\/\/www.naturparkmagazin.de\/stechlin\/wanderung-ins-hochmoor-zur-wollgras-bluete-mit-picknick\/\" \/>\n<meta property=\"og:locale\" content=\"de_DE\" \/>\n<meta property=\"og:type\" content=\"article\" \/>\n<meta property=\"og:title\" content=\"Wanderung ins Moor zur &quot;Wollgras-Bl\u00fcte&quot; mit Picknick - Naturpark Stechlin-Ruppiner Land\" \/>\n<meta property=\"og:description\" content=\"Am 17. Juni l\u00e4dt der zertifizierte Natur- und Landschaftsf\u00fchrer J\u00fcrgen Strache zu einer Wanderung ins Moor ein.\" \/>\n<meta property=\"og:url\" content=\"https:\/\/www.naturparkmagazin.de\/stechlin\/wanderung-ins-hochmoor-zur-wollgras-bluete-mit-picknick\/\" \/>\n<meta property=\"og:site_name\" content=\"Naturpark Stechlin-Ruppiner Land\" \/>\n<meta property=\"article:published_time\" content=\"2018-05-16T09:20:41+00:00\" \/>\n<meta property=\"article:modified_time\" content=\"2018-05-29T11:14:09+00:00\" \/>\n<meta property=\"og:image\" content=\"https:\/\/www.naturparkmagazin.de\/stechlin\/wp-content\/uploads\/sites\/38\/moor-wollgr-land-kleinbf.jpg\" \/>\n\t<meta property=\"og:image:width\" content=\"200\" \/>\n\t<meta property=\"og:image:height\" content=\"200\" \/>\n\t<meta property=\"og:image:type\" content=\"image\/jpeg\" \/>\n<meta name=\"author\" content=\"marioschrumpf\" \/>\n<meta name=\"twitter:label1\" content=\"Verfasst von\" \/>\n\t<meta name=\"twitter:data1\" content=\"marioschrumpf\" \/>\n<script type=\"application\/ld+json\" class=\"yoast-schema-graph\">{\"@context\":\"https:\/\/schema.org\",\"@graph\":[{\"@type\":\"WebPage\",\"@id\":\"https:\/\/www.naturparkmagazin.de\/stechlin\/wanderung-ins-hochmoor-zur-wollgras-bluete-mit-picknick\/\",\"url\":\"https:\/\/www.naturparkmagazin.de\/stechlin\/wanderung-ins-hochmoor-zur-wollgras-bluete-mit-picknick\/\",\"name\":\"Wanderung ins Moor zur \\\"Wollgras-Bl\u00fcte\\\" mit Picknick - Naturpark Stechlin-Ruppiner Land\",\"isPartOf\":{\"@id\":\"https:\/\/www.naturparkmagazin.de\/stechlin\/#website\"},\"datePublished\":\"2018-05-16T09:20:41+00:00\",\"dateModified\":\"2018-05-29T11:14:09+00:00\",\"author\":{\"@id\":\"https:\/\/www.naturparkmagazin.de\/stechlin\/#\/schema\/person\/3f0d93203df21c806dd63c76d9bb28bc\"},\"breadcrumb\":{\"@id\":\"https:\/\/www.naturparkmagazin.de\/stechlin\/wanderung-ins-hochmoor-zur-wollgras-bluete-mit-picknick\/#breadcrumb\"},\"inLanguage\":\"de\",\"potentialAction\":[{\"@type\":\"ReadAction\",\"target\":[\"https:\/\/www.naturparkmagazin.de\/stechlin\/wanderung-ins-hochmoor-zur-wollgras-bluete-mit-picknick\/\"]}]},{\"@type\":\"BreadcrumbList\",\"@id\":\"https:\/\/www.naturparkmagazin.de\/stechlin\/wanderung-ins-hochmoor-zur-wollgras-bluete-mit-picknick\/#breadcrumb\",\"itemListElement\":[{\"@type\":\"ListItem\",\"position\":1,\"name\":\"Home\",\"item\":\"https:\/\/www.naturparkmagazin.de\/stechlin\/\"},{\"@type\":\"ListItem\",\"position\":2,\"name\":\"Wanderung ins Moor zur &#8222;Wollgras-Bl\u00fcte&#8220; mit Picknick\"}]},{\"@type\":\"WebSite\",\"@id\":\"https:\/\/www.naturparkmagazin.de\/stechlin\/#website\",\"url\":\"https:\/\/www.naturparkmagazin.de\/stechlin\/\",\"name\":\"Naturpark Stechlin-Ruppiner Land\",\"description\":\"\",\"potentialAction\":[{\"@type\":\"SearchAction\",\"target\":{\"@type\":\"EntryPoint\",\"urlTemplate\":\"https:\/\/www.naturparkmagazin.de\/stechlin\/?s={search_term_string}\"},\"query-input\":\"required name=search_term_string\"}],\"inLanguage\":\"de\"},{\"@type\":\"Person\",\"@id\":\"https:\/\/www.naturparkmagazin.de\/stechlin\/#\/schema\/person\/3f0d93203df21c806dd63c76d9bb28bc\",\"name\":\"marioschrumpf\",\"url\":\"https:\/\/www.naturparkmagazin.de\/stechlin\/author\/marioschrumpf\/\"}]}<\/script>\n<!-- \/ Yoast SEO plugin. -->","yoast_head_json":{"title":"Wanderung ins Moor zur \"Wollgras-Bl\u00fcte\" mit Picknick - Naturpark Stechlin-Ruppiner Land","robots":{"index":"index","follow":"follow","max-snippet":"max-snippet:-1","max-image-preview":"max-image-preview:large","max-video-preview":"max-video-preview:-1"},"canonical":"https:\/\/www.naturparkmagazin.de\/stechlin\/wanderung-ins-hochmoor-zur-wollgras-bluete-mit-picknick\/","og_locale":"de_DE","og_type":"article","og_title":"Wanderung ins Moor zur \"Wollgras-Bl\u00fcte\" mit Picknick - Naturpark Stechlin-Ruppiner Land","og_description":"Am 17. Juni l\u00e4dt der zertifizierte Natur- und Landschaftsf\u00fchrer J\u00fcrgen Strache zu einer Wanderung ins Moor ein.","og_url":"https:\/\/www.naturparkmagazin.de\/stechlin\/wanderung-ins-hochmoor-zur-wollgras-bluete-mit-picknick\/","og_site_name":"Naturpark Stechlin-Ruppiner Land","article_published_time":"2018-05-16T09:20:41+00:00","article_modified_time":"2018-05-29T11:14:09+00:00","og_image":[{"width":200,"height":200,"url":"https:\/\/www.naturparkmagazin.de\/stechlin\/wp-content\/uploads\/sites\/38\/moor-wollgr-land-kleinbf.jpg","type":"image\/jpeg"}],"author":"marioschrumpf","twitter_misc":{"Verfasst von":"marioschrumpf"},"schema":{"@context":"https:\/\/schema.org","@graph":[{"@type":"WebPage","@id":"https:\/\/www.naturparkmagazin.de\/stechlin\/wanderung-ins-hochmoor-zur-wollgras-bluete-mit-picknick\/","url":"https:\/\/www.naturparkmagazin.de\/stechlin\/wanderung-ins-hochmoor-zur-wollgras-bluete-mit-picknick\/","name":"Wanderung ins Moor zur \"Wollgras-Bl\u00fcte\" mit Picknick - Naturpark Stechlin-Ruppiner Land","isPartOf":{"@id":"https:\/\/www.naturparkmagazin.de\/stechlin\/#website"},"datePublished":"2018-05-16T09:20:41+00:00","dateModified":"2018-05-29T11:14:09+00:00","author":{"@id":"https:\/\/www.naturparkmagazin.de\/stechlin\/#\/schema\/person\/3f0d93203df21c806dd63c76d9bb28bc"},"breadcrumb":{"@id":"https:\/\/www.naturparkmagazin.de\/stechlin\/wanderung-ins-hochmoor-zur-wollgras-bluete-mit-picknick\/#breadcrumb"},"inLanguage":"de","potentialAction":[{"@type":"ReadAction","target":["https:\/\/www.naturparkmagazin.de\/stechlin\/wanderung-ins-hochmoor-zur-wollgras-bluete-mit-picknick\/"]}]},{"@type":"BreadcrumbList","@id":"https:\/\/www.naturparkmagazin.de\/stechlin\/wanderung-ins-hochmoor-zur-wollgras-bluete-mit-picknick\/#breadcrumb","itemListElement":[{"@type":"ListItem","position":1,"name":"Home","item":"https:\/\/www.naturparkmagazin.de\/stechlin\/"},{"@type":"ListItem","position":2,"name":"Wanderung ins Moor zur &#8222;Wollgras-Bl\u00fcte&#8220; mit Picknick"}]},{"@type":"WebSite","@id":"https:\/\/www.naturparkmagazin.de\/stechlin\/#website","url":"https:\/\/www.naturparkmagazin.de\/stechlin\/","name":"Naturpark Stechlin-Ruppiner Land","description":"","potentialAction":[{"@type":"SearchAction","target":{"@type":"EntryPoint","urlTemplate":"https:\/\/www.naturparkmagazin.de\/stechlin\/?s={search_term_string}"},"query-input":"required name=search_term_string"}],"inLanguage":"de"},{"@type":"Person","@id":"https:\/\/www.naturparkmagazin.de\/stechlin\/#\/schema\/person\/3f0d93203df21c806dd63c76d9bb28bc","name":"marioschrumpf","url":"https:\/\/www.naturparkmagazin.de\/stechlin\/author\/marioschrumpf\/"}]}},"_links":{"self":[{"href":"https:\/\/www.naturparkmagazin.de\/stechlin\/wp-json\/wp\/v2\/posts\/6987"}],"collection":[{"href":"https:\/\/www.naturparkmagazin.de\/stechlin\/wp-json\/wp\/v2\/posts"}],"about":[{"href":"https:\/\/www.naturparkmagazin.de\/stechlin\/wp-json\/wp\/v2\/types\/post"}],"author":[{"embeddable":true,"href":"https:\/\/www.naturparkmagazin.de\/stechlin\/wp-json\/wp\/v2\/users\/39"}],"replies":[{"embeddable":true,"href":"https:\/\/www.naturparkmagazin.de\/stechlin\/wp-json\/wp\/v2\/comments?post=6987"}],"version-history":[{"count":5,"href":"https:\/\/www.naturparkmagazin.de\/stechlin\/wp-json\/wp\/v2\/posts\/6987\/revisions"}],"predecessor-version":[{"id":7066,"href":"https:\/\/www.naturparkmagazin.de\/stechlin\/wp-json\/wp\/v2\/posts\/6987\/revisions\/7066"}],"wp:featuredmedia":[{"embeddable":true,"href":"https:\/\/www.naturparkmagazin.de\/stechlin\/wp-json\/wp\/v2\/media\/7111"}],"wp:attachment":[{"href":"https:\/\/www.naturparkmagazin.de\/stechlin\/wp-json\/wp\/v2\/media?parent=6987"}],"wp:term":[{"taxonomy":"category","embeddable":true,"href":"https:\/\/www.naturparkmagazin.de\/stechlin\/wp-json\/wp\/v2\/categories?post=6987"},{"taxonomy":"post_tag","embeddable":true,"href":"https:\/\/www.naturparkmagazin.de\/stechlin\/wp-json\/wp\/v2\/tags?post=6987"}],"curies":[{"name":"wp","href":"https:\/\/api.w.org\/{rel}","templated":true}]}}