{"id":6997,"date":"2018-05-16T12:30:18","date_gmt":"2018-05-16T10:30:18","guid":{"rendered":"http:\/\/www.naturparkmagazin.de\/stechlin\/?p=6997"},"modified":"2018-05-25T16:49:39","modified_gmt":"2018-05-25T14:49:39","slug":"tag-der-offenen-tuer-im-bundesgaestehaus","status":"publish","type":"post","link":"https:\/\/www.naturparkmagazin.de\/stechlin\/tag-der-offenen-tuer-im-bundesgaestehaus\/","title":{"rendered":"Tag der offenen T\u00fcr im Bundesg\u00e4stehaus"},"content":{"rendered":"<div id=\"attachment_7000\" style=\"width: 310px\" class=\"wp-caption aligncenter\"><a href=\"https:\/\/www.naturparkmagazin.de\/stechlin\/wp-content\/uploads\/sites\/38\/Meseberg_Huwenowsee_160.jpg\"><img aria-describedby=\"caption-attachment-7000\" decoding=\"async\" loading=\"lazy\" class=\"size-thumbnail wp-image-7000\" src=\"https:\/\/www.naturparkmagazin.de\/stechlin\/wp-content\/uploads\/sites\/38\/Meseberg_Huwenowsee_160-300x180.jpg\" alt=\"Der Huwenowsee kann umwandert werden.\" width=\"300\" height=\"180\" srcset=\"https:\/\/www.naturparkmagazin.de\/stechlin\/wp-content\/uploads\/sites\/38\/Meseberg_Huwenowsee_160-300x180.jpg 300w, https:\/\/www.naturparkmagazin.de\/stechlin\/wp-content\/uploads\/sites\/38\/Meseberg_Huwenowsee_160.jpg 500w, https:\/\/www.naturparkmagazin.de\/stechlin\/wp-content\/uploads\/sites\/38\/Meseberg_Huwenowsee_160-200x120.jpg 200w\" sizes=\"(max-width: 300px) 100vw, 300px\" \/><\/a><p id=\"caption-attachment-7000\" class=\"wp-caption-text\">Der Huwenowsee kann umwandert werden.<\/p><\/div>\n<div id=\"attachment_6999\" style=\"width: 310px\" class=\"wp-caption aligncenter\"><a href=\"https:\/\/www.naturparkmagazin.de\/stechlin\/wp-content\/uploads\/sites\/38\/Meseberg_Schlosswirt_309.jpg\"><img aria-describedby=\"caption-attachment-6999\" decoding=\"async\" loading=\"lazy\" class=\"size-thumbnail wp-image-6999\" src=\"https:\/\/www.naturparkmagazin.de\/stechlin\/wp-content\/uploads\/sites\/38\/Meseberg_Schlosswirt_309-300x180.jpg\" alt=\"Der Schlosswirt l\u00e4dt zur Einkehr ein.\" width=\"300\" height=\"180\" srcset=\"https:\/\/www.naturparkmagazin.de\/stechlin\/wp-content\/uploads\/sites\/38\/Meseberg_Schlosswirt_309-300x180.jpg 300w, https:\/\/www.naturparkmagazin.de\/stechlin\/wp-content\/uploads\/sites\/38\/Meseberg_Schlosswirt_309.jpg 500w, https:\/\/www.naturparkmagazin.de\/stechlin\/wp-content\/uploads\/sites\/38\/Meseberg_Schlosswirt_309-200x120.jpg 200w\" sizes=\"(max-width: 300px) 100vw, 300px\" \/><\/a><p id=\"caption-attachment-6999\" class=\"wp-caption-text\">Der Schlosswirt l\u00e4dt zur Einkehr ein.<\/p><\/div>\n<p>Am Sonnabend, den<strong> 9. Juni 2018<\/strong>, \u00f6ffnet <strong>Schloss Meseberg<\/strong> seine T\u00fcren. Von <strong>11-17 Uhr<\/strong> sind beim <strong>Tag der offenen T\u00fcr<\/strong> R\u00e4umlichkeiten im Erdgeschoss sowie der Park f\u00fcr einen Blick hinter die Kulissen ge\u00f6ffnet. Regionale Anbieter pr\u00e4sentieren Produkte, Speisen und Getr\u00e4nke entlang der Dorfstra\u00dfe.<\/p>\n<div id=\"attachment_7001\" style=\"width: 190px\" class=\"wp-caption aligncenter\"><a href=\"https:\/\/www.naturparkmagazin.de\/stechlin\/wp-content\/uploads\/sites\/38\/Meseberg_Kirche_140.jpg\"><img aria-describedby=\"caption-attachment-7001\" decoding=\"async\" loading=\"lazy\" class=\"size-full wp-image-7001\" src=\"https:\/\/www.naturparkmagazin.de\/stechlin\/wp-content\/uploads\/sites\/38\/Meseberg_Kirche_140.jpg\" alt=\"Auch die Meseberger Dorfkirche ist sehenswert.\" width=\"180\" height=\"250\" \/><\/a><p id=\"caption-attachment-7001\" class=\"wp-caption-text\">Auch die Meseberger Dorfkirche ist sehenswert.<\/p><\/div>\n<p>&nbsp;<\/p>\n","protected":false},"excerpt":{"rendered":"<p>Am Sonnabend, den 9. Juni, \u00f6ffnet Schloss Meseberg seine T\u00fcren.<\/p>\n","protected":false},"author":39,"featured_media":6998,"comment_status":"open","ping_status":"open","sticky":false,"template":"","format":"standard","meta":[],"categories":[11],"tags":[],"yoast_head":"<!-- This site is optimized with the Yoast SEO plugin v19.10 - https:\/\/yoast.com\/wordpress\/plugins\/seo\/ -->\n<title>Tag der offenen T\u00fcr im Bundesg\u00e4stehaus - Naturpark Stechlin-Ruppiner Land<\/title>\n<meta name=\"robots\" content=\"index, follow, max-snippet:-1, max-image-preview:large, max-video-preview:-1\" \/>\n<link rel=\"canonical\" href=\"https:\/\/www.naturparkmagazin.de\/stechlin\/tag-der-offenen-tuer-im-bundesgaestehaus\/\" \/>\n<meta property=\"og:locale\" content=\"de_DE\" \/>\n<meta property=\"og:type\" content=\"article\" \/>\n<meta property=\"og:title\" content=\"Tag der offenen T\u00fcr im Bundesg\u00e4stehaus - Naturpark Stechlin-Ruppiner Land\" \/>\n<meta property=\"og:description\" content=\"Am Sonnabend, den 9. Juni, \u00f6ffnet Schloss Meseberg seine T\u00fcren.\" \/>\n<meta property=\"og:url\" content=\"https:\/\/www.naturparkmagazin.de\/stechlin\/tag-der-offenen-tuer-im-bundesgaestehaus\/\" \/>\n<meta property=\"og:site_name\" content=\"Naturpark Stechlin-Ruppiner Land\" \/>\n<meta property=\"article:published_time\" content=\"2018-05-16T10:30:18+00:00\" \/>\n<meta property=\"article:modified_time\" content=\"2018-05-25T14:49:39+00:00\" \/>\n<meta property=\"og:image\" content=\"https:\/\/www.naturparkmagazin.de\/stechlin\/wp-content\/uploads\/sites\/38\/Schloss-Meseberg_148.jpg\" \/>\n\t<meta property=\"og:image:width\" content=\"200\" \/>\n\t<meta property=\"og:image:height\" content=\"200\" \/>\n\t<meta property=\"og:image:type\" content=\"image\/jpeg\" \/>\n<meta name=\"author\" content=\"marioschrumpf\" \/>\n<meta name=\"twitter:label1\" content=\"Verfasst von\" \/>\n\t<meta name=\"twitter:data1\" content=\"marioschrumpf\" \/>\n<script type=\"application\/ld+json\" class=\"yoast-schema-graph\">{\"@context\":\"https:\/\/schema.org\",\"@graph\":[{\"@type\":\"WebPage\",\"@id\":\"https:\/\/www.naturparkmagazin.de\/stechlin\/tag-der-offenen-tuer-im-bundesgaestehaus\/\",\"url\":\"https:\/\/www.naturparkmagazin.de\/stechlin\/tag-der-offenen-tuer-im-bundesgaestehaus\/\",\"name\":\"Tag der offenen T\u00fcr im Bundesg\u00e4stehaus - Naturpark Stechlin-Ruppiner Land\",\"isPartOf\":{\"@id\":\"https:\/\/www.naturparkmagazin.de\/stechlin\/#website\"},\"datePublished\":\"2018-05-16T10:30:18+00:00\",\"dateModified\":\"2018-05-25T14:49:39+00:00\",\"author\":{\"@id\":\"https:\/\/www.naturparkmagazin.de\/stechlin\/#\/schema\/person\/3f0d93203df21c806dd63c76d9bb28bc\"},\"breadcrumb\":{\"@id\":\"https:\/\/www.naturparkmagazin.de\/stechlin\/tag-der-offenen-tuer-im-bundesgaestehaus\/#breadcrumb\"},\"inLanguage\":\"de\",\"potentialAction\":[{\"@type\":\"ReadAction\",\"target\":[\"https:\/\/www.naturparkmagazin.de\/stechlin\/tag-der-offenen-tuer-im-bundesgaestehaus\/\"]}]},{\"@type\":\"BreadcrumbList\",\"@id\":\"https:\/\/www.naturparkmagazin.de\/stechlin\/tag-der-offenen-tuer-im-bundesgaestehaus\/#breadcrumb\",\"itemListElement\":[{\"@type\":\"ListItem\",\"position\":1,\"name\":\"Home\",\"item\":\"https:\/\/www.naturparkmagazin.de\/stechlin\/\"},{\"@type\":\"ListItem\",\"position\":2,\"name\":\"Tag der offenen T\u00fcr im Bundesg\u00e4stehaus\"}]},{\"@type\":\"WebSite\",\"@id\":\"https:\/\/www.naturparkmagazin.de\/stechlin\/#website\",\"url\":\"https:\/\/www.naturparkmagazin.de\/stechlin\/\",\"name\":\"Naturpark Stechlin-Ruppiner Land\",\"description\":\"\",\"potentialAction\":[{\"@type\":\"SearchAction\",\"target\":{\"@type\":\"EntryPoint\",\"urlTemplate\":\"https:\/\/www.naturparkmagazin.de\/stechlin\/?s={search_term_string}\"},\"query-input\":\"required name=search_term_string\"}],\"inLanguage\":\"de\"},{\"@type\":\"Person\",\"@id\":\"https:\/\/www.naturparkmagazin.de\/stechlin\/#\/schema\/person\/3f0d93203df21c806dd63c76d9bb28bc\",\"name\":\"marioschrumpf\",\"url\":\"https:\/\/www.naturparkmagazin.de\/stechlin\/author\/marioschrumpf\/\"}]}<\/script>\n<!-- \/ Yoast SEO plugin. -->","yoast_head_json":{"title":"Tag der offenen T\u00fcr im Bundesg\u00e4stehaus - Naturpark Stechlin-Ruppiner Land","robots":{"index":"index","follow":"follow","max-snippet":"max-snippet:-1","max-image-preview":"max-image-preview:large","max-video-preview":"max-video-preview:-1"},"canonical":"https:\/\/www.naturparkmagazin.de\/stechlin\/tag-der-offenen-tuer-im-bundesgaestehaus\/","og_locale":"de_DE","og_type":"article","og_title":"Tag der offenen T\u00fcr im Bundesg\u00e4stehaus - Naturpark Stechlin-Ruppiner Land","og_description":"Am Sonnabend, den 9. Juni, \u00f6ffnet Schloss Meseberg seine T\u00fcren.","og_url":"https:\/\/www.naturparkmagazin.de\/stechlin\/tag-der-offenen-tuer-im-bundesgaestehaus\/","og_site_name":"Naturpark Stechlin-Ruppiner Land","article_published_time":"2018-05-16T10:30:18+00:00","article_modified_time":"2018-05-25T14:49:39+00:00","og_image":[{"width":200,"height":200,"url":"https:\/\/www.naturparkmagazin.de\/stechlin\/wp-content\/uploads\/sites\/38\/Schloss-Meseberg_148.jpg","type":"image\/jpeg"}],"author":"marioschrumpf","twitter_misc":{"Verfasst von":"marioschrumpf"},"schema":{"@context":"https:\/\/schema.org","@graph":[{"@type":"WebPage","@id":"https:\/\/www.naturparkmagazin.de\/stechlin\/tag-der-offenen-tuer-im-bundesgaestehaus\/","url":"https:\/\/www.naturparkmagazin.de\/stechlin\/tag-der-offenen-tuer-im-bundesgaestehaus\/","name":"Tag der offenen T\u00fcr im Bundesg\u00e4stehaus - Naturpark Stechlin-Ruppiner Land","isPartOf":{"@id":"https:\/\/www.naturparkmagazin.de\/stechlin\/#website"},"datePublished":"2018-05-16T10:30:18+00:00","dateModified":"2018-05-25T14:49:39+00:00","author":{"@id":"https:\/\/www.naturparkmagazin.de\/stechlin\/#\/schema\/person\/3f0d93203df21c806dd63c76d9bb28bc"},"breadcrumb":{"@id":"https:\/\/www.naturparkmagazin.de\/stechlin\/tag-der-offenen-tuer-im-bundesgaestehaus\/#breadcrumb"},"inLanguage":"de","potentialAction":[{"@type":"ReadAction","target":["https:\/\/www.naturparkmagazin.de\/stechlin\/tag-der-offenen-tuer-im-bundesgaestehaus\/"]}]},{"@type":"BreadcrumbList","@id":"https:\/\/www.naturparkmagazin.de\/stechlin\/tag-der-offenen-tuer-im-bundesgaestehaus\/#breadcrumb","itemListElement":[{"@type":"ListItem","position":1,"name":"Home","item":"https:\/\/www.naturparkmagazin.de\/stechlin\/"},{"@type":"ListItem","position":2,"name":"Tag der offenen T\u00fcr im Bundesg\u00e4stehaus"}]},{"@type":"WebSite","@id":"https:\/\/www.naturparkmagazin.de\/stechlin\/#website","url":"https:\/\/www.naturparkmagazin.de\/stechlin\/","name":"Naturpark Stechlin-Ruppiner Land","description":"","potentialAction":[{"@type":"SearchAction","target":{"@type":"EntryPoint","urlTemplate":"https:\/\/www.naturparkmagazin.de\/stechlin\/?s={search_term_string}"},"query-input":"required name=search_term_string"}],"inLanguage":"de"},{"@type":"Person","@id":"https:\/\/www.naturparkmagazin.de\/stechlin\/#\/schema\/person\/3f0d93203df21c806dd63c76d9bb28bc","name":"marioschrumpf","url":"https:\/\/www.naturparkmagazin.de\/stechlin\/author\/marioschrumpf\/"}]}},"_links":{"self":[{"href":"https:\/\/www.naturparkmagazin.de\/stechlin\/wp-json\/wp\/v2\/posts\/6997"}],"collection":[{"href":"https:\/\/www.naturparkmagazin.de\/stechlin\/wp-json\/wp\/v2\/posts"}],"about":[{"href":"https:\/\/www.naturparkmagazin.de\/stechlin\/wp-json\/wp\/v2\/types\/post"}],"author":[{"embeddable":true,"href":"https:\/\/www.naturparkmagazin.de\/stechlin\/wp-json\/wp\/v2\/users\/39"}],"replies":[{"embeddable":true,"href":"https:\/\/www.naturparkmagazin.de\/stechlin\/wp-json\/wp\/v2\/comments?post=6997"}],"version-history":[{"count":3,"href":"https:\/\/www.naturparkmagazin.de\/stechlin\/wp-json\/wp\/v2\/posts\/6997\/revisions"}],"predecessor-version":[{"id":7075,"href":"https:\/\/www.naturparkmagazin.de\/stechlin\/wp-json\/wp\/v2\/posts\/6997\/revisions\/7075"}],"wp:featuredmedia":[{"embeddable":true,"href":"https:\/\/www.naturparkmagazin.de\/stechlin\/wp-json\/wp\/v2\/media\/6998"}],"wp:attachment":[{"href":"https:\/\/www.naturparkmagazin.de\/stechlin\/wp-json\/wp\/v2\/media?parent=6997"}],"wp:term":[{"taxonomy":"category","embeddable":true,"href":"https:\/\/www.naturparkmagazin.de\/stechlin\/wp-json\/wp\/v2\/categories?post=6997"},{"taxonomy":"post_tag","embeddable":true,"href":"https:\/\/www.naturparkmagazin.de\/stechlin\/wp-json\/wp\/v2\/tags?post=6997"}],"curies":[{"name":"wp","href":"https:\/\/api.w.org\/{rel}","templated":true}]}}