{"id":702,"date":"2014-02-18T11:11:03","date_gmt":"2014-02-18T09:11:03","guid":{"rendered":"http:\/\/www.naturparkmagazin.de\/stechlin\/?p=702"},"modified":"2014-02-21T10:31:57","modified_gmt":"2014-02-21T09:31:57","slug":"weiterbildung-fuer-naturparkschulen-im-naturparkhaus-stechlin","status":"publish","type":"post","link":"https:\/\/www.naturparkmagazin.de\/stechlin\/weiterbildung-fuer-naturparkschulen-im-naturparkhaus-stechlin\/","title":{"rendered":"Weiterbildung f\u00fcr Naturparkschulen"},"content":{"rendered":"<div id=\"attachment_703\" style=\"width: 330px\" class=\"wp-caption alignnone\"><a href=\"https:\/\/www.naturparkmagazin.de\/stechlin\/wp-content\/uploads\/sites\/38\/k-DSC_0001.jpg\"><img aria-describedby=\"caption-attachment-703\" decoding=\"async\" loading=\"lazy\" class=\"size-full wp-image-703\" title=\"Karin Schl\u00f6sser erkl\u00e4rt die unterschiedlichen Umweltbildungsprogramme (Foto: Dr. M. Schrumpf)\" alt=\"Karin Schl\u00f6sser erkl\u00e4rt die unterschiedlichen Umweltbildungsprogramme (Foto: Dr. M. Schrumpf)\" src=\"https:\/\/www.naturparkmagazin.de\/stechlin\/wp-content\/uploads\/sites\/38\/k-DSC_0001.jpg\" width=\"320\" height=\"240\" srcset=\"https:\/\/www.naturparkmagazin.de\/stechlin\/wp-content\/uploads\/sites\/38\/k-DSC_0001.jpg 320w, https:\/\/www.naturparkmagazin.de\/stechlin\/wp-content\/uploads\/sites\/38\/k-DSC_0001-300x225.jpg 300w, https:\/\/www.naturparkmagazin.de\/stechlin\/wp-content\/uploads\/sites\/38\/k-DSC_0001-180x135.jpg 180w, https:\/\/www.naturparkmagazin.de\/stechlin\/wp-content\/uploads\/sites\/38\/k-DSC_0001-95x71.jpg 95w, https:\/\/www.naturparkmagazin.de\/stechlin\/wp-content\/uploads\/sites\/38\/k-DSC_0001-200x150.jpg 200w\" sizes=\"(max-width: 320px) 100vw, 320px\" \/><\/a><p id=\"caption-attachment-703\" class=\"wp-caption-text\">Karin Schl\u00f6sser erkl\u00e4rt die unterschiedlichen Umweltbildungsprogramme (Foto: Dr. M. Schrumpf)<\/p><\/div>\n<p>18 Lehrer aus den vier angehenden Naturparkschulen in den Naturparken Uckerm\u00e4rkische Seen und Stechlin-Ruppiner Land haben sich am 17. Februar \u00fcber Umweltbildungsm\u00f6glichkeiten f\u00fcr Schulen im Besucherzentrum NaturParkHaus Stechlin in Menz informiert. Die Fontane-Schule Menz, die Gentz-Schule Neuruppin, die Aktive Naturschule Templin und die Grundschule Am Ziegeleipark Mildenberg hatten zu Jahresbeginn eine Kooperationsvereinbarung mit beiden Naturparken geschlossen. Alle vier arbeiten im Pilotprojekt Naturparkschulen des Verbandes Deutscher Naturparke mit. Die Weiterbildungsveranstaltung ist der Auftakt f\u00fcr eine Reihe von angedachten Aktivit\u00e4ten im Rahmen der Kooperation.<\/p>\n<p>Das Besucherzentrum NaturParkHaus Stechlin bietet eine Vielzahl\u00a0Umweltbildungsangebote f\u00fcr Sch\u00fcler aller Klassenstufen\u00a0an.<\/p>\n","protected":false},"excerpt":{"rendered":"<p>18 Lehrer aus den vier angehenden Naturparkschulen haben sich \u00fcber Umweltbildungsm\u00f6glichkeiten f\u00fcr Schulen im NaturParkHaus Stechlin in Menz informiert.<\/p>\n","protected":false},"author":39,"featured_media":703,"comment_status":"open","ping_status":"open","sticky":false,"template":"","format":"standard","meta":[],"categories":[7],"tags":[],"yoast_head":"<!-- This site is optimized with the Yoast SEO plugin v19.10 - https:\/\/yoast.com\/wordpress\/plugins\/seo\/ -->\n<title>Weiterbildung f\u00fcr Naturparkschulen  - Naturpark Stechlin-Ruppiner Land<\/title>\n<meta name=\"robots\" content=\"index, follow, max-snippet:-1, max-image-preview:large, max-video-preview:-1\" \/>\n<link rel=\"canonical\" href=\"https:\/\/www.naturparkmagazin.de\/stechlin\/weiterbildung-fuer-naturparkschulen-im-naturparkhaus-stechlin\/\" \/>\n<meta property=\"og:locale\" content=\"de_DE\" \/>\n<meta property=\"og:type\" content=\"article\" \/>\n<meta property=\"og:title\" content=\"Weiterbildung f\u00fcr Naturparkschulen  - Naturpark Stechlin-Ruppiner Land\" \/>\n<meta property=\"og:description\" content=\"18 Lehrer aus den vier angehenden Naturparkschulen haben sich \u00fcber Umweltbildungsm\u00f6glichkeiten f\u00fcr Schulen im NaturParkHaus Stechlin in Menz informiert.\" \/>\n<meta property=\"og:url\" content=\"https:\/\/www.naturparkmagazin.de\/stechlin\/weiterbildung-fuer-naturparkschulen-im-naturparkhaus-stechlin\/\" \/>\n<meta property=\"og:site_name\" content=\"Naturpark Stechlin-Ruppiner Land\" \/>\n<meta property=\"article:published_time\" content=\"2014-02-18T09:11:03+00:00\" \/>\n<meta property=\"article:modified_time\" content=\"2014-02-21T09:31:57+00:00\" \/>\n<meta property=\"og:image\" content=\"https:\/\/www.naturparkmagazin.de\/stechlin\/wp-content\/uploads\/sites\/38\/k-DSC_0001.jpg\" \/>\n\t<meta property=\"og:image:width\" content=\"320\" \/>\n\t<meta property=\"og:image:height\" content=\"240\" \/>\n\t<meta property=\"og:image:type\" content=\"image\/jpeg\" \/>\n<meta name=\"author\" content=\"marioschrumpf\" \/>\n<meta name=\"twitter:label1\" content=\"Verfasst von\" \/>\n\t<meta name=\"twitter:data1\" content=\"marioschrumpf\" \/>\n\t<meta name=\"twitter:label2\" content=\"Gesch\u00e4tzte Lesezeit\" \/>\n\t<meta name=\"twitter:data2\" content=\"1\u00a0Minute\" \/>\n<script type=\"application\/ld+json\" class=\"yoast-schema-graph\">{\"@context\":\"https:\/\/schema.org\",\"@graph\":[{\"@type\":\"WebPage\",\"@id\":\"https:\/\/www.naturparkmagazin.de\/stechlin\/weiterbildung-fuer-naturparkschulen-im-naturparkhaus-stechlin\/\",\"url\":\"https:\/\/www.naturparkmagazin.de\/stechlin\/weiterbildung-fuer-naturparkschulen-im-naturparkhaus-stechlin\/\",\"name\":\"Weiterbildung f\u00fcr Naturparkschulen - Naturpark Stechlin-Ruppiner Land\",\"isPartOf\":{\"@id\":\"https:\/\/www.naturparkmagazin.de\/stechlin\/#website\"},\"datePublished\":\"2014-02-18T09:11:03+00:00\",\"dateModified\":\"2014-02-21T09:31:57+00:00\",\"author\":{\"@id\":\"https:\/\/www.naturparkmagazin.de\/stechlin\/#\/schema\/person\/3f0d93203df21c806dd63c76d9bb28bc\"},\"breadcrumb\":{\"@id\":\"https:\/\/www.naturparkmagazin.de\/stechlin\/weiterbildung-fuer-naturparkschulen-im-naturparkhaus-stechlin\/#breadcrumb\"},\"inLanguage\":\"de\",\"potentialAction\":[{\"@type\":\"ReadAction\",\"target\":[\"https:\/\/www.naturparkmagazin.de\/stechlin\/weiterbildung-fuer-naturparkschulen-im-naturparkhaus-stechlin\/\"]}]},{\"@type\":\"BreadcrumbList\",\"@id\":\"https:\/\/www.naturparkmagazin.de\/stechlin\/weiterbildung-fuer-naturparkschulen-im-naturparkhaus-stechlin\/#breadcrumb\",\"itemListElement\":[{\"@type\":\"ListItem\",\"position\":1,\"name\":\"Home\",\"item\":\"https:\/\/www.naturparkmagazin.de\/stechlin\/\"},{\"@type\":\"ListItem\",\"position\":2,\"name\":\"Weiterbildung f\u00fcr Naturparkschulen\"}]},{\"@type\":\"WebSite\",\"@id\":\"https:\/\/www.naturparkmagazin.de\/stechlin\/#website\",\"url\":\"https:\/\/www.naturparkmagazin.de\/stechlin\/\",\"name\":\"Naturpark Stechlin-Ruppiner Land\",\"description\":\"\",\"potentialAction\":[{\"@type\":\"SearchAction\",\"target\":{\"@type\":\"EntryPoint\",\"urlTemplate\":\"https:\/\/www.naturparkmagazin.de\/stechlin\/?s={search_term_string}\"},\"query-input\":\"required name=search_term_string\"}],\"inLanguage\":\"de\"},{\"@type\":\"Person\",\"@id\":\"https:\/\/www.naturparkmagazin.de\/stechlin\/#\/schema\/person\/3f0d93203df21c806dd63c76d9bb28bc\",\"name\":\"marioschrumpf\",\"url\":\"https:\/\/www.naturparkmagazin.de\/stechlin\/author\/marioschrumpf\/\"}]}<\/script>\n<!-- \/ Yoast SEO plugin. -->","yoast_head_json":{"title":"Weiterbildung f\u00fcr Naturparkschulen  - Naturpark Stechlin-Ruppiner Land","robots":{"index":"index","follow":"follow","max-snippet":"max-snippet:-1","max-image-preview":"max-image-preview:large","max-video-preview":"max-video-preview:-1"},"canonical":"https:\/\/www.naturparkmagazin.de\/stechlin\/weiterbildung-fuer-naturparkschulen-im-naturparkhaus-stechlin\/","og_locale":"de_DE","og_type":"article","og_title":"Weiterbildung f\u00fcr Naturparkschulen  - Naturpark Stechlin-Ruppiner Land","og_description":"18 Lehrer aus den vier angehenden Naturparkschulen haben sich \u00fcber Umweltbildungsm\u00f6glichkeiten f\u00fcr Schulen im NaturParkHaus Stechlin in Menz informiert.","og_url":"https:\/\/www.naturparkmagazin.de\/stechlin\/weiterbildung-fuer-naturparkschulen-im-naturparkhaus-stechlin\/","og_site_name":"Naturpark Stechlin-Ruppiner Land","article_published_time":"2014-02-18T09:11:03+00:00","article_modified_time":"2014-02-21T09:31:57+00:00","og_image":[{"width":320,"height":240,"url":"https:\/\/www.naturparkmagazin.de\/stechlin\/wp-content\/uploads\/sites\/38\/k-DSC_0001.jpg","type":"image\/jpeg"}],"author":"marioschrumpf","twitter_misc":{"Verfasst von":"marioschrumpf","Gesch\u00e4tzte Lesezeit":"1\u00a0Minute"},"schema":{"@context":"https:\/\/schema.org","@graph":[{"@type":"WebPage","@id":"https:\/\/www.naturparkmagazin.de\/stechlin\/weiterbildung-fuer-naturparkschulen-im-naturparkhaus-stechlin\/","url":"https:\/\/www.naturparkmagazin.de\/stechlin\/weiterbildung-fuer-naturparkschulen-im-naturparkhaus-stechlin\/","name":"Weiterbildung f\u00fcr Naturparkschulen - Naturpark Stechlin-Ruppiner Land","isPartOf":{"@id":"https:\/\/www.naturparkmagazin.de\/stechlin\/#website"},"datePublished":"2014-02-18T09:11:03+00:00","dateModified":"2014-02-21T09:31:57+00:00","author":{"@id":"https:\/\/www.naturparkmagazin.de\/stechlin\/#\/schema\/person\/3f0d93203df21c806dd63c76d9bb28bc"},"breadcrumb":{"@id":"https:\/\/www.naturparkmagazin.de\/stechlin\/weiterbildung-fuer-naturparkschulen-im-naturparkhaus-stechlin\/#breadcrumb"},"inLanguage":"de","potentialAction":[{"@type":"ReadAction","target":["https:\/\/www.naturparkmagazin.de\/stechlin\/weiterbildung-fuer-naturparkschulen-im-naturparkhaus-stechlin\/"]}]},{"@type":"BreadcrumbList","@id":"https:\/\/www.naturparkmagazin.de\/stechlin\/weiterbildung-fuer-naturparkschulen-im-naturparkhaus-stechlin\/#breadcrumb","itemListElement":[{"@type":"ListItem","position":1,"name":"Home","item":"https:\/\/www.naturparkmagazin.de\/stechlin\/"},{"@type":"ListItem","position":2,"name":"Weiterbildung f\u00fcr Naturparkschulen"}]},{"@type":"WebSite","@id":"https:\/\/www.naturparkmagazin.de\/stechlin\/#website","url":"https:\/\/www.naturparkmagazin.de\/stechlin\/","name":"Naturpark Stechlin-Ruppiner Land","description":"","potentialAction":[{"@type":"SearchAction","target":{"@type":"EntryPoint","urlTemplate":"https:\/\/www.naturparkmagazin.de\/stechlin\/?s={search_term_string}"},"query-input":"required name=search_term_string"}],"inLanguage":"de"},{"@type":"Person","@id":"https:\/\/www.naturparkmagazin.de\/stechlin\/#\/schema\/person\/3f0d93203df21c806dd63c76d9bb28bc","name":"marioschrumpf","url":"https:\/\/www.naturparkmagazin.de\/stechlin\/author\/marioschrumpf\/"}]}},"_links":{"self":[{"href":"https:\/\/www.naturparkmagazin.de\/stechlin\/wp-json\/wp\/v2\/posts\/702"}],"collection":[{"href":"https:\/\/www.naturparkmagazin.de\/stechlin\/wp-json\/wp\/v2\/posts"}],"about":[{"href":"https:\/\/www.naturparkmagazin.de\/stechlin\/wp-json\/wp\/v2\/types\/post"}],"author":[{"embeddable":true,"href":"https:\/\/www.naturparkmagazin.de\/stechlin\/wp-json\/wp\/v2\/users\/39"}],"replies":[{"embeddable":true,"href":"https:\/\/www.naturparkmagazin.de\/stechlin\/wp-json\/wp\/v2\/comments?post=702"}],"version-history":[{"count":6,"href":"https:\/\/www.naturparkmagazin.de\/stechlin\/wp-json\/wp\/v2\/posts\/702\/revisions"}],"predecessor-version":[{"id":765,"href":"https:\/\/www.naturparkmagazin.de\/stechlin\/wp-json\/wp\/v2\/posts\/702\/revisions\/765"}],"wp:featuredmedia":[{"embeddable":true,"href":"https:\/\/www.naturparkmagazin.de\/stechlin\/wp-json\/wp\/v2\/media\/703"}],"wp:attachment":[{"href":"https:\/\/www.naturparkmagazin.de\/stechlin\/wp-json\/wp\/v2\/media?parent=702"}],"wp:term":[{"taxonomy":"category","embeddable":true,"href":"https:\/\/www.naturparkmagazin.de\/stechlin\/wp-json\/wp\/v2\/categories?post=702"},{"taxonomy":"post_tag","embeddable":true,"href":"https:\/\/www.naturparkmagazin.de\/stechlin\/wp-json\/wp\/v2\/tags?post=702"}],"curies":[{"name":"wp","href":"https:\/\/api.w.org\/{rel}","templated":true}]}}