{"id":7020,"date":"2018-05-16T11:08:53","date_gmt":"2018-05-16T09:08:53","guid":{"rendered":"http:\/\/www.naturparkmagazin.de\/stechlin\/?p=7020"},"modified":"2018-05-25T17:31:42","modified_gmt":"2018-05-25T15:31:42","slug":"tag-der-offenen-tuer-an-der-waldarbeitsschule-was-kunsterspring","status":"publish","type":"post","link":"https:\/\/www.naturparkmagazin.de\/stechlin\/tag-der-offenen-tuer-an-der-waldarbeitsschule-was-kunsterspring\/","title":{"rendered":"Tag der offenen T\u00fcr an der Waldarbeitsschule (WAS) Kunsterspring"},"content":{"rendered":"<div id=\"attachment_3224\" style=\"width: 310px\" class=\"wp-caption aligncenter\"><a href=\"https:\/\/www.naturparkmagazin.de\/stechlin\/wp-content\/uploads\/sites\/38\/Juniorrangercamp-2015.jpg\"><img aria-describedby=\"caption-attachment-3224\" decoding=\"async\" loading=\"lazy\" class=\"size-thumbnail wp-image-3224\" src=\"https:\/\/www.naturparkmagazin.de\/stechlin\/wp-content\/uploads\/sites\/38\/Juniorrangercamp-2015-300x201.jpg\" alt=\"Bundesweites &quot;Juniorrangercamp in Kunsterspring&quot;\" width=\"300\" height=\"201\" srcset=\"https:\/\/www.naturparkmagazin.de\/stechlin\/wp-content\/uploads\/sites\/38\/Juniorrangercamp-2015.jpg 300w, https:\/\/www.naturparkmagazin.de\/stechlin\/wp-content\/uploads\/sites\/38\/Juniorrangercamp-2015-200x134.jpg 200w\" sizes=\"(max-width: 300px) 100vw, 300px\" \/><\/a><p id=\"caption-attachment-3224\" class=\"wp-caption-text\">Die WAS war Partner des bundesweiten Juniorrangercamps<\/p><\/div>\n<p>&nbsp;<\/p>\n<p>Am <strong>16. Juni 2018<\/strong> veranstaltet die WAS in der Zeit von <strong>10-17 Uhr<\/strong> einen gro\u00dfen <em>&#8222;Tag der offenen T\u00fcr&#8220;.<\/em><\/p>\n<p>Bei dieser Veranstaltung stellt die WAS die Aus- und Fortbildung von Forstwirten vor und m\u00f6chte auch ihren Partnern die M\u00f6glichkeit geben, sich einem breiten Publikum zu pr\u00e4sentieren.<\/p>\n<p>So wird auch die Naturwacht Stechlin-Ruppiner Land vor Ort sein.<\/p>\n<div id=\"attachment_7022\" style=\"width: 190px\" class=\"wp-caption aligncenter\"><a href=\"https:\/\/www.naturparkmagazin.de\/stechlin\/wp-content\/uploads\/sites\/38\/Kuno_mit-Kettens\u00e4ge.jpg\"><img aria-describedby=\"caption-attachment-7022\" decoding=\"async\" loading=\"lazy\" class=\"size-full wp-image-7022\" src=\"https:\/\/www.naturparkmagazin.de\/stechlin\/wp-content\/uploads\/sites\/38\/Kuno_mit-Kettens\u00e4ge.jpg\" alt=\"Internationales Kunstsymposium in Kunsterspring.\" width=\"180\" height=\"250\" \/><\/a><p id=\"caption-attachment-7022\" class=\"wp-caption-text\">Das 18. Internationale Kunstsymposium des Naturparks wird in diesem Jahr in der WAS Kunsterspring zu Gast zu sein.<\/p><\/div>\n<p>&nbsp;<\/p>\n","protected":false},"excerpt":{"rendered":"<p>Am 16. Juni 2018 veranstaltet die Waldarbeitsschule Kunsterspring in der Zeit von 10-17 Uhr einen gro\u00dfen &#8222;Tag der offenen T\u00fcr&#8220;.<\/p>\n","protected":false},"author":39,"featured_media":7021,"comment_status":"open","ping_status":"open","sticky":false,"template":"","format":"standard","meta":[],"categories":[11],"tags":[],"yoast_head":"<!-- This site is optimized with the Yoast SEO plugin v19.10 - https:\/\/yoast.com\/wordpress\/plugins\/seo\/ -->\n<title>Tag der offenen T\u00fcr an der Waldarbeitsschule (WAS) Kunsterspring - Naturpark Stechlin-Ruppiner Land<\/title>\n<meta name=\"robots\" content=\"index, follow, max-snippet:-1, max-image-preview:large, max-video-preview:-1\" \/>\n<link rel=\"canonical\" href=\"https:\/\/www.naturparkmagazin.de\/stechlin\/tag-der-offenen-tuer-an-der-waldarbeitsschule-was-kunsterspring\/\" \/>\n<meta property=\"og:locale\" content=\"de_DE\" \/>\n<meta property=\"og:type\" content=\"article\" \/>\n<meta property=\"og:title\" content=\"Tag der offenen T\u00fcr an der Waldarbeitsschule (WAS) Kunsterspring - Naturpark Stechlin-Ruppiner Land\" \/>\n<meta property=\"og:description\" content=\"Am 16. Juni 2018 veranstaltet die Waldarbeitsschule Kunsterspring in der Zeit von 10-17 Uhr einen gro\u00dfen &quot;Tag der offenen T\u00fcr&quot;.\" \/>\n<meta property=\"og:url\" content=\"https:\/\/www.naturparkmagazin.de\/stechlin\/tag-der-offenen-tuer-an-der-waldarbeitsschule-was-kunsterspring\/\" \/>\n<meta property=\"og:site_name\" content=\"Naturpark Stechlin-Ruppiner Land\" \/>\n<meta property=\"article:published_time\" content=\"2018-05-16T09:08:53+00:00\" \/>\n<meta property=\"article:modified_time\" content=\"2018-05-25T15:31:42+00:00\" \/>\n<meta property=\"og:image\" content=\"https:\/\/www.naturparkmagazin.de\/stechlin\/wp-content\/uploads\/sites\/38\/Waldarbeitsschule_Eingang.jpg\" \/>\n\t<meta property=\"og:image:width\" content=\"200\" \/>\n\t<meta property=\"og:image:height\" content=\"200\" \/>\n\t<meta property=\"og:image:type\" content=\"image\/jpeg\" \/>\n<meta name=\"author\" content=\"marioschrumpf\" \/>\n<meta name=\"twitter:label1\" content=\"Verfasst von\" \/>\n\t<meta name=\"twitter:data1\" content=\"marioschrumpf\" \/>\n<script type=\"application\/ld+json\" class=\"yoast-schema-graph\">{\"@context\":\"https:\/\/schema.org\",\"@graph\":[{\"@type\":\"WebPage\",\"@id\":\"https:\/\/www.naturparkmagazin.de\/stechlin\/tag-der-offenen-tuer-an-der-waldarbeitsschule-was-kunsterspring\/\",\"url\":\"https:\/\/www.naturparkmagazin.de\/stechlin\/tag-der-offenen-tuer-an-der-waldarbeitsschule-was-kunsterspring\/\",\"name\":\"Tag der offenen T\u00fcr an der Waldarbeitsschule (WAS) Kunsterspring - Naturpark Stechlin-Ruppiner Land\",\"isPartOf\":{\"@id\":\"https:\/\/www.naturparkmagazin.de\/stechlin\/#website\"},\"datePublished\":\"2018-05-16T09:08:53+00:00\",\"dateModified\":\"2018-05-25T15:31:42+00:00\",\"author\":{\"@id\":\"https:\/\/www.naturparkmagazin.de\/stechlin\/#\/schema\/person\/3f0d93203df21c806dd63c76d9bb28bc\"},\"breadcrumb\":{\"@id\":\"https:\/\/www.naturparkmagazin.de\/stechlin\/tag-der-offenen-tuer-an-der-waldarbeitsschule-was-kunsterspring\/#breadcrumb\"},\"inLanguage\":\"de\",\"potentialAction\":[{\"@type\":\"ReadAction\",\"target\":[\"https:\/\/www.naturparkmagazin.de\/stechlin\/tag-der-offenen-tuer-an-der-waldarbeitsschule-was-kunsterspring\/\"]}]},{\"@type\":\"BreadcrumbList\",\"@id\":\"https:\/\/www.naturparkmagazin.de\/stechlin\/tag-der-offenen-tuer-an-der-waldarbeitsschule-was-kunsterspring\/#breadcrumb\",\"itemListElement\":[{\"@type\":\"ListItem\",\"position\":1,\"name\":\"Home\",\"item\":\"https:\/\/www.naturparkmagazin.de\/stechlin\/\"},{\"@type\":\"ListItem\",\"position\":2,\"name\":\"Tag der offenen T\u00fcr an der Waldarbeitsschule (WAS) Kunsterspring\"}]},{\"@type\":\"WebSite\",\"@id\":\"https:\/\/www.naturparkmagazin.de\/stechlin\/#website\",\"url\":\"https:\/\/www.naturparkmagazin.de\/stechlin\/\",\"name\":\"Naturpark Stechlin-Ruppiner Land\",\"description\":\"\",\"potentialAction\":[{\"@type\":\"SearchAction\",\"target\":{\"@type\":\"EntryPoint\",\"urlTemplate\":\"https:\/\/www.naturparkmagazin.de\/stechlin\/?s={search_term_string}\"},\"query-input\":\"required name=search_term_string\"}],\"inLanguage\":\"de\"},{\"@type\":\"Person\",\"@id\":\"https:\/\/www.naturparkmagazin.de\/stechlin\/#\/schema\/person\/3f0d93203df21c806dd63c76d9bb28bc\",\"name\":\"marioschrumpf\",\"url\":\"https:\/\/www.naturparkmagazin.de\/stechlin\/author\/marioschrumpf\/\"}]}<\/script>\n<!-- \/ Yoast SEO plugin. -->","yoast_head_json":{"title":"Tag der offenen T\u00fcr an der Waldarbeitsschule (WAS) Kunsterspring - Naturpark Stechlin-Ruppiner Land","robots":{"index":"index","follow":"follow","max-snippet":"max-snippet:-1","max-image-preview":"max-image-preview:large","max-video-preview":"max-video-preview:-1"},"canonical":"https:\/\/www.naturparkmagazin.de\/stechlin\/tag-der-offenen-tuer-an-der-waldarbeitsschule-was-kunsterspring\/","og_locale":"de_DE","og_type":"article","og_title":"Tag der offenen T\u00fcr an der Waldarbeitsschule (WAS) Kunsterspring - Naturpark Stechlin-Ruppiner Land","og_description":"Am 16. Juni 2018 veranstaltet die Waldarbeitsschule Kunsterspring in der Zeit von 10-17 Uhr einen gro\u00dfen \"Tag der offenen T\u00fcr\".","og_url":"https:\/\/www.naturparkmagazin.de\/stechlin\/tag-der-offenen-tuer-an-der-waldarbeitsschule-was-kunsterspring\/","og_site_name":"Naturpark Stechlin-Ruppiner Land","article_published_time":"2018-05-16T09:08:53+00:00","article_modified_time":"2018-05-25T15:31:42+00:00","og_image":[{"width":200,"height":200,"url":"https:\/\/www.naturparkmagazin.de\/stechlin\/wp-content\/uploads\/sites\/38\/Waldarbeitsschule_Eingang.jpg","type":"image\/jpeg"}],"author":"marioschrumpf","twitter_misc":{"Verfasst von":"marioschrumpf"},"schema":{"@context":"https:\/\/schema.org","@graph":[{"@type":"WebPage","@id":"https:\/\/www.naturparkmagazin.de\/stechlin\/tag-der-offenen-tuer-an-der-waldarbeitsschule-was-kunsterspring\/","url":"https:\/\/www.naturparkmagazin.de\/stechlin\/tag-der-offenen-tuer-an-der-waldarbeitsschule-was-kunsterspring\/","name":"Tag der offenen T\u00fcr an der Waldarbeitsschule (WAS) Kunsterspring - Naturpark Stechlin-Ruppiner Land","isPartOf":{"@id":"https:\/\/www.naturparkmagazin.de\/stechlin\/#website"},"datePublished":"2018-05-16T09:08:53+00:00","dateModified":"2018-05-25T15:31:42+00:00","author":{"@id":"https:\/\/www.naturparkmagazin.de\/stechlin\/#\/schema\/person\/3f0d93203df21c806dd63c76d9bb28bc"},"breadcrumb":{"@id":"https:\/\/www.naturparkmagazin.de\/stechlin\/tag-der-offenen-tuer-an-der-waldarbeitsschule-was-kunsterspring\/#breadcrumb"},"inLanguage":"de","potentialAction":[{"@type":"ReadAction","target":["https:\/\/www.naturparkmagazin.de\/stechlin\/tag-der-offenen-tuer-an-der-waldarbeitsschule-was-kunsterspring\/"]}]},{"@type":"BreadcrumbList","@id":"https:\/\/www.naturparkmagazin.de\/stechlin\/tag-der-offenen-tuer-an-der-waldarbeitsschule-was-kunsterspring\/#breadcrumb","itemListElement":[{"@type":"ListItem","position":1,"name":"Home","item":"https:\/\/www.naturparkmagazin.de\/stechlin\/"},{"@type":"ListItem","position":2,"name":"Tag der offenen T\u00fcr an der Waldarbeitsschule (WAS) Kunsterspring"}]},{"@type":"WebSite","@id":"https:\/\/www.naturparkmagazin.de\/stechlin\/#website","url":"https:\/\/www.naturparkmagazin.de\/stechlin\/","name":"Naturpark Stechlin-Ruppiner Land","description":"","potentialAction":[{"@type":"SearchAction","target":{"@type":"EntryPoint","urlTemplate":"https:\/\/www.naturparkmagazin.de\/stechlin\/?s={search_term_string}"},"query-input":"required name=search_term_string"}],"inLanguage":"de"},{"@type":"Person","@id":"https:\/\/www.naturparkmagazin.de\/stechlin\/#\/schema\/person\/3f0d93203df21c806dd63c76d9bb28bc","name":"marioschrumpf","url":"https:\/\/www.naturparkmagazin.de\/stechlin\/author\/marioschrumpf\/"}]}},"_links":{"self":[{"href":"https:\/\/www.naturparkmagazin.de\/stechlin\/wp-json\/wp\/v2\/posts\/7020"}],"collection":[{"href":"https:\/\/www.naturparkmagazin.de\/stechlin\/wp-json\/wp\/v2\/posts"}],"about":[{"href":"https:\/\/www.naturparkmagazin.de\/stechlin\/wp-json\/wp\/v2\/types\/post"}],"author":[{"embeddable":true,"href":"https:\/\/www.naturparkmagazin.de\/stechlin\/wp-json\/wp\/v2\/users\/39"}],"replies":[{"embeddable":true,"href":"https:\/\/www.naturparkmagazin.de\/stechlin\/wp-json\/wp\/v2\/comments?post=7020"}],"version-history":[{"count":3,"href":"https:\/\/www.naturparkmagazin.de\/stechlin\/wp-json\/wp\/v2\/posts\/7020\/revisions"}],"predecessor-version":[{"id":7089,"href":"https:\/\/www.naturparkmagazin.de\/stechlin\/wp-json\/wp\/v2\/posts\/7020\/revisions\/7089"}],"wp:featuredmedia":[{"embeddable":true,"href":"https:\/\/www.naturparkmagazin.de\/stechlin\/wp-json\/wp\/v2\/media\/7021"}],"wp:attachment":[{"href":"https:\/\/www.naturparkmagazin.de\/stechlin\/wp-json\/wp\/v2\/media?parent=7020"}],"wp:term":[{"taxonomy":"category","embeddable":true,"href":"https:\/\/www.naturparkmagazin.de\/stechlin\/wp-json\/wp\/v2\/categories?post=7020"},{"taxonomy":"post_tag","embeddable":true,"href":"https:\/\/www.naturparkmagazin.de\/stechlin\/wp-json\/wp\/v2\/tags?post=7020"}],"curies":[{"name":"wp","href":"https:\/\/api.w.org\/{rel}","templated":true}]}}