{"id":7030,"date":"2018-05-16T07:26:13","date_gmt":"2018-05-16T05:26:13","guid":{"rendered":"http:\/\/www.naturparkmagazin.de\/stechlin\/?p=7030"},"modified":"2018-05-25T17:50:41","modified_gmt":"2018-05-25T15:50:41","slug":"behinderteneinstieg-am-stechlin-wird-erneuert","status":"publish","type":"post","link":"https:\/\/www.naturparkmagazin.de\/stechlin\/behinderteneinstieg-am-stechlin-wird-erneuert\/","title":{"rendered":"Behinderteneinstieg am Stechlin wurde erneuert"},"content":{"rendered":"<p>Egbert Witzlau, Alfred Schult und Wolfgang Korte haben sich am Neuglobsower Strand zu einem spontanen Arbeitseinsatz verabredet.<\/p>\n<div id=\"attachment_7032\" style=\"width: 190px\" class=\"wp-caption aligncenter\"><a href=\"https:\/\/www.naturparkmagazin.de\/stechlin\/wp-content\/uploads\/sites\/38\/Werkzeugeinsatz-Eichenstamm-Tauchbasis.jpg\"><img aria-describedby=\"caption-attachment-7032\" decoding=\"async\" loading=\"lazy\" class=\"size-full wp-image-7032\" src=\"https:\/\/www.naturparkmagazin.de\/stechlin\/wp-content\/uploads\/sites\/38\/Werkzeugeinsatz-Eichenstamm-Tauchbasis.jpg\" alt=\"Mit Schabeisen, Axt und Schleifer ging es zur Sache.\" width=\"180\" height=\"250\" \/><\/a><p id=\"caption-attachment-7032\" class=\"wp-caption-text\">Mit Schabeisen, Axt und Schleifer ging es zur Sache.<\/p><\/div>\n<p>Die Mitarbeiter aus\u00a0Naturparkverwaltung, NaturParkHaus Stechlin und Glasmacherhaus haben den seit Jahren als Behinderten-Einstieg genutzten Eichenstamm in der N\u00e4he der Tauchbasis vom Splintholz befreit und gegl\u00e4ttet. Auch der zum Stamm f\u00fchrende Steg soll noch \u00fcberarbeitet werden.<\/p>\n<div id=\"attachment_7036\" style=\"width: 310px\" class=\"wp-caption aligncenter\"><a href=\"https:\/\/www.naturparkmagazin.de\/stechlin\/wp-content\/uploads\/sites\/38\/Behinderten-BadestelleStechlinsee1.jpg\"><img aria-describedby=\"caption-attachment-7036\" decoding=\"async\" loading=\"lazy\" class=\"size-thumbnail wp-image-7036\" src=\"https:\/\/www.naturparkmagazin.de\/stechlin\/wp-content\/uploads\/sites\/38\/Behinderten-BadestelleStechlinsee1-300x180.jpg\" alt=\"Rollstuhlfahrer aus dem Haus Rheinsberg nutzen regelm\u00e4\u00dfig die Badestelle\" width=\"300\" height=\"180\" srcset=\"https:\/\/www.naturparkmagazin.de\/stechlin\/wp-content\/uploads\/sites\/38\/Behinderten-BadestelleStechlinsee1-300x180.jpg 300w, https:\/\/www.naturparkmagazin.de\/stechlin\/wp-content\/uploads\/sites\/38\/Behinderten-BadestelleStechlinsee1.jpg 500w, https:\/\/www.naturparkmagazin.de\/stechlin\/wp-content\/uploads\/sites\/38\/Behinderten-BadestelleStechlinsee1-200x120.jpg 200w\" sizes=\"(max-width: 300px) 100vw, 300px\" \/><\/a><p id=\"caption-attachment-7036\" class=\"wp-caption-text\">Rollstuhlfahrer aus dem Haus am See in Rheinsberg nutzen regelm\u00e4\u00dfig die Badestelle<\/p><\/div>\n<p>Vor mehreren Jahren hatten auf Anregung des Behindertenhotels Haus am See in Rheinsberg, Oberf\u00f6rsterei Menz, Gemeinde und Naturparkverwaltung die Badestelle eingerichtet. Rollstuhlfahrer d\u00fcrfen mit dem Auto auf das Gel\u00e4nde der Tauchbasis fahren und von dort den nahegelegenen Einstieg im Rollstuhl anfahren. An der Stirnseite des Eichenstammes setzen sie auf diesen um und k\u00f6nnen sich \u00fcber den Stamm ins Wasser gleiten lassen. Der Stamm wird aber auch gern von Tauchern genutzt, die hier ihren Einstieg in den lt. Naturschutzgebiets-Verordnung vorgesehenen Tauchsektor haben.<\/p>\n<div id=\"attachment_7033\" style=\"width: 190px\" class=\"wp-caption aligncenter\"><a href=\"https:\/\/www.naturparkmagazin.de\/stechlin\/wp-content\/uploads\/sites\/38\/Wolfgang-Helfer-aus-Neuglobsow.jpg\"><img aria-describedby=\"caption-attachment-7033\" decoding=\"async\" loading=\"lazy\" class=\"size-full wp-image-7033\" src=\"https:\/\/www.naturparkmagazin.de\/stechlin\/wp-content\/uploads\/sites\/38\/Wolfgang-Helfer-aus-Neuglobsow.jpg\" alt=\"Wolfgang Korte beim Feinschliff\" width=\"180\" height=\"250\" \/><\/a><p id=\"caption-attachment-7033\" class=\"wp-caption-text\">Wolfgang Korte beim Feinschliff<\/p><\/div>\n<p>&nbsp;<\/p>\n","protected":false},"excerpt":{"rendered":"<p>Egbert Witzlau, Alfred Schult und Wolfgang Korte haben am Neuglobsower Strand bei einem spontanen Arbeitseinsatz die Behinderten-Badestelle erneuert. <\/p>\n","protected":false},"author":39,"featured_media":7031,"comment_status":"open","ping_status":"open","sticky":false,"template":"","format":"standard","meta":[],"categories":[7],"tags":[],"yoast_head":"<!-- This site is optimized with the Yoast SEO plugin v19.10 - https:\/\/yoast.com\/wordpress\/plugins\/seo\/ -->\n<title>Behinderteneinstieg am Stechlin wurde erneuert - Naturpark Stechlin-Ruppiner Land<\/title>\n<meta name=\"robots\" content=\"index, follow, max-snippet:-1, max-image-preview:large, max-video-preview:-1\" \/>\n<link rel=\"canonical\" href=\"https:\/\/www.naturparkmagazin.de\/stechlin\/behinderteneinstieg-am-stechlin-wird-erneuert\/\" \/>\n<meta property=\"og:locale\" content=\"de_DE\" \/>\n<meta property=\"og:type\" content=\"article\" \/>\n<meta property=\"og:title\" content=\"Behinderteneinstieg am Stechlin wurde erneuert - Naturpark Stechlin-Ruppiner Land\" \/>\n<meta property=\"og:description\" content=\"Egbert Witzlau, Alfred Schult und Wolfgang Korte haben am Neuglobsower Strand bei einem spontanen Arbeitseinsatz die Behinderten-Badestelle erneuert.\" \/>\n<meta property=\"og:url\" content=\"https:\/\/www.naturparkmagazin.de\/stechlin\/behinderteneinstieg-am-stechlin-wird-erneuert\/\" \/>\n<meta property=\"og:site_name\" content=\"Naturpark Stechlin-Ruppiner Land\" \/>\n<meta property=\"article:published_time\" content=\"2018-05-16T05:26:13+00:00\" \/>\n<meta property=\"article:modified_time\" content=\"2018-05-25T15:50:41+00:00\" \/>\n<meta property=\"og:image\" content=\"https:\/\/www.naturparkmagazin.de\/stechlin\/wp-content\/uploads\/sites\/38\/Alfred-und-Wolfgang-bei-der-Arbeit.jpg\" \/>\n\t<meta property=\"og:image:width\" content=\"200\" \/>\n\t<meta property=\"og:image:height\" content=\"200\" \/>\n\t<meta property=\"og:image:type\" content=\"image\/jpeg\" \/>\n<meta name=\"author\" content=\"marioschrumpf\" \/>\n<meta name=\"twitter:label1\" content=\"Verfasst von\" \/>\n\t<meta name=\"twitter:data1\" content=\"marioschrumpf\" \/>\n\t<meta name=\"twitter:label2\" content=\"Gesch\u00e4tzte Lesezeit\" \/>\n\t<meta name=\"twitter:data2\" content=\"1\u00a0Minute\" \/>\n<script type=\"application\/ld+json\" class=\"yoast-schema-graph\">{\"@context\":\"https:\/\/schema.org\",\"@graph\":[{\"@type\":\"WebPage\",\"@id\":\"https:\/\/www.naturparkmagazin.de\/stechlin\/behinderteneinstieg-am-stechlin-wird-erneuert\/\",\"url\":\"https:\/\/www.naturparkmagazin.de\/stechlin\/behinderteneinstieg-am-stechlin-wird-erneuert\/\",\"name\":\"Behinderteneinstieg am Stechlin wurde erneuert - Naturpark Stechlin-Ruppiner Land\",\"isPartOf\":{\"@id\":\"https:\/\/www.naturparkmagazin.de\/stechlin\/#website\"},\"datePublished\":\"2018-05-16T05:26:13+00:00\",\"dateModified\":\"2018-05-25T15:50:41+00:00\",\"author\":{\"@id\":\"https:\/\/www.naturparkmagazin.de\/stechlin\/#\/schema\/person\/3f0d93203df21c806dd63c76d9bb28bc\"},\"breadcrumb\":{\"@id\":\"https:\/\/www.naturparkmagazin.de\/stechlin\/behinderteneinstieg-am-stechlin-wird-erneuert\/#breadcrumb\"},\"inLanguage\":\"de\",\"potentialAction\":[{\"@type\":\"ReadAction\",\"target\":[\"https:\/\/www.naturparkmagazin.de\/stechlin\/behinderteneinstieg-am-stechlin-wird-erneuert\/\"]}]},{\"@type\":\"BreadcrumbList\",\"@id\":\"https:\/\/www.naturparkmagazin.de\/stechlin\/behinderteneinstieg-am-stechlin-wird-erneuert\/#breadcrumb\",\"itemListElement\":[{\"@type\":\"ListItem\",\"position\":1,\"name\":\"Home\",\"item\":\"https:\/\/www.naturparkmagazin.de\/stechlin\/\"},{\"@type\":\"ListItem\",\"position\":2,\"name\":\"Behinderteneinstieg am Stechlin wurde erneuert\"}]},{\"@type\":\"WebSite\",\"@id\":\"https:\/\/www.naturparkmagazin.de\/stechlin\/#website\",\"url\":\"https:\/\/www.naturparkmagazin.de\/stechlin\/\",\"name\":\"Naturpark Stechlin-Ruppiner Land\",\"description\":\"\",\"potentialAction\":[{\"@type\":\"SearchAction\",\"target\":{\"@type\":\"EntryPoint\",\"urlTemplate\":\"https:\/\/www.naturparkmagazin.de\/stechlin\/?s={search_term_string}\"},\"query-input\":\"required name=search_term_string\"}],\"inLanguage\":\"de\"},{\"@type\":\"Person\",\"@id\":\"https:\/\/www.naturparkmagazin.de\/stechlin\/#\/schema\/person\/3f0d93203df21c806dd63c76d9bb28bc\",\"name\":\"marioschrumpf\",\"url\":\"https:\/\/www.naturparkmagazin.de\/stechlin\/author\/marioschrumpf\/\"}]}<\/script>\n<!-- \/ Yoast SEO plugin. -->","yoast_head_json":{"title":"Behinderteneinstieg am Stechlin wurde erneuert - Naturpark Stechlin-Ruppiner Land","robots":{"index":"index","follow":"follow","max-snippet":"max-snippet:-1","max-image-preview":"max-image-preview:large","max-video-preview":"max-video-preview:-1"},"canonical":"https:\/\/www.naturparkmagazin.de\/stechlin\/behinderteneinstieg-am-stechlin-wird-erneuert\/","og_locale":"de_DE","og_type":"article","og_title":"Behinderteneinstieg am Stechlin wurde erneuert - Naturpark Stechlin-Ruppiner Land","og_description":"Egbert Witzlau, Alfred Schult und Wolfgang Korte haben am Neuglobsower Strand bei einem spontanen Arbeitseinsatz die Behinderten-Badestelle erneuert.","og_url":"https:\/\/www.naturparkmagazin.de\/stechlin\/behinderteneinstieg-am-stechlin-wird-erneuert\/","og_site_name":"Naturpark Stechlin-Ruppiner Land","article_published_time":"2018-05-16T05:26:13+00:00","article_modified_time":"2018-05-25T15:50:41+00:00","og_image":[{"width":200,"height":200,"url":"https:\/\/www.naturparkmagazin.de\/stechlin\/wp-content\/uploads\/sites\/38\/Alfred-und-Wolfgang-bei-der-Arbeit.jpg","type":"image\/jpeg"}],"author":"marioschrumpf","twitter_misc":{"Verfasst von":"marioschrumpf","Gesch\u00e4tzte Lesezeit":"1\u00a0Minute"},"schema":{"@context":"https:\/\/schema.org","@graph":[{"@type":"WebPage","@id":"https:\/\/www.naturparkmagazin.de\/stechlin\/behinderteneinstieg-am-stechlin-wird-erneuert\/","url":"https:\/\/www.naturparkmagazin.de\/stechlin\/behinderteneinstieg-am-stechlin-wird-erneuert\/","name":"Behinderteneinstieg am Stechlin wurde erneuert - Naturpark Stechlin-Ruppiner Land","isPartOf":{"@id":"https:\/\/www.naturparkmagazin.de\/stechlin\/#website"},"datePublished":"2018-05-16T05:26:13+00:00","dateModified":"2018-05-25T15:50:41+00:00","author":{"@id":"https:\/\/www.naturparkmagazin.de\/stechlin\/#\/schema\/person\/3f0d93203df21c806dd63c76d9bb28bc"},"breadcrumb":{"@id":"https:\/\/www.naturparkmagazin.de\/stechlin\/behinderteneinstieg-am-stechlin-wird-erneuert\/#breadcrumb"},"inLanguage":"de","potentialAction":[{"@type":"ReadAction","target":["https:\/\/www.naturparkmagazin.de\/stechlin\/behinderteneinstieg-am-stechlin-wird-erneuert\/"]}]},{"@type":"BreadcrumbList","@id":"https:\/\/www.naturparkmagazin.de\/stechlin\/behinderteneinstieg-am-stechlin-wird-erneuert\/#breadcrumb","itemListElement":[{"@type":"ListItem","position":1,"name":"Home","item":"https:\/\/www.naturparkmagazin.de\/stechlin\/"},{"@type":"ListItem","position":2,"name":"Behinderteneinstieg am Stechlin wurde erneuert"}]},{"@type":"WebSite","@id":"https:\/\/www.naturparkmagazin.de\/stechlin\/#website","url":"https:\/\/www.naturparkmagazin.de\/stechlin\/","name":"Naturpark Stechlin-Ruppiner Land","description":"","potentialAction":[{"@type":"SearchAction","target":{"@type":"EntryPoint","urlTemplate":"https:\/\/www.naturparkmagazin.de\/stechlin\/?s={search_term_string}"},"query-input":"required name=search_term_string"}],"inLanguage":"de"},{"@type":"Person","@id":"https:\/\/www.naturparkmagazin.de\/stechlin\/#\/schema\/person\/3f0d93203df21c806dd63c76d9bb28bc","name":"marioschrumpf","url":"https:\/\/www.naturparkmagazin.de\/stechlin\/author\/marioschrumpf\/"}]}},"_links":{"self":[{"href":"https:\/\/www.naturparkmagazin.de\/stechlin\/wp-json\/wp\/v2\/posts\/7030"}],"collection":[{"href":"https:\/\/www.naturparkmagazin.de\/stechlin\/wp-json\/wp\/v2\/posts"}],"about":[{"href":"https:\/\/www.naturparkmagazin.de\/stechlin\/wp-json\/wp\/v2\/types\/post"}],"author":[{"embeddable":true,"href":"https:\/\/www.naturparkmagazin.de\/stechlin\/wp-json\/wp\/v2\/users\/39"}],"replies":[{"embeddable":true,"href":"https:\/\/www.naturparkmagazin.de\/stechlin\/wp-json\/wp\/v2\/comments?post=7030"}],"version-history":[{"count":4,"href":"https:\/\/www.naturparkmagazin.de\/stechlin\/wp-json\/wp\/v2\/posts\/7030\/revisions"}],"predecessor-version":[{"id":7037,"href":"https:\/\/www.naturparkmagazin.de\/stechlin\/wp-json\/wp\/v2\/posts\/7030\/revisions\/7037"}],"wp:featuredmedia":[{"embeddable":true,"href":"https:\/\/www.naturparkmagazin.de\/stechlin\/wp-json\/wp\/v2\/media\/7031"}],"wp:attachment":[{"href":"https:\/\/www.naturparkmagazin.de\/stechlin\/wp-json\/wp\/v2\/media?parent=7030"}],"wp:term":[{"taxonomy":"category","embeddable":true,"href":"https:\/\/www.naturparkmagazin.de\/stechlin\/wp-json\/wp\/v2\/categories?post=7030"},{"taxonomy":"post_tag","embeddable":true,"href":"https:\/\/www.naturparkmagazin.de\/stechlin\/wp-json\/wp\/v2\/tags?post=7030"}],"curies":[{"name":"wp","href":"https:\/\/api.w.org\/{rel}","templated":true}]}}