{"id":7039,"date":"2018-05-16T10:33:33","date_gmt":"2018-05-16T08:33:33","guid":{"rendered":"http:\/\/www.naturparkmagazin.de\/stechlin\/?p=7039"},"modified":"2018-05-28T06:46:02","modified_gmt":"2018-05-28T04:46:02","slug":"eugen-ruge-liest-unter-apfelbaeumen","status":"publish","type":"post","link":"https:\/\/www.naturparkmagazin.de\/stechlin\/eugen-ruge-liest-unter-apfelbaeumen\/","title":{"rendered":"Eugen Ruge liest unter Apfelb\u00e4umen"},"content":{"rendered":"<p><a href=\"https:\/\/www.naturparkmagazin.de\/stechlin\/wp-content\/uploads\/sites\/38\/Logo_Dorfverein_RGB.jpg\"><img decoding=\"async\" loading=\"lazy\" class=\" size-thumbnail wp-image-5682 aligncenter\" src=\"https:\/\/www.naturparkmagazin.de\/stechlin\/wp-content\/uploads\/sites\/38\/Logo_Dorfverein_RGB-300x226.jpg\" alt=\"NP SRL\/Reta Fl\u00fctsch\" width=\"300\" height=\"226\" srcset=\"https:\/\/www.naturparkmagazin.de\/stechlin\/wp-content\/uploads\/sites\/38\/Logo_Dorfverein_RGB-300x226.jpg 300w, https:\/\/www.naturparkmagazin.de\/stechlin\/wp-content\/uploads\/sites\/38\/Logo_Dorfverein_RGB-620x467.jpg 620w, https:\/\/www.naturparkmagazin.de\/stechlin\/wp-content\/uploads\/sites\/38\/Logo_Dorfverein_RGB-580x435.jpg 580w, https:\/\/www.naturparkmagazin.de\/stechlin\/wp-content\/uploads\/sites\/38\/Logo_Dorfverein_RGB-420x315.jpg 420w, https:\/\/www.naturparkmagazin.de\/stechlin\/wp-content\/uploads\/sites\/38\/Logo_Dorfverein_RGB-180x135.jpg 180w, https:\/\/www.naturparkmagazin.de\/stechlin\/wp-content\/uploads\/sites\/38\/Logo_Dorfverein_RGB-95x71.jpg 95w, https:\/\/www.naturparkmagazin.de\/stechlin\/wp-content\/uploads\/sites\/38\/Logo_Dorfverein_RGB-670x505.jpg 670w, https:\/\/www.naturparkmagazin.de\/stechlin\/wp-content\/uploads\/sites\/38\/Logo_Dorfverein_RGB-200x151.jpg 200w, https:\/\/www.naturparkmagazin.de\/stechlin\/wp-content\/uploads\/sites\/38\/Logo_Dorfverein_RGB.jpg 883w\" sizes=\"(max-width: 300px) 100vw, 300px\" \/><\/a><\/p>\n<p>Der Dorfverein Menz e.V. l\u00e4dt am <strong>16. Juni, 14 Uhr<\/strong> zur <strong>Lesung unter Apfelb\u00e4umen<\/strong> auf die <strong>Menzer Streuobstwiese<\/strong> ein.<\/p>\n<p>&nbsp;<\/p>\n<div id=\"attachment_7102\" style=\"width: 310px\" class=\"wp-caption aligncenter\"><a href=\"https:\/\/www.naturparkmagazin.de\/stechlin\/wp-content\/uploads\/sites\/38\/Eugen-Ruge.jpg\"><img aria-describedby=\"caption-attachment-7102\" decoding=\"async\" loading=\"lazy\" class=\"size-thumbnail wp-image-7102\" src=\"https:\/\/www.naturparkmagazin.de\/stechlin\/wp-content\/uploads\/sites\/38\/Eugen-Ruge-300x337.jpg\" alt=\"Eugen Ruge\" width=\"300\" height=\"337\" srcset=\"https:\/\/www.naturparkmagazin.de\/stechlin\/wp-content\/uploads\/sites\/38\/Eugen-Ruge-300x337.jpg 300w, https:\/\/www.naturparkmagazin.de\/stechlin\/wp-content\/uploads\/sites\/38\/Eugen-Ruge-200x224.jpg 200w, https:\/\/www.naturparkmagazin.de\/stechlin\/wp-content\/uploads\/sites\/38\/Eugen-Ruge.jpg 311w\" sizes=\"(max-width: 300px) 100vw, 300px\" \/><\/a><p id=\"caption-attachment-7102\" class=\"wp-caption-text\">Eugen Ruge<\/p><\/div>\n<p><strong>Eugen Ruge<\/strong> wird aus seinem Roman &#8222;<em>In Zeiten des abnehmenden Lichts<\/em>&#8220; lesen, der 2011 erschien und u.a. mit dem <em>Deutschen Buchpreis<\/em> ausgezeichnet wurde.<\/p>\n<p>Imbiss und Sitzgelegenheiten sind vorhanden. Decken k\u00f6nnen gern mitgebracht werden. Bei Regen findet die Veranstaltung in der Heimatschule statt.<\/p>\n","protected":false},"excerpt":{"rendered":"<p>Der Dorfverein Menz e.V. l\u00e4dt am 16. Juni, 14 Uhr zur Lesung unter Apfelb\u00e4umen auf die Menzer Streuobstwiese ein. <\/p>\n","protected":false},"author":39,"featured_media":7040,"comment_status":"open","ping_status":"open","sticky":false,"template":"","format":"standard","meta":[],"categories":[11],"tags":[],"yoast_head":"<!-- This site is optimized with the Yoast SEO plugin v19.10 - https:\/\/yoast.com\/wordpress\/plugins\/seo\/ -->\n<title>Eugen Ruge liest unter Apfelb\u00e4umen - Naturpark Stechlin-Ruppiner Land<\/title>\n<meta name=\"robots\" content=\"index, follow, max-snippet:-1, max-image-preview:large, max-video-preview:-1\" \/>\n<link rel=\"canonical\" href=\"https:\/\/www.naturparkmagazin.de\/stechlin\/eugen-ruge-liest-unter-apfelbaeumen\/\" \/>\n<meta property=\"og:locale\" content=\"de_DE\" \/>\n<meta property=\"og:type\" content=\"article\" \/>\n<meta property=\"og:title\" content=\"Eugen Ruge liest unter Apfelb\u00e4umen - Naturpark Stechlin-Ruppiner Land\" \/>\n<meta property=\"og:description\" content=\"Der Dorfverein Menz e.V. l\u00e4dt am 16. Juni, 14 Uhr zur Lesung unter Apfelb\u00e4umen auf die Menzer Streuobstwiese ein.\" \/>\n<meta property=\"og:url\" content=\"https:\/\/www.naturparkmagazin.de\/stechlin\/eugen-ruge-liest-unter-apfelbaeumen\/\" \/>\n<meta property=\"og:site_name\" content=\"Naturpark Stechlin-Ruppiner Land\" \/>\n<meta property=\"article:published_time\" content=\"2018-05-16T08:33:33+00:00\" \/>\n<meta property=\"article:modified_time\" content=\"2018-05-28T04:46:02+00:00\" \/>\n<meta property=\"og:image\" content=\"https:\/\/www.naturparkmagazin.de\/stechlin\/wp-content\/uploads\/sites\/38\/Menzer-Streuobstwiese.jpg\" \/>\n\t<meta property=\"og:image:width\" content=\"200\" \/>\n\t<meta property=\"og:image:height\" content=\"200\" \/>\n\t<meta property=\"og:image:type\" content=\"image\/jpeg\" \/>\n<meta name=\"author\" content=\"marioschrumpf\" \/>\n<meta name=\"twitter:label1\" content=\"Verfasst von\" \/>\n\t<meta name=\"twitter:data1\" content=\"marioschrumpf\" \/>\n<script type=\"application\/ld+json\" class=\"yoast-schema-graph\">{\"@context\":\"https:\/\/schema.org\",\"@graph\":[{\"@type\":\"WebPage\",\"@id\":\"https:\/\/www.naturparkmagazin.de\/stechlin\/eugen-ruge-liest-unter-apfelbaeumen\/\",\"url\":\"https:\/\/www.naturparkmagazin.de\/stechlin\/eugen-ruge-liest-unter-apfelbaeumen\/\",\"name\":\"Eugen Ruge liest unter Apfelb\u00e4umen - Naturpark Stechlin-Ruppiner Land\",\"isPartOf\":{\"@id\":\"https:\/\/www.naturparkmagazin.de\/stechlin\/#website\"},\"datePublished\":\"2018-05-16T08:33:33+00:00\",\"dateModified\":\"2018-05-28T04:46:02+00:00\",\"author\":{\"@id\":\"https:\/\/www.naturparkmagazin.de\/stechlin\/#\/schema\/person\/3f0d93203df21c806dd63c76d9bb28bc\"},\"breadcrumb\":{\"@id\":\"https:\/\/www.naturparkmagazin.de\/stechlin\/eugen-ruge-liest-unter-apfelbaeumen\/#breadcrumb\"},\"inLanguage\":\"de\",\"potentialAction\":[{\"@type\":\"ReadAction\",\"target\":[\"https:\/\/www.naturparkmagazin.de\/stechlin\/eugen-ruge-liest-unter-apfelbaeumen\/\"]}]},{\"@type\":\"BreadcrumbList\",\"@id\":\"https:\/\/www.naturparkmagazin.de\/stechlin\/eugen-ruge-liest-unter-apfelbaeumen\/#breadcrumb\",\"itemListElement\":[{\"@type\":\"ListItem\",\"position\":1,\"name\":\"Home\",\"item\":\"https:\/\/www.naturparkmagazin.de\/stechlin\/\"},{\"@type\":\"ListItem\",\"position\":2,\"name\":\"Eugen Ruge liest unter Apfelb\u00e4umen\"}]},{\"@type\":\"WebSite\",\"@id\":\"https:\/\/www.naturparkmagazin.de\/stechlin\/#website\",\"url\":\"https:\/\/www.naturparkmagazin.de\/stechlin\/\",\"name\":\"Naturpark Stechlin-Ruppiner Land\",\"description\":\"\",\"potentialAction\":[{\"@type\":\"SearchAction\",\"target\":{\"@type\":\"EntryPoint\",\"urlTemplate\":\"https:\/\/www.naturparkmagazin.de\/stechlin\/?s={search_term_string}\"},\"query-input\":\"required name=search_term_string\"}],\"inLanguage\":\"de\"},{\"@type\":\"Person\",\"@id\":\"https:\/\/www.naturparkmagazin.de\/stechlin\/#\/schema\/person\/3f0d93203df21c806dd63c76d9bb28bc\",\"name\":\"marioschrumpf\",\"url\":\"https:\/\/www.naturparkmagazin.de\/stechlin\/author\/marioschrumpf\/\"}]}<\/script>\n<!-- \/ Yoast SEO plugin. -->","yoast_head_json":{"title":"Eugen Ruge liest unter Apfelb\u00e4umen - Naturpark Stechlin-Ruppiner Land","robots":{"index":"index","follow":"follow","max-snippet":"max-snippet:-1","max-image-preview":"max-image-preview:large","max-video-preview":"max-video-preview:-1"},"canonical":"https:\/\/www.naturparkmagazin.de\/stechlin\/eugen-ruge-liest-unter-apfelbaeumen\/","og_locale":"de_DE","og_type":"article","og_title":"Eugen Ruge liest unter Apfelb\u00e4umen - Naturpark Stechlin-Ruppiner Land","og_description":"Der Dorfverein Menz e.V. l\u00e4dt am 16. Juni, 14 Uhr zur Lesung unter Apfelb\u00e4umen auf die Menzer Streuobstwiese ein.","og_url":"https:\/\/www.naturparkmagazin.de\/stechlin\/eugen-ruge-liest-unter-apfelbaeumen\/","og_site_name":"Naturpark Stechlin-Ruppiner Land","article_published_time":"2018-05-16T08:33:33+00:00","article_modified_time":"2018-05-28T04:46:02+00:00","og_image":[{"width":200,"height":200,"url":"https:\/\/www.naturparkmagazin.de\/stechlin\/wp-content\/uploads\/sites\/38\/Menzer-Streuobstwiese.jpg","type":"image\/jpeg"}],"author":"marioschrumpf","twitter_misc":{"Verfasst von":"marioschrumpf"},"schema":{"@context":"https:\/\/schema.org","@graph":[{"@type":"WebPage","@id":"https:\/\/www.naturparkmagazin.de\/stechlin\/eugen-ruge-liest-unter-apfelbaeumen\/","url":"https:\/\/www.naturparkmagazin.de\/stechlin\/eugen-ruge-liest-unter-apfelbaeumen\/","name":"Eugen Ruge liest unter Apfelb\u00e4umen - Naturpark Stechlin-Ruppiner Land","isPartOf":{"@id":"https:\/\/www.naturparkmagazin.de\/stechlin\/#website"},"datePublished":"2018-05-16T08:33:33+00:00","dateModified":"2018-05-28T04:46:02+00:00","author":{"@id":"https:\/\/www.naturparkmagazin.de\/stechlin\/#\/schema\/person\/3f0d93203df21c806dd63c76d9bb28bc"},"breadcrumb":{"@id":"https:\/\/www.naturparkmagazin.de\/stechlin\/eugen-ruge-liest-unter-apfelbaeumen\/#breadcrumb"},"inLanguage":"de","potentialAction":[{"@type":"ReadAction","target":["https:\/\/www.naturparkmagazin.de\/stechlin\/eugen-ruge-liest-unter-apfelbaeumen\/"]}]},{"@type":"BreadcrumbList","@id":"https:\/\/www.naturparkmagazin.de\/stechlin\/eugen-ruge-liest-unter-apfelbaeumen\/#breadcrumb","itemListElement":[{"@type":"ListItem","position":1,"name":"Home","item":"https:\/\/www.naturparkmagazin.de\/stechlin\/"},{"@type":"ListItem","position":2,"name":"Eugen Ruge liest unter Apfelb\u00e4umen"}]},{"@type":"WebSite","@id":"https:\/\/www.naturparkmagazin.de\/stechlin\/#website","url":"https:\/\/www.naturparkmagazin.de\/stechlin\/","name":"Naturpark Stechlin-Ruppiner Land","description":"","potentialAction":[{"@type":"SearchAction","target":{"@type":"EntryPoint","urlTemplate":"https:\/\/www.naturparkmagazin.de\/stechlin\/?s={search_term_string}"},"query-input":"required name=search_term_string"}],"inLanguage":"de"},{"@type":"Person","@id":"https:\/\/www.naturparkmagazin.de\/stechlin\/#\/schema\/person\/3f0d93203df21c806dd63c76d9bb28bc","name":"marioschrumpf","url":"https:\/\/www.naturparkmagazin.de\/stechlin\/author\/marioschrumpf\/"}]}},"_links":{"self":[{"href":"https:\/\/www.naturparkmagazin.de\/stechlin\/wp-json\/wp\/v2\/posts\/7039"}],"collection":[{"href":"https:\/\/www.naturparkmagazin.de\/stechlin\/wp-json\/wp\/v2\/posts"}],"about":[{"href":"https:\/\/www.naturparkmagazin.de\/stechlin\/wp-json\/wp\/v2\/types\/post"}],"author":[{"embeddable":true,"href":"https:\/\/www.naturparkmagazin.de\/stechlin\/wp-json\/wp\/v2\/users\/39"}],"replies":[{"embeddable":true,"href":"https:\/\/www.naturparkmagazin.de\/stechlin\/wp-json\/wp\/v2\/comments?post=7039"}],"version-history":[{"count":4,"href":"https:\/\/www.naturparkmagazin.de\/stechlin\/wp-json\/wp\/v2\/posts\/7039\/revisions"}],"predecessor-version":[{"id":7106,"href":"https:\/\/www.naturparkmagazin.de\/stechlin\/wp-json\/wp\/v2\/posts\/7039\/revisions\/7106"}],"wp:featuredmedia":[{"embeddable":true,"href":"https:\/\/www.naturparkmagazin.de\/stechlin\/wp-json\/wp\/v2\/media\/7040"}],"wp:attachment":[{"href":"https:\/\/www.naturparkmagazin.de\/stechlin\/wp-json\/wp\/v2\/media?parent=7039"}],"wp:term":[{"taxonomy":"category","embeddable":true,"href":"https:\/\/www.naturparkmagazin.de\/stechlin\/wp-json\/wp\/v2\/categories?post=7039"},{"taxonomy":"post_tag","embeddable":true,"href":"https:\/\/www.naturparkmagazin.de\/stechlin\/wp-json\/wp\/v2\/tags?post=7039"}],"curies":[{"name":"wp","href":"https:\/\/api.w.org\/{rel}","templated":true}]}}