{"id":705,"date":"2014-02-18T11:22:04","date_gmt":"2014-02-18T09:22:04","guid":{"rendered":"http:\/\/www.naturparkmagazin.de\/stechlin\/?p=705"},"modified":"2014-02-21T10:11:33","modified_gmt":"2014-02-21T09:11:33","slug":"veranstaltungskalender-liegt-druckfrisch-vor","status":"publish","type":"post","link":"https:\/\/www.naturparkmagazin.de\/stechlin\/veranstaltungskalender-liegt-druckfrisch-vor\/","title":{"rendered":"Veranstaltungskalender liegt druckfrisch vor!"},"content":{"rendered":"<p><a href=\"https:\/\/www.naturparkmagazin.de\/stechlin\/wp-content\/uploads\/sites\/38\/VAK2014-e1392644570815.jpg\"><img decoding=\"async\" loading=\"lazy\" class=\"alignnone size-medium wp-image-681\" alt=\"\" src=\"https:\/\/www.naturparkmagazin.de\/stechlin\/wp-content\/uploads\/sites\/38\/VAK2014-620x1298.jpg\" width=\"620\" height=\"1298\" \/><\/a><\/p>\n<p>Endlich ist es soweit! Noch vor dem Start in die neue Tourismussaison liegt er vor &#8211; der Naturparkkalender 2014. Mehr als 100 Veranstaltungen und Angebote f\u00fcr nahezu 365 Tage des Jahres sind auf 52 Seiten gelistet. Robert Franck, Sprecher der zertifizierten Natur- und Landschaftsf\u00fchrer im Naturpark\u00a0Stechlin-Ruppiner Land in seinem Vorwort:<\/p>\n<p align=\"LEFT\"><em>&#8222;Wandern auf Fontanes Spuren, mit dem Fahrrad oder auf einem Kremser unterwegs, mit Kanu und Paddel die weitgestreckten Wald- und Seengebiete erschlie\u00dfen, heimische Tier- und Pflanzenwelt in ihrem nat\u00fcrlichen Lebensraum erleben: das ist Natur pur, unvergesslich, einfach ein Genuss! Unsere orts- und sachkundigen Kenner erschlie\u00dfen mit Ihnen die interessantesten Flecken. Egal ob Sie allein oder gef\u00fchrt unterwegs sind, der vorliegende Veranstaltungskalender enth\u00e4lt so manchen Geheimtipp f\u00fcr erlebnisreiche Naturtouren, zu kulturellen H\u00f6hepunkten und den Menschen, die sich f\u00fcr unseren Naturpark engagieren. Naturpark Stechlin-Ruppiner Land \u2013 genie\u00dfen Sie mal anders. Seien Sie herzlich willkommen!&#8220;<\/em><\/p>\n<p align=\"LEFT\">Der Veranstaltungskalender liegt in allen Tourismusinformationen der Region, ebenso\u00a0im Besucherzentrum NaturParkHaus Stechlin und in der Naturparkverwaltung in Menz kostenfrei f\u00fcr G\u00e4ste und Einwohner des Naturparks bereit.<\/p>\n","protected":false},"excerpt":{"rendered":"<p>Noch vor dem Start in die neue Tourismussaison liegt er vor &#8211; der Naturparkkalender 2014. Mehr als 100 Veranstaltungen und Angebote f\u00fcr nahezu 365 Tage des Jahres sind auf 52 Seiten gelistet.<\/p>\n","protected":false},"author":39,"featured_media":744,"comment_status":"open","ping_status":"open","sticky":false,"template":"","format":"standard","meta":[],"categories":[7],"tags":[],"yoast_head":"<!-- This site is optimized with the Yoast SEO plugin v19.10 - https:\/\/yoast.com\/wordpress\/plugins\/seo\/ -->\n<title>Veranstaltungskalender liegt druckfrisch vor! - Naturpark Stechlin-Ruppiner Land<\/title>\n<meta name=\"robots\" content=\"index, follow, max-snippet:-1, max-image-preview:large, max-video-preview:-1\" \/>\n<link rel=\"canonical\" href=\"https:\/\/www.naturparkmagazin.de\/stechlin\/veranstaltungskalender-liegt-druckfrisch-vor\/\" \/>\n<meta property=\"og:locale\" content=\"de_DE\" \/>\n<meta property=\"og:type\" content=\"article\" \/>\n<meta property=\"og:title\" content=\"Veranstaltungskalender liegt druckfrisch vor! - Naturpark Stechlin-Ruppiner Land\" \/>\n<meta property=\"og:description\" content=\"Noch vor dem Start in die neue Tourismussaison liegt er vor - der Naturparkkalender 2014. Mehr als 100 Veranstaltungen und Angebote f\u00fcr nahezu 365 Tage des Jahres sind auf 52 Seiten gelistet.\" \/>\n<meta property=\"og:url\" content=\"https:\/\/www.naturparkmagazin.de\/stechlin\/veranstaltungskalender-liegt-druckfrisch-vor\/\" \/>\n<meta property=\"og:site_name\" content=\"Naturpark Stechlin-Ruppiner Land\" \/>\n<meta property=\"article:published_time\" content=\"2014-02-18T09:22:04+00:00\" \/>\n<meta property=\"article:modified_time\" content=\"2014-02-21T09:11:33+00:00\" \/>\n<meta property=\"og:image\" content=\"https:\/\/www.naturparkmagazin.de\/stechlin\/wp-content\/uploads\/sites\/38\/VAK20141-e1392971688331.jpg\" \/>\n\t<meta property=\"og:image:width\" content=\"60\" \/>\n\t<meta property=\"og:image:height\" content=\"125\" \/>\n\t<meta property=\"og:image:type\" content=\"image\/jpeg\" \/>\n<meta name=\"author\" content=\"marioschrumpf\" \/>\n<meta name=\"twitter:label1\" content=\"Verfasst von\" \/>\n\t<meta name=\"twitter:data1\" content=\"marioschrumpf\" \/>\n\t<meta name=\"twitter:label2\" content=\"Gesch\u00e4tzte Lesezeit\" \/>\n\t<meta name=\"twitter:data2\" content=\"1\u00a0Minute\" \/>\n<script type=\"application\/ld+json\" class=\"yoast-schema-graph\">{\"@context\":\"https:\/\/schema.org\",\"@graph\":[{\"@type\":\"WebPage\",\"@id\":\"https:\/\/www.naturparkmagazin.de\/stechlin\/veranstaltungskalender-liegt-druckfrisch-vor\/\",\"url\":\"https:\/\/www.naturparkmagazin.de\/stechlin\/veranstaltungskalender-liegt-druckfrisch-vor\/\",\"name\":\"Veranstaltungskalender liegt druckfrisch vor! - Naturpark Stechlin-Ruppiner Land\",\"isPartOf\":{\"@id\":\"https:\/\/www.naturparkmagazin.de\/stechlin\/#website\"},\"datePublished\":\"2014-02-18T09:22:04+00:00\",\"dateModified\":\"2014-02-21T09:11:33+00:00\",\"author\":{\"@id\":\"https:\/\/www.naturparkmagazin.de\/stechlin\/#\/schema\/person\/3f0d93203df21c806dd63c76d9bb28bc\"},\"breadcrumb\":{\"@id\":\"https:\/\/www.naturparkmagazin.de\/stechlin\/veranstaltungskalender-liegt-druckfrisch-vor\/#breadcrumb\"},\"inLanguage\":\"de\",\"potentialAction\":[{\"@type\":\"ReadAction\",\"target\":[\"https:\/\/www.naturparkmagazin.de\/stechlin\/veranstaltungskalender-liegt-druckfrisch-vor\/\"]}]},{\"@type\":\"BreadcrumbList\",\"@id\":\"https:\/\/www.naturparkmagazin.de\/stechlin\/veranstaltungskalender-liegt-druckfrisch-vor\/#breadcrumb\",\"itemListElement\":[{\"@type\":\"ListItem\",\"position\":1,\"name\":\"Home\",\"item\":\"https:\/\/www.naturparkmagazin.de\/stechlin\/\"},{\"@type\":\"ListItem\",\"position\":2,\"name\":\"Veranstaltungskalender liegt druckfrisch vor!\"}]},{\"@type\":\"WebSite\",\"@id\":\"https:\/\/www.naturparkmagazin.de\/stechlin\/#website\",\"url\":\"https:\/\/www.naturparkmagazin.de\/stechlin\/\",\"name\":\"Naturpark Stechlin-Ruppiner Land\",\"description\":\"\",\"potentialAction\":[{\"@type\":\"SearchAction\",\"target\":{\"@type\":\"EntryPoint\",\"urlTemplate\":\"https:\/\/www.naturparkmagazin.de\/stechlin\/?s={search_term_string}\"},\"query-input\":\"required name=search_term_string\"}],\"inLanguage\":\"de\"},{\"@type\":\"Person\",\"@id\":\"https:\/\/www.naturparkmagazin.de\/stechlin\/#\/schema\/person\/3f0d93203df21c806dd63c76d9bb28bc\",\"name\":\"marioschrumpf\",\"url\":\"https:\/\/www.naturparkmagazin.de\/stechlin\/author\/marioschrumpf\/\"}]}<\/script>\n<!-- \/ Yoast SEO plugin. -->","yoast_head_json":{"title":"Veranstaltungskalender liegt druckfrisch vor! - Naturpark Stechlin-Ruppiner Land","robots":{"index":"index","follow":"follow","max-snippet":"max-snippet:-1","max-image-preview":"max-image-preview:large","max-video-preview":"max-video-preview:-1"},"canonical":"https:\/\/www.naturparkmagazin.de\/stechlin\/veranstaltungskalender-liegt-druckfrisch-vor\/","og_locale":"de_DE","og_type":"article","og_title":"Veranstaltungskalender liegt druckfrisch vor! - Naturpark Stechlin-Ruppiner Land","og_description":"Noch vor dem Start in die neue Tourismussaison liegt er vor - der Naturparkkalender 2014. Mehr als 100 Veranstaltungen und Angebote f\u00fcr nahezu 365 Tage des Jahres sind auf 52 Seiten gelistet.","og_url":"https:\/\/www.naturparkmagazin.de\/stechlin\/veranstaltungskalender-liegt-druckfrisch-vor\/","og_site_name":"Naturpark Stechlin-Ruppiner Land","article_published_time":"2014-02-18T09:22:04+00:00","article_modified_time":"2014-02-21T09:11:33+00:00","og_image":[{"width":60,"height":125,"url":"https:\/\/www.naturparkmagazin.de\/stechlin\/wp-content\/uploads\/sites\/38\/VAK20141-e1392971688331.jpg","type":"image\/jpeg"}],"author":"marioschrumpf","twitter_misc":{"Verfasst von":"marioschrumpf","Gesch\u00e4tzte Lesezeit":"1\u00a0Minute"},"schema":{"@context":"https:\/\/schema.org","@graph":[{"@type":"WebPage","@id":"https:\/\/www.naturparkmagazin.de\/stechlin\/veranstaltungskalender-liegt-druckfrisch-vor\/","url":"https:\/\/www.naturparkmagazin.de\/stechlin\/veranstaltungskalender-liegt-druckfrisch-vor\/","name":"Veranstaltungskalender liegt druckfrisch vor! - Naturpark Stechlin-Ruppiner Land","isPartOf":{"@id":"https:\/\/www.naturparkmagazin.de\/stechlin\/#website"},"datePublished":"2014-02-18T09:22:04+00:00","dateModified":"2014-02-21T09:11:33+00:00","author":{"@id":"https:\/\/www.naturparkmagazin.de\/stechlin\/#\/schema\/person\/3f0d93203df21c806dd63c76d9bb28bc"},"breadcrumb":{"@id":"https:\/\/www.naturparkmagazin.de\/stechlin\/veranstaltungskalender-liegt-druckfrisch-vor\/#breadcrumb"},"inLanguage":"de","potentialAction":[{"@type":"ReadAction","target":["https:\/\/www.naturparkmagazin.de\/stechlin\/veranstaltungskalender-liegt-druckfrisch-vor\/"]}]},{"@type":"BreadcrumbList","@id":"https:\/\/www.naturparkmagazin.de\/stechlin\/veranstaltungskalender-liegt-druckfrisch-vor\/#breadcrumb","itemListElement":[{"@type":"ListItem","position":1,"name":"Home","item":"https:\/\/www.naturparkmagazin.de\/stechlin\/"},{"@type":"ListItem","position":2,"name":"Veranstaltungskalender liegt druckfrisch vor!"}]},{"@type":"WebSite","@id":"https:\/\/www.naturparkmagazin.de\/stechlin\/#website","url":"https:\/\/www.naturparkmagazin.de\/stechlin\/","name":"Naturpark Stechlin-Ruppiner Land","description":"","potentialAction":[{"@type":"SearchAction","target":{"@type":"EntryPoint","urlTemplate":"https:\/\/www.naturparkmagazin.de\/stechlin\/?s={search_term_string}"},"query-input":"required name=search_term_string"}],"inLanguage":"de"},{"@type":"Person","@id":"https:\/\/www.naturparkmagazin.de\/stechlin\/#\/schema\/person\/3f0d93203df21c806dd63c76d9bb28bc","name":"marioschrumpf","url":"https:\/\/www.naturparkmagazin.de\/stechlin\/author\/marioschrumpf\/"}]}},"_links":{"self":[{"href":"https:\/\/www.naturparkmagazin.de\/stechlin\/wp-json\/wp\/v2\/posts\/705"}],"collection":[{"href":"https:\/\/www.naturparkmagazin.de\/stechlin\/wp-json\/wp\/v2\/posts"}],"about":[{"href":"https:\/\/www.naturparkmagazin.de\/stechlin\/wp-json\/wp\/v2\/types\/post"}],"author":[{"embeddable":true,"href":"https:\/\/www.naturparkmagazin.de\/stechlin\/wp-json\/wp\/v2\/users\/39"}],"replies":[{"embeddable":true,"href":"https:\/\/www.naturparkmagazin.de\/stechlin\/wp-json\/wp\/v2\/comments?post=705"}],"version-history":[{"count":5,"href":"https:\/\/www.naturparkmagazin.de\/stechlin\/wp-json\/wp\/v2\/posts\/705\/revisions"}],"predecessor-version":[{"id":756,"href":"https:\/\/www.naturparkmagazin.de\/stechlin\/wp-json\/wp\/v2\/posts\/705\/revisions\/756"}],"wp:featuredmedia":[{"embeddable":true,"href":"https:\/\/www.naturparkmagazin.de\/stechlin\/wp-json\/wp\/v2\/media\/744"}],"wp:attachment":[{"href":"https:\/\/www.naturparkmagazin.de\/stechlin\/wp-json\/wp\/v2\/media?parent=705"}],"wp:term":[{"taxonomy":"category","embeddable":true,"href":"https:\/\/www.naturparkmagazin.de\/stechlin\/wp-json\/wp\/v2\/categories?post=705"},{"taxonomy":"post_tag","embeddable":true,"href":"https:\/\/www.naturparkmagazin.de\/stechlin\/wp-json\/wp\/v2\/tags?post=705"}],"curies":[{"name":"wp","href":"https:\/\/api.w.org\/{rel}","templated":true}]}}