{"id":7059,"date":"2018-05-16T12:48:07","date_gmt":"2018-05-16T10:48:07","guid":{"rendered":"https:\/\/www.naturparkmagazin.de\/stechlin\/?p=7059"},"modified":"2018-05-25T17:14:22","modified_gmt":"2018-05-25T15:14:22","slug":"orchideenbestand-entwickelt-sich-dank-vertragsnaturschutz-positiv","status":"publish","type":"post","link":"https:\/\/www.naturparkmagazin.de\/stechlin\/orchideenbestand-entwickelt-sich-dank-vertragsnaturschutz-positiv\/","title":{"rendered":"Orchideenbestand entwickelt sich Dank Vertragsnaturschutz positiv"},"content":{"rendered":"<div id=\"attachment_7063\" style=\"width: 310px\" class=\"wp-caption aligncenter\"><a href=\"https:\/\/www.naturparkmagazin.de\/stechlin\/wp-content\/uploads\/sites\/38\/Orchideen_03.jpg\"><img aria-describedby=\"caption-attachment-7063\" decoding=\"async\" loading=\"lazy\" class=\"size-thumbnail wp-image-7063\" src=\"https:\/\/www.naturparkmagazin.de\/stechlin\/wp-content\/uploads\/sites\/38\/Orchideen_03-300x180.jpg\" alt=\"Feuchtwiese mit Bachnelkenwurz und Breitbl\u00e4ttrigem Knabenkraut.\" width=\"300\" height=\"180\" srcset=\"https:\/\/www.naturparkmagazin.de\/stechlin\/wp-content\/uploads\/sites\/38\/Orchideen_03-300x180.jpg 300w, https:\/\/www.naturparkmagazin.de\/stechlin\/wp-content\/uploads\/sites\/38\/Orchideen_03.jpg 500w, https:\/\/www.naturparkmagazin.de\/stechlin\/wp-content\/uploads\/sites\/38\/Orchideen_03-200x120.jpg 200w\" sizes=\"(max-width: 300px) 100vw, 300px\" \/><\/a><p id=\"caption-attachment-7063\" class=\"wp-caption-text\">Feuchtwiese mit Bachnelkenwurz und Breitbl\u00e4ttrigem Knabenkraut.<\/p><\/div>\n<p>Allj\u00e4hrlich, wenn im Mai die heimischen Orchideen im Naturpark in Bl\u00fcte stehen, kommt die Stunde der Wahrheit. Dann erfassen die\u00a0KollegInnen der Naturwacht die Anzahl der bl\u00fchenden Pflanzen.<\/p>\n<div id=\"attachment_7061\" style=\"width: 190px\" class=\"wp-caption aligncenter\"><a href=\"https:\/\/www.naturparkmagazin.de\/stechlin\/wp-content\/uploads\/sites\/38\/Orchideen_17.jpg\"><img aria-describedby=\"caption-attachment-7061\" decoding=\"async\" loading=\"lazy\" class=\"size-full wp-image-7061\" src=\"https:\/\/www.naturparkmagazin.de\/stechlin\/wp-content\/uploads\/sites\/38\/Orchideen_17.jpg\" alt=\"Breitbl\u00e4ttriges Knabenkraut\" width=\"180\" height=\"250\" \/><\/a><p id=\"caption-attachment-7061\" class=\"wp-caption-text\">Breitbl\u00e4ttriges Knabenkraut<\/p><\/div>\n<p>Auch in diesem Jahr hat der Bestand weiter zugenommen. So hat sich auf den langj\u00e4hrigen Pflegefl\u00e4chen in Altruppin und Zechlinerh\u00fctte die Anzahl verdoppelt. Auf der wieder in Nutzung gebrachten Fl\u00e4che in Griebsee hat sich die Anzahl verdreifacht. W\u00e4hrend in den von den au\u00dfergew\u00f6hnlich hohen Winter- und Fr\u00fchjahrsniederschl\u00e4gen beeinflussten Feuchtwiesen am Roofensee, am Bikowsee, am Lindower Rhin\u00a0und im Glawkemoor sich die Best\u00e4nde auf hohem Niveau stabilisiert haben.<\/p>\n<div id=\"attachment_7062\" style=\"width: 310px\" class=\"wp-caption aligncenter\"><a href=\"https:\/\/www.naturparkmagazin.de\/stechlin\/wp-content\/uploads\/sites\/38\/Orchideen_11.jpg\"><img aria-describedby=\"caption-attachment-7062\" decoding=\"async\" loading=\"lazy\" class=\"size-thumbnail wp-image-7062\" src=\"https:\/\/www.naturparkmagazin.de\/stechlin\/wp-content\/uploads\/sites\/38\/Orchideen_11-300x180.jpg\" alt=\"Kontrolle der Orchideenwiese in Zippelsf\u00f6rde durch Frau Steinberg von der Naturwacht.\" width=\"300\" height=\"180\" srcset=\"https:\/\/www.naturparkmagazin.de\/stechlin\/wp-content\/uploads\/sites\/38\/Orchideen_11-300x180.jpg 300w, https:\/\/www.naturparkmagazin.de\/stechlin\/wp-content\/uploads\/sites\/38\/Orchideen_11.jpg 500w, https:\/\/www.naturparkmagazin.de\/stechlin\/wp-content\/uploads\/sites\/38\/Orchideen_11-200x120.jpg 200w\" sizes=\"(max-width: 300px) 100vw, 300px\" \/><\/a><p id=\"caption-attachment-7062\" class=\"wp-caption-text\">Kontrolle der Orchideenwiese in Zippelsf\u00f6rde durch Frau Steinberg von der Naturwacht.<\/p><\/div>\n<p>&nbsp;<\/p>\n<p>Ein gro\u00dfes Dankesch\u00f6n an dieser Stelle an alle Vertragsnaturschutznehmer, die durch ihre Pflege wesentlich zu diesem Erfolg beigetragen haben. Aber auch ein herzliches Dankesch\u00f6n an unseren Kollegen <strong>Heiko Strobel<\/strong>, der in m\u00fchevoller Kleinarbeit f\u00fcr all diese Fl\u00e4chen Vertragsnaturschutzvereinbarungen geschlossen hat.<\/p>\n<p>Insgesamt setzt der Naturpark in diesem Jahr mehr als <strong>83.000 \u20ac<\/strong> f\u00fcr den Erhalt der bundesweit gef\u00e4hrdeten, heimischen Orchideen ein.<\/p>\n","protected":false},"excerpt":{"rendered":"<p> Allj\u00e4hrlich, wenn im Mai die heimischen Orchideen im Naturpark in Bl\u00fcte stehen, kommt die Stunde der Wahrheit. Dann erfassen die KollegInnen der Naturwacht die Anzahl der bl\u00fchenden Pflanzen.<\/p>\n","protected":false},"author":39,"featured_media":7060,"comment_status":"open","ping_status":"open","sticky":false,"template":"","format":"standard","meta":[],"categories":[7],"tags":[],"yoast_head":"<!-- This site is optimized with the Yoast SEO plugin v19.10 - https:\/\/yoast.com\/wordpress\/plugins\/seo\/ -->\n<title>Orchideenbestand entwickelt sich Dank Vertragsnaturschutz positiv - Naturpark Stechlin-Ruppiner Land<\/title>\n<meta name=\"robots\" content=\"index, follow, max-snippet:-1, max-image-preview:large, max-video-preview:-1\" \/>\n<link rel=\"canonical\" href=\"https:\/\/www.naturparkmagazin.de\/stechlin\/orchideenbestand-entwickelt-sich-dank-vertragsnaturschutz-positiv\/\" \/>\n<meta property=\"og:locale\" content=\"de_DE\" \/>\n<meta property=\"og:type\" content=\"article\" \/>\n<meta property=\"og:title\" content=\"Orchideenbestand entwickelt sich Dank Vertragsnaturschutz positiv - Naturpark Stechlin-Ruppiner Land\" \/>\n<meta property=\"og:description\" content=\"Allj\u00e4hrlich, wenn im Mai die heimischen Orchideen im Naturpark in Bl\u00fcte stehen, kommt die Stunde der Wahrheit. Dann erfassen die KollegInnen der Naturwacht die Anzahl der bl\u00fchenden Pflanzen.\" \/>\n<meta property=\"og:url\" content=\"https:\/\/www.naturparkmagazin.de\/stechlin\/orchideenbestand-entwickelt-sich-dank-vertragsnaturschutz-positiv\/\" \/>\n<meta property=\"og:site_name\" content=\"Naturpark Stechlin-Ruppiner Land\" \/>\n<meta property=\"article:published_time\" content=\"2018-05-16T10:48:07+00:00\" \/>\n<meta property=\"article:modified_time\" content=\"2018-05-25T15:14:22+00:00\" \/>\n<meta property=\"og:image\" content=\"https:\/\/www.naturparkmagazin.de\/stechlin\/wp-content\/uploads\/sites\/38\/Orchideen_14.jpg\" \/>\n\t<meta property=\"og:image:width\" content=\"200\" \/>\n\t<meta property=\"og:image:height\" content=\"200\" \/>\n\t<meta property=\"og:image:type\" content=\"image\/jpeg\" \/>\n<meta name=\"author\" content=\"marioschrumpf\" \/>\n<meta name=\"twitter:label1\" content=\"Verfasst von\" \/>\n\t<meta name=\"twitter:data1\" content=\"marioschrumpf\" \/>\n\t<meta name=\"twitter:label2\" content=\"Gesch\u00e4tzte Lesezeit\" \/>\n\t<meta name=\"twitter:data2\" content=\"1\u00a0Minute\" \/>\n<script type=\"application\/ld+json\" class=\"yoast-schema-graph\">{\"@context\":\"https:\/\/schema.org\",\"@graph\":[{\"@type\":\"WebPage\",\"@id\":\"https:\/\/www.naturparkmagazin.de\/stechlin\/orchideenbestand-entwickelt-sich-dank-vertragsnaturschutz-positiv\/\",\"url\":\"https:\/\/www.naturparkmagazin.de\/stechlin\/orchideenbestand-entwickelt-sich-dank-vertragsnaturschutz-positiv\/\",\"name\":\"Orchideenbestand entwickelt sich Dank Vertragsnaturschutz positiv - Naturpark Stechlin-Ruppiner Land\",\"isPartOf\":{\"@id\":\"https:\/\/www.naturparkmagazin.de\/stechlin\/#website\"},\"datePublished\":\"2018-05-16T10:48:07+00:00\",\"dateModified\":\"2018-05-25T15:14:22+00:00\",\"author\":{\"@id\":\"https:\/\/www.naturparkmagazin.de\/stechlin\/#\/schema\/person\/3f0d93203df21c806dd63c76d9bb28bc\"},\"breadcrumb\":{\"@id\":\"https:\/\/www.naturparkmagazin.de\/stechlin\/orchideenbestand-entwickelt-sich-dank-vertragsnaturschutz-positiv\/#breadcrumb\"},\"inLanguage\":\"de\",\"potentialAction\":[{\"@type\":\"ReadAction\",\"target\":[\"https:\/\/www.naturparkmagazin.de\/stechlin\/orchideenbestand-entwickelt-sich-dank-vertragsnaturschutz-positiv\/\"]}]},{\"@type\":\"BreadcrumbList\",\"@id\":\"https:\/\/www.naturparkmagazin.de\/stechlin\/orchideenbestand-entwickelt-sich-dank-vertragsnaturschutz-positiv\/#breadcrumb\",\"itemListElement\":[{\"@type\":\"ListItem\",\"position\":1,\"name\":\"Home\",\"item\":\"https:\/\/www.naturparkmagazin.de\/stechlin\/\"},{\"@type\":\"ListItem\",\"position\":2,\"name\":\"Orchideenbestand entwickelt sich Dank Vertragsnaturschutz positiv\"}]},{\"@type\":\"WebSite\",\"@id\":\"https:\/\/www.naturparkmagazin.de\/stechlin\/#website\",\"url\":\"https:\/\/www.naturparkmagazin.de\/stechlin\/\",\"name\":\"Naturpark Stechlin-Ruppiner Land\",\"description\":\"\",\"potentialAction\":[{\"@type\":\"SearchAction\",\"target\":{\"@type\":\"EntryPoint\",\"urlTemplate\":\"https:\/\/www.naturparkmagazin.de\/stechlin\/?s={search_term_string}\"},\"query-input\":\"required name=search_term_string\"}],\"inLanguage\":\"de\"},{\"@type\":\"Person\",\"@id\":\"https:\/\/www.naturparkmagazin.de\/stechlin\/#\/schema\/person\/3f0d93203df21c806dd63c76d9bb28bc\",\"name\":\"marioschrumpf\",\"url\":\"https:\/\/www.naturparkmagazin.de\/stechlin\/author\/marioschrumpf\/\"}]}<\/script>\n<!-- \/ Yoast SEO plugin. -->","yoast_head_json":{"title":"Orchideenbestand entwickelt sich Dank Vertragsnaturschutz positiv - Naturpark Stechlin-Ruppiner Land","robots":{"index":"index","follow":"follow","max-snippet":"max-snippet:-1","max-image-preview":"max-image-preview:large","max-video-preview":"max-video-preview:-1"},"canonical":"https:\/\/www.naturparkmagazin.de\/stechlin\/orchideenbestand-entwickelt-sich-dank-vertragsnaturschutz-positiv\/","og_locale":"de_DE","og_type":"article","og_title":"Orchideenbestand entwickelt sich Dank Vertragsnaturschutz positiv - Naturpark Stechlin-Ruppiner Land","og_description":"Allj\u00e4hrlich, wenn im Mai die heimischen Orchideen im Naturpark in Bl\u00fcte stehen, kommt die Stunde der Wahrheit. Dann erfassen die KollegInnen der Naturwacht die Anzahl der bl\u00fchenden Pflanzen.","og_url":"https:\/\/www.naturparkmagazin.de\/stechlin\/orchideenbestand-entwickelt-sich-dank-vertragsnaturschutz-positiv\/","og_site_name":"Naturpark Stechlin-Ruppiner Land","article_published_time":"2018-05-16T10:48:07+00:00","article_modified_time":"2018-05-25T15:14:22+00:00","og_image":[{"width":200,"height":200,"url":"https:\/\/www.naturparkmagazin.de\/stechlin\/wp-content\/uploads\/sites\/38\/Orchideen_14.jpg","type":"image\/jpeg"}],"author":"marioschrumpf","twitter_misc":{"Verfasst von":"marioschrumpf","Gesch\u00e4tzte Lesezeit":"1\u00a0Minute"},"schema":{"@context":"https:\/\/schema.org","@graph":[{"@type":"WebPage","@id":"https:\/\/www.naturparkmagazin.de\/stechlin\/orchideenbestand-entwickelt-sich-dank-vertragsnaturschutz-positiv\/","url":"https:\/\/www.naturparkmagazin.de\/stechlin\/orchideenbestand-entwickelt-sich-dank-vertragsnaturschutz-positiv\/","name":"Orchideenbestand entwickelt sich Dank Vertragsnaturschutz positiv - Naturpark Stechlin-Ruppiner Land","isPartOf":{"@id":"https:\/\/www.naturparkmagazin.de\/stechlin\/#website"},"datePublished":"2018-05-16T10:48:07+00:00","dateModified":"2018-05-25T15:14:22+00:00","author":{"@id":"https:\/\/www.naturparkmagazin.de\/stechlin\/#\/schema\/person\/3f0d93203df21c806dd63c76d9bb28bc"},"breadcrumb":{"@id":"https:\/\/www.naturparkmagazin.de\/stechlin\/orchideenbestand-entwickelt-sich-dank-vertragsnaturschutz-positiv\/#breadcrumb"},"inLanguage":"de","potentialAction":[{"@type":"ReadAction","target":["https:\/\/www.naturparkmagazin.de\/stechlin\/orchideenbestand-entwickelt-sich-dank-vertragsnaturschutz-positiv\/"]}]},{"@type":"BreadcrumbList","@id":"https:\/\/www.naturparkmagazin.de\/stechlin\/orchideenbestand-entwickelt-sich-dank-vertragsnaturschutz-positiv\/#breadcrumb","itemListElement":[{"@type":"ListItem","position":1,"name":"Home","item":"https:\/\/www.naturparkmagazin.de\/stechlin\/"},{"@type":"ListItem","position":2,"name":"Orchideenbestand entwickelt sich Dank Vertragsnaturschutz positiv"}]},{"@type":"WebSite","@id":"https:\/\/www.naturparkmagazin.de\/stechlin\/#website","url":"https:\/\/www.naturparkmagazin.de\/stechlin\/","name":"Naturpark Stechlin-Ruppiner Land","description":"","potentialAction":[{"@type":"SearchAction","target":{"@type":"EntryPoint","urlTemplate":"https:\/\/www.naturparkmagazin.de\/stechlin\/?s={search_term_string}"},"query-input":"required name=search_term_string"}],"inLanguage":"de"},{"@type":"Person","@id":"https:\/\/www.naturparkmagazin.de\/stechlin\/#\/schema\/person\/3f0d93203df21c806dd63c76d9bb28bc","name":"marioschrumpf","url":"https:\/\/www.naturparkmagazin.de\/stechlin\/author\/marioschrumpf\/"}]}},"_links":{"self":[{"href":"https:\/\/www.naturparkmagazin.de\/stechlin\/wp-json\/wp\/v2\/posts\/7059"}],"collection":[{"href":"https:\/\/www.naturparkmagazin.de\/stechlin\/wp-json\/wp\/v2\/posts"}],"about":[{"href":"https:\/\/www.naturparkmagazin.de\/stechlin\/wp-json\/wp\/v2\/types\/post"}],"author":[{"embeddable":true,"href":"https:\/\/www.naturparkmagazin.de\/stechlin\/wp-json\/wp\/v2\/users\/39"}],"replies":[{"embeddable":true,"href":"https:\/\/www.naturparkmagazin.de\/stechlin\/wp-json\/wp\/v2\/comments?post=7059"}],"version-history":[{"count":4,"href":"https:\/\/www.naturparkmagazin.de\/stechlin\/wp-json\/wp\/v2\/posts\/7059\/revisions"}],"predecessor-version":[{"id":7082,"href":"https:\/\/www.naturparkmagazin.de\/stechlin\/wp-json\/wp\/v2\/posts\/7059\/revisions\/7082"}],"wp:featuredmedia":[{"embeddable":true,"href":"https:\/\/www.naturparkmagazin.de\/stechlin\/wp-json\/wp\/v2\/media\/7060"}],"wp:attachment":[{"href":"https:\/\/www.naturparkmagazin.de\/stechlin\/wp-json\/wp\/v2\/media?parent=7059"}],"wp:term":[{"taxonomy":"category","embeddable":true,"href":"https:\/\/www.naturparkmagazin.de\/stechlin\/wp-json\/wp\/v2\/categories?post=7059"},{"taxonomy":"post_tag","embeddable":true,"href":"https:\/\/www.naturparkmagazin.de\/stechlin\/wp-json\/wp\/v2\/tags?post=7059"}],"curies":[{"name":"wp","href":"https:\/\/api.w.org\/{rel}","templated":true}]}}