{"id":709,"date":"2014-02-18T11:17:53","date_gmt":"2014-02-18T09:17:53","guid":{"rendered":"http:\/\/www.naturparkmagazin.de\/stechlin\/?p=709"},"modified":"2025-01-24T10:19:43","modified_gmt":"2025-01-24T09:19:43","slug":"wir-ziehen-bilanz","status":"publish","type":"post","link":"https:\/\/www.naturparkmagazin.de\/stechlin\/wir-ziehen-bilanz\/","title":{"rendered":"Wir ziehen Bilanz! (2014)"},"content":{"rendered":"<p><a href=\"https:\/\/www.naturparkmagazin.de\/stechlin\/wp-content\/uploads\/sites\/38\/Bilanz2013_1.jpg\"><img decoding=\"async\" loading=\"lazy\" class=\"alignnone size-full wp-image-736\" src=\"https:\/\/www.naturparkmagazin.de\/stechlin\/wp-content\/uploads\/sites\/38\/Bilanz2013_1.jpg\" alt=\"\" width=\"180\" height=\"120\" \/><\/a><\/p>\n<p>Am 18. Februar zogen die Naturparkverwaltung, der F\u00f6rderverein Naturlandschaft Stechlin und Menzer Heide e.V., die Naturwacht und die Natur- und Landschaftsf\u00fchrer auf der gemeinsamen Jahrespressekonferenz des Naturparks Bilanz! Das Jahr 2013 war ein erfolgreiches Jahr f\u00fcr den Naturpark Stechlin-Ruppiner Land. Der Naturpark wurde erfolgreich als Qualit\u00e4tsnaturpark vom Verband Deutscher Naturparke evaluiert. Auf dem Deutschen Naturparktag im September 2013 konnte Naturparkleiter Dr. Mario Schrumpf die Auszeichnung f\u00fcr die n\u00e4chsten f\u00fcnf Jahre entgegen nehmen. F\u00fcr alle 23 FFH-Gebiete und 2 EU-Vogelschutzgebiete konnten die Managementpl\u00e4ne fertig gestellt werden. Neben der Vorstellung der Jahresberichte 2013 gaben die Akteure einen Ausblick auf vorgesehene Aktionen und H\u00f6hepunkte in 2014. Der F\u00f6rderverein Naturlandschaft Stechlin und Menzer Heide feiert in diesem Jahr sein 20. Jubil\u00e4um. Das Menzer Waldfest, wichtigste Veranstaltung im Naturpark, wird vom 27.-29. Juni seine 20. Auflage erleben.<\/p>\n<p>&nbsp;<\/p>\n","protected":false},"excerpt":{"rendered":"<p>Am 18. Februar zogen Naturparkverwaltung, F\u00f6rderverein, Naturwacht und Natur- und Landschaftsf\u00fchrer auf der gemeinsamen Jahrespressekonferenz des Naturparks Bilanz!<\/p>\n","protected":false},"author":39,"featured_media":737,"comment_status":"open","ping_status":"open","sticky":false,"template":"","format":"standard","meta":[],"categories":[7],"tags":[],"yoast_head":"<!-- This site is optimized with the Yoast SEO plugin v19.10 - https:\/\/yoast.com\/wordpress\/plugins\/seo\/ -->\n<title>Wir ziehen Bilanz! (2014) - Naturpark Stechlin-Ruppiner Land<\/title>\n<meta name=\"robots\" content=\"index, follow, max-snippet:-1, max-image-preview:large, max-video-preview:-1\" \/>\n<link rel=\"canonical\" href=\"https:\/\/www.naturparkmagazin.de\/stechlin\/wir-ziehen-bilanz\/\" \/>\n<meta property=\"og:locale\" content=\"de_DE\" \/>\n<meta property=\"og:type\" content=\"article\" \/>\n<meta property=\"og:title\" content=\"Wir ziehen Bilanz! (2014) - Naturpark Stechlin-Ruppiner Land\" \/>\n<meta property=\"og:description\" content=\"Am 18. Februar zogen Naturparkverwaltung, F\u00f6rderverein, Naturwacht und Natur- und Landschaftsf\u00fchrer auf der gemeinsamen Jahrespressekonferenz des Naturparks Bilanz!\" \/>\n<meta property=\"og:url\" content=\"https:\/\/www.naturparkmagazin.de\/stechlin\/wir-ziehen-bilanz\/\" \/>\n<meta property=\"og:site_name\" content=\"Naturpark Stechlin-Ruppiner Land\" \/>\n<meta property=\"article:published_time\" content=\"2014-02-18T09:17:53+00:00\" \/>\n<meta property=\"article:modified_time\" content=\"2025-01-24T09:19:43+00:00\" \/>\n<meta property=\"og:image\" content=\"https:\/\/www.naturparkmagazin.de\/stechlin\/wp-content\/uploads\/sites\/38\/Bilanz2013_2.jpg\" \/>\n\t<meta property=\"og:image:width\" content=\"180\" \/>\n\t<meta property=\"og:image:height\" content=\"120\" \/>\n\t<meta property=\"og:image:type\" content=\"image\/jpeg\" \/>\n<meta name=\"author\" content=\"marioschrumpf\" \/>\n<meta name=\"twitter:label1\" content=\"Verfasst von\" \/>\n\t<meta name=\"twitter:data1\" content=\"marioschrumpf\" \/>\n\t<meta name=\"twitter:label2\" content=\"Gesch\u00e4tzte Lesezeit\" \/>\n\t<meta name=\"twitter:data2\" content=\"1\u00a0Minute\" \/>\n<script type=\"application\/ld+json\" class=\"yoast-schema-graph\">{\"@context\":\"https:\/\/schema.org\",\"@graph\":[{\"@type\":\"WebPage\",\"@id\":\"https:\/\/www.naturparkmagazin.de\/stechlin\/wir-ziehen-bilanz\/\",\"url\":\"https:\/\/www.naturparkmagazin.de\/stechlin\/wir-ziehen-bilanz\/\",\"name\":\"Wir ziehen Bilanz! (2014) - Naturpark Stechlin-Ruppiner Land\",\"isPartOf\":{\"@id\":\"https:\/\/www.naturparkmagazin.de\/stechlin\/#website\"},\"datePublished\":\"2014-02-18T09:17:53+00:00\",\"dateModified\":\"2025-01-24T09:19:43+00:00\",\"author\":{\"@id\":\"https:\/\/www.naturparkmagazin.de\/stechlin\/#\/schema\/person\/3f0d93203df21c806dd63c76d9bb28bc\"},\"breadcrumb\":{\"@id\":\"https:\/\/www.naturparkmagazin.de\/stechlin\/wir-ziehen-bilanz\/#breadcrumb\"},\"inLanguage\":\"de\",\"potentialAction\":[{\"@type\":\"ReadAction\",\"target\":[\"https:\/\/www.naturparkmagazin.de\/stechlin\/wir-ziehen-bilanz\/\"]}]},{\"@type\":\"BreadcrumbList\",\"@id\":\"https:\/\/www.naturparkmagazin.de\/stechlin\/wir-ziehen-bilanz\/#breadcrumb\",\"itemListElement\":[{\"@type\":\"ListItem\",\"position\":1,\"name\":\"Home\",\"item\":\"https:\/\/www.naturparkmagazin.de\/stechlin\/\"},{\"@type\":\"ListItem\",\"position\":2,\"name\":\"Wir ziehen Bilanz! (2014)\"}]},{\"@type\":\"WebSite\",\"@id\":\"https:\/\/www.naturparkmagazin.de\/stechlin\/#website\",\"url\":\"https:\/\/www.naturparkmagazin.de\/stechlin\/\",\"name\":\"Naturpark Stechlin-Ruppiner Land\",\"description\":\"\",\"potentialAction\":[{\"@type\":\"SearchAction\",\"target\":{\"@type\":\"EntryPoint\",\"urlTemplate\":\"https:\/\/www.naturparkmagazin.de\/stechlin\/?s={search_term_string}\"},\"query-input\":\"required name=search_term_string\"}],\"inLanguage\":\"de\"},{\"@type\":\"Person\",\"@id\":\"https:\/\/www.naturparkmagazin.de\/stechlin\/#\/schema\/person\/3f0d93203df21c806dd63c76d9bb28bc\",\"name\":\"marioschrumpf\",\"url\":\"https:\/\/www.naturparkmagazin.de\/stechlin\/author\/marioschrumpf\/\"}]}<\/script>\n<!-- \/ Yoast SEO plugin. -->","yoast_head_json":{"title":"Wir ziehen Bilanz! (2014) - Naturpark Stechlin-Ruppiner Land","robots":{"index":"index","follow":"follow","max-snippet":"max-snippet:-1","max-image-preview":"max-image-preview:large","max-video-preview":"max-video-preview:-1"},"canonical":"https:\/\/www.naturparkmagazin.de\/stechlin\/wir-ziehen-bilanz\/","og_locale":"de_DE","og_type":"article","og_title":"Wir ziehen Bilanz! (2014) - Naturpark Stechlin-Ruppiner Land","og_description":"Am 18. Februar zogen Naturparkverwaltung, F\u00f6rderverein, Naturwacht und Natur- und Landschaftsf\u00fchrer auf der gemeinsamen Jahrespressekonferenz des Naturparks Bilanz!","og_url":"https:\/\/www.naturparkmagazin.de\/stechlin\/wir-ziehen-bilanz\/","og_site_name":"Naturpark Stechlin-Ruppiner Land","article_published_time":"2014-02-18T09:17:53+00:00","article_modified_time":"2025-01-24T09:19:43+00:00","og_image":[{"width":180,"height":120,"url":"https:\/\/www.naturparkmagazin.de\/stechlin\/wp-content\/uploads\/sites\/38\/Bilanz2013_2.jpg","type":"image\/jpeg"}],"author":"marioschrumpf","twitter_misc":{"Verfasst von":"marioschrumpf","Gesch\u00e4tzte Lesezeit":"1\u00a0Minute"},"schema":{"@context":"https:\/\/schema.org","@graph":[{"@type":"WebPage","@id":"https:\/\/www.naturparkmagazin.de\/stechlin\/wir-ziehen-bilanz\/","url":"https:\/\/www.naturparkmagazin.de\/stechlin\/wir-ziehen-bilanz\/","name":"Wir ziehen Bilanz! (2014) - Naturpark Stechlin-Ruppiner Land","isPartOf":{"@id":"https:\/\/www.naturparkmagazin.de\/stechlin\/#website"},"datePublished":"2014-02-18T09:17:53+00:00","dateModified":"2025-01-24T09:19:43+00:00","author":{"@id":"https:\/\/www.naturparkmagazin.de\/stechlin\/#\/schema\/person\/3f0d93203df21c806dd63c76d9bb28bc"},"breadcrumb":{"@id":"https:\/\/www.naturparkmagazin.de\/stechlin\/wir-ziehen-bilanz\/#breadcrumb"},"inLanguage":"de","potentialAction":[{"@type":"ReadAction","target":["https:\/\/www.naturparkmagazin.de\/stechlin\/wir-ziehen-bilanz\/"]}]},{"@type":"BreadcrumbList","@id":"https:\/\/www.naturparkmagazin.de\/stechlin\/wir-ziehen-bilanz\/#breadcrumb","itemListElement":[{"@type":"ListItem","position":1,"name":"Home","item":"https:\/\/www.naturparkmagazin.de\/stechlin\/"},{"@type":"ListItem","position":2,"name":"Wir ziehen Bilanz! (2014)"}]},{"@type":"WebSite","@id":"https:\/\/www.naturparkmagazin.de\/stechlin\/#website","url":"https:\/\/www.naturparkmagazin.de\/stechlin\/","name":"Naturpark Stechlin-Ruppiner Land","description":"","potentialAction":[{"@type":"SearchAction","target":{"@type":"EntryPoint","urlTemplate":"https:\/\/www.naturparkmagazin.de\/stechlin\/?s={search_term_string}"},"query-input":"required name=search_term_string"}],"inLanguage":"de"},{"@type":"Person","@id":"https:\/\/www.naturparkmagazin.de\/stechlin\/#\/schema\/person\/3f0d93203df21c806dd63c76d9bb28bc","name":"marioschrumpf","url":"https:\/\/www.naturparkmagazin.de\/stechlin\/author\/marioschrumpf\/"}]}},"_links":{"self":[{"href":"https:\/\/www.naturparkmagazin.de\/stechlin\/wp-json\/wp\/v2\/posts\/709"}],"collection":[{"href":"https:\/\/www.naturparkmagazin.de\/stechlin\/wp-json\/wp\/v2\/posts"}],"about":[{"href":"https:\/\/www.naturparkmagazin.de\/stechlin\/wp-json\/wp\/v2\/types\/post"}],"author":[{"embeddable":true,"href":"https:\/\/www.naturparkmagazin.de\/stechlin\/wp-json\/wp\/v2\/users\/39"}],"replies":[{"embeddable":true,"href":"https:\/\/www.naturparkmagazin.de\/stechlin\/wp-json\/wp\/v2\/comments?post=709"}],"version-history":[{"count":6,"href":"https:\/\/www.naturparkmagazin.de\/stechlin\/wp-json\/wp\/v2\/posts\/709\/revisions"}],"predecessor-version":[{"id":16603,"href":"https:\/\/www.naturparkmagazin.de\/stechlin\/wp-json\/wp\/v2\/posts\/709\/revisions\/16603"}],"wp:featuredmedia":[{"embeddable":true,"href":"https:\/\/www.naturparkmagazin.de\/stechlin\/wp-json\/wp\/v2\/media\/737"}],"wp:attachment":[{"href":"https:\/\/www.naturparkmagazin.de\/stechlin\/wp-json\/wp\/v2\/media?parent=709"}],"wp:term":[{"taxonomy":"category","embeddable":true,"href":"https:\/\/www.naturparkmagazin.de\/stechlin\/wp-json\/wp\/v2\/categories?post=709"},{"taxonomy":"post_tag","embeddable":true,"href":"https:\/\/www.naturparkmagazin.de\/stechlin\/wp-json\/wp\/v2\/tags?post=709"}],"curies":[{"name":"wp","href":"https:\/\/api.w.org\/{rel}","templated":true}]}}