{"id":711,"date":"2014-02-18T11:16:08","date_gmt":"2014-02-18T09:16:08","guid":{"rendered":"http:\/\/www.naturparkmagazin.de\/stechlin\/?p=711"},"modified":"2014-02-21T10:15:35","modified_gmt":"2014-02-21T09:15:35","slug":"8-kleiner-naturschutztag-mit-vielen-besuchern","status":"publish","type":"post","link":"https:\/\/www.naturparkmagazin.de\/stechlin\/8-kleiner-naturschutztag-mit-vielen-besuchern\/","title":{"rendered":"8. Kleiner Naturschutztag mit vielen Besuchern"},"content":{"rendered":"<p><a href=\"https:\/\/www.naturparkmagazin.de\/stechlin\/wp-content\/uploads\/sites\/38\/Kl-NAT-1.jpg\"><img decoding=\"async\" loading=\"lazy\" class=\"alignnone size-full wp-image-745\" alt=\"Kl NAT 1\" src=\"https:\/\/www.naturparkmagazin.de\/stechlin\/wp-content\/uploads\/sites\/38\/Kl-NAT-1.jpg\" width=\"180\" height=\"120\" \/><\/a><\/p>\n<p>Mehr als 100 Besucher kamen am 21. Februar zum 8. Kleinen Naturschutztag, der traditionellen Jahrestagung des Naturparks. Im Saal der Regionalwerkstatt Stechlin in Menz wurden Untersuchungen Planungen und Projekte vorgestellt, die im zur\u00fcckliegenden Jahr durch die Naturparkverwaltung oder ihre Kooperationspartner beauftragt oder mit Partnern umgesetzt wurden. Augenmerk wurde dabei nicht nur dem Zustand von Gew\u00e4ssern, Mooren oder W\u00e4ldern und darin lebenden Arten gewidmet, sondern auch Konflikten und Problemen bei deren Erhaltung. Felix Glaser vom B\u00fcro Luftbild Brandenburg und Naturparkleiter Dr. Mario Schrumpf berichteten vom erfolgreichen Abschluss der NATURA-2000-Managementplanung und ersten konkreten Umsetzungsma\u00dfnahmen wie der Initiierung des neuen EU-Life-Projektes Feuchtw\u00e4lder oder dem Bau der station\u00e4ren Amphibienschutzanlage an der B 122 in Dierberg. Neben der Zusammenarbeit zwischen Denkmalpflege und Naturschutz im Schlo\u00dfpark Rheinsberg und beim Erhalt der Maulbeerallee Zernikow wurden die Ergebnisse des naturkundlichen Tauchens, der Eremitenkartierung sowie der \u00f6kologischen Umweltbeobachtung im Stechlinseegebiet vorgestellt. Filmische Impressionen vom XII. Internationalen Kunstsymposium im Naturpark rundeten das interessante Programm ab.<\/p>\n","protected":false},"excerpt":{"rendered":"<p>Mehr als 100 Besucher kamen am 21. Februar zum 8. Kleinen Naturschutztag, der traditionellen Jahrestagung des Naturparks nach Menz. <\/p>\n","protected":false},"author":39,"featured_media":0,"comment_status":"open","ping_status":"open","sticky":false,"template":"","format":"standard","meta":[],"categories":[7],"tags":[],"yoast_head":"<!-- This site is optimized with the Yoast SEO plugin v19.10 - https:\/\/yoast.com\/wordpress\/plugins\/seo\/ -->\n<title>8. Kleiner Naturschutztag mit vielen Besuchern - Naturpark Stechlin-Ruppiner Land<\/title>\n<meta name=\"robots\" content=\"index, follow, max-snippet:-1, max-image-preview:large, max-video-preview:-1\" \/>\n<link rel=\"canonical\" href=\"https:\/\/www.naturparkmagazin.de\/stechlin\/8-kleiner-naturschutztag-mit-vielen-besuchern\/\" \/>\n<meta property=\"og:locale\" content=\"de_DE\" \/>\n<meta property=\"og:type\" content=\"article\" \/>\n<meta property=\"og:title\" content=\"8. Kleiner Naturschutztag mit vielen Besuchern - Naturpark Stechlin-Ruppiner Land\" \/>\n<meta property=\"og:description\" content=\"Mehr als 100 Besucher kamen am 21. Februar zum 8. Kleinen Naturschutztag, der traditionellen Jahrestagung des Naturparks nach Menz.\" \/>\n<meta property=\"og:url\" content=\"https:\/\/www.naturparkmagazin.de\/stechlin\/8-kleiner-naturschutztag-mit-vielen-besuchern\/\" \/>\n<meta property=\"og:site_name\" content=\"Naturpark Stechlin-Ruppiner Land\" \/>\n<meta property=\"article:published_time\" content=\"2014-02-18T09:16:08+00:00\" \/>\n<meta property=\"article:modified_time\" content=\"2014-02-21T09:15:35+00:00\" \/>\n<meta property=\"og:image\" content=\"https:\/\/www.naturparkmagazin.de\/stechlin\/wp-content\/uploads\/sites\/38\/Kl-NAT-1.jpg\" \/>\n<meta name=\"author\" content=\"marioschrumpf\" \/>\n<meta name=\"twitter:label1\" content=\"Verfasst von\" \/>\n\t<meta name=\"twitter:data1\" content=\"marioschrumpf\" \/>\n\t<meta name=\"twitter:label2\" content=\"Gesch\u00e4tzte Lesezeit\" \/>\n\t<meta name=\"twitter:data2\" content=\"1\u00a0Minute\" \/>\n<script type=\"application\/ld+json\" class=\"yoast-schema-graph\">{\"@context\":\"https:\/\/schema.org\",\"@graph\":[{\"@type\":\"WebPage\",\"@id\":\"https:\/\/www.naturparkmagazin.de\/stechlin\/8-kleiner-naturschutztag-mit-vielen-besuchern\/\",\"url\":\"https:\/\/www.naturparkmagazin.de\/stechlin\/8-kleiner-naturschutztag-mit-vielen-besuchern\/\",\"name\":\"8. Kleiner Naturschutztag mit vielen Besuchern - Naturpark Stechlin-Ruppiner Land\",\"isPartOf\":{\"@id\":\"https:\/\/www.naturparkmagazin.de\/stechlin\/#website\"},\"datePublished\":\"2014-02-18T09:16:08+00:00\",\"dateModified\":\"2014-02-21T09:15:35+00:00\",\"author\":{\"@id\":\"https:\/\/www.naturparkmagazin.de\/stechlin\/#\/schema\/person\/3f0d93203df21c806dd63c76d9bb28bc\"},\"breadcrumb\":{\"@id\":\"https:\/\/www.naturparkmagazin.de\/stechlin\/8-kleiner-naturschutztag-mit-vielen-besuchern\/#breadcrumb\"},\"inLanguage\":\"de\",\"potentialAction\":[{\"@type\":\"ReadAction\",\"target\":[\"https:\/\/www.naturparkmagazin.de\/stechlin\/8-kleiner-naturschutztag-mit-vielen-besuchern\/\"]}]},{\"@type\":\"BreadcrumbList\",\"@id\":\"https:\/\/www.naturparkmagazin.de\/stechlin\/8-kleiner-naturschutztag-mit-vielen-besuchern\/#breadcrumb\",\"itemListElement\":[{\"@type\":\"ListItem\",\"position\":1,\"name\":\"Home\",\"item\":\"https:\/\/www.naturparkmagazin.de\/stechlin\/\"},{\"@type\":\"ListItem\",\"position\":2,\"name\":\"8. Kleiner Naturschutztag mit vielen Besuchern\"}]},{\"@type\":\"WebSite\",\"@id\":\"https:\/\/www.naturparkmagazin.de\/stechlin\/#website\",\"url\":\"https:\/\/www.naturparkmagazin.de\/stechlin\/\",\"name\":\"Naturpark Stechlin-Ruppiner Land\",\"description\":\"\",\"potentialAction\":[{\"@type\":\"SearchAction\",\"target\":{\"@type\":\"EntryPoint\",\"urlTemplate\":\"https:\/\/www.naturparkmagazin.de\/stechlin\/?s={search_term_string}\"},\"query-input\":\"required name=search_term_string\"}],\"inLanguage\":\"de\"},{\"@type\":\"Person\",\"@id\":\"https:\/\/www.naturparkmagazin.de\/stechlin\/#\/schema\/person\/3f0d93203df21c806dd63c76d9bb28bc\",\"name\":\"marioschrumpf\",\"url\":\"https:\/\/www.naturparkmagazin.de\/stechlin\/author\/marioschrumpf\/\"}]}<\/script>\n<!-- \/ Yoast SEO plugin. -->","yoast_head_json":{"title":"8. Kleiner Naturschutztag mit vielen Besuchern - Naturpark Stechlin-Ruppiner Land","robots":{"index":"index","follow":"follow","max-snippet":"max-snippet:-1","max-image-preview":"max-image-preview:large","max-video-preview":"max-video-preview:-1"},"canonical":"https:\/\/www.naturparkmagazin.de\/stechlin\/8-kleiner-naturschutztag-mit-vielen-besuchern\/","og_locale":"de_DE","og_type":"article","og_title":"8. Kleiner Naturschutztag mit vielen Besuchern - Naturpark Stechlin-Ruppiner Land","og_description":"Mehr als 100 Besucher kamen am 21. Februar zum 8. Kleinen Naturschutztag, der traditionellen Jahrestagung des Naturparks nach Menz.","og_url":"https:\/\/www.naturparkmagazin.de\/stechlin\/8-kleiner-naturschutztag-mit-vielen-besuchern\/","og_site_name":"Naturpark Stechlin-Ruppiner Land","article_published_time":"2014-02-18T09:16:08+00:00","article_modified_time":"2014-02-21T09:15:35+00:00","og_image":[{"url":"https:\/\/www.naturparkmagazin.de\/stechlin\/wp-content\/uploads\/sites\/38\/Kl-NAT-1.jpg"}],"author":"marioschrumpf","twitter_misc":{"Verfasst von":"marioschrumpf","Gesch\u00e4tzte Lesezeit":"1\u00a0Minute"},"schema":{"@context":"https:\/\/schema.org","@graph":[{"@type":"WebPage","@id":"https:\/\/www.naturparkmagazin.de\/stechlin\/8-kleiner-naturschutztag-mit-vielen-besuchern\/","url":"https:\/\/www.naturparkmagazin.de\/stechlin\/8-kleiner-naturschutztag-mit-vielen-besuchern\/","name":"8. Kleiner Naturschutztag mit vielen Besuchern - Naturpark Stechlin-Ruppiner Land","isPartOf":{"@id":"https:\/\/www.naturparkmagazin.de\/stechlin\/#website"},"datePublished":"2014-02-18T09:16:08+00:00","dateModified":"2014-02-21T09:15:35+00:00","author":{"@id":"https:\/\/www.naturparkmagazin.de\/stechlin\/#\/schema\/person\/3f0d93203df21c806dd63c76d9bb28bc"},"breadcrumb":{"@id":"https:\/\/www.naturparkmagazin.de\/stechlin\/8-kleiner-naturschutztag-mit-vielen-besuchern\/#breadcrumb"},"inLanguage":"de","potentialAction":[{"@type":"ReadAction","target":["https:\/\/www.naturparkmagazin.de\/stechlin\/8-kleiner-naturschutztag-mit-vielen-besuchern\/"]}]},{"@type":"BreadcrumbList","@id":"https:\/\/www.naturparkmagazin.de\/stechlin\/8-kleiner-naturschutztag-mit-vielen-besuchern\/#breadcrumb","itemListElement":[{"@type":"ListItem","position":1,"name":"Home","item":"https:\/\/www.naturparkmagazin.de\/stechlin\/"},{"@type":"ListItem","position":2,"name":"8. Kleiner Naturschutztag mit vielen Besuchern"}]},{"@type":"WebSite","@id":"https:\/\/www.naturparkmagazin.de\/stechlin\/#website","url":"https:\/\/www.naturparkmagazin.de\/stechlin\/","name":"Naturpark Stechlin-Ruppiner Land","description":"","potentialAction":[{"@type":"SearchAction","target":{"@type":"EntryPoint","urlTemplate":"https:\/\/www.naturparkmagazin.de\/stechlin\/?s={search_term_string}"},"query-input":"required name=search_term_string"}],"inLanguage":"de"},{"@type":"Person","@id":"https:\/\/www.naturparkmagazin.de\/stechlin\/#\/schema\/person\/3f0d93203df21c806dd63c76d9bb28bc","name":"marioschrumpf","url":"https:\/\/www.naturparkmagazin.de\/stechlin\/author\/marioschrumpf\/"}]}},"_links":{"self":[{"href":"https:\/\/www.naturparkmagazin.de\/stechlin\/wp-json\/wp\/v2\/posts\/711"}],"collection":[{"href":"https:\/\/www.naturparkmagazin.de\/stechlin\/wp-json\/wp\/v2\/posts"}],"about":[{"href":"https:\/\/www.naturparkmagazin.de\/stechlin\/wp-json\/wp\/v2\/types\/post"}],"author":[{"embeddable":true,"href":"https:\/\/www.naturparkmagazin.de\/stechlin\/wp-json\/wp\/v2\/users\/39"}],"replies":[{"embeddable":true,"href":"https:\/\/www.naturparkmagazin.de\/stechlin\/wp-json\/wp\/v2\/comments?post=711"}],"version-history":[{"count":6,"href":"https:\/\/www.naturparkmagazin.de\/stechlin\/wp-json\/wp\/v2\/posts\/711\/revisions"}],"predecessor-version":[{"id":758,"href":"https:\/\/www.naturparkmagazin.de\/stechlin\/wp-json\/wp\/v2\/posts\/711\/revisions\/758"}],"wp:attachment":[{"href":"https:\/\/www.naturparkmagazin.de\/stechlin\/wp-json\/wp\/v2\/media?parent=711"}],"wp:term":[{"taxonomy":"category","embeddable":true,"href":"https:\/\/www.naturparkmagazin.de\/stechlin\/wp-json\/wp\/v2\/categories?post=711"},{"taxonomy":"post_tag","embeddable":true,"href":"https:\/\/www.naturparkmagazin.de\/stechlin\/wp-json\/wp\/v2\/tags?post=711"}],"curies":[{"name":"wp","href":"https:\/\/api.w.org\/{rel}","templated":true}]}}