{"id":7114,"date":"2018-06-15T08:42:25","date_gmt":"2018-06-15T06:42:25","guid":{"rendered":"https:\/\/www.naturparkmagazin.de\/stechlin\/?p=7114"},"modified":"2018-06-26T11:18:47","modified_gmt":"2018-06-26T09:18:47","slug":"zu-fuss-von-gransee-ueber-lindowmark-nach-herzbergmark","status":"publish","type":"post","link":"https:\/\/www.naturparkmagazin.de\/stechlin\/zu-fuss-von-gransee-ueber-lindowmark-nach-herzbergmark\/","title":{"rendered":"Zu Fu\u00df von Gransee \u00fcber Lindow\/Mark nach Herzberg\/Mark"},"content":{"rendered":"<div id=\"attachment_7120\" style=\"width: 310px\" class=\"wp-caption aligncenter\"><a href=\"https:\/\/www.naturparkmagazin.de\/stechlin\/wp-content\/uploads\/sites\/38\/NP-Wandertag-2018_18.jpg\"><img aria-describedby=\"caption-attachment-7120\" decoding=\"async\" loading=\"lazy\" class=\"size-thumbnail wp-image-7120\" src=\"https:\/\/www.naturparkmagazin.de\/stechlin\/wp-content\/uploads\/sites\/38\/NP-Wandertag-2018_18-300x180.jpg\" alt=\"Ankunft am Bahnhof Gransee\" width=\"300\" height=\"180\" srcset=\"https:\/\/www.naturparkmagazin.de\/stechlin\/wp-content\/uploads\/sites\/38\/NP-Wandertag-2018_18-300x180.jpg 300w, https:\/\/www.naturparkmagazin.de\/stechlin\/wp-content\/uploads\/sites\/38\/NP-Wandertag-2018_18.jpg 500w, https:\/\/www.naturparkmagazin.de\/stechlin\/wp-content\/uploads\/sites\/38\/NP-Wandertag-2018_18-200x120.jpg 200w\" sizes=\"(max-width: 300px) 100vw, 300px\" \/><\/a><p id=\"caption-attachment-7120\" class=\"wp-caption-text\">Ankunft am Bahnhof Gransee<\/p><\/div>\n<p>14 Wanderer starteten am 2. Juni vom Bahnhof Gransee zum Bundesweiten Naturpark-Wandertag. Unter F\u00fchrung von Wolfgang Pagel, dem Pr\u00e4sidenten des Berliner Wanderverbandes ging es vorbei an der Granseer Stadtmauer, Franziskaner-Kloster, St. Marien-Kirche und K\u00f6nigin-Luise-Denkmal hinaus durch das Ruppiner Tor in den Granseer Stadtwald.<\/p>\n<div id=\"attachment_7121\" style=\"width: 190px\" class=\"wp-caption aligncenter\"><a href=\"https:\/\/www.naturparkmagazin.de\/stechlin\/wp-content\/uploads\/sites\/38\/NP-Wandertag-2018_25.jpg\"><img aria-describedby=\"caption-attachment-7121\" decoding=\"async\" loading=\"lazy\" class=\"size-full wp-image-7121\" src=\"https:\/\/www.naturparkmagazin.de\/stechlin\/wp-content\/uploads\/sites\/38\/NP-Wandertag-2018_25.jpg\" alt=\"Rast am Wartturm im Granseer Stadtwald\" width=\"180\" height=\"250\" \/><\/a><p id=\"caption-attachment-7121\" class=\"wp-caption-text\">Rast am Wartturm im Granseer Stadtwald<\/p><\/div>\n<div id=\"attachment_7119\" style=\"width: 310px\" class=\"wp-caption aligncenter\"><a href=\"https:\/\/www.naturparkmagazin.de\/stechlin\/wp-content\/uploads\/sites\/38\/NP-Wandertag_26.jpg\"><img aria-describedby=\"caption-attachment-7119\" decoding=\"async\" loading=\"lazy\" class=\"size-thumbnail wp-image-7119\" src=\"https:\/\/www.naturparkmagazin.de\/stechlin\/wp-content\/uploads\/sites\/38\/NP-Wandertag_26-300x180.jpg\" alt=\"Gruppenfoto am Schloss Meseberg\" width=\"300\" height=\"180\" srcset=\"https:\/\/www.naturparkmagazin.de\/stechlin\/wp-content\/uploads\/sites\/38\/NP-Wandertag_26-300x180.jpg 300w, https:\/\/www.naturparkmagazin.de\/stechlin\/wp-content\/uploads\/sites\/38\/NP-Wandertag_26.jpg 500w, https:\/\/www.naturparkmagazin.de\/stechlin\/wp-content\/uploads\/sites\/38\/NP-Wandertag_26-200x120.jpg 200w\" sizes=\"(max-width: 300px) 100vw, 300px\" \/><\/a><p id=\"caption-attachment-7119\" class=\"wp-caption-text\">Gruppenfoto am Schloss Meseberg<\/p><\/div>\n<p>Nach kurzer Rast am Wartturm war die n\u00e4chste Station, Schloss Meseberg, bald erreicht. Entlang am Huwenowsee und durch die Baumgartner Heide wurde bei J\u00f6rg T\u00fcmmel im Haus Sch\u00f6nbirken zu Mittag gerastet. Nachdem seine gel\u00e4ndeg\u00e4ngigen barrierefreien E-Mobile ausprobiert waren, wartete schon die Drei-Seen-Stadt Lindow\/Mark auf die Wanderer. Nach 22 km verlie\u00dfen am Bahnhof die Kurzstrecken-Wanderer das Team, w\u00e4hrend sich die anderen auf den Weg in Richtung Herzberg\/Mark machten.<\/p>\n<div id=\"attachment_7118\" style=\"width: 310px\" class=\"wp-caption aligncenter\"><a href=\"https:\/\/www.naturparkmagazin.de\/stechlin\/wp-content\/uploads\/sites\/38\/NP-Wandertag_35.jpg\"><img aria-describedby=\"caption-attachment-7118\" decoding=\"async\" loading=\"lazy\" class=\"size-thumbnail wp-image-7118\" src=\"https:\/\/www.naturparkmagazin.de\/stechlin\/wp-content\/uploads\/sites\/38\/NP-Wandertag_35-300x180.jpg\" alt=\"Mittagsrast im Haus Sch\u00f6nbirken\" width=\"300\" height=\"180\" srcset=\"https:\/\/www.naturparkmagazin.de\/stechlin\/wp-content\/uploads\/sites\/38\/NP-Wandertag_35-300x180.jpg 300w, https:\/\/www.naturparkmagazin.de\/stechlin\/wp-content\/uploads\/sites\/38\/NP-Wandertag_35.jpg 500w, https:\/\/www.naturparkmagazin.de\/stechlin\/wp-content\/uploads\/sites\/38\/NP-Wandertag_35-200x120.jpg 200w\" sizes=\"(max-width: 300px) 100vw, 300px\" \/><\/a><p id=\"caption-attachment-7118\" class=\"wp-caption-text\">Mittagsrast im Haus Sch\u00f6nbirken<\/p><\/div>\n<p><a href=\"https:\/\/www.naturparkmagazin.de\/stechlin\/wp-content\/uploads\/sites\/38\/NP-Wandertag_54.jpg\"><img decoding=\"async\" loading=\"lazy\" class=\" size-thumbnail wp-image-7117 aligncenter\" src=\"https:\/\/www.naturparkmagazin.de\/stechlin\/wp-content\/uploads\/sites\/38\/NP-Wandertag_54-300x180.jpg\" alt=\"NP SRL\/Mario Schrumpf\" width=\"300\" height=\"180\" srcset=\"https:\/\/www.naturparkmagazin.de\/stechlin\/wp-content\/uploads\/sites\/38\/NP-Wandertag_54-300x180.jpg 300w, https:\/\/www.naturparkmagazin.de\/stechlin\/wp-content\/uploads\/sites\/38\/NP-Wandertag_54.jpg 500w, https:\/\/www.naturparkmagazin.de\/stechlin\/wp-content\/uploads\/sites\/38\/NP-Wandertag_54-200x120.jpg 200w\" sizes=\"(max-width: 300px) 100vw, 300px\" \/><\/a>Nach einer Badepause am Werbellinsee wurde der Zielort p\u00fcnktlich erreicht. Eine Kirchenf\u00fchrung und eine Einkehr im Dorfgasthof rundeten die 34 km lange Exkursion in den S\u00fcden des Naturparks ab, bevor es mit dem Zug wieder in Richtung Berliner Heimat ging.<\/p>\n<div id=\"attachment_7116\" style=\"width: 310px\" class=\"wp-caption aligncenter\"><a href=\"https:\/\/www.naturparkmagazin.de\/stechlin\/wp-content\/uploads\/sites\/38\/NP-Wandertag_63.jpg\"><img aria-describedby=\"caption-attachment-7116\" decoding=\"async\" loading=\"lazy\" class=\"size-thumbnail wp-image-7116\" src=\"https:\/\/www.naturparkmagazin.de\/stechlin\/wp-content\/uploads\/sites\/38\/NP-Wandertag_63-300x180.jpg\" alt=\"Kirchenf\u00fchrung in Herzberg\/Mark\" width=\"300\" height=\"180\" srcset=\"https:\/\/www.naturparkmagazin.de\/stechlin\/wp-content\/uploads\/sites\/38\/NP-Wandertag_63-300x180.jpg 300w, https:\/\/www.naturparkmagazin.de\/stechlin\/wp-content\/uploads\/sites\/38\/NP-Wandertag_63.jpg 500w, https:\/\/www.naturparkmagazin.de\/stechlin\/wp-content\/uploads\/sites\/38\/NP-Wandertag_63-200x120.jpg 200w\" sizes=\"(max-width: 300px) 100vw, 300px\" \/><\/a><p id=\"caption-attachment-7116\" class=\"wp-caption-text\">Kirchenf\u00fchrung in Herzberg\/Mark<\/p><\/div>\n<p>Ein gro\u00dfes Dankesch\u00f6n an Wanderleiter Wolfgang Pagel f\u00fcr die professionelle Vorbereitung und F\u00fchrung!<\/p>\n<p>&nbsp;<\/p>\n","protected":false},"excerpt":{"rendered":"<p>14 Wanderer starteten am 2. Juni vom Bahnhof Gransee zum Bundesweiten Naturpark-Wandertag.<\/p>\n","protected":false},"author":39,"featured_media":7115,"comment_status":"open","ping_status":"open","sticky":false,"template":"","format":"standard","meta":[],"categories":[7],"tags":[],"yoast_head":"<!-- This site is optimized with the Yoast SEO plugin v19.10 - https:\/\/yoast.com\/wordpress\/plugins\/seo\/ -->\n<title>Zu Fu\u00df von Gransee \u00fcber Lindow\/Mark nach Herzberg\/Mark - Naturpark Stechlin-Ruppiner Land<\/title>\n<meta name=\"robots\" content=\"index, follow, max-snippet:-1, max-image-preview:large, max-video-preview:-1\" \/>\n<link rel=\"canonical\" href=\"https:\/\/www.naturparkmagazin.de\/stechlin\/zu-fuss-von-gransee-ueber-lindowmark-nach-herzbergmark\/\" \/>\n<meta property=\"og:locale\" content=\"de_DE\" \/>\n<meta property=\"og:type\" content=\"article\" \/>\n<meta property=\"og:title\" content=\"Zu Fu\u00df von Gransee \u00fcber Lindow\/Mark nach Herzberg\/Mark - Naturpark Stechlin-Ruppiner Land\" \/>\n<meta property=\"og:description\" content=\"14 Wanderer starteten am 2. Juni vom Bahnhof Gransee zum Bundesweiten Naturpark-Wandertag.\" \/>\n<meta property=\"og:url\" content=\"https:\/\/www.naturparkmagazin.de\/stechlin\/zu-fuss-von-gransee-ueber-lindowmark-nach-herzbergmark\/\" \/>\n<meta property=\"og:site_name\" content=\"Naturpark Stechlin-Ruppiner Land\" \/>\n<meta property=\"article:published_time\" content=\"2018-06-15T06:42:25+00:00\" \/>\n<meta property=\"article:modified_time\" content=\"2018-06-26T09:18:47+00:00\" \/>\n<meta property=\"og:image\" content=\"https:\/\/www.naturparkmagazin.de\/stechlin\/wp-content\/uploads\/sites\/38\/Np-Wandertag-2018_20.jpg\" \/>\n\t<meta property=\"og:image:width\" content=\"200\" \/>\n\t<meta property=\"og:image:height\" content=\"200\" \/>\n\t<meta property=\"og:image:type\" content=\"image\/jpeg\" \/>\n<meta name=\"author\" content=\"marioschrumpf\" \/>\n<meta name=\"twitter:label1\" content=\"Verfasst von\" \/>\n\t<meta name=\"twitter:data1\" content=\"marioschrumpf\" \/>\n\t<meta name=\"twitter:label2\" content=\"Gesch\u00e4tzte Lesezeit\" \/>\n\t<meta name=\"twitter:data2\" content=\"1\u00a0Minute\" \/>\n<script type=\"application\/ld+json\" class=\"yoast-schema-graph\">{\"@context\":\"https:\/\/schema.org\",\"@graph\":[{\"@type\":\"WebPage\",\"@id\":\"https:\/\/www.naturparkmagazin.de\/stechlin\/zu-fuss-von-gransee-ueber-lindowmark-nach-herzbergmark\/\",\"url\":\"https:\/\/www.naturparkmagazin.de\/stechlin\/zu-fuss-von-gransee-ueber-lindowmark-nach-herzbergmark\/\",\"name\":\"Zu Fu\u00df von Gransee \u00fcber Lindow\/Mark nach Herzberg\/Mark - Naturpark Stechlin-Ruppiner Land\",\"isPartOf\":{\"@id\":\"https:\/\/www.naturparkmagazin.de\/stechlin\/#website\"},\"datePublished\":\"2018-06-15T06:42:25+00:00\",\"dateModified\":\"2018-06-26T09:18:47+00:00\",\"author\":{\"@id\":\"https:\/\/www.naturparkmagazin.de\/stechlin\/#\/schema\/person\/3f0d93203df21c806dd63c76d9bb28bc\"},\"breadcrumb\":{\"@id\":\"https:\/\/www.naturparkmagazin.de\/stechlin\/zu-fuss-von-gransee-ueber-lindowmark-nach-herzbergmark\/#breadcrumb\"},\"inLanguage\":\"de\",\"potentialAction\":[{\"@type\":\"ReadAction\",\"target\":[\"https:\/\/www.naturparkmagazin.de\/stechlin\/zu-fuss-von-gransee-ueber-lindowmark-nach-herzbergmark\/\"]}]},{\"@type\":\"BreadcrumbList\",\"@id\":\"https:\/\/www.naturparkmagazin.de\/stechlin\/zu-fuss-von-gransee-ueber-lindowmark-nach-herzbergmark\/#breadcrumb\",\"itemListElement\":[{\"@type\":\"ListItem\",\"position\":1,\"name\":\"Home\",\"item\":\"https:\/\/www.naturparkmagazin.de\/stechlin\/\"},{\"@type\":\"ListItem\",\"position\":2,\"name\":\"Zu Fu\u00df von Gransee \u00fcber Lindow\/Mark nach Herzberg\/Mark\"}]},{\"@type\":\"WebSite\",\"@id\":\"https:\/\/www.naturparkmagazin.de\/stechlin\/#website\",\"url\":\"https:\/\/www.naturparkmagazin.de\/stechlin\/\",\"name\":\"Naturpark Stechlin-Ruppiner Land\",\"description\":\"\",\"potentialAction\":[{\"@type\":\"SearchAction\",\"target\":{\"@type\":\"EntryPoint\",\"urlTemplate\":\"https:\/\/www.naturparkmagazin.de\/stechlin\/?s={search_term_string}\"},\"query-input\":\"required name=search_term_string\"}],\"inLanguage\":\"de\"},{\"@type\":\"Person\",\"@id\":\"https:\/\/www.naturparkmagazin.de\/stechlin\/#\/schema\/person\/3f0d93203df21c806dd63c76d9bb28bc\",\"name\":\"marioschrumpf\",\"url\":\"https:\/\/www.naturparkmagazin.de\/stechlin\/author\/marioschrumpf\/\"}]}<\/script>\n<!-- \/ Yoast SEO plugin. -->","yoast_head_json":{"title":"Zu Fu\u00df von Gransee \u00fcber Lindow\/Mark nach Herzberg\/Mark - Naturpark Stechlin-Ruppiner Land","robots":{"index":"index","follow":"follow","max-snippet":"max-snippet:-1","max-image-preview":"max-image-preview:large","max-video-preview":"max-video-preview:-1"},"canonical":"https:\/\/www.naturparkmagazin.de\/stechlin\/zu-fuss-von-gransee-ueber-lindowmark-nach-herzbergmark\/","og_locale":"de_DE","og_type":"article","og_title":"Zu Fu\u00df von Gransee \u00fcber Lindow\/Mark nach Herzberg\/Mark - Naturpark Stechlin-Ruppiner Land","og_description":"14 Wanderer starteten am 2. Juni vom Bahnhof Gransee zum Bundesweiten Naturpark-Wandertag.","og_url":"https:\/\/www.naturparkmagazin.de\/stechlin\/zu-fuss-von-gransee-ueber-lindowmark-nach-herzbergmark\/","og_site_name":"Naturpark Stechlin-Ruppiner Land","article_published_time":"2018-06-15T06:42:25+00:00","article_modified_time":"2018-06-26T09:18:47+00:00","og_image":[{"width":200,"height":200,"url":"https:\/\/www.naturparkmagazin.de\/stechlin\/wp-content\/uploads\/sites\/38\/Np-Wandertag-2018_20.jpg","type":"image\/jpeg"}],"author":"marioschrumpf","twitter_misc":{"Verfasst von":"marioschrumpf","Gesch\u00e4tzte Lesezeit":"1\u00a0Minute"},"schema":{"@context":"https:\/\/schema.org","@graph":[{"@type":"WebPage","@id":"https:\/\/www.naturparkmagazin.de\/stechlin\/zu-fuss-von-gransee-ueber-lindowmark-nach-herzbergmark\/","url":"https:\/\/www.naturparkmagazin.de\/stechlin\/zu-fuss-von-gransee-ueber-lindowmark-nach-herzbergmark\/","name":"Zu Fu\u00df von Gransee \u00fcber Lindow\/Mark nach Herzberg\/Mark - Naturpark Stechlin-Ruppiner Land","isPartOf":{"@id":"https:\/\/www.naturparkmagazin.de\/stechlin\/#website"},"datePublished":"2018-06-15T06:42:25+00:00","dateModified":"2018-06-26T09:18:47+00:00","author":{"@id":"https:\/\/www.naturparkmagazin.de\/stechlin\/#\/schema\/person\/3f0d93203df21c806dd63c76d9bb28bc"},"breadcrumb":{"@id":"https:\/\/www.naturparkmagazin.de\/stechlin\/zu-fuss-von-gransee-ueber-lindowmark-nach-herzbergmark\/#breadcrumb"},"inLanguage":"de","potentialAction":[{"@type":"ReadAction","target":["https:\/\/www.naturparkmagazin.de\/stechlin\/zu-fuss-von-gransee-ueber-lindowmark-nach-herzbergmark\/"]}]},{"@type":"BreadcrumbList","@id":"https:\/\/www.naturparkmagazin.de\/stechlin\/zu-fuss-von-gransee-ueber-lindowmark-nach-herzbergmark\/#breadcrumb","itemListElement":[{"@type":"ListItem","position":1,"name":"Home","item":"https:\/\/www.naturparkmagazin.de\/stechlin\/"},{"@type":"ListItem","position":2,"name":"Zu Fu\u00df von Gransee \u00fcber Lindow\/Mark nach Herzberg\/Mark"}]},{"@type":"WebSite","@id":"https:\/\/www.naturparkmagazin.de\/stechlin\/#website","url":"https:\/\/www.naturparkmagazin.de\/stechlin\/","name":"Naturpark Stechlin-Ruppiner Land","description":"","potentialAction":[{"@type":"SearchAction","target":{"@type":"EntryPoint","urlTemplate":"https:\/\/www.naturparkmagazin.de\/stechlin\/?s={search_term_string}"},"query-input":"required name=search_term_string"}],"inLanguage":"de"},{"@type":"Person","@id":"https:\/\/www.naturparkmagazin.de\/stechlin\/#\/schema\/person\/3f0d93203df21c806dd63c76d9bb28bc","name":"marioschrumpf","url":"https:\/\/www.naturparkmagazin.de\/stechlin\/author\/marioschrumpf\/"}]}},"_links":{"self":[{"href":"https:\/\/www.naturparkmagazin.de\/stechlin\/wp-json\/wp\/v2\/posts\/7114"}],"collection":[{"href":"https:\/\/www.naturparkmagazin.de\/stechlin\/wp-json\/wp\/v2\/posts"}],"about":[{"href":"https:\/\/www.naturparkmagazin.de\/stechlin\/wp-json\/wp\/v2\/types\/post"}],"author":[{"embeddable":true,"href":"https:\/\/www.naturparkmagazin.de\/stechlin\/wp-json\/wp\/v2\/users\/39"}],"replies":[{"embeddable":true,"href":"https:\/\/www.naturparkmagazin.de\/stechlin\/wp-json\/wp\/v2\/comments?post=7114"}],"version-history":[{"count":3,"href":"https:\/\/www.naturparkmagazin.de\/stechlin\/wp-json\/wp\/v2\/posts\/7114\/revisions"}],"predecessor-version":[{"id":7226,"href":"https:\/\/www.naturparkmagazin.de\/stechlin\/wp-json\/wp\/v2\/posts\/7114\/revisions\/7226"}],"wp:featuredmedia":[{"embeddable":true,"href":"https:\/\/www.naturparkmagazin.de\/stechlin\/wp-json\/wp\/v2\/media\/7115"}],"wp:attachment":[{"href":"https:\/\/www.naturparkmagazin.de\/stechlin\/wp-json\/wp\/v2\/media?parent=7114"}],"wp:term":[{"taxonomy":"category","embeddable":true,"href":"https:\/\/www.naturparkmagazin.de\/stechlin\/wp-json\/wp\/v2\/categories?post=7114"},{"taxonomy":"post_tag","embeddable":true,"href":"https:\/\/www.naturparkmagazin.de\/stechlin\/wp-json\/wp\/v2\/tags?post=7114"}],"curies":[{"name":"wp","href":"https:\/\/api.w.org\/{rel}","templated":true}]}}