{"id":7133,"date":"2018-06-16T07:48:09","date_gmt":"2018-06-16T05:48:09","guid":{"rendered":"https:\/\/www.naturparkmagazin.de\/stechlin\/?p=7133"},"modified":"2018-06-26T11:07:56","modified_gmt":"2018-06-26T09:07:56","slug":"alfred-schult-oeki-im-naturparkhaus-stechlin","status":"publish","type":"post","link":"https:\/\/www.naturparkmagazin.de\/stechlin\/alfred-schult-oeki-im-naturparkhaus-stechlin\/","title":{"rendered":"Alfred Schult &#8211; \u00d6ki im NaturParkHaus Stechlin"},"content":{"rendered":"<div id=\"attachment_7135\" style=\"width: 210px\" class=\"wp-caption aligncenter\"><a href=\"https:\/\/www.naturparkmagazin.de\/stechlin\/wp-content\/uploads\/sites\/38\/Alfred-Schult1.jpg\"><img aria-describedby=\"caption-attachment-7135\" decoding=\"async\" loading=\"lazy\" class=\"size-full wp-image-7135\" src=\"https:\/\/www.naturparkmagazin.de\/stechlin\/wp-content\/uploads\/sites\/38\/Alfred-Schult1.jpg\" alt=\"Alfred Schult - \u00d6ki im NaturParkHaus Stechlin\" width=\"200\" height=\"250\" \/><\/a><p id=\"caption-attachment-7135\" class=\"wp-caption-text\">Alfred Schult &#8211; \u00d6ki im NaturParkHaus Stechlin<\/p><\/div>\n<p>Noch bis Ende August unterst\u00fctzt Alfred Schult aus Zingst im Freiwilligen \u00d6kologischem Jahr das Besucherzentrum des Naturparks. Zu seinen Aufgaben geh\u00f6rt die Pflege des S\u00fc\u00dfwasseraquariums mit heimischen Fischen aus dem Naturschutzgebiet Stechlin, die Unterhaltung des Sinnesgartens rund um das NaturParkHaus Stechlin sowie die Vorbereitung und Durchf\u00fchrung von Umweltbildungsprogrammen f\u00fcr Sch\u00fcler, Rentner und Studenten.<\/p>\n<p>W\u00e4hrend des Freiwilligen \u00d6kologischen Jahres ist der Entschluss gereift, eine Ausbildung zum Staatlich anerkannten Erzieher aufzunehmen, da ihm die Arbeit mit Kindern viel Freude bereitet. Mit gro\u00dfem Interesse hat er die vom Tr\u00e4ger M\u00e4rkischer Wald e. V. angebotenen Seminare zu unterschiedlichen \u00f6kologischen Themen wahrgenommen. Begeister hat ihn die einzigartige Natur und Landschaft rund um den Einsatzort Menz.<\/p>\n<p>Mit gutem Gewissen kann Alfred Schult die Einsatzstelle beim F\u00f6rderverein Naturlandschaft Stechlin und Menzer Heide e. V. weiterempfehlen. Insbesondere das gute Quartier und die netten KollegInnen haben ihn \u00fcberzeugt.<\/p>\n<p>Ab 1. September werden die beiden \u00d6ki-Stellen im NaturParkHaus Stechlin wieder neu besetzt. Interessenten melden sich bitte bei Karin Schl\u00f6sser (Tel.: 033082\/51210, E-Mail: <a href=\"mailto:post@aturparkhaus.de\">post@naturparkhaus.de<\/a>) oder direkt beim Tr\u00e4ger M\u00e4rkischer Wald e. V. (<a href=\"http:\/\/www.maerkischerwald.de\">www.maerkischerwald.de<\/a>).<\/p>\n","protected":false},"excerpt":{"rendered":"<p>Noch bis Ende August unterst\u00fctzt Alfred Schult aus Zingst im Freiwilligen \u00d6kologischem Jahr das Besucherzentrum des Naturparks.<\/p>\n","protected":false},"author":39,"featured_media":7134,"comment_status":"open","ping_status":"open","sticky":false,"template":"","format":"standard","meta":[],"categories":[8],"tags":[],"yoast_head":"<!-- This site is optimized with the Yoast SEO plugin v19.10 - https:\/\/yoast.com\/wordpress\/plugins\/seo\/ -->\n<title>Alfred Schult - \u00d6ki im NaturParkHaus Stechlin - Naturpark Stechlin-Ruppiner Land<\/title>\n<meta name=\"robots\" content=\"index, follow, max-snippet:-1, max-image-preview:large, max-video-preview:-1\" \/>\n<link rel=\"canonical\" href=\"https:\/\/www.naturparkmagazin.de\/stechlin\/alfred-schult-oeki-im-naturparkhaus-stechlin\/\" \/>\n<meta property=\"og:locale\" content=\"de_DE\" \/>\n<meta property=\"og:type\" content=\"article\" \/>\n<meta property=\"og:title\" content=\"Alfred Schult - \u00d6ki im NaturParkHaus Stechlin - Naturpark Stechlin-Ruppiner Land\" \/>\n<meta property=\"og:description\" content=\"Noch bis Ende August unterst\u00fctzt Alfred Schult aus Zingst im Freiwilligen \u00d6kologischem Jahr das Besucherzentrum des Naturparks.\" \/>\n<meta property=\"og:url\" content=\"https:\/\/www.naturparkmagazin.de\/stechlin\/alfred-schult-oeki-im-naturparkhaus-stechlin\/\" \/>\n<meta property=\"og:site_name\" content=\"Naturpark Stechlin-Ruppiner Land\" \/>\n<meta property=\"article:published_time\" content=\"2018-06-16T05:48:09+00:00\" \/>\n<meta property=\"article:modified_time\" content=\"2018-06-26T09:07:56+00:00\" \/>\n<meta property=\"og:image\" content=\"https:\/\/www.naturparkmagazin.de\/stechlin\/wp-content\/uploads\/sites\/38\/Alfred-Schult.jpg\" \/>\n\t<meta property=\"og:image:width\" content=\"200\" \/>\n\t<meta property=\"og:image:height\" content=\"200\" \/>\n\t<meta property=\"og:image:type\" content=\"image\/jpeg\" \/>\n<meta name=\"author\" content=\"marioschrumpf\" \/>\n<meta name=\"twitter:label1\" content=\"Verfasst von\" \/>\n\t<meta name=\"twitter:data1\" content=\"marioschrumpf\" \/>\n\t<meta name=\"twitter:label2\" content=\"Gesch\u00e4tzte Lesezeit\" \/>\n\t<meta name=\"twitter:data2\" content=\"1\u00a0Minute\" \/>\n<script type=\"application\/ld+json\" class=\"yoast-schema-graph\">{\"@context\":\"https:\/\/schema.org\",\"@graph\":[{\"@type\":\"WebPage\",\"@id\":\"https:\/\/www.naturparkmagazin.de\/stechlin\/alfred-schult-oeki-im-naturparkhaus-stechlin\/\",\"url\":\"https:\/\/www.naturparkmagazin.de\/stechlin\/alfred-schult-oeki-im-naturparkhaus-stechlin\/\",\"name\":\"Alfred Schult - \u00d6ki im NaturParkHaus Stechlin - Naturpark Stechlin-Ruppiner Land\",\"isPartOf\":{\"@id\":\"https:\/\/www.naturparkmagazin.de\/stechlin\/#website\"},\"datePublished\":\"2018-06-16T05:48:09+00:00\",\"dateModified\":\"2018-06-26T09:07:56+00:00\",\"author\":{\"@id\":\"https:\/\/www.naturparkmagazin.de\/stechlin\/#\/schema\/person\/3f0d93203df21c806dd63c76d9bb28bc\"},\"breadcrumb\":{\"@id\":\"https:\/\/www.naturparkmagazin.de\/stechlin\/alfred-schult-oeki-im-naturparkhaus-stechlin\/#breadcrumb\"},\"inLanguage\":\"de\",\"potentialAction\":[{\"@type\":\"ReadAction\",\"target\":[\"https:\/\/www.naturparkmagazin.de\/stechlin\/alfred-schult-oeki-im-naturparkhaus-stechlin\/\"]}]},{\"@type\":\"BreadcrumbList\",\"@id\":\"https:\/\/www.naturparkmagazin.de\/stechlin\/alfred-schult-oeki-im-naturparkhaus-stechlin\/#breadcrumb\",\"itemListElement\":[{\"@type\":\"ListItem\",\"position\":1,\"name\":\"Home\",\"item\":\"https:\/\/www.naturparkmagazin.de\/stechlin\/\"},{\"@type\":\"ListItem\",\"position\":2,\"name\":\"Alfred Schult &#8211; \u00d6ki im NaturParkHaus Stechlin\"}]},{\"@type\":\"WebSite\",\"@id\":\"https:\/\/www.naturparkmagazin.de\/stechlin\/#website\",\"url\":\"https:\/\/www.naturparkmagazin.de\/stechlin\/\",\"name\":\"Naturpark Stechlin-Ruppiner Land\",\"description\":\"\",\"potentialAction\":[{\"@type\":\"SearchAction\",\"target\":{\"@type\":\"EntryPoint\",\"urlTemplate\":\"https:\/\/www.naturparkmagazin.de\/stechlin\/?s={search_term_string}\"},\"query-input\":\"required name=search_term_string\"}],\"inLanguage\":\"de\"},{\"@type\":\"Person\",\"@id\":\"https:\/\/www.naturparkmagazin.de\/stechlin\/#\/schema\/person\/3f0d93203df21c806dd63c76d9bb28bc\",\"name\":\"marioschrumpf\",\"url\":\"https:\/\/www.naturparkmagazin.de\/stechlin\/author\/marioschrumpf\/\"}]}<\/script>\n<!-- \/ Yoast SEO plugin. -->","yoast_head_json":{"title":"Alfred Schult - \u00d6ki im NaturParkHaus Stechlin - Naturpark Stechlin-Ruppiner Land","robots":{"index":"index","follow":"follow","max-snippet":"max-snippet:-1","max-image-preview":"max-image-preview:large","max-video-preview":"max-video-preview:-1"},"canonical":"https:\/\/www.naturparkmagazin.de\/stechlin\/alfred-schult-oeki-im-naturparkhaus-stechlin\/","og_locale":"de_DE","og_type":"article","og_title":"Alfred Schult - \u00d6ki im NaturParkHaus Stechlin - Naturpark Stechlin-Ruppiner Land","og_description":"Noch bis Ende August unterst\u00fctzt Alfred Schult aus Zingst im Freiwilligen \u00d6kologischem Jahr das Besucherzentrum des Naturparks.","og_url":"https:\/\/www.naturparkmagazin.de\/stechlin\/alfred-schult-oeki-im-naturparkhaus-stechlin\/","og_site_name":"Naturpark Stechlin-Ruppiner Land","article_published_time":"2018-06-16T05:48:09+00:00","article_modified_time":"2018-06-26T09:07:56+00:00","og_image":[{"width":200,"height":200,"url":"https:\/\/www.naturparkmagazin.de\/stechlin\/wp-content\/uploads\/sites\/38\/Alfred-Schult.jpg","type":"image\/jpeg"}],"author":"marioschrumpf","twitter_misc":{"Verfasst von":"marioschrumpf","Gesch\u00e4tzte Lesezeit":"1\u00a0Minute"},"schema":{"@context":"https:\/\/schema.org","@graph":[{"@type":"WebPage","@id":"https:\/\/www.naturparkmagazin.de\/stechlin\/alfred-schult-oeki-im-naturparkhaus-stechlin\/","url":"https:\/\/www.naturparkmagazin.de\/stechlin\/alfred-schult-oeki-im-naturparkhaus-stechlin\/","name":"Alfred Schult - \u00d6ki im NaturParkHaus Stechlin - Naturpark Stechlin-Ruppiner Land","isPartOf":{"@id":"https:\/\/www.naturparkmagazin.de\/stechlin\/#website"},"datePublished":"2018-06-16T05:48:09+00:00","dateModified":"2018-06-26T09:07:56+00:00","author":{"@id":"https:\/\/www.naturparkmagazin.de\/stechlin\/#\/schema\/person\/3f0d93203df21c806dd63c76d9bb28bc"},"breadcrumb":{"@id":"https:\/\/www.naturparkmagazin.de\/stechlin\/alfred-schult-oeki-im-naturparkhaus-stechlin\/#breadcrumb"},"inLanguage":"de","potentialAction":[{"@type":"ReadAction","target":["https:\/\/www.naturparkmagazin.de\/stechlin\/alfred-schult-oeki-im-naturparkhaus-stechlin\/"]}]},{"@type":"BreadcrumbList","@id":"https:\/\/www.naturparkmagazin.de\/stechlin\/alfred-schult-oeki-im-naturparkhaus-stechlin\/#breadcrumb","itemListElement":[{"@type":"ListItem","position":1,"name":"Home","item":"https:\/\/www.naturparkmagazin.de\/stechlin\/"},{"@type":"ListItem","position":2,"name":"Alfred Schult &#8211; \u00d6ki im NaturParkHaus Stechlin"}]},{"@type":"WebSite","@id":"https:\/\/www.naturparkmagazin.de\/stechlin\/#website","url":"https:\/\/www.naturparkmagazin.de\/stechlin\/","name":"Naturpark Stechlin-Ruppiner Land","description":"","potentialAction":[{"@type":"SearchAction","target":{"@type":"EntryPoint","urlTemplate":"https:\/\/www.naturparkmagazin.de\/stechlin\/?s={search_term_string}"},"query-input":"required name=search_term_string"}],"inLanguage":"de"},{"@type":"Person","@id":"https:\/\/www.naturparkmagazin.de\/stechlin\/#\/schema\/person\/3f0d93203df21c806dd63c76d9bb28bc","name":"marioschrumpf","url":"https:\/\/www.naturparkmagazin.de\/stechlin\/author\/marioschrumpf\/"}]}},"_links":{"self":[{"href":"https:\/\/www.naturparkmagazin.de\/stechlin\/wp-json\/wp\/v2\/posts\/7133"}],"collection":[{"href":"https:\/\/www.naturparkmagazin.de\/stechlin\/wp-json\/wp\/v2\/posts"}],"about":[{"href":"https:\/\/www.naturparkmagazin.de\/stechlin\/wp-json\/wp\/v2\/types\/post"}],"author":[{"embeddable":true,"href":"https:\/\/www.naturparkmagazin.de\/stechlin\/wp-json\/wp\/v2\/users\/39"}],"replies":[{"embeddable":true,"href":"https:\/\/www.naturparkmagazin.de\/stechlin\/wp-json\/wp\/v2\/comments?post=7133"}],"version-history":[{"count":3,"href":"https:\/\/www.naturparkmagazin.de\/stechlin\/wp-json\/wp\/v2\/posts\/7133\/revisions"}],"predecessor-version":[{"id":7218,"href":"https:\/\/www.naturparkmagazin.de\/stechlin\/wp-json\/wp\/v2\/posts\/7133\/revisions\/7218"}],"wp:featuredmedia":[{"embeddable":true,"href":"https:\/\/www.naturparkmagazin.de\/stechlin\/wp-json\/wp\/v2\/media\/7134"}],"wp:attachment":[{"href":"https:\/\/www.naturparkmagazin.de\/stechlin\/wp-json\/wp\/v2\/media?parent=7133"}],"wp:term":[{"taxonomy":"category","embeddable":true,"href":"https:\/\/www.naturparkmagazin.de\/stechlin\/wp-json\/wp\/v2\/categories?post=7133"},{"taxonomy":"post_tag","embeddable":true,"href":"https:\/\/www.naturparkmagazin.de\/stechlin\/wp-json\/wp\/v2\/tags?post=7133"}],"curies":[{"name":"wp","href":"https:\/\/api.w.org\/{rel}","templated":true}]}}