{"id":7137,"date":"2018-06-16T08:08:17","date_gmt":"2018-06-16T06:08:17","guid":{"rendered":"https:\/\/www.naturparkmagazin.de\/stechlin\/?p=7137"},"modified":"2025-06-19T13:51:59","modified_gmt":"2025-06-19T11:51:59","slug":"ausstellung-in-der-epiphanienkirche-berlin-eroeffnet","status":"publish","type":"post","link":"https:\/\/www.naturparkmagazin.de\/stechlin\/ausstellung-in-der-epiphanienkirche-berlin-eroeffnet\/","title":{"rendered":"Ausstellung in der Epiphanienkirche Berlin er\u00f6ffnet (2018)"},"content":{"rendered":"<p>Seit 9. Juni werden in Berlin-Charlottenburg die Ergebnisse des 17. Internationalen Kunstsymposiums im Naturpark Stechlin-Ruppiner Land pr\u00e4sentiert.<\/p>\n<div id=\"attachment_7139\" style=\"width: 310px\" class=\"wp-caption aligncenter\"><a href=\"https:\/\/www.naturparkmagazin.de\/stechlin\/wp-content\/uploads\/sites\/38\/Arbeiten-von-Nicole-Br\u00e9mond_07.jpg\"><img aria-describedby=\"caption-attachment-7139\" decoding=\"async\" loading=\"lazy\" class=\"size-thumbnail wp-image-7139\" src=\"https:\/\/www.naturparkmagazin.de\/stechlin\/wp-content\/uploads\/sites\/38\/Arbeiten-von-Nicole-Br\u00e9mond_07-300x180.jpg\" alt=\"Besucher betrachten die Arbeiten von Nicole Br\u00e9mond\" width=\"300\" height=\"180\" srcset=\"https:\/\/www.naturparkmagazin.de\/stechlin\/wp-content\/uploads\/sites\/38\/Arbeiten-von-Nicole-Br\u00e9mond_07-300x180.jpg 300w, https:\/\/www.naturparkmagazin.de\/stechlin\/wp-content\/uploads\/sites\/38\/Arbeiten-von-Nicole-Br\u00e9mond_07.jpg 500w, https:\/\/www.naturparkmagazin.de\/stechlin\/wp-content\/uploads\/sites\/38\/Arbeiten-von-Nicole-Br\u00e9mond_07-200x120.jpg 200w\" sizes=\"(max-width: 300px) 100vw, 300px\" \/><\/a><p id=\"caption-attachment-7139\" class=\"wp-caption-text\">Besucher betrachten die Arbeiten von Nicole Br\u00e9mond<\/p><\/div>\n<p>Bis zum 8. August werden in der Epiphanienkirche Werke von sechs K\u00fcnstlerinnen und K\u00fcnstlern aus vier L\u00e4ndern gezeigt, die zum Thema &#8222;Mensch und Natur&#8220; entstanden sind. Zur Vernissage konnten Nicole Br\u00e9mond aus Frankreich sowie Gudrun und Kuno Lomas begr\u00fc\u00dft werden. Desweiteren werden Arbeiten von Wendy Bell (USA), Frank Diersch (Deutschland) und Marius Urbaniak (Polen) gezeigt.<\/p>\n<p>Nach der Begr\u00fc\u00dfung durch Uwe Goetze, Vorsitzender des Gemeindekirchenrates referierte Naturparkleiter Dr. Mario Schrumpf \u00fcber das Symposium und lud die G\u00e4ste ein, sich selbst ein Bild von der landschaftlichen Sch\u00f6nheit und dem kulturellen H\u00f6hepunkten des Naturparks zu machen.<\/p>\n<p>Die Vernissage wurde von Rainer Volkenborn am Bandoneon (Knopfharmonika) musikalisch umrahmt.<\/p>\n<div id=\"attachment_7140\" style=\"width: 310px\" class=\"wp-caption aligncenter\"><a href=\"https:\/\/www.naturparkmagazin.de\/stechlin\/wp-content\/uploads\/sites\/38\/Rainer-Volkenborn.jpg\"><img aria-describedby=\"caption-attachment-7140\" decoding=\"async\" loading=\"lazy\" class=\"size-thumbnail wp-image-7140\" src=\"https:\/\/www.naturparkmagazin.de\/stechlin\/wp-content\/uploads\/sites\/38\/Rainer-Volkenborn-300x180.jpg\" alt=\"Rainer Volkenborn am Bandoneon sorgte f\u00fcr die musikalische Umrahmung\" width=\"300\" height=\"180\" srcset=\"https:\/\/www.naturparkmagazin.de\/stechlin\/wp-content\/uploads\/sites\/38\/Rainer-Volkenborn-300x180.jpg 300w, https:\/\/www.naturparkmagazin.de\/stechlin\/wp-content\/uploads\/sites\/38\/Rainer-Volkenborn.jpg 500w, https:\/\/www.naturparkmagazin.de\/stechlin\/wp-content\/uploads\/sites\/38\/Rainer-Volkenborn-200x120.jpg 200w\" sizes=\"(max-width: 300px) 100vw, 300px\" \/><\/a><p id=\"caption-attachment-7140\" class=\"wp-caption-text\">Rainer Volkenborn am Bandoneon sorgte f\u00fcr die musikalische Umrahmung<\/p><\/div>\n<p>Ein herzliches Dankesch\u00f6n an Heike Thulmann von der Epiphaniengemeinde f\u00fcr die hervorragende Organisation sowie an Frank Diersch und Egbert Witzlau f\u00fcr den Transport und das H\u00e4ngen der Ausstellung.<\/p>\n<div id=\"attachment_7138\" style=\"width: 310px\" class=\"wp-caption aligncenter\"><a href=\"https:\/\/www.naturparkmagazin.de\/stechlin\/wp-content\/uploads\/sites\/38\/KGL-im-Gespr\u00e4ch16.jpg\"><img aria-describedby=\"caption-attachment-7138\" decoding=\"async\" loading=\"lazy\" class=\"size-thumbnail wp-image-7138\" src=\"https:\/\/www.naturparkmagazin.de\/stechlin\/wp-content\/uploads\/sites\/38\/KGL-im-Gespr\u00e4ch16-300x180.jpg\" alt=\"Gudrun und Kuno Lomas im Gespr\u00e4ch mit G\u00e4sten\" width=\"300\" height=\"180\" srcset=\"https:\/\/www.naturparkmagazin.de\/stechlin\/wp-content\/uploads\/sites\/38\/KGL-im-Gespr\u00e4ch16-300x180.jpg 300w, https:\/\/www.naturparkmagazin.de\/stechlin\/wp-content\/uploads\/sites\/38\/KGL-im-Gespr\u00e4ch16.jpg 500w, https:\/\/www.naturparkmagazin.de\/stechlin\/wp-content\/uploads\/sites\/38\/KGL-im-Gespr\u00e4ch16-200x120.jpg 200w\" sizes=\"(max-width: 300px) 100vw, 300px\" \/><\/a><p id=\"caption-attachment-7138\" class=\"wp-caption-text\">Gudrun und Kuno Lomas im Gespr\u00e4ch mit G\u00e4sten<\/p><\/div>\n","protected":false},"excerpt":{"rendered":"<p>Seit 9. Juni werden in Berlin-Charlottenburg die Ergebnisse des 17. Internationalen Kunstsymposiums im Naturpark Stechlin-Ruppiner Land pr\u00e4sentiert.<\/p>\n","protected":false},"author":39,"featured_media":7141,"comment_status":"open","ping_status":"open","sticky":false,"template":"","format":"standard","meta":[],"categories":[7],"tags":[],"yoast_head":"<!-- This site is optimized with the Yoast SEO plugin v19.10 - https:\/\/yoast.com\/wordpress\/plugins\/seo\/ -->\n<title>Ausstellung in der Epiphanienkirche Berlin er\u00f6ffnet (2018) - Naturpark Stechlin-Ruppiner Land<\/title>\n<meta name=\"robots\" content=\"index, follow, max-snippet:-1, max-image-preview:large, max-video-preview:-1\" \/>\n<link rel=\"canonical\" href=\"https:\/\/www.naturparkmagazin.de\/stechlin\/ausstellung-in-der-epiphanienkirche-berlin-eroeffnet\/\" \/>\n<meta property=\"og:locale\" content=\"de_DE\" \/>\n<meta property=\"og:type\" content=\"article\" \/>\n<meta property=\"og:title\" content=\"Ausstellung in der Epiphanienkirche Berlin er\u00f6ffnet (2018) - Naturpark Stechlin-Ruppiner Land\" \/>\n<meta property=\"og:description\" content=\"Seit 9. Juni werden in Berlin-Charlottenburg die Ergebnisse des 17. Internationalen Kunstsymposiums im Naturpark Stechlin-Ruppiner Land pr\u00e4sentiert.\" \/>\n<meta property=\"og:url\" content=\"https:\/\/www.naturparkmagazin.de\/stechlin\/ausstellung-in-der-epiphanienkirche-berlin-eroeffnet\/\" \/>\n<meta property=\"og:site_name\" content=\"Naturpark Stechlin-Ruppiner Land\" \/>\n<meta property=\"article:published_time\" content=\"2018-06-16T06:08:17+00:00\" \/>\n<meta property=\"article:modified_time\" content=\"2025-06-19T11:51:59+00:00\" \/>\n<meta property=\"og:image\" content=\"https:\/\/www.naturparkmagazin.de\/stechlin\/wp-content\/uploads\/sites\/38\/Ausstellung-Kirche-Berlin_13.jpg\" \/>\n\t<meta property=\"og:image:width\" content=\"200\" \/>\n\t<meta property=\"og:image:height\" content=\"200\" \/>\n\t<meta property=\"og:image:type\" content=\"image\/jpeg\" \/>\n<meta name=\"author\" content=\"marioschrumpf\" \/>\n<meta name=\"twitter:label1\" content=\"Verfasst von\" \/>\n\t<meta name=\"twitter:data1\" content=\"marioschrumpf\" \/>\n\t<meta name=\"twitter:label2\" content=\"Gesch\u00e4tzte Lesezeit\" \/>\n\t<meta name=\"twitter:data2\" content=\"1\u00a0Minute\" \/>\n<script type=\"application\/ld+json\" class=\"yoast-schema-graph\">{\"@context\":\"https:\/\/schema.org\",\"@graph\":[{\"@type\":\"WebPage\",\"@id\":\"https:\/\/www.naturparkmagazin.de\/stechlin\/ausstellung-in-der-epiphanienkirche-berlin-eroeffnet\/\",\"url\":\"https:\/\/www.naturparkmagazin.de\/stechlin\/ausstellung-in-der-epiphanienkirche-berlin-eroeffnet\/\",\"name\":\"Ausstellung in der Epiphanienkirche Berlin er\u00f6ffnet (2018) - Naturpark Stechlin-Ruppiner Land\",\"isPartOf\":{\"@id\":\"https:\/\/www.naturparkmagazin.de\/stechlin\/#website\"},\"datePublished\":\"2018-06-16T06:08:17+00:00\",\"dateModified\":\"2025-06-19T11:51:59+00:00\",\"author\":{\"@id\":\"https:\/\/www.naturparkmagazin.de\/stechlin\/#\/schema\/person\/3f0d93203df21c806dd63c76d9bb28bc\"},\"breadcrumb\":{\"@id\":\"https:\/\/www.naturparkmagazin.de\/stechlin\/ausstellung-in-der-epiphanienkirche-berlin-eroeffnet\/#breadcrumb\"},\"inLanguage\":\"de\",\"potentialAction\":[{\"@type\":\"ReadAction\",\"target\":[\"https:\/\/www.naturparkmagazin.de\/stechlin\/ausstellung-in-der-epiphanienkirche-berlin-eroeffnet\/\"]}]},{\"@type\":\"BreadcrumbList\",\"@id\":\"https:\/\/www.naturparkmagazin.de\/stechlin\/ausstellung-in-der-epiphanienkirche-berlin-eroeffnet\/#breadcrumb\",\"itemListElement\":[{\"@type\":\"ListItem\",\"position\":1,\"name\":\"Home\",\"item\":\"https:\/\/www.naturparkmagazin.de\/stechlin\/\"},{\"@type\":\"ListItem\",\"position\":2,\"name\":\"Ausstellung in der Epiphanienkirche Berlin er\u00f6ffnet (2018)\"}]},{\"@type\":\"WebSite\",\"@id\":\"https:\/\/www.naturparkmagazin.de\/stechlin\/#website\",\"url\":\"https:\/\/www.naturparkmagazin.de\/stechlin\/\",\"name\":\"Naturpark Stechlin-Ruppiner Land\",\"description\":\"\",\"potentialAction\":[{\"@type\":\"SearchAction\",\"target\":{\"@type\":\"EntryPoint\",\"urlTemplate\":\"https:\/\/www.naturparkmagazin.de\/stechlin\/?s={search_term_string}\"},\"query-input\":\"required name=search_term_string\"}],\"inLanguage\":\"de\"},{\"@type\":\"Person\",\"@id\":\"https:\/\/www.naturparkmagazin.de\/stechlin\/#\/schema\/person\/3f0d93203df21c806dd63c76d9bb28bc\",\"name\":\"marioschrumpf\",\"url\":\"https:\/\/www.naturparkmagazin.de\/stechlin\/author\/marioschrumpf\/\"}]}<\/script>\n<!-- \/ Yoast SEO plugin. -->","yoast_head_json":{"title":"Ausstellung in der Epiphanienkirche Berlin er\u00f6ffnet (2018) - Naturpark Stechlin-Ruppiner Land","robots":{"index":"index","follow":"follow","max-snippet":"max-snippet:-1","max-image-preview":"max-image-preview:large","max-video-preview":"max-video-preview:-1"},"canonical":"https:\/\/www.naturparkmagazin.de\/stechlin\/ausstellung-in-der-epiphanienkirche-berlin-eroeffnet\/","og_locale":"de_DE","og_type":"article","og_title":"Ausstellung in der Epiphanienkirche Berlin er\u00f6ffnet (2018) - Naturpark Stechlin-Ruppiner Land","og_description":"Seit 9. Juni werden in Berlin-Charlottenburg die Ergebnisse des 17. Internationalen Kunstsymposiums im Naturpark Stechlin-Ruppiner Land pr\u00e4sentiert.","og_url":"https:\/\/www.naturparkmagazin.de\/stechlin\/ausstellung-in-der-epiphanienkirche-berlin-eroeffnet\/","og_site_name":"Naturpark Stechlin-Ruppiner Land","article_published_time":"2018-06-16T06:08:17+00:00","article_modified_time":"2025-06-19T11:51:59+00:00","og_image":[{"width":200,"height":200,"url":"https:\/\/www.naturparkmagazin.de\/stechlin\/wp-content\/uploads\/sites\/38\/Ausstellung-Kirche-Berlin_13.jpg","type":"image\/jpeg"}],"author":"marioschrumpf","twitter_misc":{"Verfasst von":"marioschrumpf","Gesch\u00e4tzte Lesezeit":"1\u00a0Minute"},"schema":{"@context":"https:\/\/schema.org","@graph":[{"@type":"WebPage","@id":"https:\/\/www.naturparkmagazin.de\/stechlin\/ausstellung-in-der-epiphanienkirche-berlin-eroeffnet\/","url":"https:\/\/www.naturparkmagazin.de\/stechlin\/ausstellung-in-der-epiphanienkirche-berlin-eroeffnet\/","name":"Ausstellung in der Epiphanienkirche Berlin er\u00f6ffnet (2018) - Naturpark Stechlin-Ruppiner Land","isPartOf":{"@id":"https:\/\/www.naturparkmagazin.de\/stechlin\/#website"},"datePublished":"2018-06-16T06:08:17+00:00","dateModified":"2025-06-19T11:51:59+00:00","author":{"@id":"https:\/\/www.naturparkmagazin.de\/stechlin\/#\/schema\/person\/3f0d93203df21c806dd63c76d9bb28bc"},"breadcrumb":{"@id":"https:\/\/www.naturparkmagazin.de\/stechlin\/ausstellung-in-der-epiphanienkirche-berlin-eroeffnet\/#breadcrumb"},"inLanguage":"de","potentialAction":[{"@type":"ReadAction","target":["https:\/\/www.naturparkmagazin.de\/stechlin\/ausstellung-in-der-epiphanienkirche-berlin-eroeffnet\/"]}]},{"@type":"BreadcrumbList","@id":"https:\/\/www.naturparkmagazin.de\/stechlin\/ausstellung-in-der-epiphanienkirche-berlin-eroeffnet\/#breadcrumb","itemListElement":[{"@type":"ListItem","position":1,"name":"Home","item":"https:\/\/www.naturparkmagazin.de\/stechlin\/"},{"@type":"ListItem","position":2,"name":"Ausstellung in der Epiphanienkirche Berlin er\u00f6ffnet (2018)"}]},{"@type":"WebSite","@id":"https:\/\/www.naturparkmagazin.de\/stechlin\/#website","url":"https:\/\/www.naturparkmagazin.de\/stechlin\/","name":"Naturpark Stechlin-Ruppiner Land","description":"","potentialAction":[{"@type":"SearchAction","target":{"@type":"EntryPoint","urlTemplate":"https:\/\/www.naturparkmagazin.de\/stechlin\/?s={search_term_string}"},"query-input":"required name=search_term_string"}],"inLanguage":"de"},{"@type":"Person","@id":"https:\/\/www.naturparkmagazin.de\/stechlin\/#\/schema\/person\/3f0d93203df21c806dd63c76d9bb28bc","name":"marioschrumpf","url":"https:\/\/www.naturparkmagazin.de\/stechlin\/author\/marioschrumpf\/"}]}},"_links":{"self":[{"href":"https:\/\/www.naturparkmagazin.de\/stechlin\/wp-json\/wp\/v2\/posts\/7137"}],"collection":[{"href":"https:\/\/www.naturparkmagazin.de\/stechlin\/wp-json\/wp\/v2\/posts"}],"about":[{"href":"https:\/\/www.naturparkmagazin.de\/stechlin\/wp-json\/wp\/v2\/types\/post"}],"author":[{"embeddable":true,"href":"https:\/\/www.naturparkmagazin.de\/stechlin\/wp-json\/wp\/v2\/users\/39"}],"replies":[{"embeddable":true,"href":"https:\/\/www.naturparkmagazin.de\/stechlin\/wp-json\/wp\/v2\/comments?post=7137"}],"version-history":[{"count":2,"href":"https:\/\/www.naturparkmagazin.de\/stechlin\/wp-json\/wp\/v2\/posts\/7137\/revisions"}],"predecessor-version":[{"id":17532,"href":"https:\/\/www.naturparkmagazin.de\/stechlin\/wp-json\/wp\/v2\/posts\/7137\/revisions\/17532"}],"wp:featuredmedia":[{"embeddable":true,"href":"https:\/\/www.naturparkmagazin.de\/stechlin\/wp-json\/wp\/v2\/media\/7141"}],"wp:attachment":[{"href":"https:\/\/www.naturparkmagazin.de\/stechlin\/wp-json\/wp\/v2\/media?parent=7137"}],"wp:term":[{"taxonomy":"category","embeddable":true,"href":"https:\/\/www.naturparkmagazin.de\/stechlin\/wp-json\/wp\/v2\/categories?post=7137"},{"taxonomy":"post_tag","embeddable":true,"href":"https:\/\/www.naturparkmagazin.de\/stechlin\/wp-json\/wp\/v2\/tags?post=7137"}],"curies":[{"name":"wp","href":"https:\/\/api.w.org\/{rel}","templated":true}]}}