{"id":7143,"date":"2018-06-16T08:14:46","date_gmt":"2018-06-16T06:14:46","guid":{"rendered":"https:\/\/www.naturparkmagazin.de\/stechlin\/?p=7143"},"modified":"2018-06-26T10:47:36","modified_gmt":"2018-06-26T08:47:36","slug":"menzer-polzowkanal-wurde-aufgehuepscht","status":"publish","type":"post","link":"https:\/\/www.naturparkmagazin.de\/stechlin\/menzer-polzowkanal-wurde-aufgehuepscht\/","title":{"rendered":"Menzer Polzowkanal wurde aufgeh\u00fcpscht"},"content":{"rendered":"<div id=\"attachment_7147\" style=\"width: 310px\" class=\"wp-caption aligncenter\"><a href=\"https:\/\/www.naturparkmagazin.de\/stechlin\/wp-content\/uploads\/sites\/38\/Polzowkanal-Ber\u00e4umung_07.jpg\"><img aria-describedby=\"caption-attachment-7147\" decoding=\"async\" loading=\"lazy\" class=\"size-thumbnail wp-image-7147\" src=\"https:\/\/www.naturparkmagazin.de\/stechlin\/wp-content\/uploads\/sites\/38\/Polzowkanal-Ber\u00e4umung_07-300x180.jpg\" alt=\"Die Mitarbeiter der Fa. Wald und Wiese bei der Entsorgung des Rei\u00dfighaufens an der Sohlgleite Tippelbr\u00fccke.\" width=\"300\" height=\"180\" srcset=\"https:\/\/www.naturparkmagazin.de\/stechlin\/wp-content\/uploads\/sites\/38\/Polzowkanal-Ber\u00e4umung_07-300x180.jpg 300w, https:\/\/www.naturparkmagazin.de\/stechlin\/wp-content\/uploads\/sites\/38\/Polzowkanal-Ber\u00e4umung_07.jpg 500w, https:\/\/www.naturparkmagazin.de\/stechlin\/wp-content\/uploads\/sites\/38\/Polzowkanal-Ber\u00e4umung_07-200x120.jpg 200w\" sizes=\"(max-width: 300px) 100vw, 300px\" \/><\/a><p id=\"caption-attachment-7147\" class=\"wp-caption-text\">Die Mitarbeiter der Fa. Wald und Wiese bei der Entsorgung des Rei\u00dfighaufens an der Sohlgleite Tippelbr\u00fccke.<\/p><\/div>\n<p>Die Rei\u00dfighaufen an den beiden Sohlgleiten im Polzowkanal zwischen Tippelbr\u00fccke und Stra\u00dfenbr\u00fccke in Menz erregten in den\u00a0letzten Monaten die Gem\u00fcter. Lautstark beschwerten sich Einwohner auf der Gemeindevertretersitzung im M\u00e4rz \u00fcber die &#8222;<em>Unordnung<\/em>&#8220; an dem naturnahen Flie\u00dfgew\u00e4sser.<\/p>\n<div id=\"attachment_7146\" style=\"width: 310px\" class=\"wp-caption aligncenter\"><a href=\"https:\/\/www.naturparkmagazin.de\/stechlin\/wp-content\/uploads\/sites\/38\/Polzowkanal-Ber\u00e4umung_20.jpg\"><img aria-describedby=\"caption-attachment-7146\" decoding=\"async\" loading=\"lazy\" class=\"size-thumbnail wp-image-7146\" src=\"https:\/\/www.naturparkmagazin.de\/stechlin\/wp-content\/uploads\/sites\/38\/Polzowkanal-Ber\u00e4umung_20-300x180.jpg\" alt=\"Der Eingang der Sohlgleite an der Stra\u00dfenbr\u00fccke nach der Ber\u00e4umung der beiden Rei\u00dfighaufen.\" width=\"300\" height=\"180\" srcset=\"https:\/\/www.naturparkmagazin.de\/stechlin\/wp-content\/uploads\/sites\/38\/Polzowkanal-Ber\u00e4umung_20-300x180.jpg 300w, https:\/\/www.naturparkmagazin.de\/stechlin\/wp-content\/uploads\/sites\/38\/Polzowkanal-Ber\u00e4umung_20.jpg 500w, https:\/\/www.naturparkmagazin.de\/stechlin\/wp-content\/uploads\/sites\/38\/Polzowkanal-Ber\u00e4umung_20-200x120.jpg 200w\" sizes=\"(max-width: 300px) 100vw, 300px\" \/><\/a><p id=\"caption-attachment-7146\" class=\"wp-caption-text\">Der Eingang der Sohlgleite an der Stra\u00dfenbr\u00fccke nach der Ber\u00e4umung der beiden Rei\u00dfighaufen.<\/p><\/div>\n<p>Eine Ortsbegehung mit Anwohnern, Gemeindevertretern und Ortsbeirat initiiert vom Naturpark konnte die Gem\u00fcter nicht beruhigen. W\u00e4hrend die t\u00e4glich zunehmende illegale Gartenabfallablagerungen am Talrand niemanden zu st\u00f6ren scheinen, wurde die Beseitigung der Rei\u00dfighaufen gefordert. Das diese Lebensraum von Zaunk\u00f6nig, Igel und Kleins\u00e4ugern sind, ist f\u00fcr das \u00e4sthetische Empfinden nachrangig. Eine erneute Begehung des Amtes mit dem f\u00fcr die Gew\u00e4sserunterhaltung zust\u00e4ndigem Wasser- und Bodenverband brachte zu Tage, dass die Rei\u00dfighaufen keine Ablaufhindernisse darstellen und damit nicht der regul\u00e4ren Gew\u00e4sserunterhaltung unterliegen. Vielmehr ist f\u00fcr die Beseitigung der Naturpark, als Inhaber der wasserrechtlichen Genehmigung f\u00fcr die Sohlgleite zust\u00e4ndig.<\/p>\n<p>Mitte Juni beendete die Fa. Wald und Wiese den Streit und beseitigte im Auftrag des Naturparks die Rei\u00dfighaufen. Das Material wurde \u00fcbrigens in die Naturpark-Kita gebracht. Daraus bauten die j\u00fcngsten Menzer in ihrem Au\u00dfengel\u00e4nde Schichtholzhecken und Winterquartiere f\u00fcr Igel &amp; Co.<\/p>\n<div id=\"attachment_7145\" style=\"width: 310px\" class=\"wp-caption aligncenter\"><a href=\"https:\/\/www.naturparkmagazin.de\/stechlin\/wp-content\/uploads\/sites\/38\/Polzowkanal-Ber\u00e4umung_16.jpg\"><img aria-describedby=\"caption-attachment-7145\" decoding=\"async\" loading=\"lazy\" class=\"size-thumbnail wp-image-7145\" src=\"https:\/\/www.naturparkmagazin.de\/stechlin\/wp-content\/uploads\/sites\/38\/Polzowkanal-Ber\u00e4umung_16-300x180.jpg\" alt=\"Die illegale Ablagerung von Gartenabf\u00e4llen am Talrand wird von Tag zu Tag gr\u00f6\u00dfer.\" width=\"300\" height=\"180\" srcset=\"https:\/\/www.naturparkmagazin.de\/stechlin\/wp-content\/uploads\/sites\/38\/Polzowkanal-Ber\u00e4umung_16-300x180.jpg 300w, https:\/\/www.naturparkmagazin.de\/stechlin\/wp-content\/uploads\/sites\/38\/Polzowkanal-Ber\u00e4umung_16.jpg 500w, https:\/\/www.naturparkmagazin.de\/stechlin\/wp-content\/uploads\/sites\/38\/Polzowkanal-Ber\u00e4umung_16-200x120.jpg 200w\" sizes=\"(max-width: 300px) 100vw, 300px\" \/><\/a><p id=\"caption-attachment-7145\" class=\"wp-caption-text\">Die illegale Ablagerung von Gartenabf\u00e4llen am Talrand wird von Tag zu Tag gr\u00f6\u00dfer.<\/p><\/div>\n<p>&nbsp;<\/p>\n","protected":false},"excerpt":{"rendered":"<p>Die Rei\u00dfighaufen an den beiden Sohlgleiten im Polzowkanal zwischen Tippelbr\u00fccke und Stra\u00dfenbr\u00fccke in Menz erregten im letzten Monat die Gem\u00fcter.<\/p>\n","protected":false},"author":39,"featured_media":7144,"comment_status":"open","ping_status":"open","sticky":false,"template":"","format":"standard","meta":[],"categories":[7],"tags":[],"yoast_head":"<!-- This site is optimized with the Yoast SEO plugin v19.10 - https:\/\/yoast.com\/wordpress\/plugins\/seo\/ -->\n<title>Menzer Polzowkanal wurde aufgeh\u00fcpscht - Naturpark Stechlin-Ruppiner Land<\/title>\n<meta name=\"robots\" content=\"index, follow, max-snippet:-1, max-image-preview:large, max-video-preview:-1\" \/>\n<link rel=\"canonical\" href=\"https:\/\/www.naturparkmagazin.de\/stechlin\/menzer-polzowkanal-wurde-aufgehuepscht\/\" \/>\n<meta property=\"og:locale\" content=\"de_DE\" \/>\n<meta property=\"og:type\" content=\"article\" \/>\n<meta property=\"og:title\" content=\"Menzer Polzowkanal wurde aufgeh\u00fcpscht - Naturpark Stechlin-Ruppiner Land\" \/>\n<meta property=\"og:description\" content=\"Die Rei\u00dfighaufen an den beiden Sohlgleiten im Polzowkanal zwischen Tippelbr\u00fccke und Stra\u00dfenbr\u00fccke in Menz erregten im letzten Monat die Gem\u00fcter.\" \/>\n<meta property=\"og:url\" content=\"https:\/\/www.naturparkmagazin.de\/stechlin\/menzer-polzowkanal-wurde-aufgehuepscht\/\" \/>\n<meta property=\"og:site_name\" content=\"Naturpark Stechlin-Ruppiner Land\" \/>\n<meta property=\"article:published_time\" content=\"2018-06-16T06:14:46+00:00\" \/>\n<meta property=\"article:modified_time\" content=\"2018-06-26T08:47:36+00:00\" \/>\n<meta property=\"og:image\" content=\"https:\/\/www.naturparkmagazin.de\/stechlin\/wp-content\/uploads\/sites\/38\/Polzowkanal-Ber\u00e4umung_09.jpg\" \/>\n\t<meta property=\"og:image:width\" content=\"200\" \/>\n\t<meta property=\"og:image:height\" content=\"200\" \/>\n\t<meta property=\"og:image:type\" content=\"image\/jpeg\" \/>\n<meta name=\"author\" content=\"marioschrumpf\" \/>\n<meta name=\"twitter:label1\" content=\"Verfasst von\" \/>\n\t<meta name=\"twitter:data1\" content=\"marioschrumpf\" \/>\n\t<meta name=\"twitter:label2\" content=\"Gesch\u00e4tzte Lesezeit\" \/>\n\t<meta name=\"twitter:data2\" content=\"1\u00a0Minute\" \/>\n<script type=\"application\/ld+json\" class=\"yoast-schema-graph\">{\"@context\":\"https:\/\/schema.org\",\"@graph\":[{\"@type\":\"WebPage\",\"@id\":\"https:\/\/www.naturparkmagazin.de\/stechlin\/menzer-polzowkanal-wurde-aufgehuepscht\/\",\"url\":\"https:\/\/www.naturparkmagazin.de\/stechlin\/menzer-polzowkanal-wurde-aufgehuepscht\/\",\"name\":\"Menzer Polzowkanal wurde aufgeh\u00fcpscht - Naturpark Stechlin-Ruppiner Land\",\"isPartOf\":{\"@id\":\"https:\/\/www.naturparkmagazin.de\/stechlin\/#website\"},\"datePublished\":\"2018-06-16T06:14:46+00:00\",\"dateModified\":\"2018-06-26T08:47:36+00:00\",\"author\":{\"@id\":\"https:\/\/www.naturparkmagazin.de\/stechlin\/#\/schema\/person\/3f0d93203df21c806dd63c76d9bb28bc\"},\"breadcrumb\":{\"@id\":\"https:\/\/www.naturparkmagazin.de\/stechlin\/menzer-polzowkanal-wurde-aufgehuepscht\/#breadcrumb\"},\"inLanguage\":\"de\",\"potentialAction\":[{\"@type\":\"ReadAction\",\"target\":[\"https:\/\/www.naturparkmagazin.de\/stechlin\/menzer-polzowkanal-wurde-aufgehuepscht\/\"]}]},{\"@type\":\"BreadcrumbList\",\"@id\":\"https:\/\/www.naturparkmagazin.de\/stechlin\/menzer-polzowkanal-wurde-aufgehuepscht\/#breadcrumb\",\"itemListElement\":[{\"@type\":\"ListItem\",\"position\":1,\"name\":\"Home\",\"item\":\"https:\/\/www.naturparkmagazin.de\/stechlin\/\"},{\"@type\":\"ListItem\",\"position\":2,\"name\":\"Menzer Polzowkanal wurde aufgeh\u00fcpscht\"}]},{\"@type\":\"WebSite\",\"@id\":\"https:\/\/www.naturparkmagazin.de\/stechlin\/#website\",\"url\":\"https:\/\/www.naturparkmagazin.de\/stechlin\/\",\"name\":\"Naturpark Stechlin-Ruppiner Land\",\"description\":\"\",\"potentialAction\":[{\"@type\":\"SearchAction\",\"target\":{\"@type\":\"EntryPoint\",\"urlTemplate\":\"https:\/\/www.naturparkmagazin.de\/stechlin\/?s={search_term_string}\"},\"query-input\":\"required name=search_term_string\"}],\"inLanguage\":\"de\"},{\"@type\":\"Person\",\"@id\":\"https:\/\/www.naturparkmagazin.de\/stechlin\/#\/schema\/person\/3f0d93203df21c806dd63c76d9bb28bc\",\"name\":\"marioschrumpf\",\"url\":\"https:\/\/www.naturparkmagazin.de\/stechlin\/author\/marioschrumpf\/\"}]}<\/script>\n<!-- \/ Yoast SEO plugin. -->","yoast_head_json":{"title":"Menzer Polzowkanal wurde aufgeh\u00fcpscht - Naturpark Stechlin-Ruppiner Land","robots":{"index":"index","follow":"follow","max-snippet":"max-snippet:-1","max-image-preview":"max-image-preview:large","max-video-preview":"max-video-preview:-1"},"canonical":"https:\/\/www.naturparkmagazin.de\/stechlin\/menzer-polzowkanal-wurde-aufgehuepscht\/","og_locale":"de_DE","og_type":"article","og_title":"Menzer Polzowkanal wurde aufgeh\u00fcpscht - Naturpark Stechlin-Ruppiner Land","og_description":"Die Rei\u00dfighaufen an den beiden Sohlgleiten im Polzowkanal zwischen Tippelbr\u00fccke und Stra\u00dfenbr\u00fccke in Menz erregten im letzten Monat die Gem\u00fcter.","og_url":"https:\/\/www.naturparkmagazin.de\/stechlin\/menzer-polzowkanal-wurde-aufgehuepscht\/","og_site_name":"Naturpark Stechlin-Ruppiner Land","article_published_time":"2018-06-16T06:14:46+00:00","article_modified_time":"2018-06-26T08:47:36+00:00","og_image":[{"width":200,"height":200,"url":"https:\/\/www.naturparkmagazin.de\/stechlin\/wp-content\/uploads\/sites\/38\/Polzowkanal-Ber\u00e4umung_09.jpg","type":"image\/jpeg"}],"author":"marioschrumpf","twitter_misc":{"Verfasst von":"marioschrumpf","Gesch\u00e4tzte Lesezeit":"1\u00a0Minute"},"schema":{"@context":"https:\/\/schema.org","@graph":[{"@type":"WebPage","@id":"https:\/\/www.naturparkmagazin.de\/stechlin\/menzer-polzowkanal-wurde-aufgehuepscht\/","url":"https:\/\/www.naturparkmagazin.de\/stechlin\/menzer-polzowkanal-wurde-aufgehuepscht\/","name":"Menzer Polzowkanal wurde aufgeh\u00fcpscht - Naturpark Stechlin-Ruppiner Land","isPartOf":{"@id":"https:\/\/www.naturparkmagazin.de\/stechlin\/#website"},"datePublished":"2018-06-16T06:14:46+00:00","dateModified":"2018-06-26T08:47:36+00:00","author":{"@id":"https:\/\/www.naturparkmagazin.de\/stechlin\/#\/schema\/person\/3f0d93203df21c806dd63c76d9bb28bc"},"breadcrumb":{"@id":"https:\/\/www.naturparkmagazin.de\/stechlin\/menzer-polzowkanal-wurde-aufgehuepscht\/#breadcrumb"},"inLanguage":"de","potentialAction":[{"@type":"ReadAction","target":["https:\/\/www.naturparkmagazin.de\/stechlin\/menzer-polzowkanal-wurde-aufgehuepscht\/"]}]},{"@type":"BreadcrumbList","@id":"https:\/\/www.naturparkmagazin.de\/stechlin\/menzer-polzowkanal-wurde-aufgehuepscht\/#breadcrumb","itemListElement":[{"@type":"ListItem","position":1,"name":"Home","item":"https:\/\/www.naturparkmagazin.de\/stechlin\/"},{"@type":"ListItem","position":2,"name":"Menzer Polzowkanal wurde aufgeh\u00fcpscht"}]},{"@type":"WebSite","@id":"https:\/\/www.naturparkmagazin.de\/stechlin\/#website","url":"https:\/\/www.naturparkmagazin.de\/stechlin\/","name":"Naturpark Stechlin-Ruppiner Land","description":"","potentialAction":[{"@type":"SearchAction","target":{"@type":"EntryPoint","urlTemplate":"https:\/\/www.naturparkmagazin.de\/stechlin\/?s={search_term_string}"},"query-input":"required name=search_term_string"}],"inLanguage":"de"},{"@type":"Person","@id":"https:\/\/www.naturparkmagazin.de\/stechlin\/#\/schema\/person\/3f0d93203df21c806dd63c76d9bb28bc","name":"marioschrumpf","url":"https:\/\/www.naturparkmagazin.de\/stechlin\/author\/marioschrumpf\/"}]}},"_links":{"self":[{"href":"https:\/\/www.naturparkmagazin.de\/stechlin\/wp-json\/wp\/v2\/posts\/7143"}],"collection":[{"href":"https:\/\/www.naturparkmagazin.de\/stechlin\/wp-json\/wp\/v2\/posts"}],"about":[{"href":"https:\/\/www.naturparkmagazin.de\/stechlin\/wp-json\/wp\/v2\/types\/post"}],"author":[{"embeddable":true,"href":"https:\/\/www.naturparkmagazin.de\/stechlin\/wp-json\/wp\/v2\/users\/39"}],"replies":[{"embeddable":true,"href":"https:\/\/www.naturparkmagazin.de\/stechlin\/wp-json\/wp\/v2\/comments?post=7143"}],"version-history":[{"count":3,"href":"https:\/\/www.naturparkmagazin.de\/stechlin\/wp-json\/wp\/v2\/posts\/7143\/revisions"}],"predecessor-version":[{"id":7210,"href":"https:\/\/www.naturparkmagazin.de\/stechlin\/wp-json\/wp\/v2\/posts\/7143\/revisions\/7210"}],"wp:featuredmedia":[{"embeddable":true,"href":"https:\/\/www.naturparkmagazin.de\/stechlin\/wp-json\/wp\/v2\/media\/7144"}],"wp:attachment":[{"href":"https:\/\/www.naturparkmagazin.de\/stechlin\/wp-json\/wp\/v2\/media?parent=7143"}],"wp:term":[{"taxonomy":"category","embeddable":true,"href":"https:\/\/www.naturparkmagazin.de\/stechlin\/wp-json\/wp\/v2\/categories?post=7143"},{"taxonomy":"post_tag","embeddable":true,"href":"https:\/\/www.naturparkmagazin.de\/stechlin\/wp-json\/wp\/v2\/tags?post=7143"}],"curies":[{"name":"wp","href":"https:\/\/api.w.org\/{rel}","templated":true}]}}