{"id":7149,"date":"2018-06-16T07:31:05","date_gmt":"2018-06-16T05:31:05","guid":{"rendered":"https:\/\/www.naturparkmagazin.de\/stechlin\/?p=7149"},"modified":"2018-06-26T11:13:15","modified_gmt":"2018-06-26T09:13:15","slug":"kita-kinder-und-menzer-naturforscher-bauten-gemeinsam-schichtholzhecke","status":"publish","type":"post","link":"https:\/\/www.naturparkmagazin.de\/stechlin\/kita-kinder-und-menzer-naturforscher-bauten-gemeinsam-schichtholzhecke\/","title":{"rendered":"Kita-Kinder und Menzer Naturforscher bauten gemeinsam Schichtholzhecke"},"content":{"rendered":"<div id=\"attachment_7154\" style=\"width: 310px\" class=\"wp-caption aligncenter\"><a href=\"https:\/\/www.naturparkmagazin.de\/stechlin\/wp-content\/uploads\/sites\/38\/Kita-Hecke_03.jpg\"><img aria-describedby=\"caption-attachment-7154\" decoding=\"async\" loading=\"lazy\" class=\"size-thumbnail wp-image-7154\" src=\"https:\/\/www.naturparkmagazin.de\/stechlin\/wp-content\/uploads\/sites\/38\/Kita-Hecke_03-300x180.jpg\" alt=\"Die Kids der Kita packen mit an.\" width=\"300\" height=\"180\" srcset=\"https:\/\/www.naturparkmagazin.de\/stechlin\/wp-content\/uploads\/sites\/38\/Kita-Hecke_03-300x180.jpg 300w, https:\/\/www.naturparkmagazin.de\/stechlin\/wp-content\/uploads\/sites\/38\/Kita-Hecke_03.jpg 500w, https:\/\/www.naturparkmagazin.de\/stechlin\/wp-content\/uploads\/sites\/38\/Kita-Hecke_03-200x120.jpg 200w\" sizes=\"(max-width: 300px) 100vw, 300px\" \/><\/a><p id=\"caption-attachment-7154\" class=\"wp-caption-text\">Die Kids der Kita packen mit an.<\/p><\/div>\n<p>Im Au\u00dfengel\u00e4nde der Menzer Naturpark-Kita \u201eHenriettes Schneckenh\u00e4uschen\u201c ist aus Rei\u00dfigmaterial eine Schichtholzhecke entstanden.<\/p>\n<div id=\"attachment_7153\" style=\"width: 310px\" class=\"wp-caption aligncenter\"><a href=\"https:\/\/www.naturparkmagazin.de\/stechlin\/wp-content\/uploads\/sites\/38\/Kita-Hecke_10.jpg\"><img aria-describedby=\"caption-attachment-7153\" decoding=\"async\" loading=\"lazy\" class=\"size-thumbnail wp-image-7153\" src=\"https:\/\/www.naturparkmagazin.de\/stechlin\/wp-content\/uploads\/sites\/38\/Kita-Hecke_10-300x180.jpg\" alt=\"Zwischen den Eichenpf\u00e4hlen wird das Rei\u00dfig eingestapelt.\" width=\"300\" height=\"180\" srcset=\"https:\/\/www.naturparkmagazin.de\/stechlin\/wp-content\/uploads\/sites\/38\/Kita-Hecke_10-300x180.jpg 300w, https:\/\/www.naturparkmagazin.de\/stechlin\/wp-content\/uploads\/sites\/38\/Kita-Hecke_10.jpg 500w, https:\/\/www.naturparkmagazin.de\/stechlin\/wp-content\/uploads\/sites\/38\/Kita-Hecke_10-200x120.jpg 200w\" sizes=\"(max-width: 300px) 100vw, 300px\" \/><\/a><p id=\"caption-attachment-7153\" class=\"wp-caption-text\">Zwischen den Eichenpf\u00e4hlen wird das Rei\u00dfig eingestapelt.<\/p><\/div>\n<p>Stolz wie Bolle sind die Kids der Kita auf das Ergebnis. Gemeinsam mit Anke Rudnik und Thomas Hahn von der Naturwacht und den \u201eGro\u00dfen\u201c der AG Menzer Naturforscher von der Naturpark-Schule Menz haben sie flei\u00dfig \u00c4ste und Zweige aufgeschichtet. Zuvor hatten die Eltern bereits die dankenswerterweise von der Landesforst bereitgestellten Eichenpf\u00e4hle eingegraben.<\/p>\n<div id=\"attachment_7152\" style=\"width: 310px\" class=\"wp-caption aligncenter\"><a href=\"https:\/\/www.naturparkmagazin.de\/stechlin\/wp-content\/uploads\/sites\/38\/Kita-Hecke_57.jpg\"><img aria-describedby=\"caption-attachment-7152\" decoding=\"async\" loading=\"lazy\" class=\"size-thumbnail wp-image-7152\" src=\"https:\/\/www.naturparkmagazin.de\/stechlin\/wp-content\/uploads\/sites\/38\/Kita-Hecke_57-300x180.jpg\" alt=\"Stolz wird die fertige Schichtholzhecke begutachtet.\" width=\"300\" height=\"180\" srcset=\"https:\/\/www.naturparkmagazin.de\/stechlin\/wp-content\/uploads\/sites\/38\/Kita-Hecke_57-300x180.jpg 300w, https:\/\/www.naturparkmagazin.de\/stechlin\/wp-content\/uploads\/sites\/38\/Kita-Hecke_57.jpg 500w, https:\/\/www.naturparkmagazin.de\/stechlin\/wp-content\/uploads\/sites\/38\/Kita-Hecke_57-200x120.jpg 200w\" sizes=\"(max-width: 300px) 100vw, 300px\" \/><\/a><p id=\"caption-attachment-7152\" class=\"wp-caption-text\">Stolz wird die fertige Schichtholzhecke begutachtet.<\/p><\/div>\n<p>Auch f\u00fcr das restliche Rei\u00dfigmaterial, dass die Firma \u201eWald und Wiese\u201c aus Nauen vom Polzowkanal anlieferte, gibt es schon eine Idee: Bei einer zuk\u00fcnftigen Aktion wollen die Kids daraus ein Winterquartier f\u00fcr den Igel am Rande des Au\u00dfengel\u00e4ndes bauen.<\/p>\n<div id=\"attachment_7151\" style=\"width: 310px\" class=\"wp-caption aligncenter\"><a href=\"https:\/\/www.naturparkmagazin.de\/stechlin\/wp-content\/uploads\/sites\/38\/Kita-Hecke_108.jpg\"><img aria-describedby=\"caption-attachment-7151\" decoding=\"async\" loading=\"lazy\" class=\"size-thumbnail wp-image-7151\" src=\"https:\/\/www.naturparkmagazin.de\/stechlin\/wp-content\/uploads\/sites\/38\/Kita-Hecke_108-300x180.jpg\" alt=\"Die AG Menzer Naturforscher mit ihrem Leiter, Naturw\u00e4chter Thomas Hahn.\" width=\"300\" height=\"180\" srcset=\"https:\/\/www.naturparkmagazin.de\/stechlin\/wp-content\/uploads\/sites\/38\/Kita-Hecke_108-300x180.jpg 300w, https:\/\/www.naturparkmagazin.de\/stechlin\/wp-content\/uploads\/sites\/38\/Kita-Hecke_108.jpg 500w, https:\/\/www.naturparkmagazin.de\/stechlin\/wp-content\/uploads\/sites\/38\/Kita-Hecke_108-200x120.jpg 200w\" sizes=\"(max-width: 300px) 100vw, 300px\" \/><\/a><p id=\"caption-attachment-7151\" class=\"wp-caption-text\">Die AG Menzer Naturforscher mit ihrem Leiter, Naturw\u00e4chter Thomas Hahn.<\/p><\/div>\n","protected":false},"excerpt":{"rendered":"<p>Im Au\u00dfengel\u00e4nde der Menzer Naturpark-Kita \u201eHenriettes Schneckenh\u00e4uschen\u201c ist aus Rei\u00dfigmaterial eine Schichtholzhecke entstanden. Stolz wie Bolle sind die Kids der Kita auf das Ergebnis.<\/p>\n","protected":false},"author":39,"featured_media":7150,"comment_status":"open","ping_status":"open","sticky":false,"template":"","format":"standard","meta":[],"categories":[7],"tags":[],"yoast_head":"<!-- This site is optimized with the Yoast SEO plugin v19.10 - https:\/\/yoast.com\/wordpress\/plugins\/seo\/ -->\n<title>Kita-Kinder und Menzer Naturforscher bauten gemeinsam Schichtholzhecke - Naturpark Stechlin-Ruppiner Land<\/title>\n<meta name=\"robots\" content=\"index, follow, max-snippet:-1, max-image-preview:large, max-video-preview:-1\" \/>\n<link rel=\"canonical\" href=\"https:\/\/www.naturparkmagazin.de\/stechlin\/kita-kinder-und-menzer-naturforscher-bauten-gemeinsam-schichtholzhecke\/\" \/>\n<meta property=\"og:locale\" content=\"de_DE\" \/>\n<meta property=\"og:type\" content=\"article\" \/>\n<meta property=\"og:title\" content=\"Kita-Kinder und Menzer Naturforscher bauten gemeinsam Schichtholzhecke - Naturpark Stechlin-Ruppiner Land\" \/>\n<meta property=\"og:description\" content=\"Im Au\u00dfengel\u00e4nde der Menzer Naturpark-Kita \u201eHenriettes Schneckenh\u00e4uschen\u201c ist aus Rei\u00dfigmaterial eine Schichtholzhecke entstanden. Stolz wie Bolle sind die Kids der Kita auf das Ergebnis.\" \/>\n<meta property=\"og:url\" content=\"https:\/\/www.naturparkmagazin.de\/stechlin\/kita-kinder-und-menzer-naturforscher-bauten-gemeinsam-schichtholzhecke\/\" \/>\n<meta property=\"og:site_name\" content=\"Naturpark Stechlin-Ruppiner Land\" \/>\n<meta property=\"article:published_time\" content=\"2018-06-16T05:31:05+00:00\" \/>\n<meta property=\"article:modified_time\" content=\"2018-06-26T09:13:15+00:00\" \/>\n<meta property=\"og:image\" content=\"https:\/\/www.naturparkmagazin.de\/stechlin\/wp-content\/uploads\/sites\/38\/Kita-Hecke05.jpg\" \/>\n\t<meta property=\"og:image:width\" content=\"200\" \/>\n\t<meta property=\"og:image:height\" content=\"200\" \/>\n\t<meta property=\"og:image:type\" content=\"image\/jpeg\" \/>\n<meta name=\"author\" content=\"marioschrumpf\" \/>\n<meta name=\"twitter:label1\" content=\"Verfasst von\" \/>\n\t<meta name=\"twitter:data1\" content=\"marioschrumpf\" \/>\n\t<meta name=\"twitter:label2\" content=\"Gesch\u00e4tzte Lesezeit\" \/>\n\t<meta name=\"twitter:data2\" content=\"1\u00a0Minute\" \/>\n<script type=\"application\/ld+json\" class=\"yoast-schema-graph\">{\"@context\":\"https:\/\/schema.org\",\"@graph\":[{\"@type\":\"WebPage\",\"@id\":\"https:\/\/www.naturparkmagazin.de\/stechlin\/kita-kinder-und-menzer-naturforscher-bauten-gemeinsam-schichtholzhecke\/\",\"url\":\"https:\/\/www.naturparkmagazin.de\/stechlin\/kita-kinder-und-menzer-naturforscher-bauten-gemeinsam-schichtholzhecke\/\",\"name\":\"Kita-Kinder und Menzer Naturforscher bauten gemeinsam Schichtholzhecke - Naturpark Stechlin-Ruppiner Land\",\"isPartOf\":{\"@id\":\"https:\/\/www.naturparkmagazin.de\/stechlin\/#website\"},\"datePublished\":\"2018-06-16T05:31:05+00:00\",\"dateModified\":\"2018-06-26T09:13:15+00:00\",\"author\":{\"@id\":\"https:\/\/www.naturparkmagazin.de\/stechlin\/#\/schema\/person\/3f0d93203df21c806dd63c76d9bb28bc\"},\"breadcrumb\":{\"@id\":\"https:\/\/www.naturparkmagazin.de\/stechlin\/kita-kinder-und-menzer-naturforscher-bauten-gemeinsam-schichtholzhecke\/#breadcrumb\"},\"inLanguage\":\"de\",\"potentialAction\":[{\"@type\":\"ReadAction\",\"target\":[\"https:\/\/www.naturparkmagazin.de\/stechlin\/kita-kinder-und-menzer-naturforscher-bauten-gemeinsam-schichtholzhecke\/\"]}]},{\"@type\":\"BreadcrumbList\",\"@id\":\"https:\/\/www.naturparkmagazin.de\/stechlin\/kita-kinder-und-menzer-naturforscher-bauten-gemeinsam-schichtholzhecke\/#breadcrumb\",\"itemListElement\":[{\"@type\":\"ListItem\",\"position\":1,\"name\":\"Home\",\"item\":\"https:\/\/www.naturparkmagazin.de\/stechlin\/\"},{\"@type\":\"ListItem\",\"position\":2,\"name\":\"Kita-Kinder und Menzer Naturforscher bauten gemeinsam Schichtholzhecke\"}]},{\"@type\":\"WebSite\",\"@id\":\"https:\/\/www.naturparkmagazin.de\/stechlin\/#website\",\"url\":\"https:\/\/www.naturparkmagazin.de\/stechlin\/\",\"name\":\"Naturpark Stechlin-Ruppiner Land\",\"description\":\"\",\"potentialAction\":[{\"@type\":\"SearchAction\",\"target\":{\"@type\":\"EntryPoint\",\"urlTemplate\":\"https:\/\/www.naturparkmagazin.de\/stechlin\/?s={search_term_string}\"},\"query-input\":\"required name=search_term_string\"}],\"inLanguage\":\"de\"},{\"@type\":\"Person\",\"@id\":\"https:\/\/www.naturparkmagazin.de\/stechlin\/#\/schema\/person\/3f0d93203df21c806dd63c76d9bb28bc\",\"name\":\"marioschrumpf\",\"url\":\"https:\/\/www.naturparkmagazin.de\/stechlin\/author\/marioschrumpf\/\"}]}<\/script>\n<!-- \/ Yoast SEO plugin. -->","yoast_head_json":{"title":"Kita-Kinder und Menzer Naturforscher bauten gemeinsam Schichtholzhecke - Naturpark Stechlin-Ruppiner Land","robots":{"index":"index","follow":"follow","max-snippet":"max-snippet:-1","max-image-preview":"max-image-preview:large","max-video-preview":"max-video-preview:-1"},"canonical":"https:\/\/www.naturparkmagazin.de\/stechlin\/kita-kinder-und-menzer-naturforscher-bauten-gemeinsam-schichtholzhecke\/","og_locale":"de_DE","og_type":"article","og_title":"Kita-Kinder und Menzer Naturforscher bauten gemeinsam Schichtholzhecke - Naturpark Stechlin-Ruppiner Land","og_description":"Im Au\u00dfengel\u00e4nde der Menzer Naturpark-Kita \u201eHenriettes Schneckenh\u00e4uschen\u201c ist aus Rei\u00dfigmaterial eine Schichtholzhecke entstanden. Stolz wie Bolle sind die Kids der Kita auf das Ergebnis.","og_url":"https:\/\/www.naturparkmagazin.de\/stechlin\/kita-kinder-und-menzer-naturforscher-bauten-gemeinsam-schichtholzhecke\/","og_site_name":"Naturpark Stechlin-Ruppiner Land","article_published_time":"2018-06-16T05:31:05+00:00","article_modified_time":"2018-06-26T09:13:15+00:00","og_image":[{"width":200,"height":200,"url":"https:\/\/www.naturparkmagazin.de\/stechlin\/wp-content\/uploads\/sites\/38\/Kita-Hecke05.jpg","type":"image\/jpeg"}],"author":"marioschrumpf","twitter_misc":{"Verfasst von":"marioschrumpf","Gesch\u00e4tzte Lesezeit":"1\u00a0Minute"},"schema":{"@context":"https:\/\/schema.org","@graph":[{"@type":"WebPage","@id":"https:\/\/www.naturparkmagazin.de\/stechlin\/kita-kinder-und-menzer-naturforscher-bauten-gemeinsam-schichtholzhecke\/","url":"https:\/\/www.naturparkmagazin.de\/stechlin\/kita-kinder-und-menzer-naturforscher-bauten-gemeinsam-schichtholzhecke\/","name":"Kita-Kinder und Menzer Naturforscher bauten gemeinsam Schichtholzhecke - Naturpark Stechlin-Ruppiner Land","isPartOf":{"@id":"https:\/\/www.naturparkmagazin.de\/stechlin\/#website"},"datePublished":"2018-06-16T05:31:05+00:00","dateModified":"2018-06-26T09:13:15+00:00","author":{"@id":"https:\/\/www.naturparkmagazin.de\/stechlin\/#\/schema\/person\/3f0d93203df21c806dd63c76d9bb28bc"},"breadcrumb":{"@id":"https:\/\/www.naturparkmagazin.de\/stechlin\/kita-kinder-und-menzer-naturforscher-bauten-gemeinsam-schichtholzhecke\/#breadcrumb"},"inLanguage":"de","potentialAction":[{"@type":"ReadAction","target":["https:\/\/www.naturparkmagazin.de\/stechlin\/kita-kinder-und-menzer-naturforscher-bauten-gemeinsam-schichtholzhecke\/"]}]},{"@type":"BreadcrumbList","@id":"https:\/\/www.naturparkmagazin.de\/stechlin\/kita-kinder-und-menzer-naturforscher-bauten-gemeinsam-schichtholzhecke\/#breadcrumb","itemListElement":[{"@type":"ListItem","position":1,"name":"Home","item":"https:\/\/www.naturparkmagazin.de\/stechlin\/"},{"@type":"ListItem","position":2,"name":"Kita-Kinder und Menzer Naturforscher bauten gemeinsam Schichtholzhecke"}]},{"@type":"WebSite","@id":"https:\/\/www.naturparkmagazin.de\/stechlin\/#website","url":"https:\/\/www.naturparkmagazin.de\/stechlin\/","name":"Naturpark Stechlin-Ruppiner Land","description":"","potentialAction":[{"@type":"SearchAction","target":{"@type":"EntryPoint","urlTemplate":"https:\/\/www.naturparkmagazin.de\/stechlin\/?s={search_term_string}"},"query-input":"required name=search_term_string"}],"inLanguage":"de"},{"@type":"Person","@id":"https:\/\/www.naturparkmagazin.de\/stechlin\/#\/schema\/person\/3f0d93203df21c806dd63c76d9bb28bc","name":"marioschrumpf","url":"https:\/\/www.naturparkmagazin.de\/stechlin\/author\/marioschrumpf\/"}]}},"_links":{"self":[{"href":"https:\/\/www.naturparkmagazin.de\/stechlin\/wp-json\/wp\/v2\/posts\/7149"}],"collection":[{"href":"https:\/\/www.naturparkmagazin.de\/stechlin\/wp-json\/wp\/v2\/posts"}],"about":[{"href":"https:\/\/www.naturparkmagazin.de\/stechlin\/wp-json\/wp\/v2\/types\/post"}],"author":[{"embeddable":true,"href":"https:\/\/www.naturparkmagazin.de\/stechlin\/wp-json\/wp\/v2\/users\/39"}],"replies":[{"embeddable":true,"href":"https:\/\/www.naturparkmagazin.de\/stechlin\/wp-json\/wp\/v2\/comments?post=7149"}],"version-history":[{"count":3,"href":"https:\/\/www.naturparkmagazin.de\/stechlin\/wp-json\/wp\/v2\/posts\/7149\/revisions"}],"predecessor-version":[{"id":7223,"href":"https:\/\/www.naturparkmagazin.de\/stechlin\/wp-json\/wp\/v2\/posts\/7149\/revisions\/7223"}],"wp:featuredmedia":[{"embeddable":true,"href":"https:\/\/www.naturparkmagazin.de\/stechlin\/wp-json\/wp\/v2\/media\/7150"}],"wp:attachment":[{"href":"https:\/\/www.naturparkmagazin.de\/stechlin\/wp-json\/wp\/v2\/media?parent=7149"}],"wp:term":[{"taxonomy":"category","embeddable":true,"href":"https:\/\/www.naturparkmagazin.de\/stechlin\/wp-json\/wp\/v2\/categories?post=7149"},{"taxonomy":"post_tag","embeddable":true,"href":"https:\/\/www.naturparkmagazin.de\/stechlin\/wp-json\/wp\/v2\/tags?post=7149"}],"curies":[{"name":"wp","href":"https:\/\/api.w.org\/{rel}","templated":true}]}}