{"id":7173,"date":"2019-04-12T09:37:59","date_gmt":"2019-04-12T07:37:59","guid":{"rendered":"https:\/\/www.naturparkmagazin.de\/stechlin\/?p=7173"},"modified":"2019-04-12T10:23:22","modified_gmt":"2019-04-12T08:23:22","slug":"kino-in-der-alten-reederei-4","status":"publish","type":"post","link":"https:\/\/www.naturparkmagazin.de\/stechlin\/kino-in-der-alten-reederei-4\/","title":{"rendered":"Kino in der Alten Reederei"},"content":{"rendered":"<p><a href=\"https:\/\/www.naturparkmagazin.de\/stechlin\/wp-content\/uploads\/sites\/38\/Logo-Br\u00fcckenschlag.jpg\"><img decoding=\"async\" loading=\"lazy\" class=\"aligncenter size-thumbnail wp-image-7180\" src=\"https:\/\/www.naturparkmagazin.de\/stechlin\/wp-content\/uploads\/sites\/38\/Logo-Br\u00fcckenschlag-300x104.jpg\" alt=\"NP SRL\/Michael Wittke\" width=\"300\" height=\"104\" srcset=\"https:\/\/www.naturparkmagazin.de\/stechlin\/wp-content\/uploads\/sites\/38\/Logo-Br\u00fcckenschlag-300x104.jpg 300w, https:\/\/www.naturparkmagazin.de\/stechlin\/wp-content\/uploads\/sites\/38\/Logo-Br\u00fcckenschlag-200x70.jpg 200w, https:\/\/www.naturparkmagazin.de\/stechlin\/wp-content\/uploads\/sites\/38\/Logo-Br\u00fcckenschlag.jpg 492w\" sizes=\"(max-width: 300px) 100vw, 300px\" \/><\/a>Der Verein Br\u00fcckenschlag e.V.\u00a0l\u00e4dt zum Kinoabend in die Alte Reederei nach F\u00fcrstenberg\/Havel ein.<\/p>\n<p><strong>Ort:<\/strong> Alte Reederei, Brandenburger Str. 38 in 16798 F\u00fcrstenberg\/Havel<\/p>\n<p><strong>Zeit:<\/strong> jeden Freitag 20 Uhr und Sonntags 18 Uhr<\/p>\n<p><strong>Eintritt:<\/strong> 5,- \u20ac (bei \u00dcberl\u00e4nge 7,- \u20ac)<\/p>\n<p><strong>Kontakt:<\/strong> 0172\/3227421<\/p>\n<p>&nbsp;<\/p>\n<p>In diesem Monat werden folgende Filme gezeigt:<\/p>\n<p><strong>\u00a0<\/strong><\/p>\n<p><strong>2. und 5. Mai &#8211; In My Room<a href=\"https:\/\/www.naturparkmagazin.de\/stechlin\/wp-content\/uploads\/sites\/38\/In-My-Room-221x300.jpg\"><img decoding=\"async\" loading=\"lazy\" class=\"aligncenter size-full wp-image-8213\" src=\"https:\/\/www.naturparkmagazin.de\/stechlin\/wp-content\/uploads\/sites\/38\/In-My-Room-221x300.jpg\" alt=\"NP SRL\/Michael Wittke\" width=\"221\" height=\"300\" srcset=\"https:\/\/www.naturparkmagazin.de\/stechlin\/wp-content\/uploads\/sites\/38\/In-My-Room-221x300.jpg 221w, https:\/\/www.naturparkmagazin.de\/stechlin\/wp-content\/uploads\/sites\/38\/In-My-Room-221x300-53x71.jpg 53w, https:\/\/www.naturparkmagazin.de\/stechlin\/wp-content\/uploads\/sites\/38\/In-My-Room-221x300-200x271.jpg 200w\" sizes=\"(max-width: 221px) 100vw, 221px\" \/><\/a><\/strong><\/p>\n<p><strong>10.+12. Mai &#8211; Champagner&amp;Macarons<a href=\"https:\/\/www.naturparkmagazin.de\/stechlin\/wp-content\/uploads\/sites\/38\/Champagner-Macarons-215x300.jpg\"><img decoding=\"async\" loading=\"lazy\" class=\"aligncenter size-full wp-image-8211\" src=\"https:\/\/www.naturparkmagazin.de\/stechlin\/wp-content\/uploads\/sites\/38\/Champagner-Macarons-215x300.jpg\" alt=\"NP SRL\/Michael Wittke\" width=\"215\" height=\"300\" srcset=\"https:\/\/www.naturparkmagazin.de\/stechlin\/wp-content\/uploads\/sites\/38\/Champagner-Macarons-215x300.jpg 215w, https:\/\/www.naturparkmagazin.de\/stechlin\/wp-content\/uploads\/sites\/38\/Champagner-Macarons-215x300-200x279.jpg 200w\" sizes=\"(max-width: 215px) 100vw, 215px\" \/><\/a><\/strong><\/p>\n<p><strong>17.+19. Mai &#8211; Alles ist gut<a href=\"https:\/\/www.naturparkmagazin.de\/stechlin\/wp-content\/uploads\/sites\/38\/Alles-ist-gut-212x300.jpg\"><img decoding=\"async\" loading=\"lazy\" class=\"aligncenter size-full wp-image-8210\" src=\"https:\/\/www.naturparkmagazin.de\/stechlin\/wp-content\/uploads\/sites\/38\/Alles-ist-gut-212x300.jpg\" alt=\"NP SRL\/Michael Wittke\" width=\"212\" height=\"300\" srcset=\"https:\/\/www.naturparkmagazin.de\/stechlin\/wp-content\/uploads\/sites\/38\/Alles-ist-gut-212x300.jpg 212w, https:\/\/www.naturparkmagazin.de\/stechlin\/wp-content\/uploads\/sites\/38\/Alles-ist-gut-212x300-200x283.jpg 200w\" sizes=\"(max-width: 212px) 100vw, 212px\" \/><\/a><\/strong><\/p>\n<p><strong>24.+26. Mai &#8211; Der Affront<a href=\"https:\/\/www.naturparkmagazin.de\/stechlin\/wp-content\/uploads\/sites\/38\/Der-Affront-213x300.jpg\"><img decoding=\"async\" loading=\"lazy\" class=\"aligncenter size-full wp-image-8212\" src=\"https:\/\/www.naturparkmagazin.de\/stechlin\/wp-content\/uploads\/sites\/38\/Der-Affront-213x300.jpg\" alt=\"NP SRL\/Michael Wittke\" width=\"213\" height=\"300\" srcset=\"https:\/\/www.naturparkmagazin.de\/stechlin\/wp-content\/uploads\/sites\/38\/Der-Affront-213x300.jpg 213w, https:\/\/www.naturparkmagazin.de\/stechlin\/wp-content\/uploads\/sites\/38\/Der-Affront-213x300-200x282.jpg 200w\" sizes=\"(max-width: 213px) 100vw, 213px\" \/><\/a><\/strong><\/p>\n<p><strong>31. Mai &#8211; Unser Saatgut<a href=\"https:\/\/www.naturparkmagazin.de\/stechlin\/wp-content\/uploads\/sites\/38\/Unser-Saatgut-213x300.jpg\"><img decoding=\"async\" loading=\"lazy\" class=\"aligncenter size-full wp-image-8214\" src=\"https:\/\/www.naturparkmagazin.de\/stechlin\/wp-content\/uploads\/sites\/38\/Unser-Saatgut-213x300.jpg\" alt=\"NP SRL\/Michael Wittke\" width=\"213\" height=\"300\" srcset=\"https:\/\/www.naturparkmagazin.de\/stechlin\/wp-content\/uploads\/sites\/38\/Unser-Saatgut-213x300.jpg 213w, https:\/\/www.naturparkmagazin.de\/stechlin\/wp-content\/uploads\/sites\/38\/Unser-Saatgut-213x300-200x282.jpg 200w\" sizes=\"(max-width: 213px) 100vw, 213px\" \/><\/a><\/strong><\/p>\n<p>&nbsp;<\/p>\n<p>&nbsp;<\/p>\n","protected":false},"excerpt":{"rendered":"<p>Der Verein Br\u00fcckenschlag e.V. l\u00e4dt zum Kinoabend in die Alte Reederei nach F\u00fcrstenberg\/Havel ein.<\/p>\n","protected":false},"author":39,"featured_media":4239,"comment_status":"open","ping_status":"open","sticky":false,"template":"","format":"standard","meta":[],"categories":[11],"tags":[],"yoast_head":"<!-- This site is optimized with the Yoast SEO plugin v19.10 - https:\/\/yoast.com\/wordpress\/plugins\/seo\/ -->\n<title>Kino in der Alten Reederei - Naturpark Stechlin-Ruppiner Land<\/title>\n<meta name=\"robots\" content=\"index, follow, max-snippet:-1, max-image-preview:large, max-video-preview:-1\" \/>\n<link rel=\"canonical\" href=\"https:\/\/www.naturparkmagazin.de\/stechlin\/kino-in-der-alten-reederei-4\/\" \/>\n<meta property=\"og:locale\" content=\"de_DE\" \/>\n<meta property=\"og:type\" content=\"article\" \/>\n<meta property=\"og:title\" content=\"Kino in der Alten Reederei - Naturpark Stechlin-Ruppiner Land\" \/>\n<meta property=\"og:description\" content=\"Der Verein Br\u00fcckenschlag e.V. l\u00e4dt zum Kinoabend in die Alte Reederei nach F\u00fcrstenberg\/Havel ein.\" \/>\n<meta property=\"og:url\" content=\"https:\/\/www.naturparkmagazin.de\/stechlin\/kino-in-der-alten-reederei-4\/\" \/>\n<meta property=\"og:site_name\" content=\"Naturpark Stechlin-Ruppiner Land\" \/>\n<meta property=\"article:published_time\" content=\"2019-04-12T07:37:59+00:00\" \/>\n<meta property=\"article:modified_time\" content=\"2019-04-12T08:23:22+00:00\" \/>\n<meta property=\"og:image\" content=\"https:\/\/www.naturparkmagazin.de\/stechlin\/wp-content\/uploads\/sites\/38\/Alte-Reederei-2016.jpg\" \/>\n\t<meta property=\"og:image:width\" content=\"200\" \/>\n\t<meta property=\"og:image:height\" content=\"200\" \/>\n\t<meta property=\"og:image:type\" content=\"image\/jpeg\" \/>\n<meta name=\"author\" content=\"marioschrumpf\" \/>\n<meta name=\"twitter:label1\" content=\"Verfasst von\" \/>\n\t<meta name=\"twitter:data1\" content=\"marioschrumpf\" \/>\n<script type=\"application\/ld+json\" class=\"yoast-schema-graph\">{\"@context\":\"https:\/\/schema.org\",\"@graph\":[{\"@type\":\"WebPage\",\"@id\":\"https:\/\/www.naturparkmagazin.de\/stechlin\/kino-in-der-alten-reederei-4\/\",\"url\":\"https:\/\/www.naturparkmagazin.de\/stechlin\/kino-in-der-alten-reederei-4\/\",\"name\":\"Kino in der Alten Reederei - Naturpark Stechlin-Ruppiner Land\",\"isPartOf\":{\"@id\":\"https:\/\/www.naturparkmagazin.de\/stechlin\/#website\"},\"datePublished\":\"2019-04-12T07:37:59+00:00\",\"dateModified\":\"2019-04-12T08:23:22+00:00\",\"author\":{\"@id\":\"https:\/\/www.naturparkmagazin.de\/stechlin\/#\/schema\/person\/3f0d93203df21c806dd63c76d9bb28bc\"},\"breadcrumb\":{\"@id\":\"https:\/\/www.naturparkmagazin.de\/stechlin\/kino-in-der-alten-reederei-4\/#breadcrumb\"},\"inLanguage\":\"de\",\"potentialAction\":[{\"@type\":\"ReadAction\",\"target\":[\"https:\/\/www.naturparkmagazin.de\/stechlin\/kino-in-der-alten-reederei-4\/\"]}]},{\"@type\":\"BreadcrumbList\",\"@id\":\"https:\/\/www.naturparkmagazin.de\/stechlin\/kino-in-der-alten-reederei-4\/#breadcrumb\",\"itemListElement\":[{\"@type\":\"ListItem\",\"position\":1,\"name\":\"Home\",\"item\":\"https:\/\/www.naturparkmagazin.de\/stechlin\/\"},{\"@type\":\"ListItem\",\"position\":2,\"name\":\"Kino in der Alten Reederei\"}]},{\"@type\":\"WebSite\",\"@id\":\"https:\/\/www.naturparkmagazin.de\/stechlin\/#website\",\"url\":\"https:\/\/www.naturparkmagazin.de\/stechlin\/\",\"name\":\"Naturpark Stechlin-Ruppiner Land\",\"description\":\"\",\"potentialAction\":[{\"@type\":\"SearchAction\",\"target\":{\"@type\":\"EntryPoint\",\"urlTemplate\":\"https:\/\/www.naturparkmagazin.de\/stechlin\/?s={search_term_string}\"},\"query-input\":\"required name=search_term_string\"}],\"inLanguage\":\"de\"},{\"@type\":\"Person\",\"@id\":\"https:\/\/www.naturparkmagazin.de\/stechlin\/#\/schema\/person\/3f0d93203df21c806dd63c76d9bb28bc\",\"name\":\"marioschrumpf\",\"url\":\"https:\/\/www.naturparkmagazin.de\/stechlin\/author\/marioschrumpf\/\"}]}<\/script>\n<!-- \/ Yoast SEO plugin. -->","yoast_head_json":{"title":"Kino in der Alten Reederei - Naturpark Stechlin-Ruppiner Land","robots":{"index":"index","follow":"follow","max-snippet":"max-snippet:-1","max-image-preview":"max-image-preview:large","max-video-preview":"max-video-preview:-1"},"canonical":"https:\/\/www.naturparkmagazin.de\/stechlin\/kino-in-der-alten-reederei-4\/","og_locale":"de_DE","og_type":"article","og_title":"Kino in der Alten Reederei - Naturpark Stechlin-Ruppiner Land","og_description":"Der Verein Br\u00fcckenschlag e.V. l\u00e4dt zum Kinoabend in die Alte Reederei nach F\u00fcrstenberg\/Havel ein.","og_url":"https:\/\/www.naturparkmagazin.de\/stechlin\/kino-in-der-alten-reederei-4\/","og_site_name":"Naturpark Stechlin-Ruppiner Land","article_published_time":"2019-04-12T07:37:59+00:00","article_modified_time":"2019-04-12T08:23:22+00:00","og_image":[{"width":200,"height":200,"url":"https:\/\/www.naturparkmagazin.de\/stechlin\/wp-content\/uploads\/sites\/38\/Alte-Reederei-2016.jpg","type":"image\/jpeg"}],"author":"marioschrumpf","twitter_misc":{"Verfasst von":"marioschrumpf"},"schema":{"@context":"https:\/\/schema.org","@graph":[{"@type":"WebPage","@id":"https:\/\/www.naturparkmagazin.de\/stechlin\/kino-in-der-alten-reederei-4\/","url":"https:\/\/www.naturparkmagazin.de\/stechlin\/kino-in-der-alten-reederei-4\/","name":"Kino in der Alten Reederei - Naturpark Stechlin-Ruppiner Land","isPartOf":{"@id":"https:\/\/www.naturparkmagazin.de\/stechlin\/#website"},"datePublished":"2019-04-12T07:37:59+00:00","dateModified":"2019-04-12T08:23:22+00:00","author":{"@id":"https:\/\/www.naturparkmagazin.de\/stechlin\/#\/schema\/person\/3f0d93203df21c806dd63c76d9bb28bc"},"breadcrumb":{"@id":"https:\/\/www.naturparkmagazin.de\/stechlin\/kino-in-der-alten-reederei-4\/#breadcrumb"},"inLanguage":"de","potentialAction":[{"@type":"ReadAction","target":["https:\/\/www.naturparkmagazin.de\/stechlin\/kino-in-der-alten-reederei-4\/"]}]},{"@type":"BreadcrumbList","@id":"https:\/\/www.naturparkmagazin.de\/stechlin\/kino-in-der-alten-reederei-4\/#breadcrumb","itemListElement":[{"@type":"ListItem","position":1,"name":"Home","item":"https:\/\/www.naturparkmagazin.de\/stechlin\/"},{"@type":"ListItem","position":2,"name":"Kino in der Alten Reederei"}]},{"@type":"WebSite","@id":"https:\/\/www.naturparkmagazin.de\/stechlin\/#website","url":"https:\/\/www.naturparkmagazin.de\/stechlin\/","name":"Naturpark Stechlin-Ruppiner Land","description":"","potentialAction":[{"@type":"SearchAction","target":{"@type":"EntryPoint","urlTemplate":"https:\/\/www.naturparkmagazin.de\/stechlin\/?s={search_term_string}"},"query-input":"required name=search_term_string"}],"inLanguage":"de"},{"@type":"Person","@id":"https:\/\/www.naturparkmagazin.de\/stechlin\/#\/schema\/person\/3f0d93203df21c806dd63c76d9bb28bc","name":"marioschrumpf","url":"https:\/\/www.naturparkmagazin.de\/stechlin\/author\/marioschrumpf\/"}]}},"_links":{"self":[{"href":"https:\/\/www.naturparkmagazin.de\/stechlin\/wp-json\/wp\/v2\/posts\/7173"}],"collection":[{"href":"https:\/\/www.naturparkmagazin.de\/stechlin\/wp-json\/wp\/v2\/posts"}],"about":[{"href":"https:\/\/www.naturparkmagazin.de\/stechlin\/wp-json\/wp\/v2\/types\/post"}],"author":[{"embeddable":true,"href":"https:\/\/www.naturparkmagazin.de\/stechlin\/wp-json\/wp\/v2\/users\/39"}],"replies":[{"embeddable":true,"href":"https:\/\/www.naturparkmagazin.de\/stechlin\/wp-json\/wp\/v2\/comments?post=7173"}],"version-history":[{"count":3,"href":"https:\/\/www.naturparkmagazin.de\/stechlin\/wp-json\/wp\/v2\/posts\/7173\/revisions"}],"predecessor-version":[{"id":8215,"href":"https:\/\/www.naturparkmagazin.de\/stechlin\/wp-json\/wp\/v2\/posts\/7173\/revisions\/8215"}],"wp:featuredmedia":[{"embeddable":true,"href":"https:\/\/www.naturparkmagazin.de\/stechlin\/wp-json\/wp\/v2\/media\/4239"}],"wp:attachment":[{"href":"https:\/\/www.naturparkmagazin.de\/stechlin\/wp-json\/wp\/v2\/media?parent=7173"}],"wp:term":[{"taxonomy":"category","embeddable":true,"href":"https:\/\/www.naturparkmagazin.de\/stechlin\/wp-json\/wp\/v2\/categories?post=7173"},{"taxonomy":"post_tag","embeddable":true,"href":"https:\/\/www.naturparkmagazin.de\/stechlin\/wp-json\/wp\/v2\/tags?post=7173"}],"curies":[{"name":"wp","href":"https:\/\/api.w.org\/{rel}","templated":true}]}}