{"id":7179,"date":"2018-06-16T10:59:23","date_gmt":"2018-06-16T08:59:23","guid":{"rendered":"https:\/\/www.naturparkmagazin.de\/stechlin\/?p=7179"},"modified":"2018-06-26T10:29:42","modified_gmt":"2018-06-26T08:29:42","slug":"kahnmusik-sommerliche-konzertreihe-des-fuerstenberger-kulturvereins-brueckenschlag","status":"publish","type":"post","link":"https:\/\/www.naturparkmagazin.de\/stechlin\/kahnmusik-sommerliche-konzertreihe-des-fuerstenberger-kulturvereins-brueckenschlag\/","title":{"rendered":"Kahnmusik &#8211; Sommerliche Konzertreihe des F\u00fcrstenberger Kulturvereins &#8222;Br\u00fcckenschlag&#8220;"},"content":{"rendered":"<p><a href=\"https:\/\/www.naturparkmagazin.de\/stechlin\/wp-content\/uploads\/sites\/38\/Logo-Br\u00fcckenschlag.jpg\"><img decoding=\"async\" loading=\"lazy\" class=\" size-thumbnail wp-image-7180 aligncenter\" src=\"https:\/\/www.naturparkmagazin.de\/stechlin\/wp-content\/uploads\/sites\/38\/Logo-Br\u00fcckenschlag-300x104.jpg\" alt=\"NP SRL\/Michael Wittke\" width=\"300\" height=\"104\" srcset=\"https:\/\/www.naturparkmagazin.de\/stechlin\/wp-content\/uploads\/sites\/38\/Logo-Br\u00fcckenschlag-300x104.jpg 300w, https:\/\/www.naturparkmagazin.de\/stechlin\/wp-content\/uploads\/sites\/38\/Logo-Br\u00fcckenschlag-200x70.jpg 200w, https:\/\/www.naturparkmagazin.de\/stechlin\/wp-content\/uploads\/sites\/38\/Logo-Br\u00fcckenschlag.jpg 492w\" sizes=\"(max-width: 300px) 100vw, 300px\" \/><\/a><\/p>\n<p>Ab 1. Juli wird der Kaffenkahn Concordia wieder zur schwimmenden B\u00fchne.<\/p>\n<p>Der Verein Br\u00fcckenschlag F\u00fcrstenberg e.V. hat den Kahn gechartert und veranstaltet von Juli bis Anfang September an jedem Dienstagabend ein Konzert auf dem Wasser. (Achtung: Die beiden ersten beiden Konzerte finden wegen der Fu\u00dfball-Weltmeisterschaft an den vorausgehenden Sonntagen statt, also am 1. und 8. Juli &#8211; aber danach bleibt es bei Dienstag.)<\/p>\n<p>Der alte Lastensegler Concordia f\u00e4hrt f\u00fcr ein rund eineinhalbst\u00fcndiges Konzert hinaus auf den R\u00f6blinsee und kehrt nach Einbruch der Dunkelheit zum Liegeplatz an der Alten Reederei zur\u00fcck. An zehn Sommerabenden kann man so Musik unterschiedlichster Stilrichtungen genie\u00dfen und der Sonne beim Untergehen zuschauen. In der ersten Julih\u00e4lfte legt der Kahn zu seiner musikalischen Tour um 20.00 Uhr ab, dann um 19.30 Uhr und ab Anfang August schon um 19.00 Uhr, weil die Sonne immer fr\u00fcher untergeht.<\/p>\n<p><a href=\"https:\/\/www.naturparkmagazin.de\/stechlin\/wp-content\/uploads\/sites\/38\/Collec-TIV.jpg\"><img decoding=\"async\" loading=\"lazy\" class=\" size-full wp-image-5843 aligncenter\" src=\"https:\/\/www.naturparkmagazin.de\/stechlin\/wp-content\/uploads\/sites\/38\/Collec-TIV.jpg\" alt=\"NP SRL\/Michael Wittke\" width=\"165\" height=\"186\" \/><\/a><\/p>\n<p><a href=\"https:\/\/www.naturparkmagazin.de\/stechlin\/wp-content\/uploads\/sites\/38\/Milan-Augustiani.jpg\"><img decoding=\"async\" loading=\"lazy\" class=\" size-full wp-image-6011 aligncenter\" src=\"https:\/\/www.naturparkmagazin.de\/stechlin\/wp-content\/uploads\/sites\/38\/Milan-Augustiani.jpg\" alt=\"NP SRL\/Wittke\" width=\"200\" height=\"200\" srcset=\"https:\/\/www.naturparkmagazin.de\/stechlin\/wp-content\/uploads\/sites\/38\/Milan-Augustiani.jpg 200w, https:\/\/www.naturparkmagazin.de\/stechlin\/wp-content\/uploads\/sites\/38\/Milan-Augustiani-30x30.jpg 30w\" sizes=\"(max-width: 200px) 100vw, 200px\" \/><\/a>Mit dabei sind regionale K\u00fcnstler wie Collec-Tiv mit ihren respektlosen Balladen, Rock- und Popsongs, Sausbraus mit ihren Alp- und Naturh\u00f6rnern und Milan Augustiani mit traditioneller Musik aus Irland, Schottland und Deutschland. Auch \u00fcberregionale Musiker kommen an Bord wie Schiewe &amp; Hanitzsch mit ihrem Tangoprogramm, Nadia Birkenstock mit ihrer glockenklaren Stimme und keltischen Harfe und Holger Wittmann, der klassische und popul\u00e4re Gitarrenmusik f\u00fcr sein Konzert ausgew\u00e4hlt hat und auf einer spanischen Gitarre von 1880 spielt, deren feiner Klang besonders gut zur besonderen Atmosph\u00e4re auf der historischen Concordia passt. Den Abschluss der Konzertreihe bestreitet am 4. September Rainer Doering mit den Lasterhaften Liedern von Francois Villon.<\/p>\n<p>Das gesamte Programm ist unter <a href=\"http:\/\/www.altereederei.de\">www.altereederei.de <\/a>nachzulesen. Die Eintrittskarte kostet 25,00 Euro. Telefonische Reservierungen unter 0172 &#8211; 322 74 21 sind empfehlenswert, Restkarten gibt es an der Abendkasse. Der Kaffenkahn startet am Steg der Alten Reederei, Brandenburger Stra\u00dfe 38 in F\u00fcrstenberg. Bei anhaltendem Regenwetter findet das Konzert in den R\u00e4umen der Alten Reederei statt und der Eintritt wird um den Fahrpreisanteil verringert.<\/p>\n","protected":false},"excerpt":{"rendered":"<p>Ab 1. Juli wird der Kaffenkahn Concordia wieder zur schwimmenden B\u00fchne.<\/p>\n<p>Der Verein Br\u00fcckenschlag F\u00fcrstenberg e.V. hat den Kahn gechartert und veranstaltet von Juli bis Anfang September an jedem Dienstagabend ein Konzert auf dem Wasser.<\/p>\n","protected":false},"author":39,"featured_media":5841,"comment_status":"open","ping_status":"open","sticky":false,"template":"","format":"standard","meta":[],"categories":[11],"tags":[],"yoast_head":"<!-- This site is optimized with the Yoast SEO plugin v19.10 - https:\/\/yoast.com\/wordpress\/plugins\/seo\/ -->\n<title>Kahnmusik - Sommerliche Konzertreihe des F\u00fcrstenberger Kulturvereins &quot;Br\u00fcckenschlag&quot; - Naturpark Stechlin-Ruppiner Land<\/title>\n<meta name=\"robots\" content=\"index, follow, max-snippet:-1, max-image-preview:large, max-video-preview:-1\" \/>\n<link rel=\"canonical\" href=\"https:\/\/www.naturparkmagazin.de\/stechlin\/kahnmusik-sommerliche-konzertreihe-des-fuerstenberger-kulturvereins-brueckenschlag\/\" \/>\n<meta property=\"og:locale\" content=\"de_DE\" \/>\n<meta property=\"og:type\" content=\"article\" \/>\n<meta property=\"og:title\" content=\"Kahnmusik - Sommerliche Konzertreihe des F\u00fcrstenberger Kulturvereins &quot;Br\u00fcckenschlag&quot; - Naturpark Stechlin-Ruppiner Land\" \/>\n<meta property=\"og:description\" content=\"Ab 1. Juli wird der Kaffenkahn Concordia wieder zur schwimmenden B\u00fchne.  Der Verein Br\u00fcckenschlag F\u00fcrstenberg e.V. hat den Kahn gechartert und veranstaltet von Juli bis Anfang September an jedem Dienstagabend ein Konzert auf dem Wasser.\" \/>\n<meta property=\"og:url\" content=\"https:\/\/www.naturparkmagazin.de\/stechlin\/kahnmusik-sommerliche-konzertreihe-des-fuerstenberger-kulturvereins-brueckenschlag\/\" \/>\n<meta property=\"og:site_name\" content=\"Naturpark Stechlin-Ruppiner Land\" \/>\n<meta property=\"article:published_time\" content=\"2018-06-16T08:59:23+00:00\" \/>\n<meta property=\"article:modified_time\" content=\"2018-06-26T08:29:42+00:00\" \/>\n<meta property=\"og:image\" content=\"https:\/\/www.naturparkmagazin.de\/stechlin\/wp-content\/uploads\/sites\/38\/Kaffenkahn.jpg\" \/>\n\t<meta property=\"og:image:width\" content=\"200\" \/>\n\t<meta property=\"og:image:height\" content=\"200\" \/>\n\t<meta property=\"og:image:type\" content=\"image\/jpeg\" \/>\n<meta name=\"author\" content=\"marioschrumpf\" \/>\n<meta name=\"twitter:label1\" content=\"Verfasst von\" \/>\n\t<meta name=\"twitter:data1\" content=\"marioschrumpf\" \/>\n\t<meta name=\"twitter:label2\" content=\"Gesch\u00e4tzte Lesezeit\" \/>\n\t<meta name=\"twitter:data2\" content=\"2\u00a0Minuten\" \/>\n<script type=\"application\/ld+json\" class=\"yoast-schema-graph\">{\"@context\":\"https:\/\/schema.org\",\"@graph\":[{\"@type\":\"WebPage\",\"@id\":\"https:\/\/www.naturparkmagazin.de\/stechlin\/kahnmusik-sommerliche-konzertreihe-des-fuerstenberger-kulturvereins-brueckenschlag\/\",\"url\":\"https:\/\/www.naturparkmagazin.de\/stechlin\/kahnmusik-sommerliche-konzertreihe-des-fuerstenberger-kulturvereins-brueckenschlag\/\",\"name\":\"Kahnmusik - Sommerliche Konzertreihe des F\u00fcrstenberger Kulturvereins \\\"Br\u00fcckenschlag\\\" - Naturpark Stechlin-Ruppiner Land\",\"isPartOf\":{\"@id\":\"https:\/\/www.naturparkmagazin.de\/stechlin\/#website\"},\"datePublished\":\"2018-06-16T08:59:23+00:00\",\"dateModified\":\"2018-06-26T08:29:42+00:00\",\"author\":{\"@id\":\"https:\/\/www.naturparkmagazin.de\/stechlin\/#\/schema\/person\/3f0d93203df21c806dd63c76d9bb28bc\"},\"breadcrumb\":{\"@id\":\"https:\/\/www.naturparkmagazin.de\/stechlin\/kahnmusik-sommerliche-konzertreihe-des-fuerstenberger-kulturvereins-brueckenschlag\/#breadcrumb\"},\"inLanguage\":\"de\",\"potentialAction\":[{\"@type\":\"ReadAction\",\"target\":[\"https:\/\/www.naturparkmagazin.de\/stechlin\/kahnmusik-sommerliche-konzertreihe-des-fuerstenberger-kulturvereins-brueckenschlag\/\"]}]},{\"@type\":\"BreadcrumbList\",\"@id\":\"https:\/\/www.naturparkmagazin.de\/stechlin\/kahnmusik-sommerliche-konzertreihe-des-fuerstenberger-kulturvereins-brueckenschlag\/#breadcrumb\",\"itemListElement\":[{\"@type\":\"ListItem\",\"position\":1,\"name\":\"Home\",\"item\":\"https:\/\/www.naturparkmagazin.de\/stechlin\/\"},{\"@type\":\"ListItem\",\"position\":2,\"name\":\"Kahnmusik &#8211; Sommerliche Konzertreihe des F\u00fcrstenberger Kulturvereins &#8222;Br\u00fcckenschlag&#8220;\"}]},{\"@type\":\"WebSite\",\"@id\":\"https:\/\/www.naturparkmagazin.de\/stechlin\/#website\",\"url\":\"https:\/\/www.naturparkmagazin.de\/stechlin\/\",\"name\":\"Naturpark Stechlin-Ruppiner Land\",\"description\":\"\",\"potentialAction\":[{\"@type\":\"SearchAction\",\"target\":{\"@type\":\"EntryPoint\",\"urlTemplate\":\"https:\/\/www.naturparkmagazin.de\/stechlin\/?s={search_term_string}\"},\"query-input\":\"required name=search_term_string\"}],\"inLanguage\":\"de\"},{\"@type\":\"Person\",\"@id\":\"https:\/\/www.naturparkmagazin.de\/stechlin\/#\/schema\/person\/3f0d93203df21c806dd63c76d9bb28bc\",\"name\":\"marioschrumpf\",\"url\":\"https:\/\/www.naturparkmagazin.de\/stechlin\/author\/marioschrumpf\/\"}]}<\/script>\n<!-- \/ Yoast SEO plugin. -->","yoast_head_json":{"title":"Kahnmusik - Sommerliche Konzertreihe des F\u00fcrstenberger Kulturvereins \"Br\u00fcckenschlag\" - Naturpark Stechlin-Ruppiner Land","robots":{"index":"index","follow":"follow","max-snippet":"max-snippet:-1","max-image-preview":"max-image-preview:large","max-video-preview":"max-video-preview:-1"},"canonical":"https:\/\/www.naturparkmagazin.de\/stechlin\/kahnmusik-sommerliche-konzertreihe-des-fuerstenberger-kulturvereins-brueckenschlag\/","og_locale":"de_DE","og_type":"article","og_title":"Kahnmusik - Sommerliche Konzertreihe des F\u00fcrstenberger Kulturvereins \"Br\u00fcckenschlag\" - Naturpark Stechlin-Ruppiner Land","og_description":"Ab 1. Juli wird der Kaffenkahn Concordia wieder zur schwimmenden B\u00fchne.  Der Verein Br\u00fcckenschlag F\u00fcrstenberg e.V. hat den Kahn gechartert und veranstaltet von Juli bis Anfang September an jedem Dienstagabend ein Konzert auf dem Wasser.","og_url":"https:\/\/www.naturparkmagazin.de\/stechlin\/kahnmusik-sommerliche-konzertreihe-des-fuerstenberger-kulturvereins-brueckenschlag\/","og_site_name":"Naturpark Stechlin-Ruppiner Land","article_published_time":"2018-06-16T08:59:23+00:00","article_modified_time":"2018-06-26T08:29:42+00:00","og_image":[{"width":200,"height":200,"url":"https:\/\/www.naturparkmagazin.de\/stechlin\/wp-content\/uploads\/sites\/38\/Kaffenkahn.jpg","type":"image\/jpeg"}],"author":"marioschrumpf","twitter_misc":{"Verfasst von":"marioschrumpf","Gesch\u00e4tzte Lesezeit":"2\u00a0Minuten"},"schema":{"@context":"https:\/\/schema.org","@graph":[{"@type":"WebPage","@id":"https:\/\/www.naturparkmagazin.de\/stechlin\/kahnmusik-sommerliche-konzertreihe-des-fuerstenberger-kulturvereins-brueckenschlag\/","url":"https:\/\/www.naturparkmagazin.de\/stechlin\/kahnmusik-sommerliche-konzertreihe-des-fuerstenberger-kulturvereins-brueckenschlag\/","name":"Kahnmusik - Sommerliche Konzertreihe des F\u00fcrstenberger Kulturvereins \"Br\u00fcckenschlag\" - Naturpark Stechlin-Ruppiner Land","isPartOf":{"@id":"https:\/\/www.naturparkmagazin.de\/stechlin\/#website"},"datePublished":"2018-06-16T08:59:23+00:00","dateModified":"2018-06-26T08:29:42+00:00","author":{"@id":"https:\/\/www.naturparkmagazin.de\/stechlin\/#\/schema\/person\/3f0d93203df21c806dd63c76d9bb28bc"},"breadcrumb":{"@id":"https:\/\/www.naturparkmagazin.de\/stechlin\/kahnmusik-sommerliche-konzertreihe-des-fuerstenberger-kulturvereins-brueckenschlag\/#breadcrumb"},"inLanguage":"de","potentialAction":[{"@type":"ReadAction","target":["https:\/\/www.naturparkmagazin.de\/stechlin\/kahnmusik-sommerliche-konzertreihe-des-fuerstenberger-kulturvereins-brueckenschlag\/"]}]},{"@type":"BreadcrumbList","@id":"https:\/\/www.naturparkmagazin.de\/stechlin\/kahnmusik-sommerliche-konzertreihe-des-fuerstenberger-kulturvereins-brueckenschlag\/#breadcrumb","itemListElement":[{"@type":"ListItem","position":1,"name":"Home","item":"https:\/\/www.naturparkmagazin.de\/stechlin\/"},{"@type":"ListItem","position":2,"name":"Kahnmusik &#8211; Sommerliche Konzertreihe des F\u00fcrstenberger Kulturvereins &#8222;Br\u00fcckenschlag&#8220;"}]},{"@type":"WebSite","@id":"https:\/\/www.naturparkmagazin.de\/stechlin\/#website","url":"https:\/\/www.naturparkmagazin.de\/stechlin\/","name":"Naturpark Stechlin-Ruppiner Land","description":"","potentialAction":[{"@type":"SearchAction","target":{"@type":"EntryPoint","urlTemplate":"https:\/\/www.naturparkmagazin.de\/stechlin\/?s={search_term_string}"},"query-input":"required name=search_term_string"}],"inLanguage":"de"},{"@type":"Person","@id":"https:\/\/www.naturparkmagazin.de\/stechlin\/#\/schema\/person\/3f0d93203df21c806dd63c76d9bb28bc","name":"marioschrumpf","url":"https:\/\/www.naturparkmagazin.de\/stechlin\/author\/marioschrumpf\/"}]}},"_links":{"self":[{"href":"https:\/\/www.naturparkmagazin.de\/stechlin\/wp-json\/wp\/v2\/posts\/7179"}],"collection":[{"href":"https:\/\/www.naturparkmagazin.de\/stechlin\/wp-json\/wp\/v2\/posts"}],"about":[{"href":"https:\/\/www.naturparkmagazin.de\/stechlin\/wp-json\/wp\/v2\/types\/post"}],"author":[{"embeddable":true,"href":"https:\/\/www.naturparkmagazin.de\/stechlin\/wp-json\/wp\/v2\/users\/39"}],"replies":[{"embeddable":true,"href":"https:\/\/www.naturparkmagazin.de\/stechlin\/wp-json\/wp\/v2\/comments?post=7179"}],"version-history":[{"count":3,"href":"https:\/\/www.naturparkmagazin.de\/stechlin\/wp-json\/wp\/v2\/posts\/7179\/revisions"}],"predecessor-version":[{"id":7201,"href":"https:\/\/www.naturparkmagazin.de\/stechlin\/wp-json\/wp\/v2\/posts\/7179\/revisions\/7201"}],"wp:featuredmedia":[{"embeddable":true,"href":"https:\/\/www.naturparkmagazin.de\/stechlin\/wp-json\/wp\/v2\/media\/5841"}],"wp:attachment":[{"href":"https:\/\/www.naturparkmagazin.de\/stechlin\/wp-json\/wp\/v2\/media?parent=7179"}],"wp:term":[{"taxonomy":"category","embeddable":true,"href":"https:\/\/www.naturparkmagazin.de\/stechlin\/wp-json\/wp\/v2\/categories?post=7179"},{"taxonomy":"post_tag","embeddable":true,"href":"https:\/\/www.naturparkmagazin.de\/stechlin\/wp-json\/wp\/v2\/tags?post=7179"}],"curies":[{"name":"wp","href":"https:\/\/api.w.org\/{rel}","templated":true}]}}